{"id":8111,"date":"2021-06-09T08:00:00","date_gmt":"2021-06-09T06:00:00","guid":{"rendered":"https:\/\/www.istitutogalanteoliva.it\/magazine\/?p=8111"},"modified":"2021-06-08T17:29:18","modified_gmt":"2021-06-08T15:29:18","slug":"salerno-la-capsula-del-tempo-il-progetto-domani-saremo-autonomi","status":"publish","type":"post","link":"https:\/\/www.istitutogalanteoliva.it\/magazine\/2021\/06\/09\/salerno-la-capsula-del-tempo-il-progetto-domani-saremo-autonomi\/","title":{"rendered":"Salerno. La \u201cCapsula del Tempo\u201d e il  progetto \u201cDomani Saremo Autonomi\u201d."},"content":{"rendered":"\n<p><\/p>\n\n\n\n<p><\/p>\n\n\n\n<p><strong><u>Venerd\u00ec 11 giugno <\/u><\/strong>alle <strong>ore 10.30<\/strong>, presso il <strong>Salone dei Marmi <\/strong>del Comune di Salerno, avr\u00e0 luogo la cerimonia del <strong>Rotaract Club Campus Salerno dei Due Principati <\/strong>di inaugurazione della \u201c<em><u>Capsula del<\/u><\/em><em> <\/em><em><u>Tempo 11.06.2021-11.06.2071<\/u><\/em>\u201d e di presentazione del progetto \u201c<em><u>Domani Saremo Autonomi<\/u><\/em>\u201d.<\/p>\n\n\n\n<p>Presenti le Autorit\u00e0:<\/p>\n\n\n\n<ul class=\"wp-block-list\"><li><strong>Mariarita Giordano <\/strong>Assessore alle Politiche Giovanili e all&#8217;Innovazione &#8211; Comune di Salerno<\/li><li><strong>Vincenzo Loia <\/strong>Rettore dell\u2019Universit\u00e0 degli Studi di Salerno<\/li><li><strong>Eva Avossa <\/strong>Deputato della Repubblica Italiana, Assessore alla Pubblica Istruzione &#8211; Comune di Salerno<\/li><li><strong>Vincenzo Napoli <\/strong>Sindaco del Comune di Salerno<\/li><\/ul>\n\n\n\n<p>Per maggiori info: <strong>Vincenzo Maria Adinolfi<\/strong>, Presidente Rotaract Club Campus Salerno dei Due Principati a.R. 20\/21 &#8211; + 39 393 02 84820 &#8211; <a href=\"mailto:vincenzomaria.adinolfi@gmail.com\">vincenzomaria.adinolfi@gmail.com<u> <\/u><\/a>.<\/p>\n\n\n\n<ul class=\"wp-block-list\"><li><strong>INAUGURAZIONE <\/strong><strong>Capsula del Tempo<\/strong><\/li><\/ul>\n\n\n\n<p>Inaugurazione della Capsula del Tempo 11.06.2021-11.06.2071, progetto realizzato dal <strong>Rotaract Club <\/strong><strong>Campus Salerno dei Due Principati<\/strong>.<\/p>\n\n\n\n<p>La Capsula del Tempo \u00e8 un  un contenitore di forma cubica, realizzato in ferro e rame dall\u2019artista rotariano &nbsp;<strong>Vittorio Villari,<\/strong> per conservare oggetti o testimonianze della frattura determinata dalla pandemia da SARS-Cov2, che costituiranno memoria storica dell\u2019incidenza emotiva, dello sviluppo tecnologico e della trasformazione ambientale che il pianeta e tutta l\u2019umanit\u00e0 hanno subito a decorrere dall\u2019anno 2020.<\/p>\n\n\n\n<figure class=\"wp-block-image size-large is-resized\"><img loading=\"lazy\" decoding=\"async\" src=\"https:\/\/www.istitutogalanteoliva.it\/magazine\/wp-content\/uploads\/2021\/06\/cop-06-1.jpg\" alt=\"\" class=\"wp-image-8113\" width=\"480\" height=\"285\" srcset=\"https:\/\/www.istitutogalanteoliva.it\/magazine\/wp-content\/uploads\/2021\/06\/cop-06-1.jpg 640w, https:\/\/www.istitutogalanteoliva.it\/magazine\/wp-content\/uploads\/2021\/06\/cop-06-1-300x178.jpg 300w\" sizes=\"auto, (max-width: 480px) 100vw, 480px\" \/><figcaption><sub>-Vittorio Villari e Vincenzo Maria Adinolfi-<\/sub><\/figcaption><\/figure>\n\n\n\n<p>La Capsula avr\u00e0 una durata temporale di 50 anni e sar\u00e0 riaperta l\u201911 Giugno 2071 alla presenza degli associati del Rotaract Club Campus Salerno dei Due Principati, delle autorit\u00e0 civili e della Comunit\u00e0 tutta.<\/p>\n\n\n\n<p>Tutte le testimonianze raccolte hanno ad oggetto il vissuto delle persone durante periodo di pandemia da SARS-Cov2, di come hanno affrontato il lockdown, di come sia cambiata la loro vita a seguito delle restrizioni sanitarie ed il loro rapporto con gli altri individui, la cura dell\u2019ambiente e la rivoluzione digitale. Obiettivo \u00e8 stato fotografare uno spaccato di vita quotidiana, per conservare le emozioni, le paure, le speranze e i sogni di chi non ha smesso di lottare in questa buia fase storica.<\/p>\n\n\n\n<p>Hanno partecipato gli studenti di diversi Istituti della Campania, tra cui: I.S.I.S. &#8220;Archimede&#8221; di Napoli,<\/p>\n\n\n\n<p>I.C. &#8220;Giacomo &#8220;Leopardi&#8221; di Torre del Greco, I.I.S. &#8220;Enzo Ferrari&#8221; di Battipaglia, I.C. &#8220;De Caro&#8221; di Fisciano-Lancusi, Liceo Classico Torquato Tasso di Salerno, Convitto Nazionale &#8220;T. Tasso&#8221;. Sono poi racchiuse le testimonianze di: Rotaract Club Distretto 2100, Rotary Salerno Nord Due Principati,<\/p>\n\n\n\n<p>A.I.G.A. Salerno, Leo Club Salerno Host, Limen Salerno Festival, Spesa Sospesa Poetica oltre agli scritti di vari professionisti, artisti e volontari della societ\u00e0 civile.<\/p>\n\n\n\n<p>La Capsula del Tempo \u00e8 un\u2019opera artistica realizzata dall\u2019Artista Vittorio Villari dell\u2019Antica Bottega d\u2019arte del rame di \u201cG. Celentano\u201d.<\/p>\n\n\n\n<p>Dichiarazione del <strong>Presidente <\/strong>del Rotaract Club Campus Salerno dei Due Principati <strong>Vincenzo Maria<\/strong><strong> <\/strong><strong><u>Adinolfi<\/u><\/strong>:<\/p>\n\n\n\n<p>\u201c<em>Io e tutto il Club siamo molto emozionati all\u2019idea di chiudere quest\u2019anno sociale con questo meritevole Progetto. La Capsula del Tempo rappresenta il lascito della nostra dura esperienza maturata in questo anno e mezzo di pandemia. All\u2019interno sono racchiuse le paure e le speranze di chi ha vissuto un anno nell\u2019incertezza di tornare a vivere la propria normalit\u00e0, bloccato in un lockdown quasi perenne. Di chi ha visto amici e parenti ammalarsi. Di chi si \u00e8 vista stravolta la propria vita perch\u00e9 chiamato a lavorare in smart working. Di chi si \u00e8 stupito nel vedere la natura riconquistarsi i propri spazi. Di chi ha continuato a donare se stesso al prossimo e non ha smesso di servire la collettivit\u00e0 anche a distanza<\/em>.<\/p>\n\n\n\n<p><em>In questo tempo di pandemia, quando il ritmo della vita ha rallentato, noi tutti abbiamo ripensato ai nostri affetti, rivalutato i nostri spazi e il nostro tempo, maturato una nuova consapevolezza di noi stessi e del mondo che ci circonda.<\/em><\/p>\n\n\n\n<p><em>Sono onorato di sigillare questo archivio storico unico nel suo genere in Italia, nella speranza che in futuro il suo contenuto possa essere oggetto di studio e di curiosit\u00e0, magari arricchito di nuovo materiale, con l\u2019augurio che il presente possa sempre essere oggetto di lezione per i ragazzi di domani.<\/em><\/p>\n\n\n\n<p><em>Non bisogna smettere di imparare dal passato!\u201d<\/em><\/p>\n\n\n\n<figure class=\"wp-block-image size-large\"><img loading=\"lazy\" decoding=\"async\" width=\"933\" height=\"380\" src=\"https:\/\/www.istitutogalanteoliva.it\/magazine\/wp-content\/uploads\/2021\/06\/4c9321_cd6d7d6b504549788470b66b8038ab55_mv2.png\" alt=\"\" class=\"wp-image-8114\" srcset=\"https:\/\/www.istitutogalanteoliva.it\/magazine\/wp-content\/uploads\/2021\/06\/4c9321_cd6d7d6b504549788470b66b8038ab55_mv2.png 933w, https:\/\/www.istitutogalanteoliva.it\/magazine\/wp-content\/uploads\/2021\/06\/4c9321_cd6d7d6b504549788470b66b8038ab55_mv2-300x122.png 300w, https:\/\/www.istitutogalanteoliva.it\/magazine\/wp-content\/uploads\/2021\/06\/4c9321_cd6d7d6b504549788470b66b8038ab55_mv2-768x313.png 768w\" sizes=\"auto, (max-width: 933px) 100vw, 933px\" \/><\/figure>\n\n\n\n<ul class=\"wp-block-list\"><li><strong>PRESENTAZIONE <\/strong><strong>Domani Saremo Autonomi<\/strong><\/li><\/ul>\n\n\n\n<p>\u201c<em>Domani Saremo Autonomi<\/em>\u201d, \u00e8 il progetto di inclusione sociale portato congiuntamente a termine dai <strong>Rotaract Club Campus Salerno dei Due Principati<\/strong>, <strong>Avellino Est<\/strong>, <strong>Battipaglia<\/strong>, <strong>Campagna Valle del Sele<\/strong>, <strong>Salerno Est<\/strong>, <strong>Sant\u2019Angelo dei Lombardi &#8211; Hirpinia Goleto<\/strong>, <strong>Vallo della Lucania-Cilento<\/strong>.<\/p>\n\n\n\n<p>\u201c<em>Domani Saremo Autonomi<\/em>\u201d \u00e8 una rivisitazione dell\u2019acronimo DSA, ovvero disturbi specifici dell\u2019apprendimento.<\/p>\n\n\n\n<p>I Club hanno acquistato software compensativi per garantire il diritto allo studio agli studenti con disturbi specifici dell\u2019apprendimento e bisogni educativi speciali.<\/p>\n\n\n\n<p>I software sono dell\u2019<strong>Anastasis Societ\u00e0 Cooperativa Sociale<\/strong>. L\u2019<em>Anastasis <\/em>\u00e8 l\u2019unica cooperativa sociale italiana che opera nel campo del software e che si occupa esclusivamente di Difficolt\u00e0 di Apprendimento e di Disabilit\u00e0, con prodotti e servizi in presenza e online per l\u2019autonomia nello studio, la riabilitazione, la scuola e l\u2019apprendimento, con la collana di software compensativi per i Disturbi Specifici dell\u2019Apprendimento (DSA) e i Bisogni Educativi Speciali (BES).<\/p>\n\n\n\n<figure class=\"wp-block-image size-large\"><img loading=\"lazy\" decoding=\"async\" width=\"1024\" height=\"310\" src=\"https:\/\/www.istitutogalanteoliva.it\/magazine\/wp-content\/uploads\/2021\/06\/1200logo-Anastasis-Oriz-RGB-alta-1024x310.png\" alt=\"\" class=\"wp-image-8117\" srcset=\"https:\/\/www.istitutogalanteoliva.it\/magazine\/wp-content\/uploads\/2021\/06\/1200logo-Anastasis-Oriz-RGB-alta-1024x310.png 1024w, https:\/\/www.istitutogalanteoliva.it\/magazine\/wp-content\/uploads\/2021\/06\/1200logo-Anastasis-Oriz-RGB-alta-300x91.png 300w, https:\/\/www.istitutogalanteoliva.it\/magazine\/wp-content\/uploads\/2021\/06\/1200logo-Anastasis-Oriz-RGB-alta-768x232.png 768w, https:\/\/www.istitutogalanteoliva.it\/magazine\/wp-content\/uploads\/2021\/06\/1200logo-Anastasis-Oriz-RGB-alta.png 1200w\" sizes=\"auto, (max-width: 1024px) 100vw, 1024px\" \/><\/figure>\n\n\n\n<p>I software che i Rotaract Club hanno acquistato sono affermati software compensativi per i DSA e i BES, concepiti per supportare bambini e ragazzi nel percorso scolastico (GECO, ePico!, SuperMappe, MateMitica). Le idee e la progettazione dei prodotti acquistati sono nati dalla stretta collaborazione tra l\u2019Anastasis e una vasta rete di partner scientifici che include universit\u00e0, centri di ricerca, neuropsicologi, neuropsichiatri, psicologi, logopedisti e professionisti della riabilitazione.<\/p>\n\n\n\n<p>I software acquistati saranno affidati in comodato d\u2019uso gratuito agli Istituti scolastici di ogni ordine e grado del territorio della Provincia di Salerno e di Avellino che ne faranno richiesta ai Club e fino al sussistere della situazione di bisogno all\u2019interno del proprio istituto. In totale saranno affidati numero 26 software (7 ePico!, 7 SuperMappe, 7 MateMitica, 4 GECO) per un totale di 11 Istituti beneficiati. Saranno invece donati all\u2019Universit\u00e0 degli Studi di Salerno numero 3 software (1 ePico!, 1 SuperMappe, 1 MateMitica) ed un Iris Scan Desk Pro 5, un avanzato scanner che consente di digitalizzare in pochissimi secondi, in formato PDF a doppia pagina e fino a fogli grandezza A3, qualsiasi libro presente nella biblioteca universitaria rendendolo cos\u00ec accessibile a qualsiasi studente con DSA e BES.<\/p>\n\n\n\n<p>Inoltre, ad ogni Istituto affidatario dei software e all\u2019Universit\u00e0 degli Studi di Salerno sar\u00e0 offerto gratuitamente anche un corso di formazione online dell\u2019Anastasis &#8211; certificato dal MIUR e con crediti ECM &#8211; per il corretto utilizzo dei software, cos\u00ec da consentire al docente responsabile dell\u2019utilizzo degli stessi &#8211; o a chi ne usufruir\u00e0 &#8211; di poter trarre il massimo delle prestazioni.<\/p>\n\n\n\n<p>La donazione \u00e8 stata raggiunta anche grazie al contributo del Rotaract Club Distretto 2100.<\/p>\n\n\n\n<p>Dichiarazione del <strong>Presidente <\/strong>del Rotaract Club Campus Salerno dei Due Principati <strong>Vincenzo Maria<\/strong><strong> <\/strong><strong><u>Adinolfi<\/u><\/strong>:<\/p>\n\n\n\n<p>\u201c<em>Questa Presentazione rappresenta il conseguimento di un prestigiosissimo risultato, ottenuto tramite gli sforzi congiunti di tanti Presidenti, la collaborazione di tutti i soci e degli amici della famiglia Rotaractiana, il sostegno delle Istituzioni e dell\u2019azienda Anastasis<\/em>.<\/p>\n\n\n\n<p><em>Realizzare un cos\u00ec importante service &#8211; impegnativo anche economicamente &#8211; in questo periodo storico durante il quale non \u00e8 stato possibile incontrare amici e i propri cari, non \u00e8 stato facile<\/em>.<\/p>\n\n\n\n<p><em>Stiamo lanciando un forte messaggio. Al Sud Italia, stando agli ultimi dati Istat, vengono diagnosticati solo la met\u00e0 &#8211; rispetto al Nord Italia &#8211; dei casi di DSA negli studenti delle scuole, con la grave conseguenza che la met\u00e0 degli studenti con DSA mai individuata sar\u00e0, per tutto il percorso scolastico, condannata all\u2019emarginazione e bollata come distratta e disinteressata allo studio.<\/em><\/p>\n\n\n\n<p><em>La realt\u00e0 \u00e8 ben diversa ed appare poco inclusiva. Oggi viene lanciato un forte segnale di inclusione sociale. Vogliamo ricordare che soluzioni ai DSA e BES ci sono: tramite questi software Made in Italy \u00e8 possibile superare questi disturbi e vedere garantito il diritto allo studio costituzionalmente riconosciuto.<\/em><\/p>\n\n\n\n<p><em>Le soluzioni per\u00f2 non eliminano il problema e speriamo, con questa importante donazione, di aumentare la sensibilit\u00e0 pubblica a riguardo.\u201d<\/em><\/p>\n\n\n\n<p>Dichiarazione del <strong>Presidente <\/strong>del Rotaract Club Vallo della Lucania-Cilento <strong>Rosangela D\u2019Aiuto<\/strong>:<\/p>\n\n\n\n<p>\u201c<em>Volevamo fare qualcosa per i ragazzi del nostro territorio. Qualcosa di innovativo ma allo stesso tempo di utile. \u00c8 nata cos\u00ec l\u2019idea di questo progetto, che il mio club ha accolto subito con grande ottimismo. Sono molto soddisfatta per il risultato che abbiamo raggiunto anche grazie alla collaborazione con gli altri club della zona, testimonianza che in questo periodo la parola d\u2019ordine non pu\u00f2 che essere &#8220;Unione&#8221;<\/em>.\u201d<\/p>\n\n\n\n<p>Dichiarazione del <strong>Presidente <\/strong>del Rotaract Club Campagna Valle del Sele <strong>Michele Russo<\/strong>:<\/p>\n\n\n\n<p>\u201c<em>Ora che stiamo tornando lentamente alla normalit\u00e0 con un\u2019attenuarsi della parentesi Covid-19, \u00e8 necessario tornare ad affrontare i problemi che mai hanno cessato di esistere da marzo 2020. Importante \u00e8 continuare sulla strada dell\u2019inclusione sociale, garantire i diritti costituzionalmente garantiti &#8211; come il diritto allo studio &#8211; e sensibilizzare la Comunit\u00e0 e i genitori a non sottovalutare i DSA. Fondamentale anche il sostegno delle Istituzioni che ci sta aiutando a promuovere questa lodevole iniziativa.<\/em>\u201d<\/p>\n\n\n\n<p>Dichiarazione del <strong>Presidente <\/strong>del Rotaract Club Salerno <strong>Michele Landi<\/strong>:<\/p>\n\n\n\n<p>\u201c<em>Il mio Club ha dal primo momento accolto con grande entusiasmo la partecipazione a questa nobile iniziativa, siamo sicuri che il nostro impegno contribuir\u00e0 significativamente a realizzare un piccolo passo verso il raggiungimento del grande obiettivo di una piena inclusione sociale.<\/em>\u201d<\/p>\n<div class=\"pdfprnt-buttons pdfprnt-buttons-post pdfprnt-bottom-left\"><a href=\"https:\/\/www.istitutogalanteoliva.it\/magazine\/wp-json\/wp\/v2\/posts\/8111?print=print\" class=\"pdfprnt-button pdfprnt-button-print\" target=\"_blank\"><img decoding=\"async\" src=\"https:\/\/www.istitutogalanteoliva.it\/magazine\/wp-content\/plugins\/pdf-print\/images\/print.png\" alt=\"image_print\" title=\"Stampa contenuto\" \/><span class=\"pdfprnt-button-title pdfprnt-button-print-title\">Download in PDF<\/span><\/a><\/div>","protected":false},"excerpt":{"rendered":"<p>Venerdi 11 giugno il  Rotaract Club Campus Salerno dei Due Principati inaugura la \u201cCapsula del Tempo&#8221;  e presenta il progetto \u201cDomani Saremo Autonomi\u201d. <\/p>\n","protected":false},"author":2,"featured_media":8112,"comment_status":"open","ping_status":"open","sticky":true,"template":"","format":"standard","meta":{"footnotes":""},"categories":[148,210,47],"tags":[83],"class_list":["post-8111","post","type-post","status-publish","format-standard","has-post-thumbnail","hentry","category-148","category-campania","category-eventi","tag-salerno"],"yoast_head":"<!-- This site is optimized with the Yoast SEO plugin v24.2 - https:\/\/yoast.com\/wordpress\/plugins\/seo\/ -->\n<title>Salerno. La \u201cCapsula del Tempo\u201d e il progetto \u201cDomani Saremo Autonomi\u201d. - Polis SA Magazine<\/title>\n<meta name=\"description\" content=\"Venerdi 11 giugno il Rotaract Club Campus Salerno dei Due Principati inaugura la \u201cCapsula del Tempo&quot; e presenta il progetto \u201cDomani Saremo Autonomi\u201d.\" \/>\n<meta name=\"robots\" content=\"index, follow, max-snippet:-1, max-image-preview:large, max-video-preview:-1\" \/>\n<link rel=\"canonical\" href=\"https:\/\/www.istitutogalanteoliva.it\/magazine\/2021\/06\/09\/salerno-la-capsula-del-tempo-il-progetto-domani-saremo-autonomi\/\" \/>\n<meta property=\"og:locale\" content=\"it_IT\" \/>\n<meta property=\"og:type\" content=\"article\" \/>\n<meta property=\"og:title\" content=\"Salerno. La \u201cCapsula del Tempo\u201d e il progetto \u201cDomani Saremo Autonomi\u201d. - Polis SA Magazine\" \/>\n<meta property=\"og:description\" content=\"Venerdi 11 giugno il Rotaract Club Campus Salerno dei Due Principati inaugura la \u201cCapsula del Tempo&quot; e presenta il progetto \u201cDomani Saremo Autonomi\u201d.\" \/>\n<meta property=\"og:url\" content=\"https:\/\/www.istitutogalanteoliva.it\/magazine\/2021\/06\/09\/salerno-la-capsula-del-tempo-il-progetto-domani-saremo-autonomi\/\" \/>\n<meta property=\"og:site_name\" content=\"Polis SA Magazine\" \/>\n<meta property=\"article:publisher\" content=\"https:\/\/www.facebook.com\/PolisSAMagazine\/\" \/>\n<meta property=\"article:published_time\" content=\"2021-06-09T06:00:00+00:00\" \/>\n<meta property=\"article:modified_time\" content=\"2021-06-08T15:29:18+00:00\" \/>\n<meta property=\"og:image\" content=\"https:\/\/www.istitutogalanteoliva.it\/magazine\/wp-content\/uploads\/2021\/06\/cop-09.jpg\" \/>\n\t<meta property=\"og:image:width\" content=\"640\" \/>\n\t<meta property=\"og:image:height\" content=\"380\" \/>\n\t<meta property=\"og:image:type\" content=\"image\/jpeg\" \/>\n<meta name=\"author\" content=\"Antonello Rivano\" \/>\n<meta name=\"twitter:card\" content=\"summary_large_image\" \/>\n<meta name=\"twitter:creator\" content=\"@MagazinePolis\" \/>\n<meta name=\"twitter:site\" content=\"@MagazinePolis\" \/>\n<meta name=\"twitter:label1\" content=\"Scritto da\" \/>\n\t<meta name=\"twitter:data1\" content=\"Antonello Rivano\" \/>\n\t<meta name=\"twitter:label2\" content=\"Tempo di lettura stimato\" \/>\n\t<meta name=\"twitter:data2\" content=\"7 minuti\" \/>\n<script type=\"application\/ld+json\" class=\"yoast-schema-graph\">{\"@context\":\"https:\/\/schema.org\",\"@graph\":[{\"@type\":\"Article\",\"@id\":\"https:\/\/www.istitutogalanteoliva.it\/magazine\/2021\/06\/09\/salerno-la-capsula-del-tempo-il-progetto-domani-saremo-autonomi\/#article\",\"isPartOf\":{\"@id\":\"https:\/\/www.istitutogalanteoliva.it\/magazine\/2021\/06\/09\/salerno-la-capsula-del-tempo-il-progetto-domani-saremo-autonomi\/\"},\"author\":{\"name\":\"Antonello Rivano\",\"@id\":\"https:\/\/www.istitutogalanteoliva.it\/magazine\/#\/schema\/person\/d8b8aa79cfe8babc1df9da3212a7c0c4\"},\"headline\":\"Salerno. La \u201cCapsula del Tempo\u201d e il progetto \u201cDomani Saremo Autonomi\u201d.\",\"datePublished\":\"2021-06-09T06:00:00+00:00\",\"dateModified\":\"2021-06-08T15:29:18+00:00\",\"mainEntityOfPage\":{\"@id\":\"https:\/\/www.istitutogalanteoliva.it\/magazine\/2021\/06\/09\/salerno-la-capsula-del-tempo-il-progetto-domani-saremo-autonomi\/\"},\"wordCount\":1504,\"commentCount\":0,\"publisher\":{\"@id\":\"https:\/\/www.istitutogalanteoliva.it\/magazine\/#organization\"},\"image\":{\"@id\":\"https:\/\/www.istitutogalanteoliva.it\/magazine\/2021\/06\/09\/salerno-la-capsula-del-tempo-il-progetto-domani-saremo-autonomi\/#primaryimage\"},\"thumbnailUrl\":\"https:\/\/www.istitutogalanteoliva.it\/magazine\/wp-content\/uploads\/2021\/06\/cop-09.jpg\",\"keywords\":[\"salerno\"],\"articleSection\":[\"2021\",\"Campania\",\"Eventi\"],\"inLanguage\":\"it-IT\",\"potentialAction\":[{\"@type\":\"CommentAction\",\"name\":\"Comment\",\"target\":[\"https:\/\/www.istitutogalanteoliva.it\/magazine\/2021\/06\/09\/salerno-la-capsula-del-tempo-il-progetto-domani-saremo-autonomi\/#respond\"]}]},{\"@type\":\"WebPage\",\"@id\":\"https:\/\/www.istitutogalanteoliva.it\/magazine\/2021\/06\/09\/salerno-la-capsula-del-tempo-il-progetto-domani-saremo-autonomi\/\",\"url\":\"https:\/\/www.istitutogalanteoliva.it\/magazine\/2021\/06\/09\/salerno-la-capsula-del-tempo-il-progetto-domani-saremo-autonomi\/\",\"name\":\"Salerno. La \u201cCapsula del Tempo\u201d e il progetto \u201cDomani Saremo Autonomi\u201d. - Polis SA Magazine\",\"isPartOf\":{\"@id\":\"https:\/\/www.istitutogalanteoliva.it\/magazine\/#website\"},\"primaryImageOfPage\":{\"@id\":\"https:\/\/www.istitutogalanteoliva.it\/magazine\/2021\/06\/09\/salerno-la-capsula-del-tempo-il-progetto-domani-saremo-autonomi\/#primaryimage\"},\"image\":{\"@id\":\"https:\/\/www.istitutogalanteoliva.it\/magazine\/2021\/06\/09\/salerno-la-capsula-del-tempo-il-progetto-domani-saremo-autonomi\/#primaryimage\"},\"thumbnailUrl\":\"https:\/\/www.istitutogalanteoliva.it\/magazine\/wp-content\/uploads\/2021\/06\/cop-09.jpg\",\"datePublished\":\"2021-06-09T06:00:00+00:00\",\"dateModified\":\"2021-06-08T15:29:18+00:00\",\"description\":\"Venerdi 11 giugno il Rotaract Club Campus Salerno dei Due Principati inaugura la \u201cCapsula del Tempo\\\" e presenta il progetto \u201cDomani Saremo Autonomi\u201d.\",\"breadcrumb\":{\"@id\":\"https:\/\/www.istitutogalanteoliva.it\/magazine\/2021\/06\/09\/salerno-la-capsula-del-tempo-il-progetto-domani-saremo-autonomi\/#breadcrumb\"},\"inLanguage\":\"it-IT\",\"potentialAction\":[{\"@type\":\"ReadAction\",\"target\":[\"https:\/\/www.istitutogalanteoliva.it\/magazine\/2021\/06\/09\/salerno-la-capsula-del-tempo-il-progetto-domani-saremo-autonomi\/\"]}]},{\"@type\":\"ImageObject\",\"inLanguage\":\"it-IT\",\"@id\":\"https:\/\/www.istitutogalanteoliva.it\/magazine\/2021\/06\/09\/salerno-la-capsula-del-tempo-il-progetto-domani-saremo-autonomi\/#primaryimage\",\"url\":\"https:\/\/www.istitutogalanteoliva.it\/magazine\/wp-content\/uploads\/2021\/06\/cop-09.jpg\",\"contentUrl\":\"https:\/\/www.istitutogalanteoliva.it\/magazine\/wp-content\/uploads\/2021\/06\/cop-09.jpg\",\"width\":640,\"height\":380,\"caption\":\"Capsula del tempo\"},{\"@type\":\"BreadcrumbList\",\"@id\":\"https:\/\/www.istitutogalanteoliva.it\/magazine\/2021\/06\/09\/salerno-la-capsula-del-tempo-il-progetto-domani-saremo-autonomi\/#breadcrumb\",\"itemListElement\":[{\"@type\":\"ListItem\",\"position\":1,\"name\":\"Home\",\"item\":\"https:\/\/www.istitutogalanteoliva.it\/magazine\/\"},{\"@type\":\"ListItem\",\"position\":2,\"name\":\"Salerno. La \u201cCapsula del Tempo\u201d e il progetto \u201cDomani Saremo Autonomi\u201d.\"}]},{\"@type\":\"WebSite\",\"@id\":\"https:\/\/www.istitutogalanteoliva.it\/magazine\/#website\",\"url\":\"https:\/\/www.istitutogalanteoliva.it\/magazine\/\",\"name\":\"POLIS SA MAGAZINE\",\"description\":\"Informazione e approfondimenti\",\"publisher\":{\"@id\":\"https:\/\/www.istitutogalanteoliva.it\/magazine\/#organization\"},\"potentialAction\":[{\"@type\":\"SearchAction\",\"target\":{\"@type\":\"EntryPoint\",\"urlTemplate\":\"https:\/\/www.istitutogalanteoliva.it\/magazine\/?s={search_term_string}\"},\"query-input\":{\"@type\":\"PropertyValueSpecification\",\"valueRequired\":true,\"valueName\":\"search_term_string\"}}],\"inLanguage\":\"it-IT\"},{\"@type\":\"Organization\",\"@id\":\"https:\/\/www.istitutogalanteoliva.it\/magazine\/#organization\",\"name\":\"Polis SA Magazine\",\"url\":\"https:\/\/www.istitutogalanteoliva.it\/magazine\/\",\"logo\":{\"@type\":\"ImageObject\",\"inLanguage\":\"it-IT\",\"@id\":\"https:\/\/www.istitutogalanteoliva.it\/magazine\/#\/schema\/logo\/image\/\",\"url\":\"\",\"contentUrl\":\"\",\"caption\":\"Polis SA Magazine\"},\"image\":{\"@id\":\"https:\/\/www.istitutogalanteoliva.it\/magazine\/#\/schema\/logo\/image\/\"},\"sameAs\":[\"https:\/\/www.facebook.com\/PolisSAMagazine\/\",\"https:\/\/x.com\/MagazinePolis\",\"https:\/\/www.youtube.com\/channel\/UCv0Mr5AHKUmsc0sEEXkJrgw\"]},{\"@type\":\"Person\",\"@id\":\"https:\/\/www.istitutogalanteoliva.it\/magazine\/#\/schema\/person\/d8b8aa79cfe8babc1df9da3212a7c0c4\",\"name\":\"Antonello Rivano\",\"image\":{\"@type\":\"ImageObject\",\"inLanguage\":\"it-IT\",\"@id\":\"https:\/\/www.istitutogalanteoliva.it\/magazine\/#\/schema\/person\/image\/\",\"url\":\"https:\/\/secure.gravatar.com\/avatar\/517a9a6487a7a18ecc4ce6d2e57a8f40?s=96&d=mm&r=g\",\"contentUrl\":\"https:\/\/secure.gravatar.com\/avatar\/517a9a6487a7a18ecc4ce6d2e57a8f40?s=96&d=mm&r=g\",\"caption\":\"Antonello Rivano\"},\"url\":\"https:\/\/www.istitutogalanteoliva.it\/magazine\/author\/antonello\/\"}]}<\/script>\n<!-- \/ Yoast SEO plugin. -->","yoast_head_json":{"title":"Salerno. La \u201cCapsula del Tempo\u201d e il progetto \u201cDomani Saremo Autonomi\u201d. - Polis SA Magazine","description":"Venerdi 11 giugno il Rotaract Club Campus Salerno dei Due Principati inaugura la \u201cCapsula del Tempo\" e presenta il progetto \u201cDomani Saremo Autonomi\u201d.","robots":{"index":"index","follow":"follow","max-snippet":"max-snippet:-1","max-image-preview":"max-image-preview:large","max-video-preview":"max-video-preview:-1"},"canonical":"https:\/\/www.istitutogalanteoliva.it\/magazine\/2021\/06\/09\/salerno-la-capsula-del-tempo-il-progetto-domani-saremo-autonomi\/","og_locale":"it_IT","og_type":"article","og_title":"Salerno. La \u201cCapsula del Tempo\u201d e il progetto \u201cDomani Saremo Autonomi\u201d. - Polis SA Magazine","og_description":"Venerdi 11 giugno il Rotaract Club Campus Salerno dei Due Principati inaugura la \u201cCapsula del Tempo\" e presenta il progetto \u201cDomani Saremo Autonomi\u201d.","og_url":"https:\/\/www.istitutogalanteoliva.it\/magazine\/2021\/06\/09\/salerno-la-capsula-del-tempo-il-progetto-domani-saremo-autonomi\/","og_site_name":"Polis SA Magazine","article_publisher":"https:\/\/www.facebook.com\/PolisSAMagazine\/","article_published_time":"2021-06-09T06:00:00+00:00","article_modified_time":"2021-06-08T15:29:18+00:00","og_image":[{"width":640,"height":380,"url":"https:\/\/www.istitutogalanteoliva.it\/magazine\/wp-content\/uploads\/2021\/06\/cop-09.jpg","type":"image\/jpeg"}],"author":"Antonello Rivano","twitter_card":"summary_large_image","twitter_creator":"@MagazinePolis","twitter_site":"@MagazinePolis","twitter_misc":{"Scritto da":"Antonello Rivano","Tempo di lettura stimato":"7 minuti"},"schema":{"@context":"https:\/\/schema.org","@graph":[{"@type":"Article","@id":"https:\/\/www.istitutogalanteoliva.it\/magazine\/2021\/06\/09\/salerno-la-capsula-del-tempo-il-progetto-domani-saremo-autonomi\/#article","isPartOf":{"@id":"https:\/\/www.istitutogalanteoliva.it\/magazine\/2021\/06\/09\/salerno-la-capsula-del-tempo-il-progetto-domani-saremo-autonomi\/"},"author":{"name":"Antonello Rivano","@id":"https:\/\/www.istitutogalanteoliva.it\/magazine\/#\/schema\/person\/d8b8aa79cfe8babc1df9da3212a7c0c4"},"headline":"Salerno. La \u201cCapsula del Tempo\u201d e il progetto \u201cDomani Saremo Autonomi\u201d.","datePublished":"2021-06-09T06:00:00+00:00","dateModified":"2021-06-08T15:29:18+00:00","mainEntityOfPage":{"@id":"https:\/\/www.istitutogalanteoliva.it\/magazine\/2021\/06\/09\/salerno-la-capsula-del-tempo-il-progetto-domani-saremo-autonomi\/"},"wordCount":1504,"commentCount":0,"publisher":{"@id":"https:\/\/www.istitutogalanteoliva.it\/magazine\/#organization"},"image":{"@id":"https:\/\/www.istitutogalanteoliva.it\/magazine\/2021\/06\/09\/salerno-la-capsula-del-tempo-il-progetto-domani-saremo-autonomi\/#primaryimage"},"thumbnailUrl":"https:\/\/www.istitutogalanteoliva.it\/magazine\/wp-content\/uploads\/2021\/06\/cop-09.jpg","keywords":["salerno"],"articleSection":["2021","Campania","Eventi"],"inLanguage":"it-IT","potentialAction":[{"@type":"CommentAction","name":"Comment","target":["https:\/\/www.istitutogalanteoliva.it\/magazine\/2021\/06\/09\/salerno-la-capsula-del-tempo-il-progetto-domani-saremo-autonomi\/#respond"]}]},{"@type":"WebPage","@id":"https:\/\/www.istitutogalanteoliva.it\/magazine\/2021\/06\/09\/salerno-la-capsula-del-tempo-il-progetto-domani-saremo-autonomi\/","url":"https:\/\/www.istitutogalanteoliva.it\/magazine\/2021\/06\/09\/salerno-la-capsula-del-tempo-il-progetto-domani-saremo-autonomi\/","name":"Salerno. La \u201cCapsula del Tempo\u201d e il progetto \u201cDomani Saremo Autonomi\u201d. - Polis SA Magazine","isPartOf":{"@id":"https:\/\/www.istitutogalanteoliva.it\/magazine\/#website"},"primaryImageOfPage":{"@id":"https:\/\/www.istitutogalanteoliva.it\/magazine\/2021\/06\/09\/salerno-la-capsula-del-tempo-il-progetto-domani-saremo-autonomi\/#primaryimage"},"image":{"@id":"https:\/\/www.istitutogalanteoliva.it\/magazine\/2021\/06\/09\/salerno-la-capsula-del-tempo-il-progetto-domani-saremo-autonomi\/#primaryimage"},"thumbnailUrl":"https:\/\/www.istitutogalanteoliva.it\/magazine\/wp-content\/uploads\/2021\/06\/cop-09.jpg","datePublished":"2021-06-09T06:00:00+00:00","dateModified":"2021-06-08T15:29:18+00:00","description":"Venerdi 11 giugno il Rotaract Club Campus Salerno dei Due Principati inaugura la \u201cCapsula del Tempo\" e presenta il progetto \u201cDomani Saremo Autonomi\u201d.","breadcrumb":{"@id":"https:\/\/www.istitutogalanteoliva.it\/magazine\/2021\/06\/09\/salerno-la-capsula-del-tempo-il-progetto-domani-saremo-autonomi\/#breadcrumb"},"inLanguage":"it-IT","potentialAction":[{"@type":"ReadAction","target":["https:\/\/www.istitutogalanteoliva.it\/magazine\/2021\/06\/09\/salerno-la-capsula-del-tempo-il-progetto-domani-saremo-autonomi\/"]}]},{"@type":"ImageObject","inLanguage":"it-IT","@id":"https:\/\/www.istitutogalanteoliva.it\/magazine\/2021\/06\/09\/salerno-la-capsula-del-tempo-il-progetto-domani-saremo-autonomi\/#primaryimage","url":"https:\/\/www.istitutogalanteoliva.it\/magazine\/wp-content\/uploads\/2021\/06\/cop-09.jpg","contentUrl":"https:\/\/www.istitutogalanteoliva.it\/magazine\/wp-content\/uploads\/2021\/06\/cop-09.jpg","width":640,"height":380,"caption":"Capsula del tempo"},{"@type":"BreadcrumbList","@id":"https:\/\/www.istitutogalanteoliva.it\/magazine\/2021\/06\/09\/salerno-la-capsula-del-tempo-il-progetto-domani-saremo-autonomi\/#breadcrumb","itemListElement":[{"@type":"ListItem","position":1,"name":"Home","item":"https:\/\/www.istitutogalanteoliva.it\/magazine\/"},{"@type":"ListItem","position":2,"name":"Salerno. La \u201cCapsula del Tempo\u201d e il progetto \u201cDomani Saremo Autonomi\u201d."}]},{"@type":"WebSite","@id":"https:\/\/www.istitutogalanteoliva.it\/magazine\/#website","url":"https:\/\/www.istitutogalanteoliva.it\/magazine\/","name":"POLIS SA MAGAZINE","description":"Informazione e approfondimenti","publisher":{"@id":"https:\/\/www.istitutogalanteoliva.it\/magazine\/#organization"},"potentialAction":[{"@type":"SearchAction","target":{"@type":"EntryPoint","urlTemplate":"https:\/\/www.istitutogalanteoliva.it\/magazine\/?s={search_term_string}"},"query-input":{"@type":"PropertyValueSpecification","valueRequired":true,"valueName":"search_term_string"}}],"inLanguage":"it-IT"},{"@type":"Organization","@id":"https:\/\/www.istitutogalanteoliva.it\/magazine\/#organization","name":"Polis SA Magazine","url":"https:\/\/www.istitutogalanteoliva.it\/magazine\/","logo":{"@type":"ImageObject","inLanguage":"it-IT","@id":"https:\/\/www.istitutogalanteoliva.it\/magazine\/#\/schema\/logo\/image\/","url":"","contentUrl":"","caption":"Polis SA Magazine"},"image":{"@id":"https:\/\/www.istitutogalanteoliva.it\/magazine\/#\/schema\/logo\/image\/"},"sameAs":["https:\/\/www.facebook.com\/PolisSAMagazine\/","https:\/\/x.com\/MagazinePolis","https:\/\/www.youtube.com\/channel\/UCv0Mr5AHKUmsc0sEEXkJrgw"]},{"@type":"Person","@id":"https:\/\/www.istitutogalanteoliva.it\/magazine\/#\/schema\/person\/d8b8aa79cfe8babc1df9da3212a7c0c4","name":"Antonello Rivano","image":{"@type":"ImageObject","inLanguage":"it-IT","@id":"https:\/\/www.istitutogalanteoliva.it\/magazine\/#\/schema\/person\/image\/","url":"https:\/\/secure.gravatar.com\/avatar\/517a9a6487a7a18ecc4ce6d2e57a8f40?s=96&d=mm&r=g","contentUrl":"https:\/\/secure.gravatar.com\/avatar\/517a9a6487a7a18ecc4ce6d2e57a8f40?s=96&d=mm&r=g","caption":"Antonello Rivano"},"url":"https:\/\/www.istitutogalanteoliva.it\/magazine\/author\/antonello\/"}]}},"_links":{"self":[{"href":"https:\/\/www.istitutogalanteoliva.it\/magazine\/wp-json\/wp\/v2\/posts\/8111","targetHints":{"allow":["GET"]}}],"collection":[{"href":"https:\/\/www.istitutogalanteoliva.it\/magazine\/wp-json\/wp\/v2\/posts"}],"about":[{"href":"https:\/\/www.istitutogalanteoliva.it\/magazine\/wp-json\/wp\/v2\/types\/post"}],"author":[{"embeddable":true,"href":"https:\/\/www.istitutogalanteoliva.it\/magazine\/wp-json\/wp\/v2\/users\/2"}],"replies":[{"embeddable":true,"href":"https:\/\/www.istitutogalanteoliva.it\/magazine\/wp-json\/wp\/v2\/comments?post=8111"}],"version-history":[{"count":4,"href":"https:\/\/www.istitutogalanteoliva.it\/magazine\/wp-json\/wp\/v2\/posts\/8111\/revisions"}],"predecessor-version":[{"id":8121,"href":"https:\/\/www.istitutogalanteoliva.it\/magazine\/wp-json\/wp\/v2\/posts\/8111\/revisions\/8121"}],"wp:featuredmedia":[{"embeddable":true,"href":"https:\/\/www.istitutogalanteoliva.it\/magazine\/wp-json\/wp\/v2\/media\/8112"}],"wp:attachment":[{"href":"https:\/\/www.istitutogalanteoliva.it\/magazine\/wp-json\/wp\/v2\/media?parent=8111"}],"wp:term":[{"taxonomy":"category","embeddable":true,"href":"https:\/\/www.istitutogalanteoliva.it\/magazine\/wp-json\/wp\/v2\/categories?post=8111"},{"taxonomy":"post_tag","embeddable":true,"href":"https:\/\/www.istitutogalanteoliva.it\/magazine\/wp-json\/wp\/v2\/tags?post=8111"}],"curies":[{"name":"wp","href":"https:\/\/api.w.org\/{rel}","templated":true}]}}