{"id":8256,"date":"2021-06-15T17:36:48","date_gmt":"2021-06-15T15:36:48","guid":{"rendered":"https:\/\/www.istitutogalanteoliva.it\/magazine\/?p=8256"},"modified":"2021-07-12T19:24:44","modified_gmt":"2021-07-12T17:24:44","slug":"ali-e-il-mondo-sommerso-la-fiaba-del-piccolo-migrante-debutta-a-maiori","status":"publish","type":"post","link":"https:\/\/www.istitutogalanteoliva.it\/magazine\/2021\/06\/15\/ali-e-il-mondo-sommerso-la-fiaba-del-piccolo-migrante-debutta-a-maiori\/","title":{"rendered":"&#8220;Al\u00ec e il mondo sommerso&#8221;, la fiaba del piccolo migrante debutta a Maiori."},"content":{"rendered":"\n<h4 class=\"wp-block-heading\">Il libro di Maria Sofia Ortu, edito da Polis SA Edizioni, \u00e8 stato presentato lunedi 14 giugno presso il salone di  Palazzo Mezzacapo a Maiori (SA), nell&#8217;ambito della kermesse culturale incostieraamalfitana.it Festa del Libro in Mediterraneo, patrocinata tra gli altri dal Ministero per i beni culturali.<br><\/h4>\n\n\n\n<p><strong><em>Di Antonello Rivano<\/em><\/strong><\/p>\n\n\n\n<p>la fiaba scritta da Maria Sofia Ortu ha, al suo debutto, riscontrato un notevole successo sia numericamente che come livello di attenzione.<\/p>\n\n\n\n<p>l&#8217;opera, preziosamente illustrata da Chiara Savarese, \u00e8 stata gradita dal pubblico presente anche per il  suo contenuto, di alto profilo sociale. <br>Assente l&#8217;autrice, per motivi famigliari, l&#8217;opera \u00e8 stata presntata dal Direttore Editoriale di Polis SA Edizoni, <strong>Mimmo Oliva<\/strong>, che ha dialogato con il Patron di incostieraamalfitana.it Festa del Libro in Mediterraneo, <strong>Alfonso Bottone<\/strong> e la  Presidente Provinciale UNICEF, <strong>Giovanna Ancora Niglio<\/strong>.<\/p>\n\n\n\n<p>L&#8217;autrice ha inviato un messaggio che \u00e8 stato letto da Alfonso Bottone (video in calce all&#8217;articolo)<\/p>\n\n\n\n<figure class=\"wp-block-image size-large\"><img loading=\"lazy\" decoding=\"async\" width=\"1024\" height=\"576\" src=\"https:\/\/www.istitutogalanteoliva.it\/magazine\/wp-content\/uploads\/2021\/06\/WhatsApp-Image-2021-06-14-at-21.23.42-1024x576.jpeg\" alt=\"\" class=\"wp-image-8257\" srcset=\"https:\/\/www.istitutogalanteoliva.it\/magazine\/wp-content\/uploads\/2021\/06\/WhatsApp-Image-2021-06-14-at-21.23.42-1024x576.jpeg 1024w, https:\/\/www.istitutogalanteoliva.it\/magazine\/wp-content\/uploads\/2021\/06\/WhatsApp-Image-2021-06-14-at-21.23.42-300x169.jpeg 300w, https:\/\/www.istitutogalanteoliva.it\/magazine\/wp-content\/uploads\/2021\/06\/WhatsApp-Image-2021-06-14-at-21.23.42-768x432.jpeg 768w, https:\/\/www.istitutogalanteoliva.it\/magazine\/wp-content\/uploads\/2021\/06\/WhatsApp-Image-2021-06-14-at-21.23.42-1536x864.jpeg 1536w, https:\/\/www.istitutogalanteoliva.it\/magazine\/wp-content\/uploads\/2021\/06\/WhatsApp-Image-2021-06-14-at-21.23.42.jpeg 1920w\" sizes=\"auto, (max-width: 1024px) 100vw, 1024px\" \/><figcaption>-Mimmo Oliva, al centro, con Alfonso Bottone e Giovanna Ancora Niglio-<\/figcaption><\/figure>\n\n\n\n<h4 class=\"wp-block-heading\"><strong>La Fiaba<\/strong><\/h4>\n\n\n\n<p>Al\u00ec e il mondo sommerso \u00e8 una fiaba per bambini dagli 8 ai 10 anni ed \u00e8 la storia di un piccolo migrante che insieme alla sua mamma fugge su un barcone da un mondo di miseria, di terrore e di degrado, in cerca di una vita migliore. Una tempesta li coglie nel viaggio, facendo affondare la barca. Sprofondati negli abissi, Al\u00ec vive un\u2019avventura fantastica, alle prese con personaggi strani. <\/p>\n\n\n\n<figure class=\"wp-block-image size-large is-resized\"><a href=\"https:\/\/www.edizionipolis.it\/index.php?id_product=40&amp;controller=product&amp;id_lang=2&amp;fbclid=IwAR3sMGZ-rk9TKDHXdwlTcgKj8nauinmIg3YlxBcnQWmqzYmuF-m9tvJzw6o\"><img loading=\"lazy\" decoding=\"async\" src=\"https:\/\/www.istitutogalanteoliva.it\/magazine\/wp-content\/uploads\/2021\/06\/Senza-titolo-2-1024x1008.jpg\" alt=\"\" class=\"wp-image-8084\" width=\"512\" height=\"504\" srcset=\"https:\/\/www.istitutogalanteoliva.it\/magazine\/wp-content\/uploads\/2021\/06\/Senza-titolo-2-1024x1008.jpg 1024w, https:\/\/www.istitutogalanteoliva.it\/magazine\/wp-content\/uploads\/2021\/06\/Senza-titolo-2-300x295.jpg 300w, https:\/\/www.istitutogalanteoliva.it\/magazine\/wp-content\/uploads\/2021\/06\/Senza-titolo-2-768x756.jpg 768w, https:\/\/www.istitutogalanteoliva.it\/magazine\/wp-content\/uploads\/2021\/06\/Senza-titolo-2-1536x1512.jpg 1536w, https:\/\/www.istitutogalanteoliva.it\/magazine\/wp-content\/uploads\/2021\/06\/Senza-titolo-2-2048x2017.jpg 2048w\" sizes=\"auto, (max-width: 512px) 100vw, 512px\" \/><\/a><\/figure>\n\n\n\n<p>La storia, narrata con poesia e leggerezza, con lo sguardo puntato sulla cronaca di questi tempi, \u00e8 ridipinta con il colore della fantasia e della fiaba per trasferire ai pi\u00f9 piccoli i valori dell\u2019accoglienza e della solidariet\u00e0.Il riferimento a quanto accade sulle nostre coste, nel Mediterraneo, viene\u00a0 sfumato, senza lasciare spazio al dramma o alla tristezza. Il mare in tempesta, un naufragio, la paura di un bambino e un \u2018mondo sommerso\u2019, pieno di sfide e di avventure, alle prese con personaggi incredibili per Al\u00ec.\u00a0 Come in ogni fiaba che si rispetti, alla fine a vincere sar\u00e0 il bene e il piccolo protagonista dimostrer\u00e0 tutto il suo coraggio. <br><strong> <sub>Pagina Web del libro: <a href=\"https:\/\/www.edizionipolis.it\/index.php?id_product=40&amp;controller=product&amp;id_lang=2&amp;fbclid=IwAR3sMGZ-rk9TKDHXdwlTcgKj8nauinmIg3YlxBcnQWmqzYmuF-m9tvJzw6o\">https:\/\/www.edizionipolis.it\/index.php?id_product=40&amp;controller=product&amp;id_lang=2&amp;fbclid=IwAR3sMGZ-rk9TKDHXdwlTcgKj8nauinmIg3YlxBcnQWmqzYmuF-m9tvJzw6o<\/a><\/sub><\/strong><\/p>\n\n\n\n<h4 class=\"wp-block-heading\"><img loading=\"lazy\" decoding=\"async\" width=\"200\" height=\"239\" class=\"wp-image-8083\" style=\"width: 200px;\" src=\"https:\/\/www.istitutogalanteoliva.it\/magazine\/wp-content\/uploads\/2021\/06\/Senza-titolo-4.jpg\" alt=\"\" srcset=\"https:\/\/www.istitutogalanteoliva.it\/magazine\/wp-content\/uploads\/2021\/06\/Senza-titolo-4.jpg 427w, https:\/\/www.istitutogalanteoliva.it\/magazine\/wp-content\/uploads\/2021\/06\/Senza-titolo-4-251x300.jpg 251w\" sizes=\"auto, (max-width: 200px) 100vw, 200px\" \/>Maria Sofia Ortu<\/h4>\n\n\n\n<p>E&#8217;  nata a Napoli 66 anni fa e vive ad Ariano Irpino. Da un anno in pensione, ha svolto per 43 anni il lavoro di assistente amministrativo nella scuola.&nbsp; Ha partecipato a diversi concorsi letterari; \u00e8 stata premiata nell\u2019ambito del 3\u00b0 Concorso di poesia in lingua e vernacolo \u2018Bernarducci \u2013 Lorenzetti\u2019, Citt\u00e0 di Terni 1997; una sua poesia, \u2018Amanti\u2019, \u00e8 stata inserita nell\u2019antologia \u2018L\u2019Amore e il tempo\u2019 di Ibiskos Editrice; altre due poesie, invece, \u2018L\u2019attesa\u2019 e \u2018Ricordi\u2019,&nbsp; sono state inserite nell\u2019antologia \u2018Sottovoce\u2019 della casa editrice \u2018Pagine\u2019.<\/p>\n\n\n\n<p><strong>Cos\u00ec Mimmo Oliva, Direttore Editoriale Polis Sa Edizioni<\/strong>: \u00abPolis Sa riparte con le sue iniziative dopo la pandemia e riparte alla grande con la partecipazione alla Festa del Libro in Mediterraneo,&nbsp;<a href=\"http:\/\/incostieraamalfitana.it\/\">incostieraamalfitana.it<\/a>, che \u00e8 una delle pi\u00f9 importanti kermesse culturali italiane. Polis Sa, che negli anni ha vinto diversi premi per le sue pubblicazioni, \u00e8 presente ancora una volta in Costiera con libri di qualit\u00e0\u00bb.<\/p>\n\n\n\n<p><strong>Cos\u00ec Alfonso Bottone, Direttore Organizzativo di&nbsp;<a href=\"http:\/\/incostieraamalfitana.it\/\">incostieraamalfitana.it<\/a>&nbsp;Festa del Libro in Mediterraneo<\/strong>: \u00abRipartiamo dopo il periodo pi\u00f9 buio della pandemia con la grande voglia di riportare tutti, dai protagonisti dei salotti letterari al pubblico partecipativo e interessato, a vivere con lo spirito sano e gioioso della \u2018Festa\u2019 un appuntamento che da quindici anni, grazie al sostegno delle Amministrazioni comunali, delle Istituzioni, delle Associazioni, degli operatori culturali ed economici, delle aziende private, caratterizza la prima parte dell\u2019estate in quell\u2019angolo \u2018divino\u2019 del nostro Bel Paese che \u00e8 appunto la Costa d\u2019Amalfi\u00bb.<br><\/p>\n\n\n\n<h4 class=\"wp-block-heading\">Il messaggio di Maria Sofia Ortu<\/h4>\n\n\n\n<figure class=\"wp-block-video\"><video controls src=\"https:\/\/www.istitutogalanteoliva.it\/magazine\/wp-content\/uploads\/2021\/06\/WhatsApp-Video-2021-06-14-at-21.23.45.mp4\"><\/video><figcaption>Alfonso Bottone legge il messaggio dell&#8217;autrice. <\/figcaption><\/figure>\n\n\n\n<p class=\"has-text-align-left\"><img loading=\"lazy\" decoding=\"async\" width=\"80\" height=\"80\" class=\"wp-image-15584\" style=\"width: 80px;\" src=\"https:\/\/www.istitutogalanteoliva.it\/magazine\/wp-content\/uploads\/2024\/08\/anto.png\" alt=\"\" srcset=\"https:\/\/www.istitutogalanteoliva.it\/magazine\/wp-content\/uploads\/2024\/08\/anto.png 247w, https:\/\/www.istitutogalanteoliva.it\/magazine\/wp-content\/uploads\/2024\/08\/anto-150x150.png 150w\" sizes=\"auto, (max-width: 80px) 100vw, 80px\" \/><em><mark style=\"background-color:rgba(0, 0, 0, 0)\" class=\"has-inline-color has-black-color\"><strong><a href=\"https:\/\/www.istitutogalanteoliva\/antonello-rivano-2\/\">Antonello Rivano<\/a><\/strong><\/mark><\/em><br><sup><strong>Direttore di redazione\/coordinatore nazionale<\/strong> <strong><em>Polis SA Magazine<\/em><\/strong><\/sup><br><\/p>\n<div class=\"pdfprnt-buttons pdfprnt-buttons-post pdfprnt-bottom-left\"><a href=\"https:\/\/www.istitutogalanteoliva.it\/magazine\/wp-json\/wp\/v2\/posts\/8256?print=print\" class=\"pdfprnt-button pdfprnt-button-print\" target=\"_blank\"><img decoding=\"async\" src=\"https:\/\/www.istitutogalanteoliva.it\/magazine\/wp-content\/plugins\/pdf-print\/images\/print.png\" alt=\"image_print\" title=\"Stampa contenuto\" \/><span class=\"pdfprnt-button-title pdfprnt-button-print-title\">Download in PDF<\/span><\/a><\/div>","protected":false},"excerpt":{"rendered":"<p>Il libro di Maria Sofia Ortu, edito da Polis SA Edizioni, \u00e8 stato presentato lunedi 14 giugno presso il salone di  Palazzo Mezzacapo a Maiori (SA)<\/p>\n","protected":false},"author":2,"featured_media":8260,"comment_status":"open","ping_status":"open","sticky":true,"template":"","format":"standard","meta":{"footnotes":""},"categories":[148,210,8,47],"tags":[131],"class_list":["post-8256","post","type-post","status-publish","format-standard","has-post-thumbnail","hentry","category-148","category-campania","category-cultura_e_societa","category-eventi","tag-polis-sa-edizioni"],"yoast_head":"<!-- This site is optimized with the Yoast SEO plugin v24.2 - https:\/\/yoast.com\/wordpress\/plugins\/seo\/ -->\n<title>&quot;Al\u00ec e il mondo sommerso&quot;, la fiaba del piccolo migrante debutta a Maiori. - Polis SA Magazine<\/title>\n<meta name=\"description\" content=\"Ali e il mondo sommerso. Il libro di Maria Sofia Ortu, edito da Polis SA Edizioni, \u00e8 stato presentato lunedi 14 giugno presso il salone di Palazzo Mezzacapo a Maiori (SA)\" \/>\n<meta name=\"robots\" content=\"index, follow, max-snippet:-1, max-image-preview:large, max-video-preview:-1\" \/>\n<link rel=\"canonical\" href=\"https:\/\/www.istitutogalanteoliva.it\/magazine\/2021\/06\/15\/ali-e-il-mondo-sommerso-la-fiaba-del-piccolo-migrante-debutta-a-maiori\/\" \/>\n<meta property=\"og:locale\" content=\"it_IT\" \/>\n<meta property=\"og:type\" content=\"article\" \/>\n<meta property=\"og:title\" content=\"&quot;Al\u00ec e il mondo sommerso&quot;, la fiaba del piccolo migrante debutta a Maiori. - Polis SA Magazine\" \/>\n<meta property=\"og:description\" content=\"Ali e il mondo sommerso. Il libro di Maria Sofia Ortu, edito da Polis SA Edizioni, \u00e8 stato presentato lunedi 14 giugno presso il salone di Palazzo Mezzacapo a Maiori (SA)\" \/>\n<meta property=\"og:url\" content=\"https:\/\/www.istitutogalanteoliva.it\/magazine\/2021\/06\/15\/ali-e-il-mondo-sommerso-la-fiaba-del-piccolo-migrante-debutta-a-maiori\/\" \/>\n<meta property=\"og:site_name\" content=\"Polis SA Magazine\" \/>\n<meta property=\"article:publisher\" content=\"https:\/\/www.facebook.com\/PolisSAMagazine\/\" \/>\n<meta property=\"article:published_time\" content=\"2021-06-15T15:36:48+00:00\" \/>\n<meta property=\"article:modified_time\" content=\"2021-07-12T17:24:44+00:00\" \/>\n<meta property=\"og:image\" content=\"https:\/\/www.istitutogalanteoliva.it\/magazine\/wp-content\/uploads\/2021\/06\/oggi.jpg\" \/>\n\t<meta property=\"og:image:width\" content=\"640\" \/>\n\t<meta property=\"og:image:height\" content=\"380\" \/>\n\t<meta property=\"og:image:type\" content=\"image\/jpeg\" \/>\n<meta name=\"author\" content=\"Antonello Rivano\" \/>\n<meta name=\"twitter:card\" content=\"summary_large_image\" \/>\n<meta name=\"twitter:creator\" content=\"@MagazinePolis\" \/>\n<meta name=\"twitter:site\" content=\"@MagazinePolis\" \/>\n<meta name=\"twitter:label1\" content=\"Scritto da\" \/>\n\t<meta name=\"twitter:data1\" content=\"Antonello Rivano\" \/>\n\t<meta name=\"twitter:label2\" content=\"Tempo di lettura stimato\" \/>\n\t<meta name=\"twitter:data2\" content=\"3 minuti\" \/>\n<script type=\"application\/ld+json\" class=\"yoast-schema-graph\">{\"@context\":\"https:\/\/schema.org\",\"@graph\":[{\"@type\":\"Article\",\"@id\":\"https:\/\/www.istitutogalanteoliva.it\/magazine\/2021\/06\/15\/ali-e-il-mondo-sommerso-la-fiaba-del-piccolo-migrante-debutta-a-maiori\/#article\",\"isPartOf\":{\"@id\":\"https:\/\/www.istitutogalanteoliva.it\/magazine\/2021\/06\/15\/ali-e-il-mondo-sommerso-la-fiaba-del-piccolo-migrante-debutta-a-maiori\/\"},\"author\":{\"name\":\"Antonello Rivano\",\"@id\":\"https:\/\/www.istitutogalanteoliva.it\/magazine\/#\/schema\/person\/d8b8aa79cfe8babc1df9da3212a7c0c4\"},\"headline\":\"&#8220;Al\u00ec e il mondo sommerso&#8221;, la fiaba del piccolo migrante debutta a Maiori.\",\"datePublished\":\"2021-06-15T15:36:48+00:00\",\"dateModified\":\"2021-07-12T17:24:44+00:00\",\"mainEntityOfPage\":{\"@id\":\"https:\/\/www.istitutogalanteoliva.it\/magazine\/2021\/06\/15\/ali-e-il-mondo-sommerso-la-fiaba-del-piccolo-migrante-debutta-a-maiori\/\"},\"wordCount\":634,\"commentCount\":0,\"publisher\":{\"@id\":\"https:\/\/www.istitutogalanteoliva.it\/magazine\/#organization\"},\"image\":{\"@id\":\"https:\/\/www.istitutogalanteoliva.it\/magazine\/2021\/06\/15\/ali-e-il-mondo-sommerso-la-fiaba-del-piccolo-migrante-debutta-a-maiori\/#primaryimage\"},\"thumbnailUrl\":\"https:\/\/www.istitutogalanteoliva.it\/magazine\/wp-content\/uploads\/2021\/06\/oggi.jpg\",\"keywords\":[\"Polis SA Edizioni\"],\"articleSection\":[\"2021\",\"Campania\",\"Cultura e Societ\u00e0\",\"Eventi\"],\"inLanguage\":\"it-IT\",\"potentialAction\":[{\"@type\":\"CommentAction\",\"name\":\"Comment\",\"target\":[\"https:\/\/www.istitutogalanteoliva.it\/magazine\/2021\/06\/15\/ali-e-il-mondo-sommerso-la-fiaba-del-piccolo-migrante-debutta-a-maiori\/#respond\"]}]},{\"@type\":\"WebPage\",\"@id\":\"https:\/\/www.istitutogalanteoliva.it\/magazine\/2021\/06\/15\/ali-e-il-mondo-sommerso-la-fiaba-del-piccolo-migrante-debutta-a-maiori\/\",\"url\":\"https:\/\/www.istitutogalanteoliva.it\/magazine\/2021\/06\/15\/ali-e-il-mondo-sommerso-la-fiaba-del-piccolo-migrante-debutta-a-maiori\/\",\"name\":\"\\\"Al\u00ec e il mondo sommerso\\\", la fiaba del piccolo migrante debutta a Maiori. - Polis SA Magazine\",\"isPartOf\":{\"@id\":\"https:\/\/www.istitutogalanteoliva.it\/magazine\/#website\"},\"primaryImageOfPage\":{\"@id\":\"https:\/\/www.istitutogalanteoliva.it\/magazine\/2021\/06\/15\/ali-e-il-mondo-sommerso-la-fiaba-del-piccolo-migrante-debutta-a-maiori\/#primaryimage\"},\"image\":{\"@id\":\"https:\/\/www.istitutogalanteoliva.it\/magazine\/2021\/06\/15\/ali-e-il-mondo-sommerso-la-fiaba-del-piccolo-migrante-debutta-a-maiori\/#primaryimage\"},\"thumbnailUrl\":\"https:\/\/www.istitutogalanteoliva.it\/magazine\/wp-content\/uploads\/2021\/06\/oggi.jpg\",\"datePublished\":\"2021-06-15T15:36:48+00:00\",\"dateModified\":\"2021-07-12T17:24:44+00:00\",\"description\":\"Ali e il mondo sommerso. Il libro di Maria Sofia Ortu, edito da Polis SA Edizioni, \u00e8 stato presentato lunedi 14 giugno presso il salone di Palazzo Mezzacapo a Maiori (SA)\",\"breadcrumb\":{\"@id\":\"https:\/\/www.istitutogalanteoliva.it\/magazine\/2021\/06\/15\/ali-e-il-mondo-sommerso-la-fiaba-del-piccolo-migrante-debutta-a-maiori\/#breadcrumb\"},\"inLanguage\":\"it-IT\",\"potentialAction\":[{\"@type\":\"ReadAction\",\"target\":[\"https:\/\/www.istitutogalanteoliva.it\/magazine\/2021\/06\/15\/ali-e-il-mondo-sommerso-la-fiaba-del-piccolo-migrante-debutta-a-maiori\/\"]}]},{\"@type\":\"ImageObject\",\"inLanguage\":\"it-IT\",\"@id\":\"https:\/\/www.istitutogalanteoliva.it\/magazine\/2021\/06\/15\/ali-e-il-mondo-sommerso-la-fiaba-del-piccolo-migrante-debutta-a-maiori\/#primaryimage\",\"url\":\"https:\/\/www.istitutogalanteoliva.it\/magazine\/wp-content\/uploads\/2021\/06\/oggi.jpg\",\"contentUrl\":\"https:\/\/www.istitutogalanteoliva.it\/magazine\/wp-content\/uploads\/2021\/06\/oggi.jpg\",\"width\":640,\"height\":380},{\"@type\":\"BreadcrumbList\",\"@id\":\"https:\/\/www.istitutogalanteoliva.it\/magazine\/2021\/06\/15\/ali-e-il-mondo-sommerso-la-fiaba-del-piccolo-migrante-debutta-a-maiori\/#breadcrumb\",\"itemListElement\":[{\"@type\":\"ListItem\",\"position\":1,\"name\":\"Home\",\"item\":\"https:\/\/www.istitutogalanteoliva.it\/magazine\/\"},{\"@type\":\"ListItem\",\"position\":2,\"name\":\"&#8220;Al\u00ec e il mondo sommerso&#8221;, la fiaba del piccolo migrante debutta a Maiori.\"}]},{\"@type\":\"WebSite\",\"@id\":\"https:\/\/www.istitutogalanteoliva.it\/magazine\/#website\",\"url\":\"https:\/\/www.istitutogalanteoliva.it\/magazine\/\",\"name\":\"POLIS SA MAGAZINE\",\"description\":\"Informazione e approfondimenti\",\"publisher\":{\"@id\":\"https:\/\/www.istitutogalanteoliva.it\/magazine\/#organization\"},\"potentialAction\":[{\"@type\":\"SearchAction\",\"target\":{\"@type\":\"EntryPoint\",\"urlTemplate\":\"https:\/\/www.istitutogalanteoliva.it\/magazine\/?s={search_term_string}\"},\"query-input\":{\"@type\":\"PropertyValueSpecification\",\"valueRequired\":true,\"valueName\":\"search_term_string\"}}],\"inLanguage\":\"it-IT\"},{\"@type\":\"Organization\",\"@id\":\"https:\/\/www.istitutogalanteoliva.it\/magazine\/#organization\",\"name\":\"Polis SA Magazine\",\"url\":\"https:\/\/www.istitutogalanteoliva.it\/magazine\/\",\"logo\":{\"@type\":\"ImageObject\",\"inLanguage\":\"it-IT\",\"@id\":\"https:\/\/www.istitutogalanteoliva.it\/magazine\/#\/schema\/logo\/image\/\",\"url\":\"\",\"contentUrl\":\"\",\"caption\":\"Polis SA Magazine\"},\"image\":{\"@id\":\"https:\/\/www.istitutogalanteoliva.it\/magazine\/#\/schema\/logo\/image\/\"},\"sameAs\":[\"https:\/\/www.facebook.com\/PolisSAMagazine\/\",\"https:\/\/x.com\/MagazinePolis\",\"https:\/\/www.youtube.com\/channel\/UCv0Mr5AHKUmsc0sEEXkJrgw\"]},{\"@type\":\"Person\",\"@id\":\"https:\/\/www.istitutogalanteoliva.it\/magazine\/#\/schema\/person\/d8b8aa79cfe8babc1df9da3212a7c0c4\",\"name\":\"Antonello Rivano\",\"image\":{\"@type\":\"ImageObject\",\"inLanguage\":\"it-IT\",\"@id\":\"https:\/\/www.istitutogalanteoliva.it\/magazine\/#\/schema\/person\/image\/\",\"url\":\"https:\/\/secure.gravatar.com\/avatar\/517a9a6487a7a18ecc4ce6d2e57a8f40?s=96&d=mm&r=g\",\"contentUrl\":\"https:\/\/secure.gravatar.com\/avatar\/517a9a6487a7a18ecc4ce6d2e57a8f40?s=96&d=mm&r=g\",\"caption\":\"Antonello Rivano\"},\"url\":\"https:\/\/www.istitutogalanteoliva.it\/magazine\/author\/antonello\/\"}]}<\/script>\n<!-- \/ Yoast SEO plugin. -->","yoast_head_json":{"title":"\"Al\u00ec e il mondo sommerso\", la fiaba del piccolo migrante debutta a Maiori. - Polis SA Magazine","description":"Ali e il mondo sommerso. Il libro di Maria Sofia Ortu, edito da Polis SA Edizioni, \u00e8 stato presentato lunedi 14 giugno presso il salone di Palazzo Mezzacapo a Maiori (SA)","robots":{"index":"index","follow":"follow","max-snippet":"max-snippet:-1","max-image-preview":"max-image-preview:large","max-video-preview":"max-video-preview:-1"},"canonical":"https:\/\/www.istitutogalanteoliva.it\/magazine\/2021\/06\/15\/ali-e-il-mondo-sommerso-la-fiaba-del-piccolo-migrante-debutta-a-maiori\/","og_locale":"it_IT","og_type":"article","og_title":"\"Al\u00ec e il mondo sommerso\", la fiaba del piccolo migrante debutta a Maiori. - Polis SA Magazine","og_description":"Ali e il mondo sommerso. Il libro di Maria Sofia Ortu, edito da Polis SA Edizioni, \u00e8 stato presentato lunedi 14 giugno presso il salone di Palazzo Mezzacapo a Maiori (SA)","og_url":"https:\/\/www.istitutogalanteoliva.it\/magazine\/2021\/06\/15\/ali-e-il-mondo-sommerso-la-fiaba-del-piccolo-migrante-debutta-a-maiori\/","og_site_name":"Polis SA Magazine","article_publisher":"https:\/\/www.facebook.com\/PolisSAMagazine\/","article_published_time":"2021-06-15T15:36:48+00:00","article_modified_time":"2021-07-12T17:24:44+00:00","og_image":[{"width":640,"height":380,"url":"https:\/\/www.istitutogalanteoliva.it\/magazine\/wp-content\/uploads\/2021\/06\/oggi.jpg","type":"image\/jpeg"}],"author":"Antonello Rivano","twitter_card":"summary_large_image","twitter_creator":"@MagazinePolis","twitter_site":"@MagazinePolis","twitter_misc":{"Scritto da":"Antonello Rivano","Tempo di lettura stimato":"3 minuti"},"schema":{"@context":"https:\/\/schema.org","@graph":[{"@type":"Article","@id":"https:\/\/www.istitutogalanteoliva.it\/magazine\/2021\/06\/15\/ali-e-il-mondo-sommerso-la-fiaba-del-piccolo-migrante-debutta-a-maiori\/#article","isPartOf":{"@id":"https:\/\/www.istitutogalanteoliva.it\/magazine\/2021\/06\/15\/ali-e-il-mondo-sommerso-la-fiaba-del-piccolo-migrante-debutta-a-maiori\/"},"author":{"name":"Antonello Rivano","@id":"https:\/\/www.istitutogalanteoliva.it\/magazine\/#\/schema\/person\/d8b8aa79cfe8babc1df9da3212a7c0c4"},"headline":"&#8220;Al\u00ec e il mondo sommerso&#8221;, la fiaba del piccolo migrante debutta a Maiori.","datePublished":"2021-06-15T15:36:48+00:00","dateModified":"2021-07-12T17:24:44+00:00","mainEntityOfPage":{"@id":"https:\/\/www.istitutogalanteoliva.it\/magazine\/2021\/06\/15\/ali-e-il-mondo-sommerso-la-fiaba-del-piccolo-migrante-debutta-a-maiori\/"},"wordCount":634,"commentCount":0,"publisher":{"@id":"https:\/\/www.istitutogalanteoliva.it\/magazine\/#organization"},"image":{"@id":"https:\/\/www.istitutogalanteoliva.it\/magazine\/2021\/06\/15\/ali-e-il-mondo-sommerso-la-fiaba-del-piccolo-migrante-debutta-a-maiori\/#primaryimage"},"thumbnailUrl":"https:\/\/www.istitutogalanteoliva.it\/magazine\/wp-content\/uploads\/2021\/06\/oggi.jpg","keywords":["Polis SA Edizioni"],"articleSection":["2021","Campania","Cultura e Societ\u00e0","Eventi"],"inLanguage":"it-IT","potentialAction":[{"@type":"CommentAction","name":"Comment","target":["https:\/\/www.istitutogalanteoliva.it\/magazine\/2021\/06\/15\/ali-e-il-mondo-sommerso-la-fiaba-del-piccolo-migrante-debutta-a-maiori\/#respond"]}]},{"@type":"WebPage","@id":"https:\/\/www.istitutogalanteoliva.it\/magazine\/2021\/06\/15\/ali-e-il-mondo-sommerso-la-fiaba-del-piccolo-migrante-debutta-a-maiori\/","url":"https:\/\/www.istitutogalanteoliva.it\/magazine\/2021\/06\/15\/ali-e-il-mondo-sommerso-la-fiaba-del-piccolo-migrante-debutta-a-maiori\/","name":"\"Al\u00ec e il mondo sommerso\", la fiaba del piccolo migrante debutta a Maiori. - Polis SA Magazine","isPartOf":{"@id":"https:\/\/www.istitutogalanteoliva.it\/magazine\/#website"},"primaryImageOfPage":{"@id":"https:\/\/www.istitutogalanteoliva.it\/magazine\/2021\/06\/15\/ali-e-il-mondo-sommerso-la-fiaba-del-piccolo-migrante-debutta-a-maiori\/#primaryimage"},"image":{"@id":"https:\/\/www.istitutogalanteoliva.it\/magazine\/2021\/06\/15\/ali-e-il-mondo-sommerso-la-fiaba-del-piccolo-migrante-debutta-a-maiori\/#primaryimage"},"thumbnailUrl":"https:\/\/www.istitutogalanteoliva.it\/magazine\/wp-content\/uploads\/2021\/06\/oggi.jpg","datePublished":"2021-06-15T15:36:48+00:00","dateModified":"2021-07-12T17:24:44+00:00","description":"Ali e il mondo sommerso. Il libro di Maria Sofia Ortu, edito da Polis SA Edizioni, \u00e8 stato presentato lunedi 14 giugno presso il salone di Palazzo Mezzacapo a Maiori (SA)","breadcrumb":{"@id":"https:\/\/www.istitutogalanteoliva.it\/magazine\/2021\/06\/15\/ali-e-il-mondo-sommerso-la-fiaba-del-piccolo-migrante-debutta-a-maiori\/#breadcrumb"},"inLanguage":"it-IT","potentialAction":[{"@type":"ReadAction","target":["https:\/\/www.istitutogalanteoliva.it\/magazine\/2021\/06\/15\/ali-e-il-mondo-sommerso-la-fiaba-del-piccolo-migrante-debutta-a-maiori\/"]}]},{"@type":"ImageObject","inLanguage":"it-IT","@id":"https:\/\/www.istitutogalanteoliva.it\/magazine\/2021\/06\/15\/ali-e-il-mondo-sommerso-la-fiaba-del-piccolo-migrante-debutta-a-maiori\/#primaryimage","url":"https:\/\/www.istitutogalanteoliva.it\/magazine\/wp-content\/uploads\/2021\/06\/oggi.jpg","contentUrl":"https:\/\/www.istitutogalanteoliva.it\/magazine\/wp-content\/uploads\/2021\/06\/oggi.jpg","width":640,"height":380},{"@type":"BreadcrumbList","@id":"https:\/\/www.istitutogalanteoliva.it\/magazine\/2021\/06\/15\/ali-e-il-mondo-sommerso-la-fiaba-del-piccolo-migrante-debutta-a-maiori\/#breadcrumb","itemListElement":[{"@type":"ListItem","position":1,"name":"Home","item":"https:\/\/www.istitutogalanteoliva.it\/magazine\/"},{"@type":"ListItem","position":2,"name":"&#8220;Al\u00ec e il mondo sommerso&#8221;, la fiaba del piccolo migrante debutta a Maiori."}]},{"@type":"WebSite","@id":"https:\/\/www.istitutogalanteoliva.it\/magazine\/#website","url":"https:\/\/www.istitutogalanteoliva.it\/magazine\/","name":"POLIS SA MAGAZINE","description":"Informazione e approfondimenti","publisher":{"@id":"https:\/\/www.istitutogalanteoliva.it\/magazine\/#organization"},"potentialAction":[{"@type":"SearchAction","target":{"@type":"EntryPoint","urlTemplate":"https:\/\/www.istitutogalanteoliva.it\/magazine\/?s={search_term_string}"},"query-input":{"@type":"PropertyValueSpecification","valueRequired":true,"valueName":"search_term_string"}}],"inLanguage":"it-IT"},{"@type":"Organization","@id":"https:\/\/www.istitutogalanteoliva.it\/magazine\/#organization","name":"Polis SA Magazine","url":"https:\/\/www.istitutogalanteoliva.it\/magazine\/","logo":{"@type":"ImageObject","inLanguage":"it-IT","@id":"https:\/\/www.istitutogalanteoliva.it\/magazine\/#\/schema\/logo\/image\/","url":"","contentUrl":"","caption":"Polis SA Magazine"},"image":{"@id":"https:\/\/www.istitutogalanteoliva.it\/magazine\/#\/schema\/logo\/image\/"},"sameAs":["https:\/\/www.facebook.com\/PolisSAMagazine\/","https:\/\/x.com\/MagazinePolis","https:\/\/www.youtube.com\/channel\/UCv0Mr5AHKUmsc0sEEXkJrgw"]},{"@type":"Person","@id":"https:\/\/www.istitutogalanteoliva.it\/magazine\/#\/schema\/person\/d8b8aa79cfe8babc1df9da3212a7c0c4","name":"Antonello Rivano","image":{"@type":"ImageObject","inLanguage":"it-IT","@id":"https:\/\/www.istitutogalanteoliva.it\/magazine\/#\/schema\/person\/image\/","url":"https:\/\/secure.gravatar.com\/avatar\/517a9a6487a7a18ecc4ce6d2e57a8f40?s=96&d=mm&r=g","contentUrl":"https:\/\/secure.gravatar.com\/avatar\/517a9a6487a7a18ecc4ce6d2e57a8f40?s=96&d=mm&r=g","caption":"Antonello Rivano"},"url":"https:\/\/www.istitutogalanteoliva.it\/magazine\/author\/antonello\/"}]}},"_links":{"self":[{"href":"https:\/\/www.istitutogalanteoliva.it\/magazine\/wp-json\/wp\/v2\/posts\/8256","targetHints":{"allow":["GET"]}}],"collection":[{"href":"https:\/\/www.istitutogalanteoliva.it\/magazine\/wp-json\/wp\/v2\/posts"}],"about":[{"href":"https:\/\/www.istitutogalanteoliva.it\/magazine\/wp-json\/wp\/v2\/types\/post"}],"author":[{"embeddable":true,"href":"https:\/\/www.istitutogalanteoliva.it\/magazine\/wp-json\/wp\/v2\/users\/2"}],"replies":[{"embeddable":true,"href":"https:\/\/www.istitutogalanteoliva.it\/magazine\/wp-json\/wp\/v2\/comments?post=8256"}],"version-history":[{"count":3,"href":"https:\/\/www.istitutogalanteoliva.it\/magazine\/wp-json\/wp\/v2\/posts\/8256\/revisions"}],"predecessor-version":[{"id":8574,"href":"https:\/\/www.istitutogalanteoliva.it\/magazine\/wp-json\/wp\/v2\/posts\/8256\/revisions\/8574"}],"wp:featuredmedia":[{"embeddable":true,"href":"https:\/\/www.istitutogalanteoliva.it\/magazine\/wp-json\/wp\/v2\/media\/8260"}],"wp:attachment":[{"href":"https:\/\/www.istitutogalanteoliva.it\/magazine\/wp-json\/wp\/v2\/media?parent=8256"}],"wp:term":[{"taxonomy":"category","embeddable":true,"href":"https:\/\/www.istitutogalanteoliva.it\/magazine\/wp-json\/wp\/v2\/categories?post=8256"},{"taxonomy":"post_tag","embeddable":true,"href":"https:\/\/www.istitutogalanteoliva.it\/magazine\/wp-json\/wp\/v2\/tags?post=8256"}],"curies":[{"name":"wp","href":"https:\/\/api.w.org\/{rel}","templated":true}]}}