{"id":8298,"date":"2021-07-09T14:14:00","date_gmt":"2021-07-09T12:14:00","guid":{"rendered":"https:\/\/www.istitutogalanteoliva.it\/magazine\/?p=8298"},"modified":"2021-07-08T18:55:50","modified_gmt":"2021-07-08T16:55:50","slug":"50-parole-per-raccontare-e-raccontarsi-saverio-tommasi-a-napoli","status":"publish","type":"post","link":"https:\/\/www.istitutogalanteoliva.it\/magazine\/2021\/07\/09\/50-parole-per-raccontare-e-raccontarsi-saverio-tommasi-a-napoli\/","title":{"rendered":"50 Parole per raccontare e raccontarsi &#8211; Saverio Tommasi a Napoli"},"content":{"rendered":"\n<p><strong>Napoli 10 Giugno. Un pomeriggio di pioggia ed un incontro piacevole. Presso la Feltrinelli di Piazza dei Martiri a Napoli Saverio Tommasi, giornalista e reporter di Fanpage presenta il suo ultimo scritto, \u201cIn fondo basta una parola. Dopo Firenze, Bologna e Milano, una quarta tappa partenopea<\/strong>. <\/p>\n\n\n\n<p><strong>di <em>Raffaella Grimaldi<\/em><\/strong><\/p>\n\n\n\n<p>&lt;&lt;<em>Con le mie storie provo ad accendere dei lumini, che non sono dei lampioni, non sono delle vie immense. Provo ad accendere un po&#8217; di lucine per far allargare la prospettiva<\/em>&gt;&gt; &#8211; cos\u00ec inizia il suo racconto Saverio. Non \u00e8 la prima volta che lo incontro. <\/p>\n\n\n\n<p>Nel 2017 lo avevo intervistato al Modernissimo di Napoli. Era determinato, giovane ed entusiasta. A questi tre aggettivi aggiungerei, pi\u00f9 consapevole e maturo. Cinque anni sono tanti e in questo lasso di tempo innumerevoli sono le inchieste che Saverio ha realizzato per Fanpage. Nell\u2019anno della pandemia ha seguito le storie di chi ha avuto il covid e l\u2019ha superato, di chi ha perso i propri cari, dei medici che hanno vissuto lontano dalle proprie famiglie per curare gli altri. Un anno che lo ha segnato e questi segni si notano sul suo volto. Non perde per\u00f2 la luce che gli brilla negli occhi e la voglia di continuare a raccontare storie.<\/p>\n\n\n\n<figure class=\"wp-block-image size-large is-resized\"><img loading=\"lazy\" decoding=\"async\" src=\"https:\/\/www.istitutogalanteoliva.it\/magazine\/wp-content\/uploads\/2021\/06\/f1d35df2b5e2c29cf4f2e09b13fc31a6.jpg\" alt=\"\" class=\"wp-image-8299\" width=\"562\" height=\"224\" srcset=\"https:\/\/www.istitutogalanteoliva.it\/magazine\/wp-content\/uploads\/2021\/06\/f1d35df2b5e2c29cf4f2e09b13fc31a6.jpg 998w, https:\/\/www.istitutogalanteoliva.it\/magazine\/wp-content\/uploads\/2021\/06\/f1d35df2b5e2c29cf4f2e09b13fc31a6-300x119.jpg 300w, https:\/\/www.istitutogalanteoliva.it\/magazine\/wp-content\/uploads\/2021\/06\/f1d35df2b5e2c29cf4f2e09b13fc31a6-768x306.jpg 768w\" sizes=\"auto, (max-width: 562px) 100vw, 562px\" \/><figcaption><sub>-Saverio Tommasi-credit zai.net-<\/sub><\/figcaption><\/figure>\n\n\n\n<p><em>&lt;&lt;Sono le storie che mi si appiccicano sulla pelle che mi fanno continuare a fare il mio lavoro<\/em>&gt;&gt; \u2013 &lt;&lt;<em>ed \u00e8 bene che l\u00ec restino<\/em>&gt;&gt; \u2013 mi racconta Saverio. Dopo la presentazione del suo libro giochiamo un po&#8217; con le parole, come lui ha fatto in \u201c\u201d e come fa con i suoi spettatori. Gli chiedo tre parole per definire il suo metodo giornalistico.&lt;&lt;\u201c<em>Sfacciato<\/em>\u201d <em>perch\u00e9 provo a porre questioni che possono sembrare provocazioni e lo sono, ma sono provocazioni rispetto alla banalit\u00e0. Lo scopo \u00e8 quello di far venire fuori gli argomenti. \u201cInciampato\u201d, perch\u00e9 miei servizi sono spesso \u201cinciampati\u201d. Studio molto prima di ogni servizio, ma le risposte migliori sono quelle in cui inciampo, quelle inaspettate. \u201cScanzonato\u201d, perch\u00e9 anche quando si parla di questioni atroci, inumane provo sempre a tenere un tono che non innalzi la seriet\u00e0 a valore, ma che provi a prendere per i fondelli l\u2019inumano<\/em>&gt;&gt;.<\/p>\n\n\n\n<p> Proseguiamo poi la conversazione parlando di rischi. Durante i cortei dei no vax Saverio \u00e8 stato aggredito, insultato e minacciato. <\/p>\n\n\n\n<p>&lt;&lt;<em>La paura non \u00e8 una compagna di viaggio. Sono disposto a spingermi dove necessario<\/em> &gt;&gt; mi risponde Saverio quando gli chiedo fin dove sia disposto ad inoltrarsi per portare a termine le sue inchieste. <\/p>\n\n\n\n<figure class=\"wp-block-image size-large\"><img loading=\"lazy\" decoding=\"async\" width=\"1024\" height=\"768\" src=\"https:\/\/www.istitutogalanteoliva.it\/magazine\/wp-content\/uploads\/2021\/06\/IMG_20210610_190640-1-1-1024x768.jpg\" alt=\"\" class=\"wp-image-8302\" srcset=\"https:\/\/www.istitutogalanteoliva.it\/magazine\/wp-content\/uploads\/2021\/06\/IMG_20210610_190640-1-1-1024x768.jpg 1024w, https:\/\/www.istitutogalanteoliva.it\/magazine\/wp-content\/uploads\/2021\/06\/IMG_20210610_190640-1-1-300x225.jpg 300w, https:\/\/www.istitutogalanteoliva.it\/magazine\/wp-content\/uploads\/2021\/06\/IMG_20210610_190640-1-1-768x576.jpg 768w, https:\/\/www.istitutogalanteoliva.it\/magazine\/wp-content\/uploads\/2021\/06\/IMG_20210610_190640-1-1-1536x1152.jpg 1536w, https:\/\/www.istitutogalanteoliva.it\/magazine\/wp-content\/uploads\/2021\/06\/IMG_20210610_190640-1-1-2048x1536.jpg 2048w\" sizes=\"auto, (max-width: 1024px) 100vw, 1024px\" \/><\/figure>\n\n\n\n<p>Parliamo poi di come elaborare la sofferenza. Saverio non si tira indietro nel raccontare le storie pi\u00f9 dure e lo fa in maniera viscerale. Come la storia di Sirio, bambino tetraplegico e delle cure amorevoli della madre. La storia di Anna e Tatiana le due sorelle sopravvissute al campo di concentramento al campo di Auschwitz. <\/p>\n\n\n\n<p>La storia di come lavorano le ostetriche in Etiopia. &lt;&lt;<em>Come fai ad elaborare e processare tutto questo dolore<\/em>?&gt;&gt; \u2013 gli chiedo. &lt;&lt;<em>Ci vuole tempo, ma alla fine il dolore, mi si appiccica addosso, resta nell\u2019epidermide. Non sono bravo a mandarlo via, ma sono contento di non separarmi dalle storie che racconto<\/em>&gt;&gt; Saverio d\u00e0 molta importanza alle parole e alla comunicazione. Ed \u00e8 quello che fa in \u201c<strong><em>In fondo basta solo una parola<\/em><\/strong>\u201d. &lt;&lt;<em>Sono parole tratte dal mio disordine sentimentale<\/em>&gt;&gt;. <\/p>\n\n\n\n<div class=\"wp-block-image\"><figure class=\"alignleft size-large\"><img loading=\"lazy\" decoding=\"async\" width=\"319\" height=\"500\" src=\"https:\/\/www.istitutogalanteoliva.it\/magazine\/wp-content\/uploads\/2021\/06\/41CyiWuRNGS.jpg\" alt=\"\" class=\"wp-image-8300\" srcset=\"https:\/\/www.istitutogalanteoliva.it\/magazine\/wp-content\/uploads\/2021\/06\/41CyiWuRNGS.jpg 319w, https:\/\/www.istitutogalanteoliva.it\/magazine\/wp-content\/uploads\/2021\/06\/41CyiWuRNGS-191x300.jpg 191w\" sizes=\"auto, (max-width: 319px) 100vw, 319px\" \/><\/figure><\/div>\n\n\n\n<p>50 parole recuperate dal suo vissuto, senza ordine cronologico che lo rimandano a diversi momenti della sua vita. Ed \u00e8 cos\u00ec che i ricordi della sua giovent\u00f9 si intrecciano alle sue esperienze pi\u00f9 recenti, ai suoi vissuti o a quelli di altri.<\/p>\n\n\n\n<p> Sono delle storie che talvolta cullano, talvolta consolano, altre volte sono dei tagli nella carne viva. Saverio, oltre che a cambiare il mondo con le sue parole, lo fa anche con le azioni. Da un anno \u00e8 presidente e fondatore dell<strong>\u2019Onlus Sheep<\/strong>. &lt;&lt;<em>Il progetto nasce per recuperare la tradizione antica del ricamare a maglia<\/em>&gt;&gt; \u2013 mi racconta Saverio. &lt;&lt;<em>\u00e8 un\u2019antica tradizione della nonna ed aiuta ad usare il tempo in maniera diversa rispetto a come lo si fa ai nostri giorni<\/em>&gt;&gt;. Saverio ribalta il senso dalla parola sheep, che in inglese significa pecora. Non un gruppo di persone che seguono la massa, ma un gruppo che fa la differenza. <\/p>\n\n\n\n<p>Le coperte realizzate sono destinate ai senza tetto. In un anno sono state realizzate 587 coperte distribuite in 10 citt\u00e0 italiane e in quattro regioni. L\u2019anno prossimo il progetto continuer\u00e0 e verranno destinate 3 borse lavoro a tre donne. Come ultimo argomento parliamo di linguaggio nella comunicazione politica odierna. Rivoluzione gentile \u00e8 il mantra di Saverio Tommasi.&nbsp; &lt;&lt;Al momento non sembra che questa rivoluzione stia funzionando nel linguaggio politico odierno&gt;&gt; &#8211; mi racconta Tommasi. &lt;&lt;<em>Dovremmo essere prima noi a far cambiare la bussola in base alla classe politica che scegliamo. Infine, pretendere che alcuni punti fermi siano rispettati<\/em>&gt;&gt;.<\/p>\n\n\n\n<p><a href=\"https:\/\/www.istitutogalanteoliva.it\/magazine\/?s=Raffaella+grimaldi+\"><img loading=\"lazy\" decoding=\"async\" width=\"80\" height=\"82\" class=\"wp-image-7993\" style=\"width: 80px;\" src=\"https:\/\/www.istitutogalanteoliva.it\/magazine\/wp-content\/uploads\/2021\/05\/Senza-titolo-7-1.jpg\" alt=\"\" srcset=\"https:\/\/www.istitutogalanteoliva.it\/magazine\/wp-content\/uploads\/2021\/05\/Senza-titolo-7-1.jpg 1296w, https:\/\/www.istitutogalanteoliva.it\/magazine\/wp-content\/uploads\/2021\/05\/Senza-titolo-7-1-293x300.jpg 293w, https:\/\/www.istitutogalanteoliva.it\/magazine\/wp-content\/uploads\/2021\/05\/Senza-titolo-7-1-999x1024.jpg 999w, https:\/\/www.istitutogalanteoliva.it\/magazine\/wp-content\/uploads\/2021\/05\/Senza-titolo-7-1-768x788.jpg 768w, https:\/\/www.istitutogalanteoliva.it\/magazine\/wp-content\/uploads\/2021\/05\/Senza-titolo-7-1-1024x1050.jpg 1024w\" sizes=\"auto, (max-width: 80px) 100vw, 80px\" \/><\/a><strong><em>Raffaella Grimaldi <\/em><\/strong><\/p>\n<div class=\"pdfprnt-buttons pdfprnt-buttons-post pdfprnt-bottom-left\"><a href=\"https:\/\/www.istitutogalanteoliva.it\/magazine\/wp-json\/wp\/v2\/posts\/8298?print=print\" class=\"pdfprnt-button pdfprnt-button-print\" target=\"_blank\"><img decoding=\"async\" src=\"https:\/\/www.istitutogalanteoliva.it\/magazine\/wp-content\/plugins\/pdf-print\/images\/print.png\" alt=\"image_print\" title=\"Stampa contenuto\" \/><span class=\"pdfprnt-button-title pdfprnt-button-print-title\">Download in PDF<\/span><\/a><\/div>","protected":false},"excerpt":{"rendered":"<p>Saverio Tommasi giornalista di Fanpage presenta il suo ultimo libro \u201cIn fondo basta una parola\u201d, un viaggio di parole attraverso l\u2019animo umano. <\/p>\n","protected":false},"author":2,"featured_media":8303,"comment_status":"open","ping_status":"open","sticky":true,"template":"","format":"standard","meta":{"footnotes":""},"categories":[148,210,57,21],"tags":[48,408,407],"class_list":["post-8298","post","type-post","status-publish","format-standard","has-post-thumbnail","hentry","category-148","category-campania","category-cultura","category-personaggi","tag-libri","tag-napoli","tag-saverio-tommasi"],"yoast_head":"<!-- This site is optimized with the Yoast SEO plugin v24.2 - https:\/\/yoast.com\/wordpress\/plugins\/seo\/ -->\n<title>50 Parole per raccontare e raccontarsi - Saverio Tommasi a Napoli - Polis SA Magazine<\/title>\n<meta name=\"description\" content=\"Saverio Tommasi giornalista di Fanpage presenta il suo ultimo libro \u201cIn fondo basta una parola\u201d, un viaggio di parole attraverso l\u2019animo umano.\" \/>\n<meta name=\"robots\" content=\"index, follow, max-snippet:-1, max-image-preview:large, max-video-preview:-1\" \/>\n<link rel=\"canonical\" href=\"https:\/\/www.istitutogalanteoliva.it\/magazine\/2021\/07\/09\/50-parole-per-raccontare-e-raccontarsi-saverio-tommasi-a-napoli\/\" \/>\n<meta property=\"og:locale\" content=\"it_IT\" \/>\n<meta property=\"og:type\" content=\"article\" \/>\n<meta property=\"og:title\" content=\"50 Parole per raccontare e raccontarsi - Saverio Tommasi a Napoli - Polis SA Magazine\" \/>\n<meta property=\"og:description\" content=\"Saverio Tommasi giornalista di Fanpage presenta il suo ultimo libro \u201cIn fondo basta una parola\u201d, un viaggio di parole attraverso l\u2019animo umano.\" \/>\n<meta property=\"og:url\" content=\"https:\/\/www.istitutogalanteoliva.it\/magazine\/2021\/07\/09\/50-parole-per-raccontare-e-raccontarsi-saverio-tommasi-a-napoli\/\" \/>\n<meta property=\"og:site_name\" content=\"Polis SA Magazine\" \/>\n<meta property=\"article:publisher\" content=\"https:\/\/www.facebook.com\/PolisSAMagazine\/\" \/>\n<meta property=\"article:published_time\" content=\"2021-07-09T12:14:00+00:00\" \/>\n<meta property=\"article:modified_time\" content=\"2021-07-08T16:55:50+00:00\" \/>\n<meta property=\"og:image\" content=\"https:\/\/www.istitutogalanteoliva.it\/magazine\/wp-content\/uploads\/2021\/06\/IMG_20210610_184823.jpg\" \/>\n\t<meta property=\"og:image:width\" content=\"640\" \/>\n\t<meta property=\"og:image:height\" content=\"380\" \/>\n\t<meta property=\"og:image:type\" content=\"image\/jpeg\" \/>\n<meta name=\"author\" content=\"Antonello Rivano\" \/>\n<meta name=\"twitter:card\" content=\"summary_large_image\" \/>\n<meta name=\"twitter:creator\" content=\"@MagazinePolis\" \/>\n<meta name=\"twitter:site\" content=\"@MagazinePolis\" \/>\n<meta name=\"twitter:label1\" content=\"Scritto da\" \/>\n\t<meta name=\"twitter:data1\" content=\"Antonello Rivano\" \/>\n\t<meta name=\"twitter:label2\" content=\"Tempo di lettura stimato\" \/>\n\t<meta name=\"twitter:data2\" content=\"4 minuti\" \/>\n<script type=\"application\/ld+json\" class=\"yoast-schema-graph\">{\"@context\":\"https:\/\/schema.org\",\"@graph\":[{\"@type\":\"Article\",\"@id\":\"https:\/\/www.istitutogalanteoliva.it\/magazine\/2021\/07\/09\/50-parole-per-raccontare-e-raccontarsi-saverio-tommasi-a-napoli\/#article\",\"isPartOf\":{\"@id\":\"https:\/\/www.istitutogalanteoliva.it\/magazine\/2021\/07\/09\/50-parole-per-raccontare-e-raccontarsi-saverio-tommasi-a-napoli\/\"},\"author\":{\"name\":\"Antonello Rivano\",\"@id\":\"https:\/\/www.istitutogalanteoliva.it\/magazine\/#\/schema\/person\/d8b8aa79cfe8babc1df9da3212a7c0c4\"},\"headline\":\"50 Parole per raccontare e raccontarsi &#8211; Saverio Tommasi a Napoli\",\"datePublished\":\"2021-07-09T12:14:00+00:00\",\"dateModified\":\"2021-07-08T16:55:50+00:00\",\"mainEntityOfPage\":{\"@id\":\"https:\/\/www.istitutogalanteoliva.it\/magazine\/2021\/07\/09\/50-parole-per-raccontare-e-raccontarsi-saverio-tommasi-a-napoli\/\"},\"wordCount\":840,\"commentCount\":0,\"publisher\":{\"@id\":\"https:\/\/www.istitutogalanteoliva.it\/magazine\/#organization\"},\"image\":{\"@id\":\"https:\/\/www.istitutogalanteoliva.it\/magazine\/2021\/07\/09\/50-parole-per-raccontare-e-raccontarsi-saverio-tommasi-a-napoli\/#primaryimage\"},\"thumbnailUrl\":\"https:\/\/www.istitutogalanteoliva.it\/magazine\/wp-content\/uploads\/2021\/06\/IMG_20210610_184823.jpg\",\"keywords\":[\"libri\",\"napoli\",\"saverio Tommasi\"],\"articleSection\":[\"2021\",\"Campania\",\"Cultura\",\"Personaggi\"],\"inLanguage\":\"it-IT\",\"potentialAction\":[{\"@type\":\"CommentAction\",\"name\":\"Comment\",\"target\":[\"https:\/\/www.istitutogalanteoliva.it\/magazine\/2021\/07\/09\/50-parole-per-raccontare-e-raccontarsi-saverio-tommasi-a-napoli\/#respond\"]}]},{\"@type\":\"WebPage\",\"@id\":\"https:\/\/www.istitutogalanteoliva.it\/magazine\/2021\/07\/09\/50-parole-per-raccontare-e-raccontarsi-saverio-tommasi-a-napoli\/\",\"url\":\"https:\/\/www.istitutogalanteoliva.it\/magazine\/2021\/07\/09\/50-parole-per-raccontare-e-raccontarsi-saverio-tommasi-a-napoli\/\",\"name\":\"50 Parole per raccontare e raccontarsi - Saverio Tommasi a Napoli - Polis SA Magazine\",\"isPartOf\":{\"@id\":\"https:\/\/www.istitutogalanteoliva.it\/magazine\/#website\"},\"primaryImageOfPage\":{\"@id\":\"https:\/\/www.istitutogalanteoliva.it\/magazine\/2021\/07\/09\/50-parole-per-raccontare-e-raccontarsi-saverio-tommasi-a-napoli\/#primaryimage\"},\"image\":{\"@id\":\"https:\/\/www.istitutogalanteoliva.it\/magazine\/2021\/07\/09\/50-parole-per-raccontare-e-raccontarsi-saverio-tommasi-a-napoli\/#primaryimage\"},\"thumbnailUrl\":\"https:\/\/www.istitutogalanteoliva.it\/magazine\/wp-content\/uploads\/2021\/06\/IMG_20210610_184823.jpg\",\"datePublished\":\"2021-07-09T12:14:00+00:00\",\"dateModified\":\"2021-07-08T16:55:50+00:00\",\"description\":\"Saverio Tommasi giornalista di Fanpage presenta il suo ultimo libro \u201cIn fondo basta una parola\u201d, un viaggio di parole attraverso l\u2019animo umano.\",\"breadcrumb\":{\"@id\":\"https:\/\/www.istitutogalanteoliva.it\/magazine\/2021\/07\/09\/50-parole-per-raccontare-e-raccontarsi-saverio-tommasi-a-napoli\/#breadcrumb\"},\"inLanguage\":\"it-IT\",\"potentialAction\":[{\"@type\":\"ReadAction\",\"target\":[\"https:\/\/www.istitutogalanteoliva.it\/magazine\/2021\/07\/09\/50-parole-per-raccontare-e-raccontarsi-saverio-tommasi-a-napoli\/\"]}]},{\"@type\":\"ImageObject\",\"inLanguage\":\"it-IT\",\"@id\":\"https:\/\/www.istitutogalanteoliva.it\/magazine\/2021\/07\/09\/50-parole-per-raccontare-e-raccontarsi-saverio-tommasi-a-napoli\/#primaryimage\",\"url\":\"https:\/\/www.istitutogalanteoliva.it\/magazine\/wp-content\/uploads\/2021\/06\/IMG_20210610_184823.jpg\",\"contentUrl\":\"https:\/\/www.istitutogalanteoliva.it\/magazine\/wp-content\/uploads\/2021\/06\/IMG_20210610_184823.jpg\",\"width\":640,\"height\":380},{\"@type\":\"BreadcrumbList\",\"@id\":\"https:\/\/www.istitutogalanteoliva.it\/magazine\/2021\/07\/09\/50-parole-per-raccontare-e-raccontarsi-saverio-tommasi-a-napoli\/#breadcrumb\",\"itemListElement\":[{\"@type\":\"ListItem\",\"position\":1,\"name\":\"Home\",\"item\":\"https:\/\/www.istitutogalanteoliva.it\/magazine\/\"},{\"@type\":\"ListItem\",\"position\":2,\"name\":\"50 Parole per raccontare e raccontarsi &#8211; Saverio Tommasi a Napoli\"}]},{\"@type\":\"WebSite\",\"@id\":\"https:\/\/www.istitutogalanteoliva.it\/magazine\/#website\",\"url\":\"https:\/\/www.istitutogalanteoliva.it\/magazine\/\",\"name\":\"POLIS SA MAGAZINE\",\"description\":\"Informazione e approfondimenti\",\"publisher\":{\"@id\":\"https:\/\/www.istitutogalanteoliva.it\/magazine\/#organization\"},\"potentialAction\":[{\"@type\":\"SearchAction\",\"target\":{\"@type\":\"EntryPoint\",\"urlTemplate\":\"https:\/\/www.istitutogalanteoliva.it\/magazine\/?s={search_term_string}\"},\"query-input\":{\"@type\":\"PropertyValueSpecification\",\"valueRequired\":true,\"valueName\":\"search_term_string\"}}],\"inLanguage\":\"it-IT\"},{\"@type\":\"Organization\",\"@id\":\"https:\/\/www.istitutogalanteoliva.it\/magazine\/#organization\",\"name\":\"Polis SA Magazine\",\"url\":\"https:\/\/www.istitutogalanteoliva.it\/magazine\/\",\"logo\":{\"@type\":\"ImageObject\",\"inLanguage\":\"it-IT\",\"@id\":\"https:\/\/www.istitutogalanteoliva.it\/magazine\/#\/schema\/logo\/image\/\",\"url\":\"\",\"contentUrl\":\"\",\"caption\":\"Polis SA Magazine\"},\"image\":{\"@id\":\"https:\/\/www.istitutogalanteoliva.it\/magazine\/#\/schema\/logo\/image\/\"},\"sameAs\":[\"https:\/\/www.facebook.com\/PolisSAMagazine\/\",\"https:\/\/x.com\/MagazinePolis\",\"https:\/\/www.youtube.com\/channel\/UCv0Mr5AHKUmsc0sEEXkJrgw\"]},{\"@type\":\"Person\",\"@id\":\"https:\/\/www.istitutogalanteoliva.it\/magazine\/#\/schema\/person\/d8b8aa79cfe8babc1df9da3212a7c0c4\",\"name\":\"Antonello Rivano\",\"image\":{\"@type\":\"ImageObject\",\"inLanguage\":\"it-IT\",\"@id\":\"https:\/\/www.istitutogalanteoliva.it\/magazine\/#\/schema\/person\/image\/\",\"url\":\"https:\/\/secure.gravatar.com\/avatar\/517a9a6487a7a18ecc4ce6d2e57a8f40?s=96&d=mm&r=g\",\"contentUrl\":\"https:\/\/secure.gravatar.com\/avatar\/517a9a6487a7a18ecc4ce6d2e57a8f40?s=96&d=mm&r=g\",\"caption\":\"Antonello Rivano\"},\"url\":\"https:\/\/www.istitutogalanteoliva.it\/magazine\/author\/antonello\/\"}]}<\/script>\n<!-- \/ Yoast SEO plugin. -->","yoast_head_json":{"title":"50 Parole per raccontare e raccontarsi - Saverio Tommasi a Napoli - Polis SA Magazine","description":"Saverio Tommasi giornalista di Fanpage presenta il suo ultimo libro \u201cIn fondo basta una parola\u201d, un viaggio di parole attraverso l\u2019animo umano.","robots":{"index":"index","follow":"follow","max-snippet":"max-snippet:-1","max-image-preview":"max-image-preview:large","max-video-preview":"max-video-preview:-1"},"canonical":"https:\/\/www.istitutogalanteoliva.it\/magazine\/2021\/07\/09\/50-parole-per-raccontare-e-raccontarsi-saverio-tommasi-a-napoli\/","og_locale":"it_IT","og_type":"article","og_title":"50 Parole per raccontare e raccontarsi - Saverio Tommasi a Napoli - Polis SA Magazine","og_description":"Saverio Tommasi giornalista di Fanpage presenta il suo ultimo libro \u201cIn fondo basta una parola\u201d, un viaggio di parole attraverso l\u2019animo umano.","og_url":"https:\/\/www.istitutogalanteoliva.it\/magazine\/2021\/07\/09\/50-parole-per-raccontare-e-raccontarsi-saverio-tommasi-a-napoli\/","og_site_name":"Polis SA Magazine","article_publisher":"https:\/\/www.facebook.com\/PolisSAMagazine\/","article_published_time":"2021-07-09T12:14:00+00:00","article_modified_time":"2021-07-08T16:55:50+00:00","og_image":[{"width":640,"height":380,"url":"https:\/\/www.istitutogalanteoliva.it\/magazine\/wp-content\/uploads\/2021\/06\/IMG_20210610_184823.jpg","type":"image\/jpeg"}],"author":"Antonello Rivano","twitter_card":"summary_large_image","twitter_creator":"@MagazinePolis","twitter_site":"@MagazinePolis","twitter_misc":{"Scritto da":"Antonello Rivano","Tempo di lettura stimato":"4 minuti"},"schema":{"@context":"https:\/\/schema.org","@graph":[{"@type":"Article","@id":"https:\/\/www.istitutogalanteoliva.it\/magazine\/2021\/07\/09\/50-parole-per-raccontare-e-raccontarsi-saverio-tommasi-a-napoli\/#article","isPartOf":{"@id":"https:\/\/www.istitutogalanteoliva.it\/magazine\/2021\/07\/09\/50-parole-per-raccontare-e-raccontarsi-saverio-tommasi-a-napoli\/"},"author":{"name":"Antonello Rivano","@id":"https:\/\/www.istitutogalanteoliva.it\/magazine\/#\/schema\/person\/d8b8aa79cfe8babc1df9da3212a7c0c4"},"headline":"50 Parole per raccontare e raccontarsi &#8211; Saverio Tommasi a Napoli","datePublished":"2021-07-09T12:14:00+00:00","dateModified":"2021-07-08T16:55:50+00:00","mainEntityOfPage":{"@id":"https:\/\/www.istitutogalanteoliva.it\/magazine\/2021\/07\/09\/50-parole-per-raccontare-e-raccontarsi-saverio-tommasi-a-napoli\/"},"wordCount":840,"commentCount":0,"publisher":{"@id":"https:\/\/www.istitutogalanteoliva.it\/magazine\/#organization"},"image":{"@id":"https:\/\/www.istitutogalanteoliva.it\/magazine\/2021\/07\/09\/50-parole-per-raccontare-e-raccontarsi-saverio-tommasi-a-napoli\/#primaryimage"},"thumbnailUrl":"https:\/\/www.istitutogalanteoliva.it\/magazine\/wp-content\/uploads\/2021\/06\/IMG_20210610_184823.jpg","keywords":["libri","napoli","saverio Tommasi"],"articleSection":["2021","Campania","Cultura","Personaggi"],"inLanguage":"it-IT","potentialAction":[{"@type":"CommentAction","name":"Comment","target":["https:\/\/www.istitutogalanteoliva.it\/magazine\/2021\/07\/09\/50-parole-per-raccontare-e-raccontarsi-saverio-tommasi-a-napoli\/#respond"]}]},{"@type":"WebPage","@id":"https:\/\/www.istitutogalanteoliva.it\/magazine\/2021\/07\/09\/50-parole-per-raccontare-e-raccontarsi-saverio-tommasi-a-napoli\/","url":"https:\/\/www.istitutogalanteoliva.it\/magazine\/2021\/07\/09\/50-parole-per-raccontare-e-raccontarsi-saverio-tommasi-a-napoli\/","name":"50 Parole per raccontare e raccontarsi - Saverio Tommasi a Napoli - Polis SA Magazine","isPartOf":{"@id":"https:\/\/www.istitutogalanteoliva.it\/magazine\/#website"},"primaryImageOfPage":{"@id":"https:\/\/www.istitutogalanteoliva.it\/magazine\/2021\/07\/09\/50-parole-per-raccontare-e-raccontarsi-saverio-tommasi-a-napoli\/#primaryimage"},"image":{"@id":"https:\/\/www.istitutogalanteoliva.it\/magazine\/2021\/07\/09\/50-parole-per-raccontare-e-raccontarsi-saverio-tommasi-a-napoli\/#primaryimage"},"thumbnailUrl":"https:\/\/www.istitutogalanteoliva.it\/magazine\/wp-content\/uploads\/2021\/06\/IMG_20210610_184823.jpg","datePublished":"2021-07-09T12:14:00+00:00","dateModified":"2021-07-08T16:55:50+00:00","description":"Saverio Tommasi giornalista di Fanpage presenta il suo ultimo libro \u201cIn fondo basta una parola\u201d, un viaggio di parole attraverso l\u2019animo umano.","breadcrumb":{"@id":"https:\/\/www.istitutogalanteoliva.it\/magazine\/2021\/07\/09\/50-parole-per-raccontare-e-raccontarsi-saverio-tommasi-a-napoli\/#breadcrumb"},"inLanguage":"it-IT","potentialAction":[{"@type":"ReadAction","target":["https:\/\/www.istitutogalanteoliva.it\/magazine\/2021\/07\/09\/50-parole-per-raccontare-e-raccontarsi-saverio-tommasi-a-napoli\/"]}]},{"@type":"ImageObject","inLanguage":"it-IT","@id":"https:\/\/www.istitutogalanteoliva.it\/magazine\/2021\/07\/09\/50-parole-per-raccontare-e-raccontarsi-saverio-tommasi-a-napoli\/#primaryimage","url":"https:\/\/www.istitutogalanteoliva.it\/magazine\/wp-content\/uploads\/2021\/06\/IMG_20210610_184823.jpg","contentUrl":"https:\/\/www.istitutogalanteoliva.it\/magazine\/wp-content\/uploads\/2021\/06\/IMG_20210610_184823.jpg","width":640,"height":380},{"@type":"BreadcrumbList","@id":"https:\/\/www.istitutogalanteoliva.it\/magazine\/2021\/07\/09\/50-parole-per-raccontare-e-raccontarsi-saverio-tommasi-a-napoli\/#breadcrumb","itemListElement":[{"@type":"ListItem","position":1,"name":"Home","item":"https:\/\/www.istitutogalanteoliva.it\/magazine\/"},{"@type":"ListItem","position":2,"name":"50 Parole per raccontare e raccontarsi &#8211; Saverio Tommasi a Napoli"}]},{"@type":"WebSite","@id":"https:\/\/www.istitutogalanteoliva.it\/magazine\/#website","url":"https:\/\/www.istitutogalanteoliva.it\/magazine\/","name":"POLIS SA MAGAZINE","description":"Informazione e approfondimenti","publisher":{"@id":"https:\/\/www.istitutogalanteoliva.it\/magazine\/#organization"},"potentialAction":[{"@type":"SearchAction","target":{"@type":"EntryPoint","urlTemplate":"https:\/\/www.istitutogalanteoliva.it\/magazine\/?s={search_term_string}"},"query-input":{"@type":"PropertyValueSpecification","valueRequired":true,"valueName":"search_term_string"}}],"inLanguage":"it-IT"},{"@type":"Organization","@id":"https:\/\/www.istitutogalanteoliva.it\/magazine\/#organization","name":"Polis SA Magazine","url":"https:\/\/www.istitutogalanteoliva.it\/magazine\/","logo":{"@type":"ImageObject","inLanguage":"it-IT","@id":"https:\/\/www.istitutogalanteoliva.it\/magazine\/#\/schema\/logo\/image\/","url":"","contentUrl":"","caption":"Polis SA Magazine"},"image":{"@id":"https:\/\/www.istitutogalanteoliva.it\/magazine\/#\/schema\/logo\/image\/"},"sameAs":["https:\/\/www.facebook.com\/PolisSAMagazine\/","https:\/\/x.com\/MagazinePolis","https:\/\/www.youtube.com\/channel\/UCv0Mr5AHKUmsc0sEEXkJrgw"]},{"@type":"Person","@id":"https:\/\/www.istitutogalanteoliva.it\/magazine\/#\/schema\/person\/d8b8aa79cfe8babc1df9da3212a7c0c4","name":"Antonello Rivano","image":{"@type":"ImageObject","inLanguage":"it-IT","@id":"https:\/\/www.istitutogalanteoliva.it\/magazine\/#\/schema\/person\/image\/","url":"https:\/\/secure.gravatar.com\/avatar\/517a9a6487a7a18ecc4ce6d2e57a8f40?s=96&d=mm&r=g","contentUrl":"https:\/\/secure.gravatar.com\/avatar\/517a9a6487a7a18ecc4ce6d2e57a8f40?s=96&d=mm&r=g","caption":"Antonello Rivano"},"url":"https:\/\/www.istitutogalanteoliva.it\/magazine\/author\/antonello\/"}]}},"_links":{"self":[{"href":"https:\/\/www.istitutogalanteoliva.it\/magazine\/wp-json\/wp\/v2\/posts\/8298","targetHints":{"allow":["GET"]}}],"collection":[{"href":"https:\/\/www.istitutogalanteoliva.it\/magazine\/wp-json\/wp\/v2\/posts"}],"about":[{"href":"https:\/\/www.istitutogalanteoliva.it\/magazine\/wp-json\/wp\/v2\/types\/post"}],"author":[{"embeddable":true,"href":"https:\/\/www.istitutogalanteoliva.it\/magazine\/wp-json\/wp\/v2\/users\/2"}],"replies":[{"embeddable":true,"href":"https:\/\/www.istitutogalanteoliva.it\/magazine\/wp-json\/wp\/v2\/comments?post=8298"}],"version-history":[{"count":2,"href":"https:\/\/www.istitutogalanteoliva.it\/magazine\/wp-json\/wp\/v2\/posts\/8298\/revisions"}],"predecessor-version":[{"id":8305,"href":"https:\/\/www.istitutogalanteoliva.it\/magazine\/wp-json\/wp\/v2\/posts\/8298\/revisions\/8305"}],"wp:featuredmedia":[{"embeddable":true,"href":"https:\/\/www.istitutogalanteoliva.it\/magazine\/wp-json\/wp\/v2\/media\/8303"}],"wp:attachment":[{"href":"https:\/\/www.istitutogalanteoliva.it\/magazine\/wp-json\/wp\/v2\/media?parent=8298"}],"wp:term":[{"taxonomy":"category","embeddable":true,"href":"https:\/\/www.istitutogalanteoliva.it\/magazine\/wp-json\/wp\/v2\/categories?post=8298"},{"taxonomy":"post_tag","embeddable":true,"href":"https:\/\/www.istitutogalanteoliva.it\/magazine\/wp-json\/wp\/v2\/tags?post=8298"}],"curies":[{"name":"wp","href":"https:\/\/api.w.org\/{rel}","templated":true}]}}