{"id":8428,"date":"2021-07-02T15:33:19","date_gmt":"2021-07-02T13:33:19","guid":{"rendered":"https:\/\/www.istitutogalanteoliva.it\/magazine\/?p=8428"},"modified":"2021-07-02T15:33:21","modified_gmt":"2021-07-02T13:33:21","slug":"la-comunita-di-sanza-sa-ricorda-la-spedizione-di-pisacane","status":"publish","type":"post","link":"https:\/\/www.istitutogalanteoliva.it\/magazine\/2021\/07\/02\/la-comunita-di-sanza-sa-ricorda-la-spedizione-di-pisacane\/","title":{"rendered":"La comunit\u00e0 di Sanza (SA) ricorda la Spedizione di Pisacane"},"content":{"rendered":"\n<h4 class=\"wp-block-heading\">La comunit\u00e0 di Sanza ricorda la Spedizione di Pisacane.<br>Una cerimonia commovente, con sobriet\u00e0, certamente, la impone l\u2019emergenza sanitaria Covid; ma non \u00e8 mancato il ricordo. <\/h4>\n\n\n\n<p><strong>Di <em>Stefano Pignataro <\/em><\/strong><\/p>\n\n\n\n<p> <\/p>\n\n\n\n<p class=\"has-drop-cap\">La Spedizione di Carlo Pisacane ed i suoi trecento \u201cgiovani e forti\u201d. La fine del sogno rivoluzionario di Carlo Pisacane, il significato della libert\u00e0, al centro del breve intervento del Sindaco Vi<strong>ttorio Esposito<\/strong> e del Consigliere comunale <strong>Antonio Citera<\/strong>. Un momento importante arricchito dalla breve relazione dello storico locale,<strong> prof.<\/strong> <strong>Felice Fusco<\/strong>.<\/p>\n\n\n\n<figure class=\"wp-block-image size-large is-resized\"><img loading=\"lazy\" decoding=\"async\" src=\"https:\/\/www.istitutogalanteoliva.it\/magazine\/wp-content\/uploads\/2021\/07\/WhatsApp-Image-2021-07-02-at-11.02.24.jpeg\" alt=\"\" class=\"wp-image-8430\" width=\"480\" height=\"360\" srcset=\"https:\/\/www.istitutogalanteoliva.it\/magazine\/wp-content\/uploads\/2021\/07\/WhatsApp-Image-2021-07-02-at-11.02.24.jpeg 640w, https:\/\/www.istitutogalanteoliva.it\/magazine\/wp-content\/uploads\/2021\/07\/WhatsApp-Image-2021-07-02-at-11.02.24-300x225.jpeg 300w\" sizes=\"auto, (max-width: 480px) 100vw, 480px\" \/><\/figure>\n\n\n\n<p> Poi la deposizione di una corona d&#8217;alloro ed il silenzio intonato dal maestro Pino Pinto. Presenti alla cerimonia il<strong> Luogotenente dell&#8217;Arma dei carabinieri, Antonino Russo, il tenente della Polizia Municipale Vincenzo Manduca ed una rappresentanza della locale Sezione Combattenti<\/strong>. Il momento commemorativo voluto dall\u2019amministrazione comunale di Sanza, guidata dal sindaco Vittorio Esposito, presso il Cippo di Pisacane, lungo la Statale 517, in localit\u00e0 Vallone dei Diavoli, dove la mattina del 2 luglio 1857 avvenne lo scontro tra coloro che scamparono all\u2019eccidio di Padula, alle mura della Certosa, il giorno prima, e le guardie urbane. <\/p>\n\n\n\n<p>La storia di una delle pagine gloriose, scritte nel libro della Patria dai valorosi trecento che appartiene al patrimonio politico e culturale della nazione, si consum\u00f2 a Sanza, piccolo borgo tra Vallo di Diano e Cilento.<\/p>\n\n\n\n<figure class=\"wp-block-image size-large is-resized\"><img loading=\"lazy\" decoding=\"async\" src=\"https:\/\/www.istitutogalanteoliva.it\/magazine\/wp-content\/uploads\/2021\/07\/WhatsApp-Image-2021-07-02-at-11.02.23.jpeg\" alt=\"\" class=\"wp-image-8431\" width=\"480\" height=\"360\" srcset=\"https:\/\/www.istitutogalanteoliva.it\/magazine\/wp-content\/uploads\/2021\/07\/WhatsApp-Image-2021-07-02-at-11.02.23.jpeg 640w, https:\/\/www.istitutogalanteoliva.it\/magazine\/wp-content\/uploads\/2021\/07\/WhatsApp-Image-2021-07-02-at-11.02.23-300x225.jpeg 300w\" sizes=\"auto, (max-width: 480px) 100vw, 480px\" \/><\/figure>\n\n\n\n<p> Anche quest\u2019anno, come da tradizione, la comunit\u00e0 ha ricordato quel che avvenne 164 anni fa, con l&#8217;annuncio da parte del Consigliere Citera che in settembre ci sar\u00e0 un convegno sul tema con la presenza dei vertici della scuola militare Annunziatella di Napoli, di cui Pisacane era allievo. Il <strong>parroco, don Giuseppe Spinelli<\/strong>, ha concluso la celebrazione con la preghiera e la benedizione. La manifestazione si \u00e8 tenuta nel rispetto delle norme anti Covid, a partire dall\u2019uso della mascherina, obbligatorio.<\/p>\n\n\n\n<p><img loading=\"lazy\" decoding=\"async\" width=\"100\" height=\"100\" class=\"wp-image-6133\" style=\"width: 100px;\" src=\"https:\/\/www.istitutogalanteoliva.it\/magazine\/wp-content\/uploads\/2021\/03\/Stefano-.jpg\" alt=\"\" srcset=\"https:\/\/www.istitutogalanteoliva.it\/magazine\/wp-content\/uploads\/2021\/03\/Stefano-.jpg 1624w, https:\/\/www.istitutogalanteoliva.it\/magazine\/wp-content\/uploads\/2021\/03\/Stefano--300x300.jpg 300w, https:\/\/www.istitutogalanteoliva.it\/magazine\/wp-content\/uploads\/2021\/03\/Stefano--1024x1024.jpg 1024w, https:\/\/www.istitutogalanteoliva.it\/magazine\/wp-content\/uploads\/2021\/03\/Stefano--150x150.jpg 150w, https:\/\/www.istitutogalanteoliva.it\/magazine\/wp-content\/uploads\/2021\/03\/Stefano--768x768.jpg 768w, https:\/\/www.istitutogalanteoliva.it\/magazine\/wp-content\/uploads\/2021\/03\/Stefano--1536x1536.jpg 1536w\" sizes=\"auto, (max-width: 100px) 100vw, 100px\" \/><strong><em><a href=\"https:\/\/www.istitutogalanteoliva.it\/magazine\/?s=Stefano+Pignataro\" target=\"_blank\" rel=\"noreferrer noopener\">Stefano Pignataro<\/a><\/em><\/strong><\/p>\n<div class=\"pdfprnt-buttons pdfprnt-buttons-post pdfprnt-bottom-left\"><a href=\"https:\/\/www.istitutogalanteoliva.it\/magazine\/wp-json\/wp\/v2\/posts\/8428?print=print\" class=\"pdfprnt-button pdfprnt-button-print\" target=\"_blank\"><img decoding=\"async\" src=\"https:\/\/www.istitutogalanteoliva.it\/magazine\/wp-content\/plugins\/pdf-print\/images\/print.png\" alt=\"image_print\" title=\"Stampa contenuto\" \/><span class=\"pdfprnt-button-title pdfprnt-button-print-title\">Download in PDF<\/span><\/a><\/div>","protected":false},"excerpt":{"rendered":"<p>Questa mattina la comunit\u00e0 di Sanza si \u00e8 ritrovata dinanzi il Cippo a memoria della Spedizione di Sapri, per ricordare gli accadimenti del 2 luglio del 1857.<\/p>\n","protected":false},"author":2,"featured_media":8432,"comment_status":"open","ping_status":"open","sticky":false,"template":"","format":"standard","meta":{"footnotes":""},"categories":[148,210,47],"tags":[83,70],"class_list":["post-8428","post","type-post","status-publish","format-standard","has-post-thumbnail","hentry","category-148","category-campania","category-eventi","tag-salerno","tag-storia"],"yoast_head":"<!-- This site is optimized with the Yoast SEO plugin v24.2 - https:\/\/yoast.com\/wordpress\/plugins\/seo\/ -->\n<title>La comunit\u00e0 di Sanza (SA) ricorda la Spedizione di Pisacane - Polis SA Magazine<\/title>\n<meta name=\"robots\" content=\"index, follow, max-snippet:-1, max-image-preview:large, max-video-preview:-1\" \/>\n<link rel=\"canonical\" href=\"https:\/\/www.istitutogalanteoliva.it\/magazine\/2021\/07\/02\/la-comunita-di-sanza-sa-ricorda-la-spedizione-di-pisacane\/\" \/>\n<meta property=\"og:locale\" content=\"it_IT\" \/>\n<meta property=\"og:type\" content=\"article\" \/>\n<meta property=\"og:title\" content=\"La comunit\u00e0 di Sanza (SA) ricorda la Spedizione di Pisacane - Polis SA Magazine\" \/>\n<meta property=\"og:description\" content=\"Questa mattina la comunit\u00e0 di Sanza si \u00e8 ritrovata dinanzi il Cippo a memoria della Spedizione di Sapri, per ricordare gli accadimenti del 2 luglio del 1857.\" \/>\n<meta property=\"og:url\" content=\"https:\/\/www.istitutogalanteoliva.it\/magazine\/2021\/07\/02\/la-comunita-di-sanza-sa-ricorda-la-spedizione-di-pisacane\/\" \/>\n<meta property=\"og:site_name\" content=\"Polis SA Magazine\" \/>\n<meta property=\"article:publisher\" content=\"https:\/\/www.facebook.com\/PolisSAMagazine\/\" \/>\n<meta property=\"article:published_time\" content=\"2021-07-02T13:33:19+00:00\" \/>\n<meta property=\"article:modified_time\" content=\"2021-07-02T13:33:21+00:00\" \/>\n<meta property=\"og:image\" content=\"https:\/\/www.istitutogalanteoliva.it\/magazine\/wp-content\/uploads\/2021\/07\/Senza-titolo-1-Recuperato.jpg\" \/>\n\t<meta property=\"og:image:width\" content=\"640\" \/>\n\t<meta property=\"og:image:height\" content=\"380\" \/>\n\t<meta property=\"og:image:type\" content=\"image\/jpeg\" \/>\n<meta name=\"author\" content=\"Antonello Rivano\" \/>\n<meta name=\"twitter:card\" content=\"summary_large_image\" \/>\n<meta name=\"twitter:creator\" content=\"@MagazinePolis\" \/>\n<meta name=\"twitter:site\" content=\"@MagazinePolis\" \/>\n<meta name=\"twitter:label1\" content=\"Scritto da\" \/>\n\t<meta name=\"twitter:data1\" content=\"Antonello Rivano\" \/>\n\t<meta name=\"twitter:label2\" content=\"Tempo di lettura stimato\" \/>\n\t<meta name=\"twitter:data2\" content=\"1 minuto\" \/>\n<script type=\"application\/ld+json\" class=\"yoast-schema-graph\">{\"@context\":\"https:\/\/schema.org\",\"@graph\":[{\"@type\":\"Article\",\"@id\":\"https:\/\/www.istitutogalanteoliva.it\/magazine\/2021\/07\/02\/la-comunita-di-sanza-sa-ricorda-la-spedizione-di-pisacane\/#article\",\"isPartOf\":{\"@id\":\"https:\/\/www.istitutogalanteoliva.it\/magazine\/2021\/07\/02\/la-comunita-di-sanza-sa-ricorda-la-spedizione-di-pisacane\/\"},\"author\":{\"name\":\"Antonello Rivano\",\"@id\":\"https:\/\/www.istitutogalanteoliva.it\/magazine\/#\/schema\/person\/d8b8aa79cfe8babc1df9da3212a7c0c4\"},\"headline\":\"La comunit\u00e0 di Sanza (SA) ricorda la Spedizione di Pisacane\",\"datePublished\":\"2021-07-02T13:33:19+00:00\",\"dateModified\":\"2021-07-02T13:33:21+00:00\",\"mainEntityOfPage\":{\"@id\":\"https:\/\/www.istitutogalanteoliva.it\/magazine\/2021\/07\/02\/la-comunita-di-sanza-sa-ricorda-la-spedizione-di-pisacane\/\"},\"wordCount\":301,\"commentCount\":0,\"publisher\":{\"@id\":\"https:\/\/www.istitutogalanteoliva.it\/magazine\/#organization\"},\"image\":{\"@id\":\"https:\/\/www.istitutogalanteoliva.it\/magazine\/2021\/07\/02\/la-comunita-di-sanza-sa-ricorda-la-spedizione-di-pisacane\/#primaryimage\"},\"thumbnailUrl\":\"https:\/\/www.istitutogalanteoliva.it\/magazine\/wp-content\/uploads\/2021\/07\/Senza-titolo-1-Recuperato.jpg\",\"keywords\":[\"salerno\",\"Storia\"],\"articleSection\":[\"2021\",\"Campania\",\"Eventi\"],\"inLanguage\":\"it-IT\",\"potentialAction\":[{\"@type\":\"CommentAction\",\"name\":\"Comment\",\"target\":[\"https:\/\/www.istitutogalanteoliva.it\/magazine\/2021\/07\/02\/la-comunita-di-sanza-sa-ricorda-la-spedizione-di-pisacane\/#respond\"]}]},{\"@type\":\"WebPage\",\"@id\":\"https:\/\/www.istitutogalanteoliva.it\/magazine\/2021\/07\/02\/la-comunita-di-sanza-sa-ricorda-la-spedizione-di-pisacane\/\",\"url\":\"https:\/\/www.istitutogalanteoliva.it\/magazine\/2021\/07\/02\/la-comunita-di-sanza-sa-ricorda-la-spedizione-di-pisacane\/\",\"name\":\"La comunit\u00e0 di Sanza (SA) ricorda la Spedizione di Pisacane - Polis SA Magazine\",\"isPartOf\":{\"@id\":\"https:\/\/www.istitutogalanteoliva.it\/magazine\/#website\"},\"primaryImageOfPage\":{\"@id\":\"https:\/\/www.istitutogalanteoliva.it\/magazine\/2021\/07\/02\/la-comunita-di-sanza-sa-ricorda-la-spedizione-di-pisacane\/#primaryimage\"},\"image\":{\"@id\":\"https:\/\/www.istitutogalanteoliva.it\/magazine\/2021\/07\/02\/la-comunita-di-sanza-sa-ricorda-la-spedizione-di-pisacane\/#primaryimage\"},\"thumbnailUrl\":\"https:\/\/www.istitutogalanteoliva.it\/magazine\/wp-content\/uploads\/2021\/07\/Senza-titolo-1-Recuperato.jpg\",\"datePublished\":\"2021-07-02T13:33:19+00:00\",\"dateModified\":\"2021-07-02T13:33:21+00:00\",\"breadcrumb\":{\"@id\":\"https:\/\/www.istitutogalanteoliva.it\/magazine\/2021\/07\/02\/la-comunita-di-sanza-sa-ricorda-la-spedizione-di-pisacane\/#breadcrumb\"},\"inLanguage\":\"it-IT\",\"potentialAction\":[{\"@type\":\"ReadAction\",\"target\":[\"https:\/\/www.istitutogalanteoliva.it\/magazine\/2021\/07\/02\/la-comunita-di-sanza-sa-ricorda-la-spedizione-di-pisacane\/\"]}]},{\"@type\":\"ImageObject\",\"inLanguage\":\"it-IT\",\"@id\":\"https:\/\/www.istitutogalanteoliva.it\/magazine\/2021\/07\/02\/la-comunita-di-sanza-sa-ricorda-la-spedizione-di-pisacane\/#primaryimage\",\"url\":\"https:\/\/www.istitutogalanteoliva.it\/magazine\/wp-content\/uploads\/2021\/07\/Senza-titolo-1-Recuperato.jpg\",\"contentUrl\":\"https:\/\/www.istitutogalanteoliva.it\/magazine\/wp-content\/uploads\/2021\/07\/Senza-titolo-1-Recuperato.jpg\",\"width\":640,\"height\":380,\"caption\":\"Sanza (SA)\"},{\"@type\":\"BreadcrumbList\",\"@id\":\"https:\/\/www.istitutogalanteoliva.it\/magazine\/2021\/07\/02\/la-comunita-di-sanza-sa-ricorda-la-spedizione-di-pisacane\/#breadcrumb\",\"itemListElement\":[{\"@type\":\"ListItem\",\"position\":1,\"name\":\"Home\",\"item\":\"https:\/\/www.istitutogalanteoliva.it\/magazine\/\"},{\"@type\":\"ListItem\",\"position\":2,\"name\":\"La comunit\u00e0 di Sanza (SA) ricorda la Spedizione di Pisacane\"}]},{\"@type\":\"WebSite\",\"@id\":\"https:\/\/www.istitutogalanteoliva.it\/magazine\/#website\",\"url\":\"https:\/\/www.istitutogalanteoliva.it\/magazine\/\",\"name\":\"POLIS SA MAGAZINE\",\"description\":\"Informazione e approfondimenti\",\"publisher\":{\"@id\":\"https:\/\/www.istitutogalanteoliva.it\/magazine\/#organization\"},\"potentialAction\":[{\"@type\":\"SearchAction\",\"target\":{\"@type\":\"EntryPoint\",\"urlTemplate\":\"https:\/\/www.istitutogalanteoliva.it\/magazine\/?s={search_term_string}\"},\"query-input\":{\"@type\":\"PropertyValueSpecification\",\"valueRequired\":true,\"valueName\":\"search_term_string\"}}],\"inLanguage\":\"it-IT\"},{\"@type\":\"Organization\",\"@id\":\"https:\/\/www.istitutogalanteoliva.it\/magazine\/#organization\",\"name\":\"Polis SA Magazine\",\"url\":\"https:\/\/www.istitutogalanteoliva.it\/magazine\/\",\"logo\":{\"@type\":\"ImageObject\",\"inLanguage\":\"it-IT\",\"@id\":\"https:\/\/www.istitutogalanteoliva.it\/magazine\/#\/schema\/logo\/image\/\",\"url\":\"\",\"contentUrl\":\"\",\"caption\":\"Polis SA Magazine\"},\"image\":{\"@id\":\"https:\/\/www.istitutogalanteoliva.it\/magazine\/#\/schema\/logo\/image\/\"},\"sameAs\":[\"https:\/\/www.facebook.com\/PolisSAMagazine\/\",\"https:\/\/x.com\/MagazinePolis\",\"https:\/\/www.youtube.com\/channel\/UCv0Mr5AHKUmsc0sEEXkJrgw\"]},{\"@type\":\"Person\",\"@id\":\"https:\/\/www.istitutogalanteoliva.it\/magazine\/#\/schema\/person\/d8b8aa79cfe8babc1df9da3212a7c0c4\",\"name\":\"Antonello Rivano\",\"image\":{\"@type\":\"ImageObject\",\"inLanguage\":\"it-IT\",\"@id\":\"https:\/\/www.istitutogalanteoliva.it\/magazine\/#\/schema\/person\/image\/\",\"url\":\"https:\/\/secure.gravatar.com\/avatar\/517a9a6487a7a18ecc4ce6d2e57a8f40?s=96&d=mm&r=g\",\"contentUrl\":\"https:\/\/secure.gravatar.com\/avatar\/517a9a6487a7a18ecc4ce6d2e57a8f40?s=96&d=mm&r=g\",\"caption\":\"Antonello Rivano\"},\"url\":\"https:\/\/www.istitutogalanteoliva.it\/magazine\/author\/antonello\/\"}]}<\/script>\n<!-- \/ Yoast SEO plugin. -->","yoast_head_json":{"title":"La comunit\u00e0 di Sanza (SA) ricorda la Spedizione di Pisacane - Polis SA Magazine","robots":{"index":"index","follow":"follow","max-snippet":"max-snippet:-1","max-image-preview":"max-image-preview:large","max-video-preview":"max-video-preview:-1"},"canonical":"https:\/\/www.istitutogalanteoliva.it\/magazine\/2021\/07\/02\/la-comunita-di-sanza-sa-ricorda-la-spedizione-di-pisacane\/","og_locale":"it_IT","og_type":"article","og_title":"La comunit\u00e0 di Sanza (SA) ricorda la Spedizione di Pisacane - Polis SA Magazine","og_description":"Questa mattina la comunit\u00e0 di Sanza si \u00e8 ritrovata dinanzi il Cippo a memoria della Spedizione di Sapri, per ricordare gli accadimenti del 2 luglio del 1857.","og_url":"https:\/\/www.istitutogalanteoliva.it\/magazine\/2021\/07\/02\/la-comunita-di-sanza-sa-ricorda-la-spedizione-di-pisacane\/","og_site_name":"Polis SA Magazine","article_publisher":"https:\/\/www.facebook.com\/PolisSAMagazine\/","article_published_time":"2021-07-02T13:33:19+00:00","article_modified_time":"2021-07-02T13:33:21+00:00","og_image":[{"width":640,"height":380,"url":"https:\/\/www.istitutogalanteoliva.it\/magazine\/wp-content\/uploads\/2021\/07\/Senza-titolo-1-Recuperato.jpg","type":"image\/jpeg"}],"author":"Antonello Rivano","twitter_card":"summary_large_image","twitter_creator":"@MagazinePolis","twitter_site":"@MagazinePolis","twitter_misc":{"Scritto da":"Antonello Rivano","Tempo di lettura stimato":"1 minuto"},"schema":{"@context":"https:\/\/schema.org","@graph":[{"@type":"Article","@id":"https:\/\/www.istitutogalanteoliva.it\/magazine\/2021\/07\/02\/la-comunita-di-sanza-sa-ricorda-la-spedizione-di-pisacane\/#article","isPartOf":{"@id":"https:\/\/www.istitutogalanteoliva.it\/magazine\/2021\/07\/02\/la-comunita-di-sanza-sa-ricorda-la-spedizione-di-pisacane\/"},"author":{"name":"Antonello Rivano","@id":"https:\/\/www.istitutogalanteoliva.it\/magazine\/#\/schema\/person\/d8b8aa79cfe8babc1df9da3212a7c0c4"},"headline":"La comunit\u00e0 di Sanza (SA) ricorda la Spedizione di Pisacane","datePublished":"2021-07-02T13:33:19+00:00","dateModified":"2021-07-02T13:33:21+00:00","mainEntityOfPage":{"@id":"https:\/\/www.istitutogalanteoliva.it\/magazine\/2021\/07\/02\/la-comunita-di-sanza-sa-ricorda-la-spedizione-di-pisacane\/"},"wordCount":301,"commentCount":0,"publisher":{"@id":"https:\/\/www.istitutogalanteoliva.it\/magazine\/#organization"},"image":{"@id":"https:\/\/www.istitutogalanteoliva.it\/magazine\/2021\/07\/02\/la-comunita-di-sanza-sa-ricorda-la-spedizione-di-pisacane\/#primaryimage"},"thumbnailUrl":"https:\/\/www.istitutogalanteoliva.it\/magazine\/wp-content\/uploads\/2021\/07\/Senza-titolo-1-Recuperato.jpg","keywords":["salerno","Storia"],"articleSection":["2021","Campania","Eventi"],"inLanguage":"it-IT","potentialAction":[{"@type":"CommentAction","name":"Comment","target":["https:\/\/www.istitutogalanteoliva.it\/magazine\/2021\/07\/02\/la-comunita-di-sanza-sa-ricorda-la-spedizione-di-pisacane\/#respond"]}]},{"@type":"WebPage","@id":"https:\/\/www.istitutogalanteoliva.it\/magazine\/2021\/07\/02\/la-comunita-di-sanza-sa-ricorda-la-spedizione-di-pisacane\/","url":"https:\/\/www.istitutogalanteoliva.it\/magazine\/2021\/07\/02\/la-comunita-di-sanza-sa-ricorda-la-spedizione-di-pisacane\/","name":"La comunit\u00e0 di Sanza (SA) ricorda la Spedizione di Pisacane - Polis SA Magazine","isPartOf":{"@id":"https:\/\/www.istitutogalanteoliva.it\/magazine\/#website"},"primaryImageOfPage":{"@id":"https:\/\/www.istitutogalanteoliva.it\/magazine\/2021\/07\/02\/la-comunita-di-sanza-sa-ricorda-la-spedizione-di-pisacane\/#primaryimage"},"image":{"@id":"https:\/\/www.istitutogalanteoliva.it\/magazine\/2021\/07\/02\/la-comunita-di-sanza-sa-ricorda-la-spedizione-di-pisacane\/#primaryimage"},"thumbnailUrl":"https:\/\/www.istitutogalanteoliva.it\/magazine\/wp-content\/uploads\/2021\/07\/Senza-titolo-1-Recuperato.jpg","datePublished":"2021-07-02T13:33:19+00:00","dateModified":"2021-07-02T13:33:21+00:00","breadcrumb":{"@id":"https:\/\/www.istitutogalanteoliva.it\/magazine\/2021\/07\/02\/la-comunita-di-sanza-sa-ricorda-la-spedizione-di-pisacane\/#breadcrumb"},"inLanguage":"it-IT","potentialAction":[{"@type":"ReadAction","target":["https:\/\/www.istitutogalanteoliva.it\/magazine\/2021\/07\/02\/la-comunita-di-sanza-sa-ricorda-la-spedizione-di-pisacane\/"]}]},{"@type":"ImageObject","inLanguage":"it-IT","@id":"https:\/\/www.istitutogalanteoliva.it\/magazine\/2021\/07\/02\/la-comunita-di-sanza-sa-ricorda-la-spedizione-di-pisacane\/#primaryimage","url":"https:\/\/www.istitutogalanteoliva.it\/magazine\/wp-content\/uploads\/2021\/07\/Senza-titolo-1-Recuperato.jpg","contentUrl":"https:\/\/www.istitutogalanteoliva.it\/magazine\/wp-content\/uploads\/2021\/07\/Senza-titolo-1-Recuperato.jpg","width":640,"height":380,"caption":"Sanza (SA)"},{"@type":"BreadcrumbList","@id":"https:\/\/www.istitutogalanteoliva.it\/magazine\/2021\/07\/02\/la-comunita-di-sanza-sa-ricorda-la-spedizione-di-pisacane\/#breadcrumb","itemListElement":[{"@type":"ListItem","position":1,"name":"Home","item":"https:\/\/www.istitutogalanteoliva.it\/magazine\/"},{"@type":"ListItem","position":2,"name":"La comunit\u00e0 di Sanza (SA) ricorda la Spedizione di Pisacane"}]},{"@type":"WebSite","@id":"https:\/\/www.istitutogalanteoliva.it\/magazine\/#website","url":"https:\/\/www.istitutogalanteoliva.it\/magazine\/","name":"POLIS SA MAGAZINE","description":"Informazione e approfondimenti","publisher":{"@id":"https:\/\/www.istitutogalanteoliva.it\/magazine\/#organization"},"potentialAction":[{"@type":"SearchAction","target":{"@type":"EntryPoint","urlTemplate":"https:\/\/www.istitutogalanteoliva.it\/magazine\/?s={search_term_string}"},"query-input":{"@type":"PropertyValueSpecification","valueRequired":true,"valueName":"search_term_string"}}],"inLanguage":"it-IT"},{"@type":"Organization","@id":"https:\/\/www.istitutogalanteoliva.it\/magazine\/#organization","name":"Polis SA Magazine","url":"https:\/\/www.istitutogalanteoliva.it\/magazine\/","logo":{"@type":"ImageObject","inLanguage":"it-IT","@id":"https:\/\/www.istitutogalanteoliva.it\/magazine\/#\/schema\/logo\/image\/","url":"","contentUrl":"","caption":"Polis SA Magazine"},"image":{"@id":"https:\/\/www.istitutogalanteoliva.it\/magazine\/#\/schema\/logo\/image\/"},"sameAs":["https:\/\/www.facebook.com\/PolisSAMagazine\/","https:\/\/x.com\/MagazinePolis","https:\/\/www.youtube.com\/channel\/UCv0Mr5AHKUmsc0sEEXkJrgw"]},{"@type":"Person","@id":"https:\/\/www.istitutogalanteoliva.it\/magazine\/#\/schema\/person\/d8b8aa79cfe8babc1df9da3212a7c0c4","name":"Antonello Rivano","image":{"@type":"ImageObject","inLanguage":"it-IT","@id":"https:\/\/www.istitutogalanteoliva.it\/magazine\/#\/schema\/person\/image\/","url":"https:\/\/secure.gravatar.com\/avatar\/517a9a6487a7a18ecc4ce6d2e57a8f40?s=96&d=mm&r=g","contentUrl":"https:\/\/secure.gravatar.com\/avatar\/517a9a6487a7a18ecc4ce6d2e57a8f40?s=96&d=mm&r=g","caption":"Antonello Rivano"},"url":"https:\/\/www.istitutogalanteoliva.it\/magazine\/author\/antonello\/"}]}},"_links":{"self":[{"href":"https:\/\/www.istitutogalanteoliva.it\/magazine\/wp-json\/wp\/v2\/posts\/8428","targetHints":{"allow":["GET"]}}],"collection":[{"href":"https:\/\/www.istitutogalanteoliva.it\/magazine\/wp-json\/wp\/v2\/posts"}],"about":[{"href":"https:\/\/www.istitutogalanteoliva.it\/magazine\/wp-json\/wp\/v2\/types\/post"}],"author":[{"embeddable":true,"href":"https:\/\/www.istitutogalanteoliva.it\/magazine\/wp-json\/wp\/v2\/users\/2"}],"replies":[{"embeddable":true,"href":"https:\/\/www.istitutogalanteoliva.it\/magazine\/wp-json\/wp\/v2\/comments?post=8428"}],"version-history":[{"count":1,"href":"https:\/\/www.istitutogalanteoliva.it\/magazine\/wp-json\/wp\/v2\/posts\/8428\/revisions"}],"predecessor-version":[{"id":8433,"href":"https:\/\/www.istitutogalanteoliva.it\/magazine\/wp-json\/wp\/v2\/posts\/8428\/revisions\/8433"}],"wp:featuredmedia":[{"embeddable":true,"href":"https:\/\/www.istitutogalanteoliva.it\/magazine\/wp-json\/wp\/v2\/media\/8432"}],"wp:attachment":[{"href":"https:\/\/www.istitutogalanteoliva.it\/magazine\/wp-json\/wp\/v2\/media?parent=8428"}],"wp:term":[{"taxonomy":"category","embeddable":true,"href":"https:\/\/www.istitutogalanteoliva.it\/magazine\/wp-json\/wp\/v2\/categories?post=8428"},{"taxonomy":"post_tag","embeddable":true,"href":"https:\/\/www.istitutogalanteoliva.it\/magazine\/wp-json\/wp\/v2\/tags?post=8428"}],"curies":[{"name":"wp","href":"https:\/\/api.w.org\/{rel}","templated":true}]}}