{"id":8434,"date":"2021-07-03T08:08:00","date_gmt":"2021-07-03T06:08:00","guid":{"rendered":"https:\/\/www.istitutogalanteoliva.it\/magazine\/?p=8434"},"modified":"2021-07-02T15:57:08","modified_gmt":"2021-07-02T13:57:08","slug":"salerno-ritorna-la-notte-dei-barbuti","status":"publish","type":"post","link":"https:\/\/www.istitutogalanteoliva.it\/magazine\/2021\/07\/03\/salerno-ritorna-la-notte-dei-barbuti\/","title":{"rendered":"Salerno, ritorna \u201cLa notte dei barbuti\u201d"},"content":{"rendered":"\n<h4 class=\"wp-block-heading\">Presentata, venerd\u00ec 2 luglio, presso il Salone dei Marmi del Comune di Salerno, la XXXVI edizione della rassegna estiva di teatro \u201cBarbuti Festival\u201d. Alla presenza della direttrice organizzativa, Chiara Natella della Bottega San Lazzaro e del sindaco di Salerno, Vincenzo Napoli, \u00e8 stato illustrato il cartellone di spettacoli che da oltre sette lustri va in scena nel palcoscenico sotto le stelle della piazza longobarda di S. Maria dei Barbuti.<\/h4>\n\n\n\n<p class=\"has-drop-cap\"><strong>Lo slogan dell\u2019edizione 2021, che si svolger\u00e0 dal 27 luglio al 9 settembre in largo Santa Maria dei Barbuti, \u00e8 \u201cRitornano le sere\u201d, parafrasando un verso del poeta Alfonso Gatto <\/strong>che \u00e8 invece declinato al futuro e che ora, finalmente, \u00e8 diventato auspicio di una ripresa culturale e a aggregativa, un titolo che allude quindi alla voglia di ricominciare a fare teatro, all\u2019aperto, in sicurezza. Tanti i nomi in cartellone: dai <strong>Musicastoria<\/strong> che aprono la rassegna il 27 luglio con il loro concerto di suoni del nostro Sud, alla <strong>Bottega San Lazzaro<\/strong> che porta in scena Stefano Benni,<strong> da Gaia De Laurentis a Marco Falaguasta, da Ivan Falco a Barbara Foria.<\/strong><\/p>\n\n\n\n<p>La rassegna, una delle pi\u00f9 rappresentative di Salerno e tra le <strong>pi\u00f9 longeve della Campania e del sud Italia, nel tempo ha ospitato <\/strong>oltre 1600 spettacoli, circa 5700 tra attori, cantanti, ballerini, cabarettisti, comici, marionettisti, danzatori, che si sono alternati in 35 edizioni sulle tavole del teatro.&nbsp; Il Teatro dei Barbuti \u00e8 stato ideato dal compianto Peppe Natella, al quale ora \u00e8 intitolato l\u2019omonimo premio e lo stesso slargo del teatro, per volont\u00e0 dell\u2019amministrazione comunale di Salerno, reca ora una targa in ceramica a ricordo del professore Natella. Sar\u00e0 presente, con degustazioni di prodotti tipici del territorio, anche Coldiretti Salerno.<\/p>\n\n\n\n<div class=\"wp-block-image\"><figure class=\"aligncenter size-large\"><img loading=\"lazy\" decoding=\"async\" width=\"500\" height=\"411\" src=\"https:\/\/www.istitutogalanteoliva.it\/magazine\/wp-content\/uploads\/2021\/07\/bar.jpg\" alt=\"\" class=\"wp-image-8438\" srcset=\"https:\/\/www.istitutogalanteoliva.it\/magazine\/wp-content\/uploads\/2021\/07\/bar.jpg 500w, https:\/\/www.istitutogalanteoliva.it\/magazine\/wp-content\/uploads\/2021\/07\/bar-300x247.jpg 300w\" sizes=\"auto, (max-width: 500px) 100vw, 500px\" \/><\/figure><\/div>\n\n\n\n<p>La rassegna, gi\u00e0 da diversi anni, continua con la direzione organizzativa di <strong>Chiara Natella<\/strong>: \u201cAbbiamo dovuto ridurre i posti di un terzo, per garantire il giusto distanziamento, per questo \u00e8 consigliabile acquistare il biglietto on line su <strong>www<\/strong>.<strong>postoriservato.it<\/strong> o in seconda istanza direttamente al botteghino. Per noi si tratta di uno sforzo organizzativo ancora maggiore, ma era importante ricominciare, dare un segnale di ripresa e proseguire questa rassegna che fa parte veramente della storia di Salerno e della Campania, che non ha mai cambiato location e non si \u00e8 mai fermata\u201d.<\/p>\n\n\n\n<p><strong>NOVITA\u2019: SUL FILO DELLE STELLE<br><\/strong>Le arti del circo approdano a teatro. Funamboli, trampolieri, giocolieri, mangiafuoco, equilibristi si daranno appuntamento sulle tavole del palcoscenico sotto le stelle per una magica e meravigliosa rassegna di arti circensi. Tre appuntamenti per tutte le et\u00e0, adulti e bambini. Spettacoli consigliati in particolare alle famiglie. Tre gli appuntamenti: il 29 luglio con \u201cCirque de la lune\u201d; il 30 luglio con \u201cSavoir-faire\u201d e il 31 luglio con \u201cShezan il genio impossibile\u201d .<\/p>\n\n\n\n<p><strong>NOVITA\u2019: CINEMA SOTTO LE STELLE<\/strong><\/p>\n\n\n\n<p>\u201cIl Cinema ritrovato\u201d, una mini rassegna di film d\u2019autore restaurati dalla Cineteca di Bologna da proporre ai giovani, a cura di Linea D\u2019Ombra. Tre gli appuntamenti, introdotti da Peppe D\u2019Antonio, a ingresso libero per consentire una pi\u00f9 ampia fruizione: 11 agosto con \u201cI Vitelloni\u201d di Fellini; 18 agosto con \u201cLa donna che visse due volte\u201d di Hitchcock e il 25 agosto con \u201cPanique\u201d di Dudivier. &nbsp;<\/p>\n\n\n\n<p><strong>IL PROGETTO INTERNAZIONALE \u201cSALERNO ANIMO DEL MEDITERRANEO FESTIVAL\u201d: BARBARA BUONAIUTO, MARINA MULOPULOS E PEPPE BARRA<\/strong><\/p>\n\n\n\n<p>Con la Bottega San Lazzaro, per il secondo anno consecutivo prosegue il progetto internazionale \u201cSalerno animo del Mediterraneo\u201d, che ha lo scopo di proporre insieme sonorit\u00e0, musiche e voci del Mare Nostrum, in un raccordo-sinergia che potr\u00e0 farsi polifonia di un vasto orizzonte culturale. Salerno, citt\u00e0 sintesi della cultura mediterranea, che si propone sempre pi\u00f9 come una comunit\u00e0 accogliente soprattutto verso i viaggiatori. Proprio con l\u2019idea di accogliere, di divertire ed esaltare la bellezza della citt\u00e0,&nbsp; nasce per ora un mini festival i cui contenuti artistici comporranno un mosaico mediterraneo di voci, melodie e ritmi strumentali per raccontare il patrimonio inestimabile fatto di musiche e riti della cultura campana da cui trae spunto, e della culla della cultura mediterranea: la Grecia, per offrire allo spettatore un caleidoscopio di colori e di ambientazioni sonore differenti.<\/p>\n\n\n\n<figure class=\"wp-block-image size-large is-resized\"><img loading=\"lazy\" decoding=\"async\" src=\"https:\/\/www.istitutogalanteoliva.it\/magazine\/wp-content\/uploads\/2021\/07\/TEATRO-DEI-BARBUTI-foto-1024x768.jpg\" alt=\"\" class=\"wp-image-8439\" width=\"512\" height=\"384\" srcset=\"https:\/\/www.istitutogalanteoliva.it\/magazine\/wp-content\/uploads\/2021\/07\/TEATRO-DEI-BARBUTI-foto-1024x768.jpg 1024w, https:\/\/www.istitutogalanteoliva.it\/magazine\/wp-content\/uploads\/2021\/07\/TEATRO-DEI-BARBUTI-foto-300x225.jpg 300w, https:\/\/www.istitutogalanteoliva.it\/magazine\/wp-content\/uploads\/2021\/07\/TEATRO-DEI-BARBUTI-foto-768x576.jpg 768w, https:\/\/www.istitutogalanteoliva.it\/magazine\/wp-content\/uploads\/2021\/07\/TEATRO-DEI-BARBUTI-foto.jpg 1080w\" sizes=\"auto, (max-width: 512px) 100vw, 512px\" \/><figcaption><sub><sup><strong>-Teatro dei barbuti-<\/strong><\/sup><\/sub><\/figcaption><\/figure>\n\n\n\n<p><strong>Due gli appuntamenti, ma di grande qualit\u00e0: mercoled\u00ec 1 settembre il duo Barbara Buonaiuto e Marina Mulopulos<\/strong> andr\u00e0 in scena con lo spettacolo-canzone \u201cMediterranea\u201d. Un mosaico mediterraneo di voci, melodie e ritmi strumentali per raccontare il patrimonio inestimabile fatto di musiche e riti della citt\u00e0 di Napoli da cui trae spunto, e della culla della cultura mediterranea: la Grecia, per offrire allo spettatore un caleidoscopio di colori e di ambientazioni sonore differenti. Un viaggio che ripercorre i pi\u00f9 svariati colori della musica popolare contemporanea e di tradizione con protagoniste due interpreti che per virtuosismo lirico sanno incantare. Barbara Buonaiuto e Marina Mulopulos daranno vita ad un canto profondo, verace e internazionale, sfoggiando un&#8217;ugola sicura e sensuale, proponendo anche brani tratti dai rispettivi dischi da solista, di recente pubblicazione, in cui raccontano il mondo femminile svelandone le diverse anime. il duo Barbara Buonaiuto e Marina Mulopulos. <strong>Venerd\u00ec 20 agosto<\/strong>, <strong>immancabile il mattatore Peppe Barra in concerto. <\/strong>Con l&#8217;energia travolgente che lo caratterizza, Peppe restituisce allo spettatore un repertorio che parte dalla contaminazione di brani della tradizione di autori come G.Basile, E. A. Mario, Leonardo Vinci, Ferdinando Russo, ad autori contemporanei come Pino Daniele, Giorgio Gaber, Bob Marley, Enzo Gragnaniello. I testi costruiscono con la musica, architetture sonore con il blues, il jazz, riuscendo a far convivere suoni antichi e moderni, tammurriate, echi di canzone francese e arie del Settecento.<\/p>\n\n\n\n<div class=\"wp-block-image\"><figure class=\"aligncenter size-large is-resized\"><img loading=\"lazy\" decoding=\"async\" src=\"https:\/\/www.istitutogalanteoliva.it\/magazine\/wp-content\/uploads\/2021\/07\/la-conferena-stampa-1024x768.jpg\" alt=\"\" class=\"wp-image-8440\" width=\"512\" height=\"384\" srcset=\"https:\/\/www.istitutogalanteoliva.it\/magazine\/wp-content\/uploads\/2021\/07\/la-conferena-stampa-1024x768.jpg 1024w, https:\/\/www.istitutogalanteoliva.it\/magazine\/wp-content\/uploads\/2021\/07\/la-conferena-stampa-300x225.jpg 300w, https:\/\/www.istitutogalanteoliva.it\/magazine\/wp-content\/uploads\/2021\/07\/la-conferena-stampa-768x576.jpg 768w, https:\/\/www.istitutogalanteoliva.it\/magazine\/wp-content\/uploads\/2021\/07\/la-conferena-stampa-1536x1152.jpg 1536w, https:\/\/www.istitutogalanteoliva.it\/magazine\/wp-content\/uploads\/2021\/07\/la-conferena-stampa.jpg 2048w\" sizes=\"auto, (max-width: 512px) 100vw, 512px\" \/><figcaption><strong><sup>-Conferenza stampa-<\/sup><\/strong><\/figcaption><\/figure><\/div>\n\n\n\n<p><strong>\u201cFOGLIE DI TEATRO\u201d, SPETTACOLI E PASSEGGIATE CULTURALI<\/strong><\/p>\n\n\n\n<p>Dopo il felice esperimento dell\u2019anno scorso, torna anche \u201cFoglie di teatro\u201d, che caratterizza e arricchisce ulteriormente il cartellone: in quattro diversi appuntamenti, lo spettacolo sar\u00e0 preceduto da una passeggiata-visita guidata nel centro storico, al termine della quale, con lo stesso biglietto gli spettatori potranno sedersi a teatro e fruire di un evento teatrale tematico. Il 5 agosto \u201cLa donna pi\u00f9 bella del mondo\u201d, il 12 agosto va in scena \u201cGiacomo Casanova\u201d; il 19 agosto \u201cIl potere negato al destino dai re\u201d e il 26 agosto \u201cLe relazioni pericolose\u201d, tutti gli spettacoli sono per la regia di Andrea Carraro. Le passeggiate nel centro storico \u201cSalerno tra storia e leggenda\u201d sono &nbsp;a cura dell\u2019associazione culturale Erchemperto.<\/p>\n\n\n\n<p><strong>IL PREMIO PEPPE NATELLA A GIANLUCA FORESI<\/strong><\/p>\n\n\n\n<p>La sesta edizione del <strong>Premio \u201cPeppe Natella\u201d,<\/strong> <strong>quest\u2019anno andr\u00e0 a Gianluca Foresi<\/strong>, <strong>conosciuto in Italia e all\u2019estero come \u201cIl giullar cortese<\/strong>\u201d. L\u2019attore e regista orvietano, da oltre un quarto di secolo si esibisce all\u2019interno delle maggiori rievocazioni storiche internazionali, compreso la Fiera del Crocifisso ritrovato a Salerno. Maestro di oratoria, capace di incantare con le sue storie migliaia di persone riunite in cerchio attorno a s\u00e9, si ispira alla tradizione medievale dello joculator latino e del jongleur francese, reinventando il personaggio del giullare in chiave moderna e producendo in presa diretta storie e racconti rigorosamente in rima. <strong>Il Premio Natella consiste ne \u201cIl Longobardo\u201d, una scultura ceramica originale del maestro Nello Ferrigno.<\/strong><\/p>\n\n\n\n<div class=\"wp-block-image\"><figure class=\"aligncenter size-large is-resized\"><img loading=\"lazy\" decoding=\"async\" src=\"https:\/\/www.istitutogalanteoliva.it\/magazine\/wp-content\/uploads\/2021\/07\/la-conferenza-stampa-2-1024x768.jpg\" alt=\"\" class=\"wp-image-8441\" width=\"512\" height=\"384\" srcset=\"https:\/\/www.istitutogalanteoliva.it\/magazine\/wp-content\/uploads\/2021\/07\/la-conferenza-stampa-2-1024x768.jpg 1024w, https:\/\/www.istitutogalanteoliva.it\/magazine\/wp-content\/uploads\/2021\/07\/la-conferenza-stampa-2-300x225.jpg 300w, https:\/\/www.istitutogalanteoliva.it\/magazine\/wp-content\/uploads\/2021\/07\/la-conferenza-stampa-2-768x576.jpg 768w, https:\/\/www.istitutogalanteoliva.it\/magazine\/wp-content\/uploads\/2021\/07\/la-conferenza-stampa-2-1536x1152.jpg 1536w, https:\/\/www.istitutogalanteoliva.it\/magazine\/wp-content\/uploads\/2021\/07\/la-conferenza-stampa-2.jpg 2048w\" sizes=\"auto, (max-width: 512px) 100vw, 512px\" \/><figcaption><strong><sup>-Conferenza stampa 2-<\/sup><\/strong><\/figcaption><\/figure><\/div>\n\n\n\n<p><strong>PREMIO MEDITERRANEO A PEPPE BARRA<\/strong><\/p>\n\n\n\n<p>L\u2019Associazione Salerno Accoglie conferir\u00e0 uno speciale riconoscimento a Peppe Barra per il suo lungo impegno sulle scene. \u00c8 il Premio Mediterraneo alla sua prima edizione che, nell\u2019anno di Procida capitale della cultura, andr\u00e0 ad un procidano doc.<\/p>\n\n\n\n<p><strong>LA NOTTE DEI BARBUTI<\/strong><\/p>\n\n\n\n<p>Torna anche quest\u2019anno la Notte dei Barbuti, una rassegna parallela di 10 spettacoli che si svolger\u00e0 sempre in <strong>Largo Santa Maria<\/strong> <strong>dei Barbuti, a cura di Brunella Caputo.<br><br><\/strong><\/p>\n\n\n\n<p><strong>DANZA SOTTO LE STELLE: il 2-3-4 settembre<\/strong><\/p>\n\n\n\n<p>Il ricco cartellone della rassegna dei Barbuti prevede anche tre appuntamenti \u201cIncontri\u201d con la danza a cura di Antonella Iannone.<\/p>\n\n\n\n<p><strong>IL SALERNO DAY<\/strong><\/p>\n\n\n\n<p>Non mancher\u00e0 la tradizionale appendice settembrina, con il \u201cSalerno Day\u201d, per ricordare lo Sbarco di Salerno del 9 settembre 1943, a cura di Edoardo Scotti.<\/p>\n\n\n\n<p>(Info 328\/9079642) \u2013 <a href=\"http:\/\/www.bottegasanlazzaro.it\">www.bottegasanlazzaro.it<\/a>&nbsp; &#8211; Fb<br>biglietti on line su <a href=\"http:\/\/www.postoriservato.it\">www.postoriservato.it<\/a><br><br><\/p>\n<div class=\"pdfprnt-buttons pdfprnt-buttons-post pdfprnt-bottom-left\"><a href=\"https:\/\/www.istitutogalanteoliva.it\/magazine\/wp-json\/wp\/v2\/posts\/8434?print=print\" class=\"pdfprnt-button pdfprnt-button-print\" target=\"_blank\"><img decoding=\"async\" src=\"https:\/\/www.istitutogalanteoliva.it\/magazine\/wp-content\/plugins\/pdf-print\/images\/print.png\" alt=\"image_print\" title=\"Stampa contenuto\" \/><span class=\"pdfprnt-button-title pdfprnt-button-print-title\">Download in PDF<\/span><\/a><\/div>","protected":false},"excerpt":{"rendered":"<p>Al via la XXXVI rassegna di \u201cTeatro dei barbuti\u201d<br \/>\nil premio Natella a Gianluca Foresi<\/p>\n","protected":false},"author":2,"featured_media":8437,"comment_status":"open","ping_status":"open","sticky":true,"template":"","format":"standard","meta":{"footnotes":""},"categories":[148,7],"tags":[417,83,95,416],"class_list":["post-8434","post","type-post","status-publish","format-standard","has-post-thumbnail","hentry","category-148","category-arte_e_spettacolo","tag-barbuti-festival","tag-salerno","tag-teatro","tag-teatro-dei-barbuti"],"yoast_head":"<!-- This site is optimized with the Yoast SEO plugin v24.2 - https:\/\/yoast.com\/wordpress\/plugins\/seo\/ -->\n<title>Salerno, ritorna \u201cLa notte dei barbuti\u201d - Polis SA Magazine<\/title>\n<meta name=\"description\" content=\"Al via la XXXVI rassegna di \u201cTeatro dei barbuti\u201d il premio Natella a Gianluca Foresi\" \/>\n<meta name=\"robots\" content=\"index, follow, max-snippet:-1, max-image-preview:large, max-video-preview:-1\" \/>\n<link rel=\"canonical\" href=\"https:\/\/www.istitutogalanteoliva.it\/magazine\/2021\/07\/03\/salerno-ritorna-la-notte-dei-barbuti\/\" \/>\n<meta property=\"og:locale\" content=\"it_IT\" \/>\n<meta property=\"og:type\" content=\"article\" \/>\n<meta property=\"og:title\" content=\"Salerno, ritorna \u201cLa notte dei barbuti\u201d - Polis SA Magazine\" \/>\n<meta property=\"og:description\" content=\"Al via la XXXVI rassegna di \u201cTeatro dei barbuti\u201d il premio Natella a Gianluca Foresi\" \/>\n<meta property=\"og:url\" content=\"https:\/\/www.istitutogalanteoliva.it\/magazine\/2021\/07\/03\/salerno-ritorna-la-notte-dei-barbuti\/\" \/>\n<meta property=\"og:site_name\" content=\"Polis SA Magazine\" \/>\n<meta property=\"article:publisher\" content=\"https:\/\/www.facebook.com\/PolisSAMagazine\/\" \/>\n<meta property=\"article:published_time\" content=\"2021-07-03T06:08:00+00:00\" \/>\n<meta property=\"article:modified_time\" content=\"2021-07-02T13:57:08+00:00\" \/>\n<meta property=\"og:image\" content=\"https:\/\/www.istitutogalanteoliva.it\/magazine\/wp-content\/uploads\/2021\/07\/GIANLUCA-FORESI.jpg\" \/>\n\t<meta property=\"og:image:width\" content=\"640\" \/>\n\t<meta property=\"og:image:height\" content=\"380\" \/>\n\t<meta property=\"og:image:type\" content=\"image\/jpeg\" \/>\n<meta name=\"author\" content=\"Antonello Rivano\" \/>\n<meta name=\"twitter:card\" content=\"summary_large_image\" \/>\n<meta name=\"twitter:creator\" content=\"@MagazinePolis\" \/>\n<meta name=\"twitter:site\" content=\"@MagazinePolis\" \/>\n<meta name=\"twitter:label1\" content=\"Scritto da\" \/>\n\t<meta name=\"twitter:data1\" content=\"Antonello Rivano\" \/>\n\t<meta name=\"twitter:label2\" content=\"Tempo di lettura stimato\" \/>\n\t<meta name=\"twitter:data2\" content=\"6 minuti\" \/>\n<script type=\"application\/ld+json\" class=\"yoast-schema-graph\">{\"@context\":\"https:\/\/schema.org\",\"@graph\":[{\"@type\":\"Article\",\"@id\":\"https:\/\/www.istitutogalanteoliva.it\/magazine\/2021\/07\/03\/salerno-ritorna-la-notte-dei-barbuti\/#article\",\"isPartOf\":{\"@id\":\"https:\/\/www.istitutogalanteoliva.it\/magazine\/2021\/07\/03\/salerno-ritorna-la-notte-dei-barbuti\/\"},\"author\":{\"name\":\"Antonello Rivano\",\"@id\":\"https:\/\/www.istitutogalanteoliva.it\/magazine\/#\/schema\/person\/d8b8aa79cfe8babc1df9da3212a7c0c4\"},\"headline\":\"Salerno, ritorna \u201cLa notte dei barbuti\u201d\",\"datePublished\":\"2021-07-03T06:08:00+00:00\",\"dateModified\":\"2021-07-02T13:57:08+00:00\",\"mainEntityOfPage\":{\"@id\":\"https:\/\/www.istitutogalanteoliva.it\/magazine\/2021\/07\/03\/salerno-ritorna-la-notte-dei-barbuti\/\"},\"wordCount\":1283,\"commentCount\":0,\"publisher\":{\"@id\":\"https:\/\/www.istitutogalanteoliva.it\/magazine\/#organization\"},\"image\":{\"@id\":\"https:\/\/www.istitutogalanteoliva.it\/magazine\/2021\/07\/03\/salerno-ritorna-la-notte-dei-barbuti\/#primaryimage\"},\"thumbnailUrl\":\"https:\/\/www.istitutogalanteoliva.it\/magazine\/wp-content\/uploads\/2021\/07\/GIANLUCA-FORESI.jpg\",\"keywords\":[\"barbuti festival\",\"salerno\",\"teatro\",\"teatro dei barbuti\"],\"articleSection\":[\"2021\",\"Arte e Spettacolo\"],\"inLanguage\":\"it-IT\",\"potentialAction\":[{\"@type\":\"CommentAction\",\"name\":\"Comment\",\"target\":[\"https:\/\/www.istitutogalanteoliva.it\/magazine\/2021\/07\/03\/salerno-ritorna-la-notte-dei-barbuti\/#respond\"]}]},{\"@type\":\"WebPage\",\"@id\":\"https:\/\/www.istitutogalanteoliva.it\/magazine\/2021\/07\/03\/salerno-ritorna-la-notte-dei-barbuti\/\",\"url\":\"https:\/\/www.istitutogalanteoliva.it\/magazine\/2021\/07\/03\/salerno-ritorna-la-notte-dei-barbuti\/\",\"name\":\"Salerno, ritorna \u201cLa notte dei barbuti\u201d - Polis SA Magazine\",\"isPartOf\":{\"@id\":\"https:\/\/www.istitutogalanteoliva.it\/magazine\/#website\"},\"primaryImageOfPage\":{\"@id\":\"https:\/\/www.istitutogalanteoliva.it\/magazine\/2021\/07\/03\/salerno-ritorna-la-notte-dei-barbuti\/#primaryimage\"},\"image\":{\"@id\":\"https:\/\/www.istitutogalanteoliva.it\/magazine\/2021\/07\/03\/salerno-ritorna-la-notte-dei-barbuti\/#primaryimage\"},\"thumbnailUrl\":\"https:\/\/www.istitutogalanteoliva.it\/magazine\/wp-content\/uploads\/2021\/07\/GIANLUCA-FORESI.jpg\",\"datePublished\":\"2021-07-03T06:08:00+00:00\",\"dateModified\":\"2021-07-02T13:57:08+00:00\",\"description\":\"Al via la XXXVI rassegna di \u201cTeatro dei barbuti\u201d il premio Natella a Gianluca Foresi\",\"breadcrumb\":{\"@id\":\"https:\/\/www.istitutogalanteoliva.it\/magazine\/2021\/07\/03\/salerno-ritorna-la-notte-dei-barbuti\/#breadcrumb\"},\"inLanguage\":\"it-IT\",\"potentialAction\":[{\"@type\":\"ReadAction\",\"target\":[\"https:\/\/www.istitutogalanteoliva.it\/magazine\/2021\/07\/03\/salerno-ritorna-la-notte-dei-barbuti\/\"]}]},{\"@type\":\"ImageObject\",\"inLanguage\":\"it-IT\",\"@id\":\"https:\/\/www.istitutogalanteoliva.it\/magazine\/2021\/07\/03\/salerno-ritorna-la-notte-dei-barbuti\/#primaryimage\",\"url\":\"https:\/\/www.istitutogalanteoliva.it\/magazine\/wp-content\/uploads\/2021\/07\/GIANLUCA-FORESI.jpg\",\"contentUrl\":\"https:\/\/www.istitutogalanteoliva.it\/magazine\/wp-content\/uploads\/2021\/07\/GIANLUCA-FORESI.jpg\",\"width\":640,\"height\":380,\"caption\":\"Gianluca Foresi\"},{\"@type\":\"BreadcrumbList\",\"@id\":\"https:\/\/www.istitutogalanteoliva.it\/magazine\/2021\/07\/03\/salerno-ritorna-la-notte-dei-barbuti\/#breadcrumb\",\"itemListElement\":[{\"@type\":\"ListItem\",\"position\":1,\"name\":\"Home\",\"item\":\"https:\/\/www.istitutogalanteoliva.it\/magazine\/\"},{\"@type\":\"ListItem\",\"position\":2,\"name\":\"Salerno, ritorna \u201cLa notte dei barbuti\u201d\"}]},{\"@type\":\"WebSite\",\"@id\":\"https:\/\/www.istitutogalanteoliva.it\/magazine\/#website\",\"url\":\"https:\/\/www.istitutogalanteoliva.it\/magazine\/\",\"name\":\"POLIS SA MAGAZINE\",\"description\":\"Informazione e approfondimenti\",\"publisher\":{\"@id\":\"https:\/\/www.istitutogalanteoliva.it\/magazine\/#organization\"},\"potentialAction\":[{\"@type\":\"SearchAction\",\"target\":{\"@type\":\"EntryPoint\",\"urlTemplate\":\"https:\/\/www.istitutogalanteoliva.it\/magazine\/?s={search_term_string}\"},\"query-input\":{\"@type\":\"PropertyValueSpecification\",\"valueRequired\":true,\"valueName\":\"search_term_string\"}}],\"inLanguage\":\"it-IT\"},{\"@type\":\"Organization\",\"@id\":\"https:\/\/www.istitutogalanteoliva.it\/magazine\/#organization\",\"name\":\"Polis SA Magazine\",\"url\":\"https:\/\/www.istitutogalanteoliva.it\/magazine\/\",\"logo\":{\"@type\":\"ImageObject\",\"inLanguage\":\"it-IT\",\"@id\":\"https:\/\/www.istitutogalanteoliva.it\/magazine\/#\/schema\/logo\/image\/\",\"url\":\"\",\"contentUrl\":\"\",\"caption\":\"Polis SA Magazine\"},\"image\":{\"@id\":\"https:\/\/www.istitutogalanteoliva.it\/magazine\/#\/schema\/logo\/image\/\"},\"sameAs\":[\"https:\/\/www.facebook.com\/PolisSAMagazine\/\",\"https:\/\/x.com\/MagazinePolis\",\"https:\/\/www.youtube.com\/channel\/UCv0Mr5AHKUmsc0sEEXkJrgw\"]},{\"@type\":\"Person\",\"@id\":\"https:\/\/www.istitutogalanteoliva.it\/magazine\/#\/schema\/person\/d8b8aa79cfe8babc1df9da3212a7c0c4\",\"name\":\"Antonello Rivano\",\"image\":{\"@type\":\"ImageObject\",\"inLanguage\":\"it-IT\",\"@id\":\"https:\/\/www.istitutogalanteoliva.it\/magazine\/#\/schema\/person\/image\/\",\"url\":\"https:\/\/secure.gravatar.com\/avatar\/517a9a6487a7a18ecc4ce6d2e57a8f40?s=96&d=mm&r=g\",\"contentUrl\":\"https:\/\/secure.gravatar.com\/avatar\/517a9a6487a7a18ecc4ce6d2e57a8f40?s=96&d=mm&r=g\",\"caption\":\"Antonello Rivano\"},\"url\":\"https:\/\/www.istitutogalanteoliva.it\/magazine\/author\/antonello\/\"}]}<\/script>\n<!-- \/ Yoast SEO plugin. -->","yoast_head_json":{"title":"Salerno, ritorna \u201cLa notte dei barbuti\u201d - Polis SA Magazine","description":"Al via la XXXVI rassegna di \u201cTeatro dei barbuti\u201d il premio Natella a Gianluca Foresi","robots":{"index":"index","follow":"follow","max-snippet":"max-snippet:-1","max-image-preview":"max-image-preview:large","max-video-preview":"max-video-preview:-1"},"canonical":"https:\/\/www.istitutogalanteoliva.it\/magazine\/2021\/07\/03\/salerno-ritorna-la-notte-dei-barbuti\/","og_locale":"it_IT","og_type":"article","og_title":"Salerno, ritorna \u201cLa notte dei barbuti\u201d - Polis SA Magazine","og_description":"Al via la XXXVI rassegna di \u201cTeatro dei barbuti\u201d il premio Natella a Gianluca Foresi","og_url":"https:\/\/www.istitutogalanteoliva.it\/magazine\/2021\/07\/03\/salerno-ritorna-la-notte-dei-barbuti\/","og_site_name":"Polis SA Magazine","article_publisher":"https:\/\/www.facebook.com\/PolisSAMagazine\/","article_published_time":"2021-07-03T06:08:00+00:00","article_modified_time":"2021-07-02T13:57:08+00:00","og_image":[{"width":640,"height":380,"url":"https:\/\/www.istitutogalanteoliva.it\/magazine\/wp-content\/uploads\/2021\/07\/GIANLUCA-FORESI.jpg","type":"image\/jpeg"}],"author":"Antonello Rivano","twitter_card":"summary_large_image","twitter_creator":"@MagazinePolis","twitter_site":"@MagazinePolis","twitter_misc":{"Scritto da":"Antonello Rivano","Tempo di lettura stimato":"6 minuti"},"schema":{"@context":"https:\/\/schema.org","@graph":[{"@type":"Article","@id":"https:\/\/www.istitutogalanteoliva.it\/magazine\/2021\/07\/03\/salerno-ritorna-la-notte-dei-barbuti\/#article","isPartOf":{"@id":"https:\/\/www.istitutogalanteoliva.it\/magazine\/2021\/07\/03\/salerno-ritorna-la-notte-dei-barbuti\/"},"author":{"name":"Antonello Rivano","@id":"https:\/\/www.istitutogalanteoliva.it\/magazine\/#\/schema\/person\/d8b8aa79cfe8babc1df9da3212a7c0c4"},"headline":"Salerno, ritorna \u201cLa notte dei barbuti\u201d","datePublished":"2021-07-03T06:08:00+00:00","dateModified":"2021-07-02T13:57:08+00:00","mainEntityOfPage":{"@id":"https:\/\/www.istitutogalanteoliva.it\/magazine\/2021\/07\/03\/salerno-ritorna-la-notte-dei-barbuti\/"},"wordCount":1283,"commentCount":0,"publisher":{"@id":"https:\/\/www.istitutogalanteoliva.it\/magazine\/#organization"},"image":{"@id":"https:\/\/www.istitutogalanteoliva.it\/magazine\/2021\/07\/03\/salerno-ritorna-la-notte-dei-barbuti\/#primaryimage"},"thumbnailUrl":"https:\/\/www.istitutogalanteoliva.it\/magazine\/wp-content\/uploads\/2021\/07\/GIANLUCA-FORESI.jpg","keywords":["barbuti festival","salerno","teatro","teatro dei barbuti"],"articleSection":["2021","Arte e Spettacolo"],"inLanguage":"it-IT","potentialAction":[{"@type":"CommentAction","name":"Comment","target":["https:\/\/www.istitutogalanteoliva.it\/magazine\/2021\/07\/03\/salerno-ritorna-la-notte-dei-barbuti\/#respond"]}]},{"@type":"WebPage","@id":"https:\/\/www.istitutogalanteoliva.it\/magazine\/2021\/07\/03\/salerno-ritorna-la-notte-dei-barbuti\/","url":"https:\/\/www.istitutogalanteoliva.it\/magazine\/2021\/07\/03\/salerno-ritorna-la-notte-dei-barbuti\/","name":"Salerno, ritorna \u201cLa notte dei barbuti\u201d - Polis SA Magazine","isPartOf":{"@id":"https:\/\/www.istitutogalanteoliva.it\/magazine\/#website"},"primaryImageOfPage":{"@id":"https:\/\/www.istitutogalanteoliva.it\/magazine\/2021\/07\/03\/salerno-ritorna-la-notte-dei-barbuti\/#primaryimage"},"image":{"@id":"https:\/\/www.istitutogalanteoliva.it\/magazine\/2021\/07\/03\/salerno-ritorna-la-notte-dei-barbuti\/#primaryimage"},"thumbnailUrl":"https:\/\/www.istitutogalanteoliva.it\/magazine\/wp-content\/uploads\/2021\/07\/GIANLUCA-FORESI.jpg","datePublished":"2021-07-03T06:08:00+00:00","dateModified":"2021-07-02T13:57:08+00:00","description":"Al via la XXXVI rassegna di \u201cTeatro dei barbuti\u201d il premio Natella a Gianluca Foresi","breadcrumb":{"@id":"https:\/\/www.istitutogalanteoliva.it\/magazine\/2021\/07\/03\/salerno-ritorna-la-notte-dei-barbuti\/#breadcrumb"},"inLanguage":"it-IT","potentialAction":[{"@type":"ReadAction","target":["https:\/\/www.istitutogalanteoliva.it\/magazine\/2021\/07\/03\/salerno-ritorna-la-notte-dei-barbuti\/"]}]},{"@type":"ImageObject","inLanguage":"it-IT","@id":"https:\/\/www.istitutogalanteoliva.it\/magazine\/2021\/07\/03\/salerno-ritorna-la-notte-dei-barbuti\/#primaryimage","url":"https:\/\/www.istitutogalanteoliva.it\/magazine\/wp-content\/uploads\/2021\/07\/GIANLUCA-FORESI.jpg","contentUrl":"https:\/\/www.istitutogalanteoliva.it\/magazine\/wp-content\/uploads\/2021\/07\/GIANLUCA-FORESI.jpg","width":640,"height":380,"caption":"Gianluca Foresi"},{"@type":"BreadcrumbList","@id":"https:\/\/www.istitutogalanteoliva.it\/magazine\/2021\/07\/03\/salerno-ritorna-la-notte-dei-barbuti\/#breadcrumb","itemListElement":[{"@type":"ListItem","position":1,"name":"Home","item":"https:\/\/www.istitutogalanteoliva.it\/magazine\/"},{"@type":"ListItem","position":2,"name":"Salerno, ritorna \u201cLa notte dei barbuti\u201d"}]},{"@type":"WebSite","@id":"https:\/\/www.istitutogalanteoliva.it\/magazine\/#website","url":"https:\/\/www.istitutogalanteoliva.it\/magazine\/","name":"POLIS SA MAGAZINE","description":"Informazione e approfondimenti","publisher":{"@id":"https:\/\/www.istitutogalanteoliva.it\/magazine\/#organization"},"potentialAction":[{"@type":"SearchAction","target":{"@type":"EntryPoint","urlTemplate":"https:\/\/www.istitutogalanteoliva.it\/magazine\/?s={search_term_string}"},"query-input":{"@type":"PropertyValueSpecification","valueRequired":true,"valueName":"search_term_string"}}],"inLanguage":"it-IT"},{"@type":"Organization","@id":"https:\/\/www.istitutogalanteoliva.it\/magazine\/#organization","name":"Polis SA Magazine","url":"https:\/\/www.istitutogalanteoliva.it\/magazine\/","logo":{"@type":"ImageObject","inLanguage":"it-IT","@id":"https:\/\/www.istitutogalanteoliva.it\/magazine\/#\/schema\/logo\/image\/","url":"","contentUrl":"","caption":"Polis SA Magazine"},"image":{"@id":"https:\/\/www.istitutogalanteoliva.it\/magazine\/#\/schema\/logo\/image\/"},"sameAs":["https:\/\/www.facebook.com\/PolisSAMagazine\/","https:\/\/x.com\/MagazinePolis","https:\/\/www.youtube.com\/channel\/UCv0Mr5AHKUmsc0sEEXkJrgw"]},{"@type":"Person","@id":"https:\/\/www.istitutogalanteoliva.it\/magazine\/#\/schema\/person\/d8b8aa79cfe8babc1df9da3212a7c0c4","name":"Antonello Rivano","image":{"@type":"ImageObject","inLanguage":"it-IT","@id":"https:\/\/www.istitutogalanteoliva.it\/magazine\/#\/schema\/person\/image\/","url":"https:\/\/secure.gravatar.com\/avatar\/517a9a6487a7a18ecc4ce6d2e57a8f40?s=96&d=mm&r=g","contentUrl":"https:\/\/secure.gravatar.com\/avatar\/517a9a6487a7a18ecc4ce6d2e57a8f40?s=96&d=mm&r=g","caption":"Antonello Rivano"},"url":"https:\/\/www.istitutogalanteoliva.it\/magazine\/author\/antonello\/"}]}},"_links":{"self":[{"href":"https:\/\/www.istitutogalanteoliva.it\/magazine\/wp-json\/wp\/v2\/posts\/8434","targetHints":{"allow":["GET"]}}],"collection":[{"href":"https:\/\/www.istitutogalanteoliva.it\/magazine\/wp-json\/wp\/v2\/posts"}],"about":[{"href":"https:\/\/www.istitutogalanteoliva.it\/magazine\/wp-json\/wp\/v2\/types\/post"}],"author":[{"embeddable":true,"href":"https:\/\/www.istitutogalanteoliva.it\/magazine\/wp-json\/wp\/v2\/users\/2"}],"replies":[{"embeddable":true,"href":"https:\/\/www.istitutogalanteoliva.it\/magazine\/wp-json\/wp\/v2\/comments?post=8434"}],"version-history":[{"count":2,"href":"https:\/\/www.istitutogalanteoliva.it\/magazine\/wp-json\/wp\/v2\/posts\/8434\/revisions"}],"predecessor-version":[{"id":8443,"href":"https:\/\/www.istitutogalanteoliva.it\/magazine\/wp-json\/wp\/v2\/posts\/8434\/revisions\/8443"}],"wp:featuredmedia":[{"embeddable":true,"href":"https:\/\/www.istitutogalanteoliva.it\/magazine\/wp-json\/wp\/v2\/media\/8437"}],"wp:attachment":[{"href":"https:\/\/www.istitutogalanteoliva.it\/magazine\/wp-json\/wp\/v2\/media?parent=8434"}],"wp:term":[{"taxonomy":"category","embeddable":true,"href":"https:\/\/www.istitutogalanteoliva.it\/magazine\/wp-json\/wp\/v2\/categories?post=8434"},{"taxonomy":"post_tag","embeddable":true,"href":"https:\/\/www.istitutogalanteoliva.it\/magazine\/wp-json\/wp\/v2\/tags?post=8434"}],"curies":[{"name":"wp","href":"https:\/\/api.w.org\/{rel}","templated":true}]}}