{"id":8497,"date":"2021-07-08T08:00:00","date_gmt":"2021-07-08T06:00:00","guid":{"rendered":"https:\/\/www.istitutogalanteoliva.it\/magazine\/?p=8497"},"modified":"2021-07-07T17:54:54","modified_gmt":"2021-07-07T15:54:54","slug":"viva-litalia","status":"publish","type":"post","link":"https:\/\/www.istitutogalanteoliva.it\/magazine\/2021\/07\/08\/viva-litalia\/","title":{"rendered":"Viva l&#8217;Italia!!!"},"content":{"rendered":"\n<h4 class=\"wp-block-heading\">Ci riscopriamo &#8220;italiani&#8221;, con quell&#8217;inno cantato a squarciagola. Ci riabbracciamo, dopo il rigore segnato dal &#8220;brasiliano&#8221;, come se fosse una scusa per poterlo fare di nuovo.<\/h4>\n\n\n\n<p><strong><em>di Corto Maltese<\/em><\/strong><\/p>\n\n\n\n<p class=\"has-drop-cap\">Perch\u00e9 in fondo noi siamo fatti cos\u00ec, siamo esseri semplici e ci basta poco per essere felici, bastano ventidue, in mutande, che corrono dietro una palla, e se undici di questi indossano una maglia azzurra ci ricordiamo anche di essere italiani.<\/p>\n\n\n\n<p> Ci eravamo gi\u00e0 dimenticati di quel motivo che nel nome porta la fratellanza: &#8220;<strong>Fratelli d&#8217;Italia<\/strong>&#8220;. In fondo ci ricordava solo il nome di una formazione politica. Eppure lo avevamo anche cantato&#8230;affacciati ai balconi, durante il primo lockdown, quando pensavamo che da li a poco sarebbe andato &#8220;tutto bene&#8221;, che ne saremmo usciti &#8220;migliori &#8220;, per poi scoprire che non era per niente vero. <\/p>\n\n\n\n<p>Lo avevamo dimenticato, come quei giorni, come le promesse che ognuno di noi aveva fatto a se stesso. Lo abbiamo riscoperto durante le partite della &#8220;nostra&#8221; nazionale, cantato forse come una liberazione, come se in fondo tutto quello che ci mancava era l\u00ec, dentro quel rettangolo verde.<\/p>\n\n\n\n<p>Siamo esseri semplici noi italiani, ci basta poco per dimenticare i morti, la crisi, i disoccupati e i poveri: vecchi e nuovi. Ci basta poco per dimenticare che abbiamo un mercato del lavoro inadatto ai tempi e con sempre meno garanzie; che le fratture sociali si fanno sempre pi\u00f9 profonde, che abbiamo una classe politica formata perlopi\u00f9 da &#8220;quaquaraqu\u00e0&#8221;. Che la Pandemia frena ma non \u00e8 finita.<\/p>\n\n\n\n<figure class=\"wp-block-image size-large is-resized\"><img loading=\"lazy\" decoding=\"async\" src=\"https:\/\/www.istitutogalanteoliva.it\/magazine\/wp-content\/uploads\/2021\/07\/6046521_0011_euro2020_italia_-1024x562.jpg\" alt=\"\" class=\"wp-image-8498\" width=\"512\" height=\"281\" srcset=\"https:\/\/www.istitutogalanteoliva.it\/magazine\/wp-content\/uploads\/2021\/07\/6046521_0011_euro2020_italia_-1024x562.jpg 1024w, https:\/\/www.istitutogalanteoliva.it\/magazine\/wp-content\/uploads\/2021\/07\/6046521_0011_euro2020_italia_-300x165.jpg 300w, https:\/\/www.istitutogalanteoliva.it\/magazine\/wp-content\/uploads\/2021\/07\/6046521_0011_euro2020_italia_-768x421.jpg 768w, https:\/\/www.istitutogalanteoliva.it\/magazine\/wp-content\/uploads\/2021\/07\/6046521_0011_euro2020_italia_.jpg 1280w\" sizes=\"auto, (max-width: 512px) 100vw, 512px\" \/><figcaption><strong><sup>I festeggiamenti dopo Italia-Spagna (fonte ilmessaggero.it)<\/sup><\/strong><\/figcaption><\/figure>\n\n\n\n<p> E mentre sono ancora vietate le processioni dei cattolici \u00e8 permesso invece di assembrarsi in nome del &#8220;dio calcio&#8221;, per vedere, e adorare, chi per officiare quella religione, guadagna in un anno, a volte in un mese, pi\u00f9 di quanto possa fare un &#8220;comune mortale&#8221; in una, spesso pi\u00f9 di una, vita. <\/p>\n\n\n\n<p>Siamo fatti cos\u00ec da sempre: &#8220;<strong>panem et\u00a0circenses<\/strong>&#8221; anche se il pane molte volte \u00e8 finito prima del previsto.<\/p>\n\n\n\n<p>Che poi finisce sempre cosi, con noi italiani, ci basta poco, basta la vittoria durante una partita di calcio e dimentichiamo torti, dolori, promesse non mantenute. Del resto forse \u00e8 meglio cosi perch\u00e8 :<br>&#8220;<em>&#8230;sempre allegri bisogna stare<br>Che il nostro piangere fa male al re<br>Fa male al ricco e al cardinale<br>Diventan tristi se noi piangiam<\/em>&#8220;<br><sup><sub><strong>(Ho visto un re-E.Jannacci)<\/strong><\/sub><\/sup><\/p>\n\n\n\n<p> Riprendo il mio viaggio, mentre il tricolore sventola sull&#8217; albero pi\u00f9 alto della mia barca. L&#8217;antenna satellitare \u00e8 l\u00ec, pronta a ricevere le immagini della finale di domenica. Canter\u00f2 forte la canzone degli italiani, anche se ad ascoltarmi ci sar\u00e0 solo qualche perplesso gabbiano, e quando la palla gonfier\u00e0 la rete, sperando non sia la nostra, grider\u00f2, con quando fiato avr\u00f2 in gola: <strong>Viva l&#8217;Italia!!!<\/strong><\/p>\n\n\n\n<figure class=\"wp-block-image size-full is-resized\"><img loading=\"lazy\" decoding=\"async\" width=\"700\" height=\"200\" src=\"https:\/\/www.istitutogalanteoliva.it\/magazine\/wp-content\/uploads\/2021\/04\/Corto-Maltese-1.png\" alt=\"\" class=\"wp-image-18748\" style=\"width:267px;height:auto\" srcset=\"https:\/\/www.istitutogalanteoliva.it\/magazine\/wp-content\/uploads\/2021\/04\/Corto-Maltese-1.png 700w, https:\/\/www.istitutogalanteoliva.it\/magazine\/wp-content\/uploads\/2021\/04\/Corto-Maltese-1-300x86.png 300w\" sizes=\"auto, (max-width: 700px) 100vw, 700px\" \/><figcaption class=\"wp-element-caption\"><em><mark style=\"background-color:rgba(0, 0, 0, 0)\" class=\"has-inline-color has-vivid-red-color\">.<\/mark><\/em>                                                                        *****<br> \ud83d\udd8b\ufe0f <em>Ho scelto di firmare come Corto Maltese perch\u00e9, come lui, credo che il viaggio non sia una fuga, ma un modo di restare fedeli a s\u00e9 stessi anche quando il mondo cambia rotta.<\/em> <em>Corto Maltese racchiude il viaggio come destino e libert\u00e0, il silenzio come compagno e il mistero come compasso. \u00c8 l\u2019eco di chi cerca il mondo senza volerlo possedere, e l\u2019ombra di chi sogna il mare anche quando non lo vede<\/em><br><em>Il mio vero nome non importa. In fondo, cosa \u00e8 un nome se non una sequenza di lettere scelta da altri, un\u2019etichetta che il tempo scolora?<\/em><\/figcaption><\/figure>\n\n\n\n<p><a href=\"https:\/\/www.istitutogalanteoliva.it\/magazine\/?s=corto+maltese\" target=\"_blank\" rel=\"noreferrer noopener\"><\/a><\/p>\n<div class=\"pdfprnt-buttons pdfprnt-buttons-post pdfprnt-bottom-left\"><a href=\"https:\/\/www.istitutogalanteoliva.it\/magazine\/wp-json\/wp\/v2\/posts\/8497?print=print\" class=\"pdfprnt-button pdfprnt-button-print\" target=\"_blank\"><img decoding=\"async\" src=\"https:\/\/www.istitutogalanteoliva.it\/magazine\/wp-content\/plugins\/pdf-print\/images\/print.png\" alt=\"image_print\" title=\"Stampa contenuto\" \/><span class=\"pdfprnt-button-title pdfprnt-button-print-title\">Download in PDF<\/span><\/a><\/div>","protected":false},"excerpt":{"rendered":"<p>Ci eravamo gi\u00e0 dimenticati di quel motivo che nel nome porta la faratellanza: Fratelli d&#8217;Italia<\/p>\n","protected":false},"author":2,"featured_media":8499,"comment_status":"open","ping_status":"open","sticky":true,"template":"","format":"standard","meta":{"footnotes":""},"categories":[148,15],"tags":[138],"class_list":["post-8497","post","type-post","status-publish","format-standard","has-post-thumbnail","hentry","category-148","category-opinioni","tag-calcio"],"yoast_head":"<!-- This site is optimized with the Yoast SEO plugin v24.2 - https:\/\/yoast.com\/wordpress\/plugins\/seo\/ -->\n<title>Viva l&#039;Italia!!! - Polis SA Magazine<\/title>\n<meta name=\"description\" content=\"Ci eravamo gi\u00e0 dimenticati di quel motivo che nel nome porta la faratellanza: Fratelli d&#039;Italia\" \/>\n<meta name=\"robots\" content=\"index, follow, max-snippet:-1, max-image-preview:large, max-video-preview:-1\" \/>\n<link rel=\"canonical\" href=\"https:\/\/www.istitutogalanteoliva.it\/magazine\/2021\/07\/08\/viva-litalia\/\" \/>\n<meta property=\"og:locale\" content=\"it_IT\" \/>\n<meta property=\"og:type\" content=\"article\" \/>\n<meta property=\"og:title\" content=\"Viva l&#039;Italia!!! - Polis SA Magazine\" \/>\n<meta property=\"og:description\" content=\"Ci eravamo gi\u00e0 dimenticati di quel motivo che nel nome porta la faratellanza: Fratelli d&#039;Italia\" \/>\n<meta property=\"og:url\" content=\"https:\/\/www.istitutogalanteoliva.it\/magazine\/2021\/07\/08\/viva-litalia\/\" \/>\n<meta property=\"og:site_name\" content=\"Polis SA Magazine\" \/>\n<meta property=\"article:publisher\" content=\"https:\/\/www.facebook.com\/PolisSAMagazine\/\" \/>\n<meta property=\"article:published_time\" content=\"2021-07-08T06:00:00+00:00\" \/>\n<meta property=\"article:modified_time\" content=\"2021-07-07T15:54:54+00:00\" \/>\n<meta property=\"og:image\" content=\"https:\/\/www.istitutogalanteoliva.it\/magazine\/wp-content\/uploads\/2021\/07\/download-8.jpg\" \/>\n\t<meta property=\"og:image:width\" content=\"640\" \/>\n\t<meta property=\"og:image:height\" content=\"380\" \/>\n\t<meta property=\"og:image:type\" content=\"image\/jpeg\" \/>\n<meta name=\"author\" content=\"Antonello Rivano\" \/>\n<meta name=\"twitter:card\" content=\"summary_large_image\" \/>\n<meta name=\"twitter:creator\" content=\"@MagazinePolis\" \/>\n<meta name=\"twitter:site\" content=\"@MagazinePolis\" \/>\n<meta name=\"twitter:label1\" content=\"Scritto da\" \/>\n\t<meta name=\"twitter:data1\" content=\"Antonello Rivano\" \/>\n\t<meta name=\"twitter:label2\" content=\"Tempo di lettura stimato\" \/>\n\t<meta name=\"twitter:data2\" content=\"2 minuti\" \/>\n<script type=\"application\/ld+json\" class=\"yoast-schema-graph\">{\"@context\":\"https:\/\/schema.org\",\"@graph\":[{\"@type\":\"Article\",\"@id\":\"https:\/\/www.istitutogalanteoliva.it\/magazine\/2021\/07\/08\/viva-litalia\/#article\",\"isPartOf\":{\"@id\":\"https:\/\/www.istitutogalanteoliva.it\/magazine\/2021\/07\/08\/viva-litalia\/\"},\"author\":{\"name\":\"Antonello Rivano\",\"@id\":\"https:\/\/www.istitutogalanteoliva.it\/magazine\/#\/schema\/person\/d8b8aa79cfe8babc1df9da3212a7c0c4\"},\"headline\":\"Viva l&#8217;Italia!!!\",\"datePublished\":\"2021-07-08T06:00:00+00:00\",\"dateModified\":\"2021-07-07T15:54:54+00:00\",\"mainEntityOfPage\":{\"@id\":\"https:\/\/www.istitutogalanteoliva.it\/magazine\/2021\/07\/08\/viva-litalia\/\"},\"wordCount\":446,\"commentCount\":0,\"publisher\":{\"@id\":\"https:\/\/www.istitutogalanteoliva.it\/magazine\/#organization\"},\"image\":{\"@id\":\"https:\/\/www.istitutogalanteoliva.it\/magazine\/2021\/07\/08\/viva-litalia\/#primaryimage\"},\"thumbnailUrl\":\"https:\/\/www.istitutogalanteoliva.it\/magazine\/wp-content\/uploads\/2021\/07\/download-8.jpg\",\"keywords\":[\"Calcio\"],\"articleSection\":[\"2021\",\"Opinioni\"],\"inLanguage\":\"it-IT\",\"potentialAction\":[{\"@type\":\"CommentAction\",\"name\":\"Comment\",\"target\":[\"https:\/\/www.istitutogalanteoliva.it\/magazine\/2021\/07\/08\/viva-litalia\/#respond\"]}]},{\"@type\":\"WebPage\",\"@id\":\"https:\/\/www.istitutogalanteoliva.it\/magazine\/2021\/07\/08\/viva-litalia\/\",\"url\":\"https:\/\/www.istitutogalanteoliva.it\/magazine\/2021\/07\/08\/viva-litalia\/\",\"name\":\"Viva l'Italia!!! - Polis SA Magazine\",\"isPartOf\":{\"@id\":\"https:\/\/www.istitutogalanteoliva.it\/magazine\/#website\"},\"primaryImageOfPage\":{\"@id\":\"https:\/\/www.istitutogalanteoliva.it\/magazine\/2021\/07\/08\/viva-litalia\/#primaryimage\"},\"image\":{\"@id\":\"https:\/\/www.istitutogalanteoliva.it\/magazine\/2021\/07\/08\/viva-litalia\/#primaryimage\"},\"thumbnailUrl\":\"https:\/\/www.istitutogalanteoliva.it\/magazine\/wp-content\/uploads\/2021\/07\/download-8.jpg\",\"datePublished\":\"2021-07-08T06:00:00+00:00\",\"dateModified\":\"2021-07-07T15:54:54+00:00\",\"description\":\"Ci eravamo gi\u00e0 dimenticati di quel motivo che nel nome porta la faratellanza: Fratelli d'Italia\",\"breadcrumb\":{\"@id\":\"https:\/\/www.istitutogalanteoliva.it\/magazine\/2021\/07\/08\/viva-litalia\/#breadcrumb\"},\"inLanguage\":\"it-IT\",\"potentialAction\":[{\"@type\":\"ReadAction\",\"target\":[\"https:\/\/www.istitutogalanteoliva.it\/magazine\/2021\/07\/08\/viva-litalia\/\"]}]},{\"@type\":\"ImageObject\",\"inLanguage\":\"it-IT\",\"@id\":\"https:\/\/www.istitutogalanteoliva.it\/magazine\/2021\/07\/08\/viva-litalia\/#primaryimage\",\"url\":\"https:\/\/www.istitutogalanteoliva.it\/magazine\/wp-content\/uploads\/2021\/07\/download-8.jpg\",\"contentUrl\":\"https:\/\/www.istitutogalanteoliva.it\/magazine\/wp-content\/uploads\/2021\/07\/download-8.jpg\",\"width\":640,\"height\":380},{\"@type\":\"BreadcrumbList\",\"@id\":\"https:\/\/www.istitutogalanteoliva.it\/magazine\/2021\/07\/08\/viva-litalia\/#breadcrumb\",\"itemListElement\":[{\"@type\":\"ListItem\",\"position\":1,\"name\":\"Home\",\"item\":\"https:\/\/www.istitutogalanteoliva.it\/magazine\/\"},{\"@type\":\"ListItem\",\"position\":2,\"name\":\"Viva l&#8217;Italia!!!\"}]},{\"@type\":\"WebSite\",\"@id\":\"https:\/\/www.istitutogalanteoliva.it\/magazine\/#website\",\"url\":\"https:\/\/www.istitutogalanteoliva.it\/magazine\/\",\"name\":\"POLIS SA MAGAZINE\",\"description\":\"Informazione e approfondimenti\",\"publisher\":{\"@id\":\"https:\/\/www.istitutogalanteoliva.it\/magazine\/#organization\"},\"potentialAction\":[{\"@type\":\"SearchAction\",\"target\":{\"@type\":\"EntryPoint\",\"urlTemplate\":\"https:\/\/www.istitutogalanteoliva.it\/magazine\/?s={search_term_string}\"},\"query-input\":{\"@type\":\"PropertyValueSpecification\",\"valueRequired\":true,\"valueName\":\"search_term_string\"}}],\"inLanguage\":\"it-IT\"},{\"@type\":\"Organization\",\"@id\":\"https:\/\/www.istitutogalanteoliva.it\/magazine\/#organization\",\"name\":\"Polis SA Magazine\",\"url\":\"https:\/\/www.istitutogalanteoliva.it\/magazine\/\",\"logo\":{\"@type\":\"ImageObject\",\"inLanguage\":\"it-IT\",\"@id\":\"https:\/\/www.istitutogalanteoliva.it\/magazine\/#\/schema\/logo\/image\/\",\"url\":\"\",\"contentUrl\":\"\",\"caption\":\"Polis SA Magazine\"},\"image\":{\"@id\":\"https:\/\/www.istitutogalanteoliva.it\/magazine\/#\/schema\/logo\/image\/\"},\"sameAs\":[\"https:\/\/www.facebook.com\/PolisSAMagazine\/\",\"https:\/\/x.com\/MagazinePolis\",\"https:\/\/www.youtube.com\/channel\/UCv0Mr5AHKUmsc0sEEXkJrgw\"]},{\"@type\":\"Person\",\"@id\":\"https:\/\/www.istitutogalanteoliva.it\/magazine\/#\/schema\/person\/d8b8aa79cfe8babc1df9da3212a7c0c4\",\"name\":\"Antonello Rivano\",\"image\":{\"@type\":\"ImageObject\",\"inLanguage\":\"it-IT\",\"@id\":\"https:\/\/www.istitutogalanteoliva.it\/magazine\/#\/schema\/person\/image\/\",\"url\":\"https:\/\/secure.gravatar.com\/avatar\/517a9a6487a7a18ecc4ce6d2e57a8f40?s=96&d=mm&r=g\",\"contentUrl\":\"https:\/\/secure.gravatar.com\/avatar\/517a9a6487a7a18ecc4ce6d2e57a8f40?s=96&d=mm&r=g\",\"caption\":\"Antonello Rivano\"},\"url\":\"https:\/\/www.istitutogalanteoliva.it\/magazine\/author\/antonello\/\"}]}<\/script>\n<!-- \/ Yoast SEO plugin. -->","yoast_head_json":{"title":"Viva l'Italia!!! - Polis SA Magazine","description":"Ci eravamo gi\u00e0 dimenticati di quel motivo che nel nome porta la faratellanza: Fratelli d'Italia","robots":{"index":"index","follow":"follow","max-snippet":"max-snippet:-1","max-image-preview":"max-image-preview:large","max-video-preview":"max-video-preview:-1"},"canonical":"https:\/\/www.istitutogalanteoliva.it\/magazine\/2021\/07\/08\/viva-litalia\/","og_locale":"it_IT","og_type":"article","og_title":"Viva l'Italia!!! - Polis SA Magazine","og_description":"Ci eravamo gi\u00e0 dimenticati di quel motivo che nel nome porta la faratellanza: Fratelli d'Italia","og_url":"https:\/\/www.istitutogalanteoliva.it\/magazine\/2021\/07\/08\/viva-litalia\/","og_site_name":"Polis SA Magazine","article_publisher":"https:\/\/www.facebook.com\/PolisSAMagazine\/","article_published_time":"2021-07-08T06:00:00+00:00","article_modified_time":"2021-07-07T15:54:54+00:00","og_image":[{"width":640,"height":380,"url":"https:\/\/www.istitutogalanteoliva.it\/magazine\/wp-content\/uploads\/2021\/07\/download-8.jpg","type":"image\/jpeg"}],"author":"Antonello Rivano","twitter_card":"summary_large_image","twitter_creator":"@MagazinePolis","twitter_site":"@MagazinePolis","twitter_misc":{"Scritto da":"Antonello Rivano","Tempo di lettura stimato":"2 minuti"},"schema":{"@context":"https:\/\/schema.org","@graph":[{"@type":"Article","@id":"https:\/\/www.istitutogalanteoliva.it\/magazine\/2021\/07\/08\/viva-litalia\/#article","isPartOf":{"@id":"https:\/\/www.istitutogalanteoliva.it\/magazine\/2021\/07\/08\/viva-litalia\/"},"author":{"name":"Antonello Rivano","@id":"https:\/\/www.istitutogalanteoliva.it\/magazine\/#\/schema\/person\/d8b8aa79cfe8babc1df9da3212a7c0c4"},"headline":"Viva l&#8217;Italia!!!","datePublished":"2021-07-08T06:00:00+00:00","dateModified":"2021-07-07T15:54:54+00:00","mainEntityOfPage":{"@id":"https:\/\/www.istitutogalanteoliva.it\/magazine\/2021\/07\/08\/viva-litalia\/"},"wordCount":446,"commentCount":0,"publisher":{"@id":"https:\/\/www.istitutogalanteoliva.it\/magazine\/#organization"},"image":{"@id":"https:\/\/www.istitutogalanteoliva.it\/magazine\/2021\/07\/08\/viva-litalia\/#primaryimage"},"thumbnailUrl":"https:\/\/www.istitutogalanteoliva.it\/magazine\/wp-content\/uploads\/2021\/07\/download-8.jpg","keywords":["Calcio"],"articleSection":["2021","Opinioni"],"inLanguage":"it-IT","potentialAction":[{"@type":"CommentAction","name":"Comment","target":["https:\/\/www.istitutogalanteoliva.it\/magazine\/2021\/07\/08\/viva-litalia\/#respond"]}]},{"@type":"WebPage","@id":"https:\/\/www.istitutogalanteoliva.it\/magazine\/2021\/07\/08\/viva-litalia\/","url":"https:\/\/www.istitutogalanteoliva.it\/magazine\/2021\/07\/08\/viva-litalia\/","name":"Viva l'Italia!!! - Polis SA Magazine","isPartOf":{"@id":"https:\/\/www.istitutogalanteoliva.it\/magazine\/#website"},"primaryImageOfPage":{"@id":"https:\/\/www.istitutogalanteoliva.it\/magazine\/2021\/07\/08\/viva-litalia\/#primaryimage"},"image":{"@id":"https:\/\/www.istitutogalanteoliva.it\/magazine\/2021\/07\/08\/viva-litalia\/#primaryimage"},"thumbnailUrl":"https:\/\/www.istitutogalanteoliva.it\/magazine\/wp-content\/uploads\/2021\/07\/download-8.jpg","datePublished":"2021-07-08T06:00:00+00:00","dateModified":"2021-07-07T15:54:54+00:00","description":"Ci eravamo gi\u00e0 dimenticati di quel motivo che nel nome porta la faratellanza: Fratelli d'Italia","breadcrumb":{"@id":"https:\/\/www.istitutogalanteoliva.it\/magazine\/2021\/07\/08\/viva-litalia\/#breadcrumb"},"inLanguage":"it-IT","potentialAction":[{"@type":"ReadAction","target":["https:\/\/www.istitutogalanteoliva.it\/magazine\/2021\/07\/08\/viva-litalia\/"]}]},{"@type":"ImageObject","inLanguage":"it-IT","@id":"https:\/\/www.istitutogalanteoliva.it\/magazine\/2021\/07\/08\/viva-litalia\/#primaryimage","url":"https:\/\/www.istitutogalanteoliva.it\/magazine\/wp-content\/uploads\/2021\/07\/download-8.jpg","contentUrl":"https:\/\/www.istitutogalanteoliva.it\/magazine\/wp-content\/uploads\/2021\/07\/download-8.jpg","width":640,"height":380},{"@type":"BreadcrumbList","@id":"https:\/\/www.istitutogalanteoliva.it\/magazine\/2021\/07\/08\/viva-litalia\/#breadcrumb","itemListElement":[{"@type":"ListItem","position":1,"name":"Home","item":"https:\/\/www.istitutogalanteoliva.it\/magazine\/"},{"@type":"ListItem","position":2,"name":"Viva l&#8217;Italia!!!"}]},{"@type":"WebSite","@id":"https:\/\/www.istitutogalanteoliva.it\/magazine\/#website","url":"https:\/\/www.istitutogalanteoliva.it\/magazine\/","name":"POLIS SA MAGAZINE","description":"Informazione e approfondimenti","publisher":{"@id":"https:\/\/www.istitutogalanteoliva.it\/magazine\/#organization"},"potentialAction":[{"@type":"SearchAction","target":{"@type":"EntryPoint","urlTemplate":"https:\/\/www.istitutogalanteoliva.it\/magazine\/?s={search_term_string}"},"query-input":{"@type":"PropertyValueSpecification","valueRequired":true,"valueName":"search_term_string"}}],"inLanguage":"it-IT"},{"@type":"Organization","@id":"https:\/\/www.istitutogalanteoliva.it\/magazine\/#organization","name":"Polis SA Magazine","url":"https:\/\/www.istitutogalanteoliva.it\/magazine\/","logo":{"@type":"ImageObject","inLanguage":"it-IT","@id":"https:\/\/www.istitutogalanteoliva.it\/magazine\/#\/schema\/logo\/image\/","url":"","contentUrl":"","caption":"Polis SA Magazine"},"image":{"@id":"https:\/\/www.istitutogalanteoliva.it\/magazine\/#\/schema\/logo\/image\/"},"sameAs":["https:\/\/www.facebook.com\/PolisSAMagazine\/","https:\/\/x.com\/MagazinePolis","https:\/\/www.youtube.com\/channel\/UCv0Mr5AHKUmsc0sEEXkJrgw"]},{"@type":"Person","@id":"https:\/\/www.istitutogalanteoliva.it\/magazine\/#\/schema\/person\/d8b8aa79cfe8babc1df9da3212a7c0c4","name":"Antonello Rivano","image":{"@type":"ImageObject","inLanguage":"it-IT","@id":"https:\/\/www.istitutogalanteoliva.it\/magazine\/#\/schema\/person\/image\/","url":"https:\/\/secure.gravatar.com\/avatar\/517a9a6487a7a18ecc4ce6d2e57a8f40?s=96&d=mm&r=g","contentUrl":"https:\/\/secure.gravatar.com\/avatar\/517a9a6487a7a18ecc4ce6d2e57a8f40?s=96&d=mm&r=g","caption":"Antonello Rivano"},"url":"https:\/\/www.istitutogalanteoliva.it\/magazine\/author\/antonello\/"}]}},"_links":{"self":[{"href":"https:\/\/www.istitutogalanteoliva.it\/magazine\/wp-json\/wp\/v2\/posts\/8497","targetHints":{"allow":["GET"]}}],"collection":[{"href":"https:\/\/www.istitutogalanteoliva.it\/magazine\/wp-json\/wp\/v2\/posts"}],"about":[{"href":"https:\/\/www.istitutogalanteoliva.it\/magazine\/wp-json\/wp\/v2\/types\/post"}],"author":[{"embeddable":true,"href":"https:\/\/www.istitutogalanteoliva.it\/magazine\/wp-json\/wp\/v2\/users\/2"}],"replies":[{"embeddable":true,"href":"https:\/\/www.istitutogalanteoliva.it\/magazine\/wp-json\/wp\/v2\/comments?post=8497"}],"version-history":[{"count":3,"href":"https:\/\/www.istitutogalanteoliva.it\/magazine\/wp-json\/wp\/v2\/posts\/8497\/revisions"}],"predecessor-version":[{"id":8502,"href":"https:\/\/www.istitutogalanteoliva.it\/magazine\/wp-json\/wp\/v2\/posts\/8497\/revisions\/8502"}],"wp:featuredmedia":[{"embeddable":true,"href":"https:\/\/www.istitutogalanteoliva.it\/magazine\/wp-json\/wp\/v2\/media\/8499"}],"wp:attachment":[{"href":"https:\/\/www.istitutogalanteoliva.it\/magazine\/wp-json\/wp\/v2\/media?parent=8497"}],"wp:term":[{"taxonomy":"category","embeddable":true,"href":"https:\/\/www.istitutogalanteoliva.it\/magazine\/wp-json\/wp\/v2\/categories?post=8497"},{"taxonomy":"post_tag","embeddable":true,"href":"https:\/\/www.istitutogalanteoliva.it\/magazine\/wp-json\/wp\/v2\/tags?post=8497"}],"curies":[{"name":"wp","href":"https:\/\/api.w.org\/{rel}","templated":true}]}}