{"id":8504,"date":"2021-07-08T18:19:45","date_gmt":"2021-07-08T16:19:45","guid":{"rendered":"https:\/\/www.istitutogalanteoliva.it\/magazine\/?p=8504"},"modified":"2021-07-08T18:56:45","modified_gmt":"2021-07-08T16:56:45","slug":"il-presidente-pais-riceve-claudio-moica-delegato-regionale-unimri","status":"publish","type":"post","link":"https:\/\/www.istitutogalanteoliva.it\/magazine\/2021\/07\/08\/il-presidente-pais-riceve-claudio-moica-delegato-regionale-unimri\/","title":{"rendered":"Il Presidente Pais riceve Claudio Moica, delegato regionale UNIMRI"},"content":{"rendered":"\n<p><strong>Si definiscono \u201c<em>Portatori sani&nbsp;di buona educazione\u201d e hanno, tra le priorit\u00e0,&nbsp; il compito &nbsp;di diffondere il rispetto&nbsp;<\/em>come prima regola di vita nel comportamento di ogni giorno.&#8221; Gli obiettivi dell\u2019 &#8220;Unione Nazionale Insigniti Ordine al Merito della Repubblica Italiana&#8221; sono stati illustrati al Presidente del Consiglio regionale Michele Pais, dal delegato regionale UNIMRI <a href=\"https:\/\/www.claudiomoica.it\/cv-artistico\/\" target=\"_blank\" rel=\"noreferrer noopener\">Claudio Moica<\/a><\/strong>, nella giornata di mercoledi 7 luglio.<\/p>\n\n\n\n<p class=\"has-drop-cap\">Claudio Moica, giornalista, scrittore, poeta, tra le altre sue numerose attivit\u00e0 \u00e8 direttore di <strong>Ajonoas-l&#8217;informazione sarda<\/strong> e <strong>Megaradio<\/strong>, direttore del festival culturale<strong> Liberevento<\/strong>. Con alcuni amici, nel 2012 ha fondato la casa editrice <strong>Petirosso editore<\/strong>. Nel 2008 il Presidente  della Repubblica,&nbsp;<em>Giorgio Napolitano<\/em>, gli ha conferito, su segnalazione della Presidenza del Consiglio, l&#8217;onorificenza di <strong>Cavaliere al Merito della Repubblica Italiana per meriti socio-culturali.<\/strong><\/p>\n\n\n\n<p>nel 2020 <em>\u00e8 stato nominato dal <strong>Consiglio Direttivo Nazionale UNIMRI<\/strong>, delegato <strong>UNIMRI per la Regione Sardegna.<\/strong><\/em><\/p>\n\n\n\n<figure class=\"wp-block-image size-large is-resized\"><img loading=\"lazy\" decoding=\"async\" src=\"https:\/\/www.istitutogalanteoliva.it\/magazine\/wp-content\/uploads\/2021\/07\/Claudio-Moica-1024x608-1.jpg\" alt=\"\" class=\"wp-image-8506\" width=\"512\" height=\"304\" srcset=\"https:\/\/www.istitutogalanteoliva.it\/magazine\/wp-content\/uploads\/2021\/07\/Claudio-Moica-1024x608-1.jpg 1024w, https:\/\/www.istitutogalanteoliva.it\/magazine\/wp-content\/uploads\/2021\/07\/Claudio-Moica-1024x608-1-300x178.jpg 300w, https:\/\/www.istitutogalanteoliva.it\/magazine\/wp-content\/uploads\/2021\/07\/Claudio-Moica-1024x608-1-768x456.jpg 768w\" sizes=\"auto, (max-width: 512px) 100vw, 512px\" \/><figcaption><strong><sup>Cav.Claudio Moica<\/sup><\/strong><\/figcaption><\/figure>\n\n\n\n<p>L\u2019associazione \u00e8 stata costituita nel 2015 in Puglia e ha come motto \u201cActa non verba\u201d (fatti e non parole).<\/p>\n\n\n\n<p>L\u2019Associazione&nbsp;<strong>UNIMRI<\/strong>, \u201c<strong>Unione Nazionale Insigniti al Merito della Repubblica Italiana<\/strong>\u201c, \u00e8 stata costituita nel 2015 in Puglia e ha come motto \u201cActa non verba\u201d (fatti e non parole). E&#8217; un\u2019associazione senza scopo di lucro costituita ai sensi dell\u2019art. 36 c.c., avente sede presso la residenza del Presidente Nazionale in carica, nel periodo, finch\u00e9 non si doter\u00e0 di una propria sede infrastrutturale. Essa si propone di incrementare la conoscenza e l\u2019amicizia fra i Soci, tutti insigniti di una onorificenza OMRI (Ordine al Merito della Repubblica Italiana), nelle previste classi di appartenenza: Cavaliere, Ufficiale, Commendatore, Grand\u2019Ufficiale, Cavaliere di Gran Croce, nella fratellanza, nel rispetto e nella divulgazione di quegli alti valori etici e morali che hanno originato la concessione della onorificenza. Inoltre, impegnandosi concretamente in opere di assistenza nel sociale, promuovendo e realizzando iniziative a favore di gruppi e\/o persone bisognose di assistenza materiale e morale, con beneficenza e quant\u2019altro ritenuto necessario. A tal fine, nel rispetto delle disposizioni tutte di leggi vigenti, svolger\u00e0 ogni attivit\u00e0 compatibile ed atta all\u2019insegnamento, premi, pubblicazioni, etc.), anche sotto il profilo di contatti e di conoscenza fra i suoi associati, nonch\u00e9 con altre organizzazioni, anche di altri Paesi, aventi lo stesso scopo.<\/p>\n\n\n\n<p>Questa pragmaticit\u00e0 anche in Sardegna si traduce in una serie di iniziative a favore dei pi\u00f9 deboli e dei pi\u00f9 fragili in nome di un\u2019amicizia e di una fratellanza che deve coinvolgere tutti.<\/p>\n\n\n\n<p><strong>Il Presidente Pais ha rivolto parole di elogio per gli obiettivi nobili di quest\u2019associazione che in Sardegna sta muovendo i primi passi: \u201cLo spirito di servizio che accomuna gli associati&nbsp; \u00e8 meritorio e sono sicuro che anche nella nostra Isola raggiungerete quegli importanti risultati gi\u00e0 perseguiti nelle altre regioni d\u2019Italia\u201d.<\/strong><\/p>\n\n\n\n<p class=\"has-text-align-left\"><img loading=\"lazy\" decoding=\"async\" width=\"80\" height=\"80\" class=\"wp-image-15584\" style=\"width: 80px;\" src=\"https:\/\/www.istitutogalanteoliva.it\/magazine\/wp-content\/uploads\/2024\/08\/anto.png\" alt=\"\" srcset=\"https:\/\/www.istitutogalanteoliva.it\/magazine\/wp-content\/uploads\/2024\/08\/anto.png 247w, https:\/\/www.istitutogalanteoliva.it\/magazine\/wp-content\/uploads\/2024\/08\/anto-150x150.png 150w\" sizes=\"auto, (max-width: 80px) 100vw, 80px\" \/><em><mark style=\"background-color:rgba(0, 0, 0, 0)\" class=\"has-inline-color has-black-color\"><strong><a href=\"https:\/\/www.istitutogalanteoliva\/antonello-rivano-2\/\">Antonello Rivano<\/a><\/strong><\/mark><\/em><br><sup><strong>Direttore di redazione\/coordinatore nazionale<\/strong> <strong><em>Polis SA Magazine<\/em><\/strong><\/sup><br><\/p>\n\n\n\n<p>Articoli correlati: <a href=\"https:\/\/www.istitutogalanteoliva.it\/magazine\/2020\/08\/05\/claudio-moica-poeta-e-giornalista-e-stato-nominato-delegato-unimiri-per-la-regione-sardegna\/\" target=\"_blank\" rel=\"noreferrer noopener\">Claudio Moica, poeta e giornalista, \u00e8 stato nominato delegato UNIMIRI per la Regione Sardegna.<\/a> <span class=\"has-inline-color has-vivid-cyan-blue-color\">(08\/05\/2020)<\/span><\/p>\n<div class=\"pdfprnt-buttons pdfprnt-buttons-post pdfprnt-bottom-left\"><a href=\"https:\/\/www.istitutogalanteoliva.it\/magazine\/wp-json\/wp\/v2\/posts\/8504?print=print\" class=\"pdfprnt-button pdfprnt-button-print\" target=\"_blank\"><img decoding=\"async\" src=\"https:\/\/www.istitutogalanteoliva.it\/magazine\/wp-content\/plugins\/pdf-print\/images\/print.png\" alt=\"image_print\" title=\"Stampa contenuto\" \/><span class=\"pdfprnt-button-title pdfprnt-button-print-title\">Download in PDF<\/span><\/a><\/div>","protected":false},"excerpt":{"rendered":"<p>Nella giornata di mercoled\u00ec 7 luglio il Presidente del Consiglio Regionale Michele Pais ha ricevuto, in veste ufficiale, il delegato regionale per la Sardegna dell\u2019UNIMRI Unione Nazionale Insigniti Ordine Al Merito Della Repubblica Italiana, il Cav. Claudio Moica<\/p>\n","protected":false},"author":2,"featured_media":8505,"comment_status":"open","ping_status":"open","sticky":true,"template":"","format":"standard","meta":{"footnotes":""},"categories":[148,8,209],"tags":[426],"class_list":["post-8504","post","type-post","status-publish","format-standard","has-post-thumbnail","hentry","category-148","category-cultura_e_societa","category-sardegna","tag-claudio-moica"],"yoast_head":"<!-- This site is optimized with the Yoast SEO plugin v24.2 - https:\/\/yoast.com\/wordpress\/plugins\/seo\/ -->\n<title>Il Presidente Pais riceve Claudio Moica, delegato regionale UNIMRI - Polis SA Magazine<\/title>\n<meta name=\"description\" content=\"Nella giornata di mercoled\u00ec 7 luglio il Presidente del Consiglio Regionale Michele Pais ha ricevuto, in veste ufficiale, il delegato regionale per la Sardegna dell\u2019UNIMRI Unione Nazionale Insigniti Ordine Al Merito Della Repubblica Italiana, il Cav. Claudio Moica\" \/>\n<meta name=\"robots\" content=\"index, follow, max-snippet:-1, max-image-preview:large, max-video-preview:-1\" \/>\n<link rel=\"canonical\" href=\"https:\/\/www.istitutogalanteoliva.it\/magazine\/2021\/07\/08\/il-presidente-pais-riceve-claudio-moica-delegato-regionale-unimri\/\" \/>\n<meta property=\"og:locale\" content=\"it_IT\" \/>\n<meta property=\"og:type\" content=\"article\" \/>\n<meta property=\"og:title\" content=\"Il Presidente Pais riceve Claudio Moica, delegato regionale UNIMRI - Polis SA Magazine\" \/>\n<meta property=\"og:description\" content=\"Nella giornata di mercoled\u00ec 7 luglio il Presidente del Consiglio Regionale Michele Pais ha ricevuto, in veste ufficiale, il delegato regionale per la Sardegna dell\u2019UNIMRI Unione Nazionale Insigniti Ordine Al Merito Della Repubblica Italiana, il Cav. Claudio Moica\" \/>\n<meta property=\"og:url\" content=\"https:\/\/www.istitutogalanteoliva.it\/magazine\/2021\/07\/08\/il-presidente-pais-riceve-claudio-moica-delegato-regionale-unimri\/\" \/>\n<meta property=\"og:site_name\" content=\"Polis SA Magazine\" \/>\n<meta property=\"article:publisher\" content=\"https:\/\/www.facebook.com\/PolisSAMagazine\/\" \/>\n<meta property=\"article:published_time\" content=\"2021-07-08T16:19:45+00:00\" \/>\n<meta property=\"article:modified_time\" content=\"2021-07-08T16:56:45+00:00\" \/>\n<meta property=\"og:image\" content=\"https:\/\/www.istitutogalanteoliva.it\/magazine\/wp-content\/uploads\/2021\/07\/WhatsApp-Image-2021-07-08-at-09.44.13-1-1920x1000-1.jpeg\" \/>\n\t<meta property=\"og:image:width\" content=\"1920\" \/>\n\t<meta property=\"og:image:height\" content=\"1000\" \/>\n\t<meta property=\"og:image:type\" content=\"image\/jpeg\" \/>\n<meta name=\"author\" content=\"Antonello Rivano\" \/>\n<meta name=\"twitter:card\" content=\"summary_large_image\" \/>\n<meta name=\"twitter:creator\" content=\"@MagazinePolis\" \/>\n<meta name=\"twitter:site\" content=\"@MagazinePolis\" \/>\n<meta name=\"twitter:label1\" content=\"Scritto da\" \/>\n\t<meta name=\"twitter:data1\" content=\"Antonello Rivano\" \/>\n\t<meta name=\"twitter:label2\" content=\"Tempo di lettura stimato\" \/>\n\t<meta name=\"twitter:data2\" content=\"2 minuti\" \/>\n<script type=\"application\/ld+json\" class=\"yoast-schema-graph\">{\"@context\":\"https:\/\/schema.org\",\"@graph\":[{\"@type\":\"Article\",\"@id\":\"https:\/\/www.istitutogalanteoliva.it\/magazine\/2021\/07\/08\/il-presidente-pais-riceve-claudio-moica-delegato-regionale-unimri\/#article\",\"isPartOf\":{\"@id\":\"https:\/\/www.istitutogalanteoliva.it\/magazine\/2021\/07\/08\/il-presidente-pais-riceve-claudio-moica-delegato-regionale-unimri\/\"},\"author\":{\"name\":\"Antonello Rivano\",\"@id\":\"https:\/\/www.istitutogalanteoliva.it\/magazine\/#\/schema\/person\/d8b8aa79cfe8babc1df9da3212a7c0c4\"},\"headline\":\"Il Presidente Pais riceve Claudio Moica, delegato regionale UNIMRI\",\"datePublished\":\"2021-07-08T16:19:45+00:00\",\"dateModified\":\"2021-07-08T16:56:45+00:00\",\"mainEntityOfPage\":{\"@id\":\"https:\/\/www.istitutogalanteoliva.it\/magazine\/2021\/07\/08\/il-presidente-pais-riceve-claudio-moica-delegato-regionale-unimri\/\"},\"wordCount\":474,\"commentCount\":1,\"publisher\":{\"@id\":\"https:\/\/www.istitutogalanteoliva.it\/magazine\/#organization\"},\"image\":{\"@id\":\"https:\/\/www.istitutogalanteoliva.it\/magazine\/2021\/07\/08\/il-presidente-pais-riceve-claudio-moica-delegato-regionale-unimri\/#primaryimage\"},\"thumbnailUrl\":\"https:\/\/www.istitutogalanteoliva.it\/magazine\/wp-content\/uploads\/2021\/07\/WhatsApp-Image-2021-07-08-at-09.44.13-1-1920x1000-1.jpeg\",\"keywords\":[\"claudio moica\"],\"articleSection\":[\"2021\",\"Cultura e Societ\u00e0\",\"Sardegna\"],\"inLanguage\":\"it-IT\",\"potentialAction\":[{\"@type\":\"CommentAction\",\"name\":\"Comment\",\"target\":[\"https:\/\/www.istitutogalanteoliva.it\/magazine\/2021\/07\/08\/il-presidente-pais-riceve-claudio-moica-delegato-regionale-unimri\/#respond\"]}]},{\"@type\":\"WebPage\",\"@id\":\"https:\/\/www.istitutogalanteoliva.it\/magazine\/2021\/07\/08\/il-presidente-pais-riceve-claudio-moica-delegato-regionale-unimri\/\",\"url\":\"https:\/\/www.istitutogalanteoliva.it\/magazine\/2021\/07\/08\/il-presidente-pais-riceve-claudio-moica-delegato-regionale-unimri\/\",\"name\":\"Il Presidente Pais riceve Claudio Moica, delegato regionale UNIMRI - Polis SA Magazine\",\"isPartOf\":{\"@id\":\"https:\/\/www.istitutogalanteoliva.it\/magazine\/#website\"},\"primaryImageOfPage\":{\"@id\":\"https:\/\/www.istitutogalanteoliva.it\/magazine\/2021\/07\/08\/il-presidente-pais-riceve-claudio-moica-delegato-regionale-unimri\/#primaryimage\"},\"image\":{\"@id\":\"https:\/\/www.istitutogalanteoliva.it\/magazine\/2021\/07\/08\/il-presidente-pais-riceve-claudio-moica-delegato-regionale-unimri\/#primaryimage\"},\"thumbnailUrl\":\"https:\/\/www.istitutogalanteoliva.it\/magazine\/wp-content\/uploads\/2021\/07\/WhatsApp-Image-2021-07-08-at-09.44.13-1-1920x1000-1.jpeg\",\"datePublished\":\"2021-07-08T16:19:45+00:00\",\"dateModified\":\"2021-07-08T16:56:45+00:00\",\"description\":\"Nella giornata di mercoled\u00ec 7 luglio il Presidente del Consiglio Regionale Michele Pais ha ricevuto, in veste ufficiale, il delegato regionale per la Sardegna dell\u2019UNIMRI Unione Nazionale Insigniti Ordine Al Merito Della Repubblica Italiana, il Cav. Claudio Moica\",\"breadcrumb\":{\"@id\":\"https:\/\/www.istitutogalanteoliva.it\/magazine\/2021\/07\/08\/il-presidente-pais-riceve-claudio-moica-delegato-regionale-unimri\/#breadcrumb\"},\"inLanguage\":\"it-IT\",\"potentialAction\":[{\"@type\":\"ReadAction\",\"target\":[\"https:\/\/www.istitutogalanteoliva.it\/magazine\/2021\/07\/08\/il-presidente-pais-riceve-claudio-moica-delegato-regionale-unimri\/\"]}]},{\"@type\":\"ImageObject\",\"inLanguage\":\"it-IT\",\"@id\":\"https:\/\/www.istitutogalanteoliva.it\/magazine\/2021\/07\/08\/il-presidente-pais-riceve-claudio-moica-delegato-regionale-unimri\/#primaryimage\",\"url\":\"https:\/\/www.istitutogalanteoliva.it\/magazine\/wp-content\/uploads\/2021\/07\/WhatsApp-Image-2021-07-08-at-09.44.13-1-1920x1000-1.jpeg\",\"contentUrl\":\"https:\/\/www.istitutogalanteoliva.it\/magazine\/wp-content\/uploads\/2021\/07\/WhatsApp-Image-2021-07-08-at-09.44.13-1-1920x1000-1.jpeg\",\"width\":1920,\"height\":1000,\"caption\":\"Claudio Moica con il Presidente del Consiglio Regionale Michele Pais (fonte Ajonoas)\"},{\"@type\":\"BreadcrumbList\",\"@id\":\"https:\/\/www.istitutogalanteoliva.it\/magazine\/2021\/07\/08\/il-presidente-pais-riceve-claudio-moica-delegato-regionale-unimri\/#breadcrumb\",\"itemListElement\":[{\"@type\":\"ListItem\",\"position\":1,\"name\":\"Home\",\"item\":\"https:\/\/www.istitutogalanteoliva.it\/magazine\/\"},{\"@type\":\"ListItem\",\"position\":2,\"name\":\"Il Presidente Pais riceve Claudio Moica, delegato regionale UNIMRI\"}]},{\"@type\":\"WebSite\",\"@id\":\"https:\/\/www.istitutogalanteoliva.it\/magazine\/#website\",\"url\":\"https:\/\/www.istitutogalanteoliva.it\/magazine\/\",\"name\":\"POLIS SA MAGAZINE\",\"description\":\"Informazione e approfondimenti\",\"publisher\":{\"@id\":\"https:\/\/www.istitutogalanteoliva.it\/magazine\/#organization\"},\"potentialAction\":[{\"@type\":\"SearchAction\",\"target\":{\"@type\":\"EntryPoint\",\"urlTemplate\":\"https:\/\/www.istitutogalanteoliva.it\/magazine\/?s={search_term_string}\"},\"query-input\":{\"@type\":\"PropertyValueSpecification\",\"valueRequired\":true,\"valueName\":\"search_term_string\"}}],\"inLanguage\":\"it-IT\"},{\"@type\":\"Organization\",\"@id\":\"https:\/\/www.istitutogalanteoliva.it\/magazine\/#organization\",\"name\":\"Polis SA Magazine\",\"url\":\"https:\/\/www.istitutogalanteoliva.it\/magazine\/\",\"logo\":{\"@type\":\"ImageObject\",\"inLanguage\":\"it-IT\",\"@id\":\"https:\/\/www.istitutogalanteoliva.it\/magazine\/#\/schema\/logo\/image\/\",\"url\":\"\",\"contentUrl\":\"\",\"caption\":\"Polis SA Magazine\"},\"image\":{\"@id\":\"https:\/\/www.istitutogalanteoliva.it\/magazine\/#\/schema\/logo\/image\/\"},\"sameAs\":[\"https:\/\/www.facebook.com\/PolisSAMagazine\/\",\"https:\/\/x.com\/MagazinePolis\",\"https:\/\/www.youtube.com\/channel\/UCv0Mr5AHKUmsc0sEEXkJrgw\"]},{\"@type\":\"Person\",\"@id\":\"https:\/\/www.istitutogalanteoliva.it\/magazine\/#\/schema\/person\/d8b8aa79cfe8babc1df9da3212a7c0c4\",\"name\":\"Antonello Rivano\",\"image\":{\"@type\":\"ImageObject\",\"inLanguage\":\"it-IT\",\"@id\":\"https:\/\/www.istitutogalanteoliva.it\/magazine\/#\/schema\/person\/image\/\",\"url\":\"https:\/\/secure.gravatar.com\/avatar\/517a9a6487a7a18ecc4ce6d2e57a8f40?s=96&d=mm&r=g\",\"contentUrl\":\"https:\/\/secure.gravatar.com\/avatar\/517a9a6487a7a18ecc4ce6d2e57a8f40?s=96&d=mm&r=g\",\"caption\":\"Antonello Rivano\"},\"url\":\"https:\/\/www.istitutogalanteoliva.it\/magazine\/author\/antonello\/\"}]}<\/script>\n<!-- \/ Yoast SEO plugin. -->","yoast_head_json":{"title":"Il Presidente Pais riceve Claudio Moica, delegato regionale UNIMRI - Polis SA Magazine","description":"Nella giornata di mercoled\u00ec 7 luglio il Presidente del Consiglio Regionale Michele Pais ha ricevuto, in veste ufficiale, il delegato regionale per la Sardegna dell\u2019UNIMRI Unione Nazionale Insigniti Ordine Al Merito Della Repubblica Italiana, il Cav. Claudio Moica","robots":{"index":"index","follow":"follow","max-snippet":"max-snippet:-1","max-image-preview":"max-image-preview:large","max-video-preview":"max-video-preview:-1"},"canonical":"https:\/\/www.istitutogalanteoliva.it\/magazine\/2021\/07\/08\/il-presidente-pais-riceve-claudio-moica-delegato-regionale-unimri\/","og_locale":"it_IT","og_type":"article","og_title":"Il Presidente Pais riceve Claudio Moica, delegato regionale UNIMRI - Polis SA Magazine","og_description":"Nella giornata di mercoled\u00ec 7 luglio il Presidente del Consiglio Regionale Michele Pais ha ricevuto, in veste ufficiale, il delegato regionale per la Sardegna dell\u2019UNIMRI Unione Nazionale Insigniti Ordine Al Merito Della Repubblica Italiana, il Cav. Claudio Moica","og_url":"https:\/\/www.istitutogalanteoliva.it\/magazine\/2021\/07\/08\/il-presidente-pais-riceve-claudio-moica-delegato-regionale-unimri\/","og_site_name":"Polis SA Magazine","article_publisher":"https:\/\/www.facebook.com\/PolisSAMagazine\/","article_published_time":"2021-07-08T16:19:45+00:00","article_modified_time":"2021-07-08T16:56:45+00:00","og_image":[{"width":1920,"height":1000,"url":"https:\/\/www.istitutogalanteoliva.it\/magazine\/wp-content\/uploads\/2021\/07\/WhatsApp-Image-2021-07-08-at-09.44.13-1-1920x1000-1.jpeg","type":"image\/jpeg"}],"author":"Antonello Rivano","twitter_card":"summary_large_image","twitter_creator":"@MagazinePolis","twitter_site":"@MagazinePolis","twitter_misc":{"Scritto da":"Antonello Rivano","Tempo di lettura stimato":"2 minuti"},"schema":{"@context":"https:\/\/schema.org","@graph":[{"@type":"Article","@id":"https:\/\/www.istitutogalanteoliva.it\/magazine\/2021\/07\/08\/il-presidente-pais-riceve-claudio-moica-delegato-regionale-unimri\/#article","isPartOf":{"@id":"https:\/\/www.istitutogalanteoliva.it\/magazine\/2021\/07\/08\/il-presidente-pais-riceve-claudio-moica-delegato-regionale-unimri\/"},"author":{"name":"Antonello Rivano","@id":"https:\/\/www.istitutogalanteoliva.it\/magazine\/#\/schema\/person\/d8b8aa79cfe8babc1df9da3212a7c0c4"},"headline":"Il Presidente Pais riceve Claudio Moica, delegato regionale UNIMRI","datePublished":"2021-07-08T16:19:45+00:00","dateModified":"2021-07-08T16:56:45+00:00","mainEntityOfPage":{"@id":"https:\/\/www.istitutogalanteoliva.it\/magazine\/2021\/07\/08\/il-presidente-pais-riceve-claudio-moica-delegato-regionale-unimri\/"},"wordCount":474,"commentCount":1,"publisher":{"@id":"https:\/\/www.istitutogalanteoliva.it\/magazine\/#organization"},"image":{"@id":"https:\/\/www.istitutogalanteoliva.it\/magazine\/2021\/07\/08\/il-presidente-pais-riceve-claudio-moica-delegato-regionale-unimri\/#primaryimage"},"thumbnailUrl":"https:\/\/www.istitutogalanteoliva.it\/magazine\/wp-content\/uploads\/2021\/07\/WhatsApp-Image-2021-07-08-at-09.44.13-1-1920x1000-1.jpeg","keywords":["claudio moica"],"articleSection":["2021","Cultura e Societ\u00e0","Sardegna"],"inLanguage":"it-IT","potentialAction":[{"@type":"CommentAction","name":"Comment","target":["https:\/\/www.istitutogalanteoliva.it\/magazine\/2021\/07\/08\/il-presidente-pais-riceve-claudio-moica-delegato-regionale-unimri\/#respond"]}]},{"@type":"WebPage","@id":"https:\/\/www.istitutogalanteoliva.it\/magazine\/2021\/07\/08\/il-presidente-pais-riceve-claudio-moica-delegato-regionale-unimri\/","url":"https:\/\/www.istitutogalanteoliva.it\/magazine\/2021\/07\/08\/il-presidente-pais-riceve-claudio-moica-delegato-regionale-unimri\/","name":"Il Presidente Pais riceve Claudio Moica, delegato regionale UNIMRI - Polis SA Magazine","isPartOf":{"@id":"https:\/\/www.istitutogalanteoliva.it\/magazine\/#website"},"primaryImageOfPage":{"@id":"https:\/\/www.istitutogalanteoliva.it\/magazine\/2021\/07\/08\/il-presidente-pais-riceve-claudio-moica-delegato-regionale-unimri\/#primaryimage"},"image":{"@id":"https:\/\/www.istitutogalanteoliva.it\/magazine\/2021\/07\/08\/il-presidente-pais-riceve-claudio-moica-delegato-regionale-unimri\/#primaryimage"},"thumbnailUrl":"https:\/\/www.istitutogalanteoliva.it\/magazine\/wp-content\/uploads\/2021\/07\/WhatsApp-Image-2021-07-08-at-09.44.13-1-1920x1000-1.jpeg","datePublished":"2021-07-08T16:19:45+00:00","dateModified":"2021-07-08T16:56:45+00:00","description":"Nella giornata di mercoled\u00ec 7 luglio il Presidente del Consiglio Regionale Michele Pais ha ricevuto, in veste ufficiale, il delegato regionale per la Sardegna dell\u2019UNIMRI Unione Nazionale Insigniti Ordine Al Merito Della Repubblica Italiana, il Cav. Claudio Moica","breadcrumb":{"@id":"https:\/\/www.istitutogalanteoliva.it\/magazine\/2021\/07\/08\/il-presidente-pais-riceve-claudio-moica-delegato-regionale-unimri\/#breadcrumb"},"inLanguage":"it-IT","potentialAction":[{"@type":"ReadAction","target":["https:\/\/www.istitutogalanteoliva.it\/magazine\/2021\/07\/08\/il-presidente-pais-riceve-claudio-moica-delegato-regionale-unimri\/"]}]},{"@type":"ImageObject","inLanguage":"it-IT","@id":"https:\/\/www.istitutogalanteoliva.it\/magazine\/2021\/07\/08\/il-presidente-pais-riceve-claudio-moica-delegato-regionale-unimri\/#primaryimage","url":"https:\/\/www.istitutogalanteoliva.it\/magazine\/wp-content\/uploads\/2021\/07\/WhatsApp-Image-2021-07-08-at-09.44.13-1-1920x1000-1.jpeg","contentUrl":"https:\/\/www.istitutogalanteoliva.it\/magazine\/wp-content\/uploads\/2021\/07\/WhatsApp-Image-2021-07-08-at-09.44.13-1-1920x1000-1.jpeg","width":1920,"height":1000,"caption":"Claudio Moica con il Presidente del Consiglio Regionale Michele Pais (fonte Ajonoas)"},{"@type":"BreadcrumbList","@id":"https:\/\/www.istitutogalanteoliva.it\/magazine\/2021\/07\/08\/il-presidente-pais-riceve-claudio-moica-delegato-regionale-unimri\/#breadcrumb","itemListElement":[{"@type":"ListItem","position":1,"name":"Home","item":"https:\/\/www.istitutogalanteoliva.it\/magazine\/"},{"@type":"ListItem","position":2,"name":"Il Presidente Pais riceve Claudio Moica, delegato regionale UNIMRI"}]},{"@type":"WebSite","@id":"https:\/\/www.istitutogalanteoliva.it\/magazine\/#website","url":"https:\/\/www.istitutogalanteoliva.it\/magazine\/","name":"POLIS SA MAGAZINE","description":"Informazione e approfondimenti","publisher":{"@id":"https:\/\/www.istitutogalanteoliva.it\/magazine\/#organization"},"potentialAction":[{"@type":"SearchAction","target":{"@type":"EntryPoint","urlTemplate":"https:\/\/www.istitutogalanteoliva.it\/magazine\/?s={search_term_string}"},"query-input":{"@type":"PropertyValueSpecification","valueRequired":true,"valueName":"search_term_string"}}],"inLanguage":"it-IT"},{"@type":"Organization","@id":"https:\/\/www.istitutogalanteoliva.it\/magazine\/#organization","name":"Polis SA Magazine","url":"https:\/\/www.istitutogalanteoliva.it\/magazine\/","logo":{"@type":"ImageObject","inLanguage":"it-IT","@id":"https:\/\/www.istitutogalanteoliva.it\/magazine\/#\/schema\/logo\/image\/","url":"","contentUrl":"","caption":"Polis SA Magazine"},"image":{"@id":"https:\/\/www.istitutogalanteoliva.it\/magazine\/#\/schema\/logo\/image\/"},"sameAs":["https:\/\/www.facebook.com\/PolisSAMagazine\/","https:\/\/x.com\/MagazinePolis","https:\/\/www.youtube.com\/channel\/UCv0Mr5AHKUmsc0sEEXkJrgw"]},{"@type":"Person","@id":"https:\/\/www.istitutogalanteoliva.it\/magazine\/#\/schema\/person\/d8b8aa79cfe8babc1df9da3212a7c0c4","name":"Antonello Rivano","image":{"@type":"ImageObject","inLanguage":"it-IT","@id":"https:\/\/www.istitutogalanteoliva.it\/magazine\/#\/schema\/person\/image\/","url":"https:\/\/secure.gravatar.com\/avatar\/517a9a6487a7a18ecc4ce6d2e57a8f40?s=96&d=mm&r=g","contentUrl":"https:\/\/secure.gravatar.com\/avatar\/517a9a6487a7a18ecc4ce6d2e57a8f40?s=96&d=mm&r=g","caption":"Antonello Rivano"},"url":"https:\/\/www.istitutogalanteoliva.it\/magazine\/author\/antonello\/"}]}},"_links":{"self":[{"href":"https:\/\/www.istitutogalanteoliva.it\/magazine\/wp-json\/wp\/v2\/posts\/8504","targetHints":{"allow":["GET"]}}],"collection":[{"href":"https:\/\/www.istitutogalanteoliva.it\/magazine\/wp-json\/wp\/v2\/posts"}],"about":[{"href":"https:\/\/www.istitutogalanteoliva.it\/magazine\/wp-json\/wp\/v2\/types\/post"}],"author":[{"embeddable":true,"href":"https:\/\/www.istitutogalanteoliva.it\/magazine\/wp-json\/wp\/v2\/users\/2"}],"replies":[{"embeddable":true,"href":"https:\/\/www.istitutogalanteoliva.it\/magazine\/wp-json\/wp\/v2\/comments?post=8504"}],"version-history":[{"count":5,"href":"https:\/\/www.istitutogalanteoliva.it\/magazine\/wp-json\/wp\/v2\/posts\/8504\/revisions"}],"predecessor-version":[{"id":8517,"href":"https:\/\/www.istitutogalanteoliva.it\/magazine\/wp-json\/wp\/v2\/posts\/8504\/revisions\/8517"}],"wp:featuredmedia":[{"embeddable":true,"href":"https:\/\/www.istitutogalanteoliva.it\/magazine\/wp-json\/wp\/v2\/media\/8505"}],"wp:attachment":[{"href":"https:\/\/www.istitutogalanteoliva.it\/magazine\/wp-json\/wp\/v2\/media?parent=8504"}],"wp:term":[{"taxonomy":"category","embeddable":true,"href":"https:\/\/www.istitutogalanteoliva.it\/magazine\/wp-json\/wp\/v2\/categories?post=8504"},{"taxonomy":"post_tag","embeddable":true,"href":"https:\/\/www.istitutogalanteoliva.it\/magazine\/wp-json\/wp\/v2\/tags?post=8504"}],"curies":[{"name":"wp","href":"https:\/\/api.w.org\/{rel}","templated":true}]}}