{"id":8527,"date":"2021-07-11T08:00:00","date_gmt":"2021-07-11T06:00:00","guid":{"rendered":"https:\/\/www.istitutogalanteoliva.it\/magazine\/?p=8527"},"modified":"2021-07-09T19:11:55","modified_gmt":"2021-07-09T17:11:55","slug":"lisola-che-non-ce-2","status":"publish","type":"post","link":"https:\/\/www.istitutogalanteoliva.it\/magazine\/2021\/07\/11\/lisola-che-non-ce-2\/","title":{"rendered":"L&#8217;isola che non c&#8217;\u00e8-2-"},"content":{"rendered":"\n<h4 class=\"wp-block-heading\">Il precedente articolo, di titolo analogo, si concludeva con il rimando ad un allegato nel quale erano rappresentati i \u201cNove Archi\u201d, cio\u00e8 i nove paesi o razze che per l\u2019Egitto rappresentavano l\u2019intero genere umano, in cima ai quali erano effigiati, nel relativo cartiglio, i misteriosi \u201cHaou-Nebout\u201d.<\/h4>\n\n\n\n<p><strong>Di G<em>iorgio Vald\u00e8s<\/em><\/strong><\/p>\n\n\n\n<p class=\"has-drop-cap\"><br>Il collasso dell\u2019Era del Bronzo coincide anche, come osservato nel libro di <strong>Berni e Longhena<\/strong> \u201c<strong><em>Una Nuova Preistoria Umana \u2013Ipotesi inedite sull\u2019origine della Civilt\u00e0<\/em><\/strong>\u201d, con \u201cuna migrazione non di trib\u00f9, ma di nove popoli\u201d che va ricercata, come testimoniano gli Egizi, \u201cin importanti mutazioni climatiche planetarie, ed \u00e8 questo il quadro che viene a dipingersi osservando la scena del mondo mediterraneo al tempo di <strong>Meneptah (1213-1202 a.C.)<\/strong>, succeduto a <strong>Ramesse I<\/strong>I, che procede di poco il sopraggiungere della prima ondata di invasione\u201d.<\/p>\n\n\n\n<figure class=\"wp-block-image size-large is-resized\"><img loading=\"lazy\" decoding=\"async\" src=\"https:\/\/www.istitutogalanteoliva.it\/magazine\/wp-content\/uploads\/2021\/07\/Immagine-2021-07-09-185519.jpg\" alt=\"\" class=\"wp-image-8531\" width=\"569\" height=\"366\" srcset=\"https:\/\/www.istitutogalanteoliva.it\/magazine\/wp-content\/uploads\/2021\/07\/Immagine-2021-07-09-185519.jpg 825w, https:\/\/www.istitutogalanteoliva.it\/magazine\/wp-content\/uploads\/2021\/07\/Immagine-2021-07-09-185519-300x193.jpg 300w, https:\/\/www.istitutogalanteoliva.it\/magazine\/wp-content\/uploads\/2021\/07\/Immagine-2021-07-09-185519-768x494.jpg 768w\" sizes=\"auto, (max-width: 569px) 100vw, 569px\" \/><figcaption><sup><strong>Ramesse I<\/strong>I<\/sup><\/figcaption><\/figure>\n\n\n\n<p><br>Per maggior chiarezza, ci\u00f2 che sostengono Berni e Longhena \u00e8 che Popoli del Mare \u00e8 stata \u201c<em>una diretta conseguenza dell\u2019immane disastro naturale che proprio nelle Isole del Grande Verde sembrerebbe aver avuto il suo drammatico epicentro<\/em>\u201d<\/p>\n\n\n\n<p><br>C\u2019\u00e8 un po\u2019 di incertezza, nello stesso libro, quando si tratta di allocare le isole poste al centro del \u201cGrande Verde\u201d e a questo proposito viene richiamato un brano del celebre egittologo<strong> Jean Vercoutter<\/strong> il quale affermava che &lt;&lt; <em>i testi ramessidi \u2026fanno delle \u201disole che sono in mezzo al mare\u201d localit\u00e0 d\u2019origine dei \u201cPopoli del Mare\u201d\u2026paese situato all\u2019estremo nord del mondo e \u2026habitat difficile da determinare<\/em>&gt;&gt;. L\u2019impressione personale \u00e8 che, come sempre, si tenda a banalizzare o sminuire l\u2019ipotesi che questi luoghi fossero o comprendessero la Sardegna e le altre isole del Mediterraneo occidentale e ad annacquare la dizione \u201c<strong>Grande Verde<\/strong>\u201d, spostandone timidamente la collocazione nell\u2019Oceano Atlantico.<\/p>\n\n\n\n<p><br>Tuttavia, a questo proposito, occorre richiamare gli studi dettagliati del professor <strong>Giovanni Ugas<\/strong>, che ricorrendo a numerosi e puntuali riferimenti bibliografici, definisce come <em>\u201cisole nel Grande Verde\u201d \u201cun complesso di terre insulari o comunque rivierasche mediterranee del lontano Occidente di cui facevano parte innanzitutto la Sardegna con la Corsica e la Sicilia\u201d(<\/em><strong>Giovanni Ugas: \u201c<em>Shardana e Sardegna<\/em>\u201d<\/strong>). Va da s\u00e9 che il \u201cGrande Verde\u201d non poteva che essere il Mediterraneo occidentale.<\/p>\n\n\n\n<figure class=\"wp-block-image size-large is-resized\"><img loading=\"lazy\" decoding=\"async\" src=\"https:\/\/www.istitutogalanteoliva.it\/magazine\/wp-content\/uploads\/2021\/07\/image.jpg\" alt=\"\" class=\"wp-image-8528\" width=\"626\" height=\"344\" srcset=\"https:\/\/www.istitutogalanteoliva.it\/magazine\/wp-content\/uploads\/2021\/07\/image.jpg 886w, https:\/\/www.istitutogalanteoliva.it\/magazine\/wp-content\/uploads\/2021\/07\/image-300x165.jpg 300w, https:\/\/www.istitutogalanteoliva.it\/magazine\/wp-content\/uploads\/2021\/07\/image-768x421.jpg 768w\" sizes=\"auto, (max-width: 626px) 100vw, 626px\" \/><figcaption><strong><sup>le Isole del Grande Verde<\/sup><\/strong><\/figcaption><\/figure>\n\n\n\n<p><br>Quale cataclisma pu\u00f2 essere quindi avvenuto intorno al 1200 a.C.?<br>Secondo Berni e Longhena \u201c<em>recenti studi di archeosismologia affermano che l\u2019Egeo, la Grecia e gran Parte del Mediterraneo Orientale avevano sofferto di terremoti seriali (earthquake storm) che iniziarono verso il 1220 a.C. e durarono per circa cinquant\u2019anni sino al 1170 a.C<\/em>.\u201d colpendo diversi paesi tra cui Micene, Tirinto, Pilo, Troia, Hattusas, Ugarit, Megiddo ed Enkomi a Cipro.<\/p>\n\n\n\n<p><br>Al proposito richiamano gli studi di K.Kilian, archeologo orientalista ed esperto in studi micenei, il quale riferiva che \u201c<em>Le grandi catastrofi, certo almeno quelle di Pilo, Menelaion, Micene, Tirinto, Midea, Proph, Elias e Troia, sono dovute ad un evento naturale e non a un diretto intervento umano\u2026<\/em>\u201d<\/p>\n\n\n\n<p><br>Ma anche <strong>Itamar Singer<\/strong>, dell\u2019<strong>Universit\u00e0 di Tel Aviv<\/strong>, riteneva \u201c<em>che la fine del XIII secolo e l\u2019inizio del XII fossero stati colpiti da un disastro senza precedenti e che la fame avesse afflitto un territorio estremamente vasto<\/em>\u201d.<br>Inoltre, le ricerche condotte sui pollini dalle <strong>Universit\u00e0 francese di Tolosa e dalla Yale University<\/strong> <em>\u201channo portato ad un identico risultato: la fine dell\u2019Et\u00e0 del Bronzo coincide con una siccit\u00e0 che dur\u00f2 300 anni. Un cambiamento climatico eccezionale di cui non conosciamo la causa, almeno al momento determin\u00f2 una grande carestia che obblig\u00f2 un gran numero di individui a cercare sostentamento altrove<\/em>\u201d (<strong>Berni e Longhena: \u201c<em>Una Nuova Preistoria Umana \u2013Ipotesi inedite sull\u2019origine della Civilt\u00e0<\/em>\u201d<\/strong>).<\/p>\n\n\n\n<p><\/p>\n\n\n\n<p><br>Un evento naturale distruttivo e due invasioni dei Popoli del Mare nell\u2019arco di 30 anni si possono quindi ragionevolmente collegare al \u201ccollasso\u201d dell\u2019Et\u00e0 del Bronzo.<\/p>\n\n\n\n<figure class=\"wp-block-image size-large is-resized\"><img loading=\"lazy\" decoding=\"async\" src=\"https:\/\/www.istitutogalanteoliva.it\/magazine\/wp-content\/uploads\/2021\/07\/piaghe_egitto.jpg\" alt=\"\" class=\"wp-image-8529\" width=\"567\" height=\"342\" srcset=\"https:\/\/www.istitutogalanteoliva.it\/magazine\/wp-content\/uploads\/2021\/07\/piaghe_egitto.jpg 780w, https:\/\/www.istitutogalanteoliva.it\/magazine\/wp-content\/uploads\/2021\/07\/piaghe_egitto-300x181.jpg 300w, https:\/\/www.istitutogalanteoliva.it\/magazine\/wp-content\/uploads\/2021\/07\/piaghe_egitto-768x463.jpg 768w\" sizes=\"auto, (max-width: 567px) 100vw, 567px\" \/><\/figure>\n\n\n\n<p><br>Gli autori del libro citano quindi il racconto biblico delle piaghe d\u2019Egitto inviate da Mos\u00e8, per richiamare un recente studio americano, quindi trasfuso in un documentario televisivo, dove \u201c<em>le sette piaghe sono interpretabili come eventi concatenati che originarono da un\u2019unica causa innescante: uno sconvolgimento che port\u00f2 il mare a penetrare profondamente lungo il corso del Nilo tanto da cambiarne il senso della corrente\u201d<\/em>.<\/p>\n\n\n\n<p><br>Cosa pu\u00f2 spingere il corso di un fiume come il Nilo ad invertire il senso della sua corrente? Probabilmente un\u2019onda o pi\u00f9 onde gigantesche causate da qualcosa di terribile ed inaspettato, probabilmente, come scrivono gli autori \u201c<em>Un corpo celeste che in rotta di collisione terrestre sia precipitato in mare potrebbe ovviamente spiegare sia la pioggia di fuoco che l\u2019onda anomala marina causa dell\u2019inversione della corrente del Nil<\/em>o.\u201d<\/p>\n\n\n\n<figure class=\"wp-block-image size-large is-resized\"><img loading=\"lazy\" decoding=\"async\" src=\"https:\/\/www.istitutogalanteoliva.it\/magazine\/wp-content\/uploads\/2021\/07\/Egypt.MedinetHabu.01.jpg\" alt=\"\" class=\"wp-image-8530\" width=\"540\" height=\"270\" srcset=\"https:\/\/www.istitutogalanteoliva.it\/magazine\/wp-content\/uploads\/2021\/07\/Egypt.MedinetHabu.01.jpg 720w, https:\/\/www.istitutogalanteoliva.it\/magazine\/wp-content\/uploads\/2021\/07\/Egypt.MedinetHabu.01-300x150.jpg 300w\" sizes=\"auto, (max-width: 540px) 100vw, 540px\" \/><figcaption><strong><sup>tempio di Medinet Habu<\/sup><\/strong><\/figcaption><\/figure>\n\n\n\n<p><br>Occorre tuttavia andare oltre ed esaminare le testimonianze scritte dell\u2019epoca, ma anche interpretare senza pregiudizi le leggende che le accompagnano, per comprendere se e quanto ci sia di vero o verosimile in questa immane catastrofe, forse originata dalla caduta in mare di un corpo celeste, che a sua volta determin\u00f2 uno spaventoso tsunami e il successivo esodo di tanti popoli.<br>In un prossimo articolo si vedr\u00e0 di riportare queste testimonianze, per lo pi\u00f9 citate nel libro di Berni e Longhena, ma prima di farlo conto a breve di riproporre un post intrigante sulla caduta di Fetonte nel fiume Eridano perch\u00e9, come accennato\u2026i miti non vanno mai derisi o banalizzati, ma interpretati.<\/p>\n\n\n\n<p>In allegato: dettaglio della battaglia di Ramesse III contro i Popoli del Mare su una parete del tempio di Medinet Habu<\/p>\n\n\n\n<p><img loading=\"lazy\" decoding=\"async\" width=\"80\" height=\"80\" class=\"wp-image-8188\" style=\"width: 80px;\" src=\"https:\/\/www.istitutogalanteoliva.it\/magazine\/wp-content\/uploads\/2021\/06\/valdes.png\" alt=\"\" srcset=\"https:\/\/www.istitutogalanteoliva.it\/magazine\/wp-content\/uploads\/2021\/06\/valdes.png 433w, https:\/\/www.istitutogalanteoliva.it\/magazine\/wp-content\/uploads\/2021\/06\/valdes-300x300.png 300w, https:\/\/www.istitutogalanteoliva.it\/magazine\/wp-content\/uploads\/2021\/06\/valdes-150x150.png 150w\" sizes=\"auto, (max-width: 80px) 100vw, 80px\" \/><strong><em><a href=\"https:\/\/www.istitutogalanteoliva.it\/magazine\/?s=Giorgio+Vald%C3%A8s\" target=\"_blank\" rel=\"noreferrer noopener\">Giorgio Vald\u00e8s<\/a><\/em><\/strong><\/p>\n\n\n\n<p><img loading=\"lazy\" decoding=\"async\" width=\"90\" height=\"90\" class=\"wp-image-15196\" style=\"width: 90px;\" src=\"https:\/\/www.istitutogalanteoliva.it\/magazine\/wp-content\/uploads\/2024\/04\/download-2.jpg\" alt=\"\" srcset=\"https:\/\/www.istitutogalanteoliva.it\/magazine\/wp-content\/uploads\/2024\/04\/download-2.jpg 225w, https:\/\/www.istitutogalanteoliva.it\/magazine\/wp-content\/uploads\/2024\/04\/download-2-150x150.jpg 150w\" sizes=\"auto, (max-width: 90px) 100vw, 90px\" \/><strong><a href=\"https:\/\/www.nurnet.net\/\" target=\"_blank\" rel=\"noreferrer noopener\">NURNET LA RETE DEI NURAGHI<\/a><\/strong><br>Fondazione di Partecipazione, costituita nel settembre del 2013 da sessantanove soci fondatori, che ha come scopo prevalente la promozione della cultura del periodo in cui in Sardegna svilupparono le civilt\u00e0 pre-nuragica\u00a0<strong>e<\/strong>\u00a0nuragica<\/p>\n\n\n\n<p class=\"has-text-align-left\">Aricoli Correlati:<\/p>\n\n\n\n<div class=\"wp-block-image\"><figure class=\"alignleft size-large is-resized\"><a href=\"https:\/\/www.istitutogalanteoliva.it\/magazine\/2021\/07\/04\/lisola-che-non-ce-1\/\"><img loading=\"lazy\" decoding=\"async\" src=\"https:\/\/www.istitutogalanteoliva.it\/magazine\/wp-content\/uploads\/2021\/07\/Immagine-2021-07-09-190644.jpg\" alt=\"\" class=\"wp-image-8533\" width=\"368\" height=\"289\" srcset=\"https:\/\/www.istitutogalanteoliva.it\/magazine\/wp-content\/uploads\/2021\/07\/Immagine-2021-07-09-190644.jpg 708w, https:\/\/www.istitutogalanteoliva.it\/magazine\/wp-content\/uploads\/2021\/07\/Immagine-2021-07-09-190644-300x236.jpg 300w\" sizes=\"auto, (max-width: 368px) 100vw, 368px\" \/><\/a><\/figure><\/div>\n<div class=\"pdfprnt-buttons pdfprnt-buttons-post pdfprnt-bottom-left\"><a href=\"https:\/\/www.istitutogalanteoliva.it\/magazine\/wp-json\/wp\/v2\/posts\/8527?print=print\" class=\"pdfprnt-button pdfprnt-button-print\" target=\"_blank\"><img decoding=\"async\" src=\"https:\/\/www.istitutogalanteoliva.it\/magazine\/wp-content\/plugins\/pdf-print\/images\/print.png\" alt=\"image_print\" title=\"Stampa contenuto\" \/><span class=\"pdfprnt-button-title pdfprnt-button-print-title\">Download in PDF<\/span><\/a><\/div>","protected":false},"excerpt":{"rendered":"<p>Il secondo di 6 articoli sulla storia antica della Sardegna: la migrazione dei Popoli del Mare \u00e8 stata una diretta conseguenza dell\u2019immane disastro naturale che proprio nelle Isole del Grande Verde sembrerebbe aver avuto il suo drammatico epicentro? (1.200 a.c)<\/p>\n","protected":false},"author":2,"featured_media":8532,"comment_status":"open","ping_status":"open","sticky":true,"template":"","format":"standard","meta":{"footnotes":""},"categories":[148,57,209,23],"tags":[427,428,152],"class_list":["post-8527","post","type-post","status-publish","format-standard","has-post-thumbnail","hentry","category-148","category-cultura","category-sardegna","category-storia","tag-grande-verde","tag-popoli-del-mare","tag-sardegna"],"yoast_head":"<!-- This site is optimized with the Yoast SEO plugin v24.2 - https:\/\/yoast.com\/wordpress\/plugins\/seo\/ -->\n<title>L&#039;isola che non c&#039;\u00e8-2- Polis SA Magazine<\/title>\n<meta name=\"description\" content=\"la migrazione Popoli del Mare \u00e8 stata \u201cuna diretta conseguenza dell\u2019immane disastro naturale che proprio nelle Isole del Grande Verde sembrerebbe aver avuto il suo drammatico epicentro? (1.200 a.c)\" \/>\n<meta name=\"robots\" content=\"index, follow, max-snippet:-1, max-image-preview:large, max-video-preview:-1\" \/>\n<link rel=\"canonical\" href=\"https:\/\/www.istitutogalanteoliva.it\/magazine\/2021\/07\/11\/lisola-che-non-ce-2\/\" \/>\n<meta property=\"og:locale\" content=\"it_IT\" \/>\n<meta property=\"og:type\" content=\"article\" \/>\n<meta property=\"og:title\" content=\"L&#039;isola che non c&#039;\u00e8-2- Polis SA Magazine\" \/>\n<meta property=\"og:description\" content=\"la migrazione Popoli del Mare \u00e8 stata \u201cuna diretta conseguenza dell\u2019immane disastro naturale che proprio nelle Isole del Grande Verde sembrerebbe aver avuto il suo drammatico epicentro? (1.200 a.c)\" \/>\n<meta property=\"og:url\" content=\"https:\/\/www.istitutogalanteoliva.it\/magazine\/2021\/07\/11\/lisola-che-non-ce-2\/\" \/>\n<meta property=\"og:site_name\" content=\"Polis SA Magazine\" \/>\n<meta property=\"article:publisher\" content=\"https:\/\/www.facebook.com\/PolisSAMagazine\/\" \/>\n<meta property=\"article:published_time\" content=\"2021-07-11T06:00:00+00:00\" \/>\n<meta property=\"article:modified_time\" content=\"2021-07-09T17:11:55+00:00\" \/>\n<meta property=\"og:image\" content=\"https:\/\/www.istitutogalanteoliva.it\/magazine\/wp-content\/uploads\/2021\/07\/isola-che-non-ce-2-Raffigurazione-della-Battaglia-di-Ramses-III-contro-i-Popoli-del-Mare-sulle-pareti-del-tempio-di-Medinet-Habu-dettaglio2-848x400-1.jpg\" \/>\n\t<meta property=\"og:image:width\" content=\"848\" \/>\n\t<meta property=\"og:image:height\" content=\"400\" \/>\n\t<meta property=\"og:image:type\" content=\"image\/jpeg\" \/>\n<meta name=\"author\" content=\"Antonello Rivano\" \/>\n<meta name=\"twitter:card\" content=\"summary_large_image\" \/>\n<meta name=\"twitter:creator\" content=\"@MagazinePolis\" \/>\n<meta name=\"twitter:site\" content=\"@MagazinePolis\" \/>\n<meta name=\"twitter:label1\" content=\"Scritto da\" \/>\n\t<meta name=\"twitter:data1\" content=\"Antonello Rivano\" \/>\n\t<meta name=\"twitter:label2\" content=\"Tempo di lettura stimato\" \/>\n\t<meta name=\"twitter:data2\" content=\"4 minuti\" \/>\n<script type=\"application\/ld+json\" class=\"yoast-schema-graph\">{\"@context\":\"https:\/\/schema.org\",\"@graph\":[{\"@type\":\"Article\",\"@id\":\"https:\/\/www.istitutogalanteoliva.it\/magazine\/2021\/07\/11\/lisola-che-non-ce-2\/#article\",\"isPartOf\":{\"@id\":\"https:\/\/www.istitutogalanteoliva.it\/magazine\/2021\/07\/11\/lisola-che-non-ce-2\/\"},\"author\":{\"name\":\"Antonello Rivano\",\"@id\":\"https:\/\/www.istitutogalanteoliva.it\/magazine\/#\/schema\/person\/d8b8aa79cfe8babc1df9da3212a7c0c4\"},\"headline\":\"L&#8217;isola che non c&#8217;\u00e8-2-\",\"datePublished\":\"2021-07-11T06:00:00+00:00\",\"dateModified\":\"2021-07-09T17:11:55+00:00\",\"mainEntityOfPage\":{\"@id\":\"https:\/\/www.istitutogalanteoliva.it\/magazine\/2021\/07\/11\/lisola-che-non-ce-2\/\"},\"wordCount\":903,\"commentCount\":1,\"publisher\":{\"@id\":\"https:\/\/www.istitutogalanteoliva.it\/magazine\/#organization\"},\"image\":{\"@id\":\"https:\/\/www.istitutogalanteoliva.it\/magazine\/2021\/07\/11\/lisola-che-non-ce-2\/#primaryimage\"},\"thumbnailUrl\":\"https:\/\/www.istitutogalanteoliva.it\/magazine\/wp-content\/uploads\/2021\/07\/isola-che-non-ce-2-Raffigurazione-della-Battaglia-di-Ramses-III-contro-i-Popoli-del-Mare-sulle-pareti-del-tempio-di-Medinet-Habu-dettaglio2-848x400-1.jpg\",\"keywords\":[\"grande verde\",\"popoli del mare\",\"Sardegna\"],\"articleSection\":[\"2021\",\"Cultura\",\"Sardegna\",\"Storia\"],\"inLanguage\":\"it-IT\",\"potentialAction\":[{\"@type\":\"CommentAction\",\"name\":\"Comment\",\"target\":[\"https:\/\/www.istitutogalanteoliva.it\/magazine\/2021\/07\/11\/lisola-che-non-ce-2\/#respond\"]}]},{\"@type\":\"WebPage\",\"@id\":\"https:\/\/www.istitutogalanteoliva.it\/magazine\/2021\/07\/11\/lisola-che-non-ce-2\/\",\"url\":\"https:\/\/www.istitutogalanteoliva.it\/magazine\/2021\/07\/11\/lisola-che-non-ce-2\/\",\"name\":\"L'isola che non c'\u00e8-2- Polis SA Magazine\",\"isPartOf\":{\"@id\":\"https:\/\/www.istitutogalanteoliva.it\/magazine\/#website\"},\"primaryImageOfPage\":{\"@id\":\"https:\/\/www.istitutogalanteoliva.it\/magazine\/2021\/07\/11\/lisola-che-non-ce-2\/#primaryimage\"},\"image\":{\"@id\":\"https:\/\/www.istitutogalanteoliva.it\/magazine\/2021\/07\/11\/lisola-che-non-ce-2\/#primaryimage\"},\"thumbnailUrl\":\"https:\/\/www.istitutogalanteoliva.it\/magazine\/wp-content\/uploads\/2021\/07\/isola-che-non-ce-2-Raffigurazione-della-Battaglia-di-Ramses-III-contro-i-Popoli-del-Mare-sulle-pareti-del-tempio-di-Medinet-Habu-dettaglio2-848x400-1.jpg\",\"datePublished\":\"2021-07-11T06:00:00+00:00\",\"dateModified\":\"2021-07-09T17:11:55+00:00\",\"description\":\"la migrazione Popoli del Mare \u00e8 stata \u201cuna diretta conseguenza dell\u2019immane disastro naturale che proprio nelle Isole del Grande Verde sembrerebbe aver avuto il suo drammatico epicentro? (1.200 a.c)\",\"breadcrumb\":{\"@id\":\"https:\/\/www.istitutogalanteoliva.it\/magazine\/2021\/07\/11\/lisola-che-non-ce-2\/#breadcrumb\"},\"inLanguage\":\"it-IT\",\"potentialAction\":[{\"@type\":\"ReadAction\",\"target\":[\"https:\/\/www.istitutogalanteoliva.it\/magazine\/2021\/07\/11\/lisola-che-non-ce-2\/\"]}]},{\"@type\":\"ImageObject\",\"inLanguage\":\"it-IT\",\"@id\":\"https:\/\/www.istitutogalanteoliva.it\/magazine\/2021\/07\/11\/lisola-che-non-ce-2\/#primaryimage\",\"url\":\"https:\/\/www.istitutogalanteoliva.it\/magazine\/wp-content\/uploads\/2021\/07\/isola-che-non-ce-2-Raffigurazione-della-Battaglia-di-Ramses-III-contro-i-Popoli-del-Mare-sulle-pareti-del-tempio-di-Medinet-Habu-dettaglio2-848x400-1.jpg\",\"contentUrl\":\"https:\/\/www.istitutogalanteoliva.it\/magazine\/wp-content\/uploads\/2021\/07\/isola-che-non-ce-2-Raffigurazione-della-Battaglia-di-Ramses-III-contro-i-Popoli-del-Mare-sulle-pareti-del-tempio-di-Medinet-Habu-dettaglio2-848x400-1.jpg\",\"width\":848,\"height\":400,\"caption\":\"dettaglio della battaglia di Ramesse III contro i Popoli del Mare su una parete del tempio di Medinet Habu\"},{\"@type\":\"BreadcrumbList\",\"@id\":\"https:\/\/www.istitutogalanteoliva.it\/magazine\/2021\/07\/11\/lisola-che-non-ce-2\/#breadcrumb\",\"itemListElement\":[{\"@type\":\"ListItem\",\"position\":1,\"name\":\"Home\",\"item\":\"https:\/\/www.istitutogalanteoliva.it\/magazine\/\"},{\"@type\":\"ListItem\",\"position\":2,\"name\":\"L&#8217;isola che non c&#8217;\u00e8-2-\"}]},{\"@type\":\"WebSite\",\"@id\":\"https:\/\/www.istitutogalanteoliva.it\/magazine\/#website\",\"url\":\"https:\/\/www.istitutogalanteoliva.it\/magazine\/\",\"name\":\"POLIS SA MAGAZINE\",\"description\":\"Informazione e approfondimenti\",\"publisher\":{\"@id\":\"https:\/\/www.istitutogalanteoliva.it\/magazine\/#organization\"},\"potentialAction\":[{\"@type\":\"SearchAction\",\"target\":{\"@type\":\"EntryPoint\",\"urlTemplate\":\"https:\/\/www.istitutogalanteoliva.it\/magazine\/?s={search_term_string}\"},\"query-input\":{\"@type\":\"PropertyValueSpecification\",\"valueRequired\":true,\"valueName\":\"search_term_string\"}}],\"inLanguage\":\"it-IT\"},{\"@type\":\"Organization\",\"@id\":\"https:\/\/www.istitutogalanteoliva.it\/magazine\/#organization\",\"name\":\"Polis SA Magazine\",\"url\":\"https:\/\/www.istitutogalanteoliva.it\/magazine\/\",\"logo\":{\"@type\":\"ImageObject\",\"inLanguage\":\"it-IT\",\"@id\":\"https:\/\/www.istitutogalanteoliva.it\/magazine\/#\/schema\/logo\/image\/\",\"url\":\"\",\"contentUrl\":\"\",\"caption\":\"Polis SA Magazine\"},\"image\":{\"@id\":\"https:\/\/www.istitutogalanteoliva.it\/magazine\/#\/schema\/logo\/image\/\"},\"sameAs\":[\"https:\/\/www.facebook.com\/PolisSAMagazine\/\",\"https:\/\/x.com\/MagazinePolis\",\"https:\/\/www.youtube.com\/channel\/UCv0Mr5AHKUmsc0sEEXkJrgw\"]},{\"@type\":\"Person\",\"@id\":\"https:\/\/www.istitutogalanteoliva.it\/magazine\/#\/schema\/person\/d8b8aa79cfe8babc1df9da3212a7c0c4\",\"name\":\"Antonello Rivano\",\"image\":{\"@type\":\"ImageObject\",\"inLanguage\":\"it-IT\",\"@id\":\"https:\/\/www.istitutogalanteoliva.it\/magazine\/#\/schema\/person\/image\/\",\"url\":\"https:\/\/secure.gravatar.com\/avatar\/517a9a6487a7a18ecc4ce6d2e57a8f40?s=96&d=mm&r=g\",\"contentUrl\":\"https:\/\/secure.gravatar.com\/avatar\/517a9a6487a7a18ecc4ce6d2e57a8f40?s=96&d=mm&r=g\",\"caption\":\"Antonello Rivano\"},\"url\":\"https:\/\/www.istitutogalanteoliva.it\/magazine\/author\/antonello\/\"}]}<\/script>\n<!-- \/ Yoast SEO plugin. -->","yoast_head_json":{"title":"L'isola che non c'\u00e8-2- Polis SA Magazine","description":"la migrazione Popoli del Mare \u00e8 stata \u201cuna diretta conseguenza dell\u2019immane disastro naturale che proprio nelle Isole del Grande Verde sembrerebbe aver avuto il suo drammatico epicentro? (1.200 a.c)","robots":{"index":"index","follow":"follow","max-snippet":"max-snippet:-1","max-image-preview":"max-image-preview:large","max-video-preview":"max-video-preview:-1"},"canonical":"https:\/\/www.istitutogalanteoliva.it\/magazine\/2021\/07\/11\/lisola-che-non-ce-2\/","og_locale":"it_IT","og_type":"article","og_title":"L'isola che non c'\u00e8-2- Polis SA Magazine","og_description":"la migrazione Popoli del Mare \u00e8 stata \u201cuna diretta conseguenza dell\u2019immane disastro naturale che proprio nelle Isole del Grande Verde sembrerebbe aver avuto il suo drammatico epicentro? (1.200 a.c)","og_url":"https:\/\/www.istitutogalanteoliva.it\/magazine\/2021\/07\/11\/lisola-che-non-ce-2\/","og_site_name":"Polis SA Magazine","article_publisher":"https:\/\/www.facebook.com\/PolisSAMagazine\/","article_published_time":"2021-07-11T06:00:00+00:00","article_modified_time":"2021-07-09T17:11:55+00:00","og_image":[{"width":848,"height":400,"url":"https:\/\/www.istitutogalanteoliva.it\/magazine\/wp-content\/uploads\/2021\/07\/isola-che-non-ce-2-Raffigurazione-della-Battaglia-di-Ramses-III-contro-i-Popoli-del-Mare-sulle-pareti-del-tempio-di-Medinet-Habu-dettaglio2-848x400-1.jpg","type":"image\/jpeg"}],"author":"Antonello Rivano","twitter_card":"summary_large_image","twitter_creator":"@MagazinePolis","twitter_site":"@MagazinePolis","twitter_misc":{"Scritto da":"Antonello Rivano","Tempo di lettura stimato":"4 minuti"},"schema":{"@context":"https:\/\/schema.org","@graph":[{"@type":"Article","@id":"https:\/\/www.istitutogalanteoliva.it\/magazine\/2021\/07\/11\/lisola-che-non-ce-2\/#article","isPartOf":{"@id":"https:\/\/www.istitutogalanteoliva.it\/magazine\/2021\/07\/11\/lisola-che-non-ce-2\/"},"author":{"name":"Antonello Rivano","@id":"https:\/\/www.istitutogalanteoliva.it\/magazine\/#\/schema\/person\/d8b8aa79cfe8babc1df9da3212a7c0c4"},"headline":"L&#8217;isola che non c&#8217;\u00e8-2-","datePublished":"2021-07-11T06:00:00+00:00","dateModified":"2021-07-09T17:11:55+00:00","mainEntityOfPage":{"@id":"https:\/\/www.istitutogalanteoliva.it\/magazine\/2021\/07\/11\/lisola-che-non-ce-2\/"},"wordCount":903,"commentCount":1,"publisher":{"@id":"https:\/\/www.istitutogalanteoliva.it\/magazine\/#organization"},"image":{"@id":"https:\/\/www.istitutogalanteoliva.it\/magazine\/2021\/07\/11\/lisola-che-non-ce-2\/#primaryimage"},"thumbnailUrl":"https:\/\/www.istitutogalanteoliva.it\/magazine\/wp-content\/uploads\/2021\/07\/isola-che-non-ce-2-Raffigurazione-della-Battaglia-di-Ramses-III-contro-i-Popoli-del-Mare-sulle-pareti-del-tempio-di-Medinet-Habu-dettaglio2-848x400-1.jpg","keywords":["grande verde","popoli del mare","Sardegna"],"articleSection":["2021","Cultura","Sardegna","Storia"],"inLanguage":"it-IT","potentialAction":[{"@type":"CommentAction","name":"Comment","target":["https:\/\/www.istitutogalanteoliva.it\/magazine\/2021\/07\/11\/lisola-che-non-ce-2\/#respond"]}]},{"@type":"WebPage","@id":"https:\/\/www.istitutogalanteoliva.it\/magazine\/2021\/07\/11\/lisola-che-non-ce-2\/","url":"https:\/\/www.istitutogalanteoliva.it\/magazine\/2021\/07\/11\/lisola-che-non-ce-2\/","name":"L'isola che non c'\u00e8-2- Polis SA Magazine","isPartOf":{"@id":"https:\/\/www.istitutogalanteoliva.it\/magazine\/#website"},"primaryImageOfPage":{"@id":"https:\/\/www.istitutogalanteoliva.it\/magazine\/2021\/07\/11\/lisola-che-non-ce-2\/#primaryimage"},"image":{"@id":"https:\/\/www.istitutogalanteoliva.it\/magazine\/2021\/07\/11\/lisola-che-non-ce-2\/#primaryimage"},"thumbnailUrl":"https:\/\/www.istitutogalanteoliva.it\/magazine\/wp-content\/uploads\/2021\/07\/isola-che-non-ce-2-Raffigurazione-della-Battaglia-di-Ramses-III-contro-i-Popoli-del-Mare-sulle-pareti-del-tempio-di-Medinet-Habu-dettaglio2-848x400-1.jpg","datePublished":"2021-07-11T06:00:00+00:00","dateModified":"2021-07-09T17:11:55+00:00","description":"la migrazione Popoli del Mare \u00e8 stata \u201cuna diretta conseguenza dell\u2019immane disastro naturale che proprio nelle Isole del Grande Verde sembrerebbe aver avuto il suo drammatico epicentro? (1.200 a.c)","breadcrumb":{"@id":"https:\/\/www.istitutogalanteoliva.it\/magazine\/2021\/07\/11\/lisola-che-non-ce-2\/#breadcrumb"},"inLanguage":"it-IT","potentialAction":[{"@type":"ReadAction","target":["https:\/\/www.istitutogalanteoliva.it\/magazine\/2021\/07\/11\/lisola-che-non-ce-2\/"]}]},{"@type":"ImageObject","inLanguage":"it-IT","@id":"https:\/\/www.istitutogalanteoliva.it\/magazine\/2021\/07\/11\/lisola-che-non-ce-2\/#primaryimage","url":"https:\/\/www.istitutogalanteoliva.it\/magazine\/wp-content\/uploads\/2021\/07\/isola-che-non-ce-2-Raffigurazione-della-Battaglia-di-Ramses-III-contro-i-Popoli-del-Mare-sulle-pareti-del-tempio-di-Medinet-Habu-dettaglio2-848x400-1.jpg","contentUrl":"https:\/\/www.istitutogalanteoliva.it\/magazine\/wp-content\/uploads\/2021\/07\/isola-che-non-ce-2-Raffigurazione-della-Battaglia-di-Ramses-III-contro-i-Popoli-del-Mare-sulle-pareti-del-tempio-di-Medinet-Habu-dettaglio2-848x400-1.jpg","width":848,"height":400,"caption":"dettaglio della battaglia di Ramesse III contro i Popoli del Mare su una parete del tempio di Medinet Habu"},{"@type":"BreadcrumbList","@id":"https:\/\/www.istitutogalanteoliva.it\/magazine\/2021\/07\/11\/lisola-che-non-ce-2\/#breadcrumb","itemListElement":[{"@type":"ListItem","position":1,"name":"Home","item":"https:\/\/www.istitutogalanteoliva.it\/magazine\/"},{"@type":"ListItem","position":2,"name":"L&#8217;isola che non c&#8217;\u00e8-2-"}]},{"@type":"WebSite","@id":"https:\/\/www.istitutogalanteoliva.it\/magazine\/#website","url":"https:\/\/www.istitutogalanteoliva.it\/magazine\/","name":"POLIS SA MAGAZINE","description":"Informazione e approfondimenti","publisher":{"@id":"https:\/\/www.istitutogalanteoliva.it\/magazine\/#organization"},"potentialAction":[{"@type":"SearchAction","target":{"@type":"EntryPoint","urlTemplate":"https:\/\/www.istitutogalanteoliva.it\/magazine\/?s={search_term_string}"},"query-input":{"@type":"PropertyValueSpecification","valueRequired":true,"valueName":"search_term_string"}}],"inLanguage":"it-IT"},{"@type":"Organization","@id":"https:\/\/www.istitutogalanteoliva.it\/magazine\/#organization","name":"Polis SA Magazine","url":"https:\/\/www.istitutogalanteoliva.it\/magazine\/","logo":{"@type":"ImageObject","inLanguage":"it-IT","@id":"https:\/\/www.istitutogalanteoliva.it\/magazine\/#\/schema\/logo\/image\/","url":"","contentUrl":"","caption":"Polis SA Magazine"},"image":{"@id":"https:\/\/www.istitutogalanteoliva.it\/magazine\/#\/schema\/logo\/image\/"},"sameAs":["https:\/\/www.facebook.com\/PolisSAMagazine\/","https:\/\/x.com\/MagazinePolis","https:\/\/www.youtube.com\/channel\/UCv0Mr5AHKUmsc0sEEXkJrgw"]},{"@type":"Person","@id":"https:\/\/www.istitutogalanteoliva.it\/magazine\/#\/schema\/person\/d8b8aa79cfe8babc1df9da3212a7c0c4","name":"Antonello Rivano","image":{"@type":"ImageObject","inLanguage":"it-IT","@id":"https:\/\/www.istitutogalanteoliva.it\/magazine\/#\/schema\/person\/image\/","url":"https:\/\/secure.gravatar.com\/avatar\/517a9a6487a7a18ecc4ce6d2e57a8f40?s=96&d=mm&r=g","contentUrl":"https:\/\/secure.gravatar.com\/avatar\/517a9a6487a7a18ecc4ce6d2e57a8f40?s=96&d=mm&r=g","caption":"Antonello Rivano"},"url":"https:\/\/www.istitutogalanteoliva.it\/magazine\/author\/antonello\/"}]}},"_links":{"self":[{"href":"https:\/\/www.istitutogalanteoliva.it\/magazine\/wp-json\/wp\/v2\/posts\/8527","targetHints":{"allow":["GET"]}}],"collection":[{"href":"https:\/\/www.istitutogalanteoliva.it\/magazine\/wp-json\/wp\/v2\/posts"}],"about":[{"href":"https:\/\/www.istitutogalanteoliva.it\/magazine\/wp-json\/wp\/v2\/types\/post"}],"author":[{"embeddable":true,"href":"https:\/\/www.istitutogalanteoliva.it\/magazine\/wp-json\/wp\/v2\/users\/2"}],"replies":[{"embeddable":true,"href":"https:\/\/www.istitutogalanteoliva.it\/magazine\/wp-json\/wp\/v2\/comments?post=8527"}],"version-history":[{"count":2,"href":"https:\/\/www.istitutogalanteoliva.it\/magazine\/wp-json\/wp\/v2\/posts\/8527\/revisions"}],"predecessor-version":[{"id":8535,"href":"https:\/\/www.istitutogalanteoliva.it\/magazine\/wp-json\/wp\/v2\/posts\/8527\/revisions\/8535"}],"wp:featuredmedia":[{"embeddable":true,"href":"https:\/\/www.istitutogalanteoliva.it\/magazine\/wp-json\/wp\/v2\/media\/8532"}],"wp:attachment":[{"href":"https:\/\/www.istitutogalanteoliva.it\/magazine\/wp-json\/wp\/v2\/media?parent=8527"}],"wp:term":[{"taxonomy":"category","embeddable":true,"href":"https:\/\/www.istitutogalanteoliva.it\/magazine\/wp-json\/wp\/v2\/categories?post=8527"},{"taxonomy":"post_tag","embeddable":true,"href":"https:\/\/www.istitutogalanteoliva.it\/magazine\/wp-json\/wp\/v2\/tags?post=8527"}],"curies":[{"name":"wp","href":"https:\/\/api.w.org\/{rel}","templated":true}]}}