{"id":8562,"date":"2021-07-13T08:00:00","date_gmt":"2021-07-13T06:00:00","guid":{"rendered":"https:\/\/www.istitutogalanteoliva.it\/magazine\/?p=8562"},"modified":"2021-07-13T09:48:38","modified_gmt":"2021-07-13T07:48:38","slug":"il-teatro-inclusivo-alla-casa-circondariale-di-arienzo-ce","status":"publish","type":"post","link":"https:\/\/www.istitutogalanteoliva.it\/magazine\/2021\/07\/13\/il-teatro-inclusivo-alla-casa-circondariale-di-arienzo-ce\/","title":{"rendered":"Il teatro inclusivo alla casa circondariale di Arienzo (CE)"},"content":{"rendered":"\n<p><\/p>\n\n\n\n<h4 class=\"wp-block-heading\">Gli istituti di pena e detenzione, gli spazi ad essi in uso e cosa vi avviene esattamente, restano ancora ai margini della percezione generale.<\/h4>\n\n\n\n<p><strong>Di <em>Francesco Paciello<\/em> <br><\/strong><\/p>\n\n\n\n<p class=\"has-drop-cap\">Tornano a galla velocemente solo in occasione di particolari eventi di cronaca e in genere non stimolano un quotidiano confronto, se non nelle famiglie e nelle comunit\u00e0 coinvolte, sulle condizioni spesso inumane di sovraffollamento, promiscuit\u00e0 e marginalit\u00e0 sociale&nbsp; nei quali versano i detenuti.<\/p>\n\n\n\n<p>Eppure la funzione&nbsp;rieducativa e&nbsp;riabilitativa del&nbsp;carcere \u00e8&nbsp;stabilita in maniera chiara e intellegibile dalla nostra Costituzione, poich\u00e9 la funzione omnia della detenzione&nbsp;\u00e8&nbsp;quella di trasformare il comportamento del detenuto, riclassificarlo socialmente,&nbsp;provando a trasmettergli un nuovo quadro di valori che permettano di trovare un escape, uno spiraglio di opportunit\u00e0 o solo una leva per dare senso sociale compiuto a legittime aspettative di vita.<\/p>\n\n\n\n<p>Ma non \u00e8 questa la sede per calarsi in complicate analisi sociologiche, resta per\u00f2 scolpito nel marmo il concetto che la pena, l\u2019obbligo coercitivo che limita la libert\u00e0 del fare \u2013 se fine a se stessa &#8211; non pu\u00f2 che produrre un loop ridondante.<\/p>\n\n\n\n<figure class=\"wp-block-image size-large is-resized\"><img loading=\"lazy\" decoding=\"async\" src=\"https:\/\/www.istitutogalanteoliva.it\/magazine\/wp-content\/uploads\/2021\/07\/IMG-7238-1024x1024.png\" alt=\"\" class=\"wp-image-8564\" width=\"512\" height=\"512\" srcset=\"https:\/\/www.istitutogalanteoliva.it\/magazine\/wp-content\/uploads\/2021\/07\/IMG-7238-1024x1025.png 1024w, https:\/\/www.istitutogalanteoliva.it\/magazine\/wp-content\/uploads\/2021\/07\/IMG-7238-300x300.png 300w, https:\/\/www.istitutogalanteoliva.it\/magazine\/wp-content\/uploads\/2021\/07\/IMG-7238-150x150.png 150w, https:\/\/www.istitutogalanteoliva.it\/magazine\/wp-content\/uploads\/2021\/07\/IMG-7238-768x769.png 768w, https:\/\/www.istitutogalanteoliva.it\/magazine\/wp-content\/uploads\/2021\/07\/IMG-7238-1534x1536.png 1534w, https:\/\/www.istitutogalanteoliva.it\/magazine\/wp-content\/uploads\/2021\/07\/IMG-7238.png 1946w\" sizes=\"auto, (max-width: 512px) 100vw, 512px\" \/><\/figure>\n\n\n\n<p>In questa trama, trita e ritrita, emergono puntini luminosi che come le stelle guidano il viaggio e aiutano a spingere oltre, provando a dare un senso compiuto all\u2019enunciato costituzionale o quanto meno a riportare in rotta \u2013 ove possibile e in condizioni di fertilit\u00e0 ambientale \u2013 e dare senso alla volont\u00e0 di incidere, andando oltre la traccia simbolica e provando ad innescare le dinamiche dell\u2019inclusione.<\/p>\n\n\n\n<p>Come sempre \u00e8 il terzo settore a sostenere il valore delle intenzioni.<\/p>\n\n\n\n<p>Polluce APS, con il progetto teatro inclusivo, ha probabilmente toccato le corde di chi, spesso, si arrende al trascorrere del tempo contando alla rovescia, giorno dopo giorno, quello che rimane per tornare in libert\u00e0. Lo fa offrendo in alternativa partecipazione attiva, identit\u00e0 di persona e di gruppo, sfida interpretativa.<\/p>\n\n\n\n<p>Nasce cos\u00ec alla <strong>casa circondariale di Arienzo (CE)<\/strong> la compagnia <strong>\u201cLa Flotta\u201d,<\/strong> un gruppo teatrale che in questi ultimi due anni ha catalizzato la sua ricerca concettuale sullo studio del vizio, non inteso solo come fenomeno di perversione, ma coniugato e interpretato attraverso la visione e l\u2019analisi dell\u2019essere umano.<\/p>\n\n\n\n<p><strong>Gaetano Battista<\/strong> e <strong>Fabio Fiorillo<\/strong>, curano l\u2019esperienza di teatro inclusivo coinvolgendo i detenuti in modo intelligente e raffinato.<\/p>\n\n\n\n<figure class=\"wp-block-image size-large is-resized\"><img loading=\"lazy\" decoding=\"async\" src=\"https:\/\/www.istitutogalanteoliva.it\/magazine\/wp-content\/uploads\/2021\/07\/IMG-7237-1-978x1024.jpg\" alt=\"\" class=\"wp-image-8563\" width=\"489\" height=\"512\" srcset=\"https:\/\/www.istitutogalanteoliva.it\/magazine\/wp-content\/uploads\/2021\/07\/IMG-7237-1-978x1024.jpg 978w, https:\/\/www.istitutogalanteoliva.it\/magazine\/wp-content\/uploads\/2021\/07\/IMG-7237-1-287x300.jpg 287w, https:\/\/www.istitutogalanteoliva.it\/magazine\/wp-content\/uploads\/2021\/07\/IMG-7237-1-768x804.jpg 768w, https:\/\/www.istitutogalanteoliva.it\/magazine\/wp-content\/uploads\/2021\/07\/IMG-7237-1-1467x1536.jpg 1467w, https:\/\/www.istitutogalanteoliva.it\/magazine\/wp-content\/uploads\/2021\/07\/IMG-7237-1-1024x1072.jpg 1024w, https:\/\/www.istitutogalanteoliva.it\/magazine\/wp-content\/uploads\/2021\/07\/IMG-7237-1.jpg 1785w\" sizes=\"auto, (max-width: 489px) 100vw, 489px\" \/><figcaption><strong><sup>Fabio Fiorillo  e Gaetano Battista<\/sup><\/strong><\/figcaption><\/figure>\n\n\n\n<p>Battista ci spiega la genesi, il percorso e lo sviluppo del lavoro teatrale intitolato \u201c<strong>Alterazioni<\/strong>\u201d<\/p>\n\n\n\n<p>&lt;&lt;<em>Si \u00e8 ovviamente partiti dalla definizione del vizio, dalla sua etimologia, fino ad analizzare il vizio inteso strettamente come difetto, l\u2019uomo inteso come essere difettoso, pieno di contraddizioni e di sfaccettature.<\/em><\/p>\n\n\n\n<p><em>L\u2019analisi del concetto di vizio \u00e8 partita dalla dinamica dei sette vizi capitali, spostando poi l\u2019attenzione sulla percezione del vizio: cosa \u00e8 per noi il difetto e cosa provoca in noi, sia quando lo vediamo proiettato negli altri, sia quando lo sentiamo parte di noi.<\/em><\/p>\n\n\n\n<p><em>Raccogliendo le storie dei detenuti, le loro personali visioni e i complicati vissuti, si \u00e8 proceduto ad una vera e propria co-creazione di un percorso di spettacolo itinerante che segue la traccia delle emozioni innescate dall\u2019animo umano. Per rendere leggibile a tutti l\u2019intenso percorso di studio che i detenuti stavano facendo sull\u2019uomo e su se stessi, abbiamo deciso insieme di utilizzare il racconto come mezzo di comunicazione. I detenuti hanno scelto di utilizzare la favola come strumento di espressione, narrando le evoluzioni e le emozioni che la stessa fiaba pu\u00f2 trasmettere attraverso i protagonisti che ne fanno parte. Siamo partiti da racconti molto vicini al difetto, alla caduta, all\u2019errore; abbiamo utilizzato i testi de Lo Cunto de li Cunti di Giambattista Basile e Le Dodici storie di Natale di Roberto De Simone. Sviscerando i personaggi di alcune leggende, abbiamo estrapolato i concetti pi\u00f9 riflettibili nell\u2019attualit\u00e0, partendo da tutto ci\u00f2 che pu\u00f2 essere visto con disgusto e quindi allontanato, ma che solo mediante la favola pu\u00f2 essere apprezzato, accettato e ascoltato. Dalla raccolta delle riflessioni sul difetto e dalla loro presenza espressa o ricavabile all\u2019interno dei racconti, \u00e8 nato lo spettacolo Alterazioni. Il difetto \u00e8 un\u2019alterazione della condizione di partenza, rende estranei ed estraniati. L\u2019affinit\u00e0 tra l\u2019alterazione e il detenuto ha consentito di percepire lo spettacolo nelle sue intime declinazioni. Il detenuto, bistrattato, di indole viziosa come tutti gli esseri umani, \u00e8 molto spesso spinto al vizio da una necessit\u00e0 che \u00e8 quella della sopravvivenza, poich\u00e9 crede che questa sia l\u2019unica strada da percorrere. La storia raccontata diventa un filtro magico, una formula di espiazione per esorcizzare ed analizzare le nostre continue cadute. Nessuno sar\u00e0 colpevole, ma tutti avranno la possibilit\u00e0 di riflettere. &nbsp;Ogni racconto ha un filo conduttore con la realt\u00e0, la leggenda diventa strumento di analisi delle fragilit\u00e0 umane<\/em>&gt;&gt;.<\/p>\n\n\n\n<p>Il lavoro teatrale, con le scenografie curate da Gennaro Vallifuoco e i costumi originali di Teresa Papa e Nicola Criscibaffico andr\u00e0 in scena i prossimi 20,21 e 22 luglio. La selezione musicale e gli arrangiamenti sono di Fabio Fiorillo e Franco Ponzo.<\/p>\n\n\n\n<p>Interpretato dai detenuti: Hakim Boulakrouf; Alfret Iakim; Giovanni De Simone; Marco Duro; Silvio Formosa; Rossella Massari; Antony Rega; Arianna Ricciardi; Ciro Rimoli; Vincenzo Russolillo; Danilo Tuccia.<\/p>\n\n\n\n<p><strong>L\u2019attivit\u00e0 di Polluce APS, in collaborazione con INDILA e Cosmoart, \u00e8 promossa dal Garante dei Detenuti della Regione Campania e sostenuta dal Fondo di Beneficenza di Intesa Sanpaolo<\/strong><\/p>\n\n\n\n<p><em>Con un opportuno accredito si potr\u00e0 partecipare da spettatori<\/em><\/p>\n\n\n\n<p><span class=\"has-inline-color has-vivid-cyan-blue-color\"><strong><em>Contatti associazionepolluce@gmail.com.<\/em><\/strong><\/span><\/p>\n\n\n\n<p><img loading=\"lazy\" decoding=\"async\" width=\"100\" height=\"102\" class=\"wp-image-8566\" style=\"width: 100px;\" src=\"https:\/\/www.istitutogalanteoliva.it\/magazine\/wp-content\/uploads\/2021\/07\/Senza-titolo-3.png\" alt=\"\" srcset=\"https:\/\/www.istitutogalanteoliva.it\/magazine\/wp-content\/uploads\/2021\/07\/Senza-titolo-3.png 527w, https:\/\/www.istitutogalanteoliva.it\/magazine\/wp-content\/uploads\/2021\/07\/Senza-titolo-3-296x300.png 296w\" sizes=\"auto, (max-width: 100px) 100vw, 100px\" \/><em><strong><a href=\"https:\/\/www.istitutogalanteoliva.it\/magazine\/?s=francesco+paciello\" target=\"_blank\" rel=\"noreferrer noopener\">Francesco Paciello<\/a><\/strong><\/em><\/p>\n<div class=\"pdfprnt-buttons pdfprnt-buttons-post pdfprnt-bottom-left\"><a href=\"https:\/\/www.istitutogalanteoliva.it\/magazine\/wp-json\/wp\/v2\/posts\/8562?print=print\" class=\"pdfprnt-button pdfprnt-button-print\" target=\"_blank\"><img decoding=\"async\" src=\"https:\/\/www.istitutogalanteoliva.it\/magazine\/wp-content\/plugins\/pdf-print\/images\/print.png\" alt=\"image_print\" title=\"Stampa contenuto\" \/><span class=\"pdfprnt-button-title pdfprnt-button-print-title\">Download in PDF<\/span><\/a><\/div>","protected":false},"excerpt":{"rendered":"<p> Alla casa circondariale di Arienzo (CE) nasce  la compagnia \u201cLa Flotta\u201d,<br \/>\nGaetano Battista e Fabio Fiorillo, curano l\u2019esperienza di teatro inclusivo coinvolgendo i detenuti in modo intelligente e raffinato.<\/p>\n","protected":false},"author":2,"featured_media":8565,"comment_status":"open","ping_status":"open","sticky":true,"template":"","format":"standard","meta":{"footnotes":""},"categories":[148,210,22],"tags":[],"class_list":["post-8562","post","type-post","status-publish","format-standard","has-post-thumbnail","hentry","category-148","category-campania","category-societa"],"yoast_head":"<!-- This site is optimized with the Yoast SEO plugin v24.2 - https:\/\/yoast.com\/wordpress\/plugins\/seo\/ -->\n<title>Il teatro inclusivo alla casa circondariale di Arienzo (CE) - Polis SA Magazine<\/title>\n<meta name=\"description\" content=\"Alla casa circondariale di Arienzo (CE) nasce la compagnia \u201cLa Flotta\u201d,Gaetano Battista e Fabio Fiorillo, curano l\u2019esperienza di teatro inclusivo coinvolgendo i detenuti in modo intelligente e raffinato.\" \/>\n<meta name=\"robots\" content=\"index, follow, max-snippet:-1, max-image-preview:large, max-video-preview:-1\" \/>\n<link rel=\"canonical\" href=\"https:\/\/www.istitutogalanteoliva.it\/magazine\/2021\/07\/13\/il-teatro-inclusivo-alla-casa-circondariale-di-arienzo-ce\/\" \/>\n<meta property=\"og:locale\" content=\"it_IT\" \/>\n<meta property=\"og:type\" content=\"article\" \/>\n<meta property=\"og:title\" content=\"Il teatro inclusivo alla casa circondariale di Arienzo (CE) - Polis SA Magazine\" \/>\n<meta property=\"og:description\" content=\"Alla casa circondariale di Arienzo (CE) nasce la compagnia \u201cLa Flotta\u201d,Gaetano Battista e Fabio Fiorillo, curano l\u2019esperienza di teatro inclusivo coinvolgendo i detenuti in modo intelligente e raffinato.\" \/>\n<meta property=\"og:url\" content=\"https:\/\/www.istitutogalanteoliva.it\/magazine\/2021\/07\/13\/il-teatro-inclusivo-alla-casa-circondariale-di-arienzo-ce\/\" \/>\n<meta property=\"og:site_name\" content=\"Polis SA Magazine\" \/>\n<meta property=\"article:publisher\" content=\"https:\/\/www.facebook.com\/PolisSAMagazine\/\" \/>\n<meta property=\"article:published_time\" content=\"2021-07-13T06:00:00+00:00\" \/>\n<meta property=\"article:modified_time\" content=\"2021-07-13T07:48:38+00:00\" \/>\n<meta property=\"og:image\" content=\"https:\/\/www.istitutogalanteoliva.it\/magazine\/wp-content\/uploads\/2021\/07\/13.jpg\" \/>\n\t<meta property=\"og:image:width\" content=\"640\" \/>\n\t<meta property=\"og:image:height\" content=\"380\" \/>\n\t<meta property=\"og:image:type\" content=\"image\/jpeg\" \/>\n<meta name=\"author\" content=\"Antonello Rivano\" \/>\n<meta name=\"twitter:card\" content=\"summary_large_image\" \/>\n<meta name=\"twitter:creator\" content=\"@MagazinePolis\" \/>\n<meta name=\"twitter:site\" content=\"@MagazinePolis\" \/>\n<meta name=\"twitter:label1\" content=\"Scritto da\" \/>\n\t<meta name=\"twitter:data1\" content=\"Antonello Rivano\" \/>\n\t<meta name=\"twitter:label2\" content=\"Tempo di lettura stimato\" \/>\n\t<meta name=\"twitter:data2\" content=\"4 minuti\" \/>\n<script type=\"application\/ld+json\" class=\"yoast-schema-graph\">{\"@context\":\"https:\/\/schema.org\",\"@graph\":[{\"@type\":\"Article\",\"@id\":\"https:\/\/www.istitutogalanteoliva.it\/magazine\/2021\/07\/13\/il-teatro-inclusivo-alla-casa-circondariale-di-arienzo-ce\/#article\",\"isPartOf\":{\"@id\":\"https:\/\/www.istitutogalanteoliva.it\/magazine\/2021\/07\/13\/il-teatro-inclusivo-alla-casa-circondariale-di-arienzo-ce\/\"},\"author\":{\"name\":\"Antonello Rivano\",\"@id\":\"https:\/\/www.istitutogalanteoliva.it\/magazine\/#\/schema\/person\/d8b8aa79cfe8babc1df9da3212a7c0c4\"},\"headline\":\"Il teatro inclusivo alla casa circondariale di Arienzo (CE)\",\"datePublished\":\"2021-07-13T06:00:00+00:00\",\"dateModified\":\"2021-07-13T07:48:38+00:00\",\"mainEntityOfPage\":{\"@id\":\"https:\/\/www.istitutogalanteoliva.it\/magazine\/2021\/07\/13\/il-teatro-inclusivo-alla-casa-circondariale-di-arienzo-ce\/\"},\"wordCount\":904,\"commentCount\":1,\"publisher\":{\"@id\":\"https:\/\/www.istitutogalanteoliva.it\/magazine\/#organization\"},\"image\":{\"@id\":\"https:\/\/www.istitutogalanteoliva.it\/magazine\/2021\/07\/13\/il-teatro-inclusivo-alla-casa-circondariale-di-arienzo-ce\/#primaryimage\"},\"thumbnailUrl\":\"https:\/\/www.istitutogalanteoliva.it\/magazine\/wp-content\/uploads\/2021\/07\/13.jpg\",\"articleSection\":[\"2021\",\"Campania\",\"Societ\u00e0\"],\"inLanguage\":\"it-IT\",\"potentialAction\":[{\"@type\":\"CommentAction\",\"name\":\"Comment\",\"target\":[\"https:\/\/www.istitutogalanteoliva.it\/magazine\/2021\/07\/13\/il-teatro-inclusivo-alla-casa-circondariale-di-arienzo-ce\/#respond\"]}]},{\"@type\":\"WebPage\",\"@id\":\"https:\/\/www.istitutogalanteoliva.it\/magazine\/2021\/07\/13\/il-teatro-inclusivo-alla-casa-circondariale-di-arienzo-ce\/\",\"url\":\"https:\/\/www.istitutogalanteoliva.it\/magazine\/2021\/07\/13\/il-teatro-inclusivo-alla-casa-circondariale-di-arienzo-ce\/\",\"name\":\"Il teatro inclusivo alla casa circondariale di Arienzo (CE) - Polis SA Magazine\",\"isPartOf\":{\"@id\":\"https:\/\/www.istitutogalanteoliva.it\/magazine\/#website\"},\"primaryImageOfPage\":{\"@id\":\"https:\/\/www.istitutogalanteoliva.it\/magazine\/2021\/07\/13\/il-teatro-inclusivo-alla-casa-circondariale-di-arienzo-ce\/#primaryimage\"},\"image\":{\"@id\":\"https:\/\/www.istitutogalanteoliva.it\/magazine\/2021\/07\/13\/il-teatro-inclusivo-alla-casa-circondariale-di-arienzo-ce\/#primaryimage\"},\"thumbnailUrl\":\"https:\/\/www.istitutogalanteoliva.it\/magazine\/wp-content\/uploads\/2021\/07\/13.jpg\",\"datePublished\":\"2021-07-13T06:00:00+00:00\",\"dateModified\":\"2021-07-13T07:48:38+00:00\",\"description\":\"Alla casa circondariale di Arienzo (CE) nasce la compagnia \u201cLa Flotta\u201d,Gaetano Battista e Fabio Fiorillo, curano l\u2019esperienza di teatro inclusivo coinvolgendo i detenuti in modo intelligente e raffinato.\",\"breadcrumb\":{\"@id\":\"https:\/\/www.istitutogalanteoliva.it\/magazine\/2021\/07\/13\/il-teatro-inclusivo-alla-casa-circondariale-di-arienzo-ce\/#breadcrumb\"},\"inLanguage\":\"it-IT\",\"potentialAction\":[{\"@type\":\"ReadAction\",\"target\":[\"https:\/\/www.istitutogalanteoliva.it\/magazine\/2021\/07\/13\/il-teatro-inclusivo-alla-casa-circondariale-di-arienzo-ce\/\"]}]},{\"@type\":\"ImageObject\",\"inLanguage\":\"it-IT\",\"@id\":\"https:\/\/www.istitutogalanteoliva.it\/magazine\/2021\/07\/13\/il-teatro-inclusivo-alla-casa-circondariale-di-arienzo-ce\/#primaryimage\",\"url\":\"https:\/\/www.istitutogalanteoliva.it\/magazine\/wp-content\/uploads\/2021\/07\/13.jpg\",\"contentUrl\":\"https:\/\/www.istitutogalanteoliva.it\/magazine\/wp-content\/uploads\/2021\/07\/13.jpg\",\"width\":640,\"height\":380,\"caption\":\"Photo credit di Riccardo Sergio\"},{\"@type\":\"BreadcrumbList\",\"@id\":\"https:\/\/www.istitutogalanteoliva.it\/magazine\/2021\/07\/13\/il-teatro-inclusivo-alla-casa-circondariale-di-arienzo-ce\/#breadcrumb\",\"itemListElement\":[{\"@type\":\"ListItem\",\"position\":1,\"name\":\"Home\",\"item\":\"https:\/\/www.istitutogalanteoliva.it\/magazine\/\"},{\"@type\":\"ListItem\",\"position\":2,\"name\":\"Il teatro inclusivo alla casa circondariale di Arienzo (CE)\"}]},{\"@type\":\"WebSite\",\"@id\":\"https:\/\/www.istitutogalanteoliva.it\/magazine\/#website\",\"url\":\"https:\/\/www.istitutogalanteoliva.it\/magazine\/\",\"name\":\"POLIS SA MAGAZINE\",\"description\":\"Informazione e approfondimenti\",\"publisher\":{\"@id\":\"https:\/\/www.istitutogalanteoliva.it\/magazine\/#organization\"},\"potentialAction\":[{\"@type\":\"SearchAction\",\"target\":{\"@type\":\"EntryPoint\",\"urlTemplate\":\"https:\/\/www.istitutogalanteoliva.it\/magazine\/?s={search_term_string}\"},\"query-input\":{\"@type\":\"PropertyValueSpecification\",\"valueRequired\":true,\"valueName\":\"search_term_string\"}}],\"inLanguage\":\"it-IT\"},{\"@type\":\"Organization\",\"@id\":\"https:\/\/www.istitutogalanteoliva.it\/magazine\/#organization\",\"name\":\"Polis SA Magazine\",\"url\":\"https:\/\/www.istitutogalanteoliva.it\/magazine\/\",\"logo\":{\"@type\":\"ImageObject\",\"inLanguage\":\"it-IT\",\"@id\":\"https:\/\/www.istitutogalanteoliva.it\/magazine\/#\/schema\/logo\/image\/\",\"url\":\"\",\"contentUrl\":\"\",\"caption\":\"Polis SA Magazine\"},\"image\":{\"@id\":\"https:\/\/www.istitutogalanteoliva.it\/magazine\/#\/schema\/logo\/image\/\"},\"sameAs\":[\"https:\/\/www.facebook.com\/PolisSAMagazine\/\",\"https:\/\/x.com\/MagazinePolis\",\"https:\/\/www.youtube.com\/channel\/UCv0Mr5AHKUmsc0sEEXkJrgw\"]},{\"@type\":\"Person\",\"@id\":\"https:\/\/www.istitutogalanteoliva.it\/magazine\/#\/schema\/person\/d8b8aa79cfe8babc1df9da3212a7c0c4\",\"name\":\"Antonello Rivano\",\"image\":{\"@type\":\"ImageObject\",\"inLanguage\":\"it-IT\",\"@id\":\"https:\/\/www.istitutogalanteoliva.it\/magazine\/#\/schema\/person\/image\/\",\"url\":\"https:\/\/secure.gravatar.com\/avatar\/517a9a6487a7a18ecc4ce6d2e57a8f40?s=96&d=mm&r=g\",\"contentUrl\":\"https:\/\/secure.gravatar.com\/avatar\/517a9a6487a7a18ecc4ce6d2e57a8f40?s=96&d=mm&r=g\",\"caption\":\"Antonello Rivano\"},\"url\":\"https:\/\/www.istitutogalanteoliva.it\/magazine\/author\/antonello\/\"}]}<\/script>\n<!-- \/ Yoast SEO plugin. -->","yoast_head_json":{"title":"Il teatro inclusivo alla casa circondariale di Arienzo (CE) - Polis SA Magazine","description":"Alla casa circondariale di Arienzo (CE) nasce la compagnia \u201cLa Flotta\u201d,Gaetano Battista e Fabio Fiorillo, curano l\u2019esperienza di teatro inclusivo coinvolgendo i detenuti in modo intelligente e raffinato.","robots":{"index":"index","follow":"follow","max-snippet":"max-snippet:-1","max-image-preview":"max-image-preview:large","max-video-preview":"max-video-preview:-1"},"canonical":"https:\/\/www.istitutogalanteoliva.it\/magazine\/2021\/07\/13\/il-teatro-inclusivo-alla-casa-circondariale-di-arienzo-ce\/","og_locale":"it_IT","og_type":"article","og_title":"Il teatro inclusivo alla casa circondariale di Arienzo (CE) - Polis SA Magazine","og_description":"Alla casa circondariale di Arienzo (CE) nasce la compagnia \u201cLa Flotta\u201d,Gaetano Battista e Fabio Fiorillo, curano l\u2019esperienza di teatro inclusivo coinvolgendo i detenuti in modo intelligente e raffinato.","og_url":"https:\/\/www.istitutogalanteoliva.it\/magazine\/2021\/07\/13\/il-teatro-inclusivo-alla-casa-circondariale-di-arienzo-ce\/","og_site_name":"Polis SA Magazine","article_publisher":"https:\/\/www.facebook.com\/PolisSAMagazine\/","article_published_time":"2021-07-13T06:00:00+00:00","article_modified_time":"2021-07-13T07:48:38+00:00","og_image":[{"width":640,"height":380,"url":"https:\/\/www.istitutogalanteoliva.it\/magazine\/wp-content\/uploads\/2021\/07\/13.jpg","type":"image\/jpeg"}],"author":"Antonello Rivano","twitter_card":"summary_large_image","twitter_creator":"@MagazinePolis","twitter_site":"@MagazinePolis","twitter_misc":{"Scritto da":"Antonello Rivano","Tempo di lettura stimato":"4 minuti"},"schema":{"@context":"https:\/\/schema.org","@graph":[{"@type":"Article","@id":"https:\/\/www.istitutogalanteoliva.it\/magazine\/2021\/07\/13\/il-teatro-inclusivo-alla-casa-circondariale-di-arienzo-ce\/#article","isPartOf":{"@id":"https:\/\/www.istitutogalanteoliva.it\/magazine\/2021\/07\/13\/il-teatro-inclusivo-alla-casa-circondariale-di-arienzo-ce\/"},"author":{"name":"Antonello Rivano","@id":"https:\/\/www.istitutogalanteoliva.it\/magazine\/#\/schema\/person\/d8b8aa79cfe8babc1df9da3212a7c0c4"},"headline":"Il teatro inclusivo alla casa circondariale di Arienzo (CE)","datePublished":"2021-07-13T06:00:00+00:00","dateModified":"2021-07-13T07:48:38+00:00","mainEntityOfPage":{"@id":"https:\/\/www.istitutogalanteoliva.it\/magazine\/2021\/07\/13\/il-teatro-inclusivo-alla-casa-circondariale-di-arienzo-ce\/"},"wordCount":904,"commentCount":1,"publisher":{"@id":"https:\/\/www.istitutogalanteoliva.it\/magazine\/#organization"},"image":{"@id":"https:\/\/www.istitutogalanteoliva.it\/magazine\/2021\/07\/13\/il-teatro-inclusivo-alla-casa-circondariale-di-arienzo-ce\/#primaryimage"},"thumbnailUrl":"https:\/\/www.istitutogalanteoliva.it\/magazine\/wp-content\/uploads\/2021\/07\/13.jpg","articleSection":["2021","Campania","Societ\u00e0"],"inLanguage":"it-IT","potentialAction":[{"@type":"CommentAction","name":"Comment","target":["https:\/\/www.istitutogalanteoliva.it\/magazine\/2021\/07\/13\/il-teatro-inclusivo-alla-casa-circondariale-di-arienzo-ce\/#respond"]}]},{"@type":"WebPage","@id":"https:\/\/www.istitutogalanteoliva.it\/magazine\/2021\/07\/13\/il-teatro-inclusivo-alla-casa-circondariale-di-arienzo-ce\/","url":"https:\/\/www.istitutogalanteoliva.it\/magazine\/2021\/07\/13\/il-teatro-inclusivo-alla-casa-circondariale-di-arienzo-ce\/","name":"Il teatro inclusivo alla casa circondariale di Arienzo (CE) - Polis SA Magazine","isPartOf":{"@id":"https:\/\/www.istitutogalanteoliva.it\/magazine\/#website"},"primaryImageOfPage":{"@id":"https:\/\/www.istitutogalanteoliva.it\/magazine\/2021\/07\/13\/il-teatro-inclusivo-alla-casa-circondariale-di-arienzo-ce\/#primaryimage"},"image":{"@id":"https:\/\/www.istitutogalanteoliva.it\/magazine\/2021\/07\/13\/il-teatro-inclusivo-alla-casa-circondariale-di-arienzo-ce\/#primaryimage"},"thumbnailUrl":"https:\/\/www.istitutogalanteoliva.it\/magazine\/wp-content\/uploads\/2021\/07\/13.jpg","datePublished":"2021-07-13T06:00:00+00:00","dateModified":"2021-07-13T07:48:38+00:00","description":"Alla casa circondariale di Arienzo (CE) nasce la compagnia \u201cLa Flotta\u201d,Gaetano Battista e Fabio Fiorillo, curano l\u2019esperienza di teatro inclusivo coinvolgendo i detenuti in modo intelligente e raffinato.","breadcrumb":{"@id":"https:\/\/www.istitutogalanteoliva.it\/magazine\/2021\/07\/13\/il-teatro-inclusivo-alla-casa-circondariale-di-arienzo-ce\/#breadcrumb"},"inLanguage":"it-IT","potentialAction":[{"@type":"ReadAction","target":["https:\/\/www.istitutogalanteoliva.it\/magazine\/2021\/07\/13\/il-teatro-inclusivo-alla-casa-circondariale-di-arienzo-ce\/"]}]},{"@type":"ImageObject","inLanguage":"it-IT","@id":"https:\/\/www.istitutogalanteoliva.it\/magazine\/2021\/07\/13\/il-teatro-inclusivo-alla-casa-circondariale-di-arienzo-ce\/#primaryimage","url":"https:\/\/www.istitutogalanteoliva.it\/magazine\/wp-content\/uploads\/2021\/07\/13.jpg","contentUrl":"https:\/\/www.istitutogalanteoliva.it\/magazine\/wp-content\/uploads\/2021\/07\/13.jpg","width":640,"height":380,"caption":"Photo credit di Riccardo Sergio"},{"@type":"BreadcrumbList","@id":"https:\/\/www.istitutogalanteoliva.it\/magazine\/2021\/07\/13\/il-teatro-inclusivo-alla-casa-circondariale-di-arienzo-ce\/#breadcrumb","itemListElement":[{"@type":"ListItem","position":1,"name":"Home","item":"https:\/\/www.istitutogalanteoliva.it\/magazine\/"},{"@type":"ListItem","position":2,"name":"Il teatro inclusivo alla casa circondariale di Arienzo (CE)"}]},{"@type":"WebSite","@id":"https:\/\/www.istitutogalanteoliva.it\/magazine\/#website","url":"https:\/\/www.istitutogalanteoliva.it\/magazine\/","name":"POLIS SA MAGAZINE","description":"Informazione e approfondimenti","publisher":{"@id":"https:\/\/www.istitutogalanteoliva.it\/magazine\/#organization"},"potentialAction":[{"@type":"SearchAction","target":{"@type":"EntryPoint","urlTemplate":"https:\/\/www.istitutogalanteoliva.it\/magazine\/?s={search_term_string}"},"query-input":{"@type":"PropertyValueSpecification","valueRequired":true,"valueName":"search_term_string"}}],"inLanguage":"it-IT"},{"@type":"Organization","@id":"https:\/\/www.istitutogalanteoliva.it\/magazine\/#organization","name":"Polis SA Magazine","url":"https:\/\/www.istitutogalanteoliva.it\/magazine\/","logo":{"@type":"ImageObject","inLanguage":"it-IT","@id":"https:\/\/www.istitutogalanteoliva.it\/magazine\/#\/schema\/logo\/image\/","url":"","contentUrl":"","caption":"Polis SA Magazine"},"image":{"@id":"https:\/\/www.istitutogalanteoliva.it\/magazine\/#\/schema\/logo\/image\/"},"sameAs":["https:\/\/www.facebook.com\/PolisSAMagazine\/","https:\/\/x.com\/MagazinePolis","https:\/\/www.youtube.com\/channel\/UCv0Mr5AHKUmsc0sEEXkJrgw"]},{"@type":"Person","@id":"https:\/\/www.istitutogalanteoliva.it\/magazine\/#\/schema\/person\/d8b8aa79cfe8babc1df9da3212a7c0c4","name":"Antonello Rivano","image":{"@type":"ImageObject","inLanguage":"it-IT","@id":"https:\/\/www.istitutogalanteoliva.it\/magazine\/#\/schema\/person\/image\/","url":"https:\/\/secure.gravatar.com\/avatar\/517a9a6487a7a18ecc4ce6d2e57a8f40?s=96&d=mm&r=g","contentUrl":"https:\/\/secure.gravatar.com\/avatar\/517a9a6487a7a18ecc4ce6d2e57a8f40?s=96&d=mm&r=g","caption":"Antonello Rivano"},"url":"https:\/\/www.istitutogalanteoliva.it\/magazine\/author\/antonello\/"}]}},"_links":{"self":[{"href":"https:\/\/www.istitutogalanteoliva.it\/magazine\/wp-json\/wp\/v2\/posts\/8562","targetHints":{"allow":["GET"]}}],"collection":[{"href":"https:\/\/www.istitutogalanteoliva.it\/magazine\/wp-json\/wp\/v2\/posts"}],"about":[{"href":"https:\/\/www.istitutogalanteoliva.it\/magazine\/wp-json\/wp\/v2\/types\/post"}],"author":[{"embeddable":true,"href":"https:\/\/www.istitutogalanteoliva.it\/magazine\/wp-json\/wp\/v2\/users\/2"}],"replies":[{"embeddable":true,"href":"https:\/\/www.istitutogalanteoliva.it\/magazine\/wp-json\/wp\/v2\/comments?post=8562"}],"version-history":[{"count":3,"href":"https:\/\/www.istitutogalanteoliva.it\/magazine\/wp-json\/wp\/v2\/posts\/8562\/revisions"}],"predecessor-version":[{"id":8575,"href":"https:\/\/www.istitutogalanteoliva.it\/magazine\/wp-json\/wp\/v2\/posts\/8562\/revisions\/8575"}],"wp:featuredmedia":[{"embeddable":true,"href":"https:\/\/www.istitutogalanteoliva.it\/magazine\/wp-json\/wp\/v2\/media\/8565"}],"wp:attachment":[{"href":"https:\/\/www.istitutogalanteoliva.it\/magazine\/wp-json\/wp\/v2\/media?parent=8562"}],"wp:term":[{"taxonomy":"category","embeddable":true,"href":"https:\/\/www.istitutogalanteoliva.it\/magazine\/wp-json\/wp\/v2\/categories?post=8562"},{"taxonomy":"post_tag","embeddable":true,"href":"https:\/\/www.istitutogalanteoliva.it\/magazine\/wp-json\/wp\/v2\/tags?post=8562"}],"curies":[{"name":"wp","href":"https:\/\/api.w.org\/{rel}","templated":true}]}}