{"id":8590,"date":"2021-07-15T08:00:00","date_gmt":"2021-07-15T06:00:00","guid":{"rendered":"https:\/\/www.istitutogalanteoliva.it\/magazine\/?p=8590"},"modified":"2021-07-14T14:32:05","modified_gmt":"2021-07-14T12:32:05","slug":"sabato-e-domenica-carlo-cottarelli-ospite-di-liberevento","status":"publish","type":"post","link":"https:\/\/www.istitutogalanteoliva.it\/magazine\/2021\/07\/15\/sabato-e-domenica-carlo-cottarelli-ospite-di-liberevento\/","title":{"rendered":"Sabato e domenica Carlo Cottarelli ospite di Liberevento"},"content":{"rendered":"\n<h4 class=\"wp-block-heading\">Sar\u00e0&nbsp;<strong>Carlo Cottarelli<\/strong>&nbsp;il prossimo ospite del X festival culturale&nbsp;<strong>Liberevento<\/strong>, organizzato dall\u2019associazione&nbsp;<strong>Contramilonga&nbsp;<\/strong>dietro la direzione artistica del giornalista e scrittore&nbsp;<strong>Claudio Moica.&nbsp;<\/strong>&nbsp;&nbsp;<\/h4>\n\n\n\n<p class=\"has-drop-cap\">L\u2019economista ed editorialista&nbsp;<strong>sabato 17<\/strong>&nbsp;e&nbsp;<strong>domenica 18 luglio<\/strong>&nbsp;far\u00e0 due tappe nel Sulcis per presentare il suo libro&nbsp;<strong>All\u2019inferno e ritorno&nbsp;<\/strong>(Feltrinelli), una riflessione su come risollevare l\u2019economia dell\u2019Italia all\u2019indomani della crisi innescata dal covid 19.<\/p>\n\n\n\n<p>L\u2019appuntamento di&nbsp;<strong>sabato<\/strong>&nbsp;\u00e8 alle&nbsp;<strong>21,30<\/strong>&nbsp;nel suggestivo scenario del Chiostro di San Francesco di&nbsp;<strong>Iglesias<\/strong>, mentre domenica, alle&nbsp;<strong>22<\/strong>,&nbsp;<strong>Cottarelli<\/strong>&nbsp;sar\u00e0 a&nbsp;<strong>Sant\u2019Antioco<\/strong>, in via Castello, davanti alla Necropoli. A dialogare con l\u2019autore sar\u00e0 in tutte e due le serate il giornalista&nbsp;<strong>Vito Biolchini<\/strong>.<\/p>\n\n\n\n<p><strong><u>Per partecipare agli eventi \u00e8 obbligatoria la prenotazione su\u00a0<\/u>\u00a0<a href=\"http:\/\/www.liberevento.it\/\" target=\"_blank\" rel=\"noreferrer noopener\">www.liberevento.it<\/a><\/strong><\/p>\n\n\n\n<h3 class=\"wp-block-heading\">Il libro<\/h3>\n\n\n\n<div class=\"wp-block-image\"><figure class=\"alignleft size-large\"><img loading=\"lazy\" decoding=\"async\" width=\"319\" height=\"500\" src=\"https:\/\/www.istitutogalanteoliva.it\/magazine\/wp-content\/uploads\/2021\/07\/51HBW0e0xL.jpg\" alt=\"\" class=\"wp-image-8593\" srcset=\"https:\/\/www.istitutogalanteoliva.it\/magazine\/wp-content\/uploads\/2021\/07\/51HBW0e0xL.jpg 319w, https:\/\/www.istitutogalanteoliva.it\/magazine\/wp-content\/uploads\/2021\/07\/51HBW0e0xL-191x300.jpg 191w\" sizes=\"auto, (max-width: 319px) 100vw, 319px\" \/><\/figure><\/div>\n\n\n\n<p>Oggi, mentre il mondo che conosciamo sembra al collasso, dobbiamo essere all\u2019altezza delle misure necessarie ad ammortizzare la crisi economica, con interventi di lunga durata e con una rapida capacit\u00e0 di attuazione. Dobbiamo chiederci perch\u00e9 non ci sia (ancora) stata una crisi finanziaria. E, a proposito dell\u2019Italia, quanto pu\u00f2 salire ancora il debito pubblico? Di certo abbiamo davanti a noi la responsabilit\u00e0 della ricostruzione. Carlo Cottarelli si pone al confine tra il mondo che crolla e il mondo che verr\u00e0 dopo. Precipitati nel baratro dell\u2019emergenza, abbiamo una grande opportunit\u00e0: correggere molti errori ripetuti nel passato per aprire strade che accompagnino il nostro Paese in un futuro migliore. L\u2019Italia ha bisogno di tornare a crescere, ma in modo sostenibile dal punto di vista sociale, finanziario e ambientale. (<a href=\"http:\/\/ibs.it\/\" target=\"_blank\" rel=\"noreferrer noopener\">ibs.it<\/a>)<\/p>\n\n\n\n<p><strong>Liberevento<\/strong>&nbsp;\u00e8 realizzato con il contributo di:&nbsp;<strong>Regione Sardegna Assessorato alla Pubblica Istruzione, Beni Culturali, Informazione, Spettacolo e Sport &#8211; Fondazione di Sardegna, Comune di Iglesias, Comune di Portoscuso, Comune di Sant\u2019Antioco, Comune di Macomer, Comune di Gonnesa, Comune di Calasetta e il patrocinio della Presidenza del Consiglio regionale<\/strong>&nbsp;<strong>della Sardegna.<\/strong><\/p>\n\n\n\n<p>In collaborazione con:&nbsp;<strong>Associazione Nazionale dei Presidi del Libro<\/strong>,&nbsp;<strong>Sistema Bibliotecario Interurbano del Sulcis, Sistema Bibliotecario Sarcidano Barbagia di Seulo.<\/strong><\/p>\n<div class=\"pdfprnt-buttons pdfprnt-buttons-post pdfprnt-bottom-left\"><a href=\"https:\/\/www.istitutogalanteoliva.it\/magazine\/wp-json\/wp\/v2\/posts\/8590?print=print\" class=\"pdfprnt-button pdfprnt-button-print\" target=\"_blank\"><img decoding=\"async\" src=\"https:\/\/www.istitutogalanteoliva.it\/magazine\/wp-content\/plugins\/pdf-print\/images\/print.png\" alt=\"image_print\" title=\"Stampa contenuto\" \/><span class=\"pdfprnt-button-title pdfprnt-button-print-title\">Download in PDF<\/span><\/a><\/div>","protected":false},"excerpt":{"rendered":"<p>Sar\u00e0 Carlo Cottarelli il prossimo ospite del X festival culturale Liberevento, organizzato dall\u2019associazione Contramilonga dietro la direzione artistica del giornalista e scrittore Claudio Moica.<\/p>\n","protected":false},"author":2,"featured_media":8591,"comment_status":"open","ping_status":"open","sticky":true,"template":"","format":"standard","meta":{"footnotes":""},"categories":[148,47,209],"tags":[421],"class_list":["post-8590","post","type-post","status-publish","format-standard","has-post-thumbnail","hentry","category-148","category-eventi","category-sardegna","tag-liberevento"],"yoast_head":"<!-- This site is optimized with the Yoast SEO plugin v24.2 - https:\/\/yoast.com\/wordpress\/plugins\/seo\/ -->\n<title>Sabato e domenica Carlo Cottarelli ospite di Liberevento - Polis SA Magazine<\/title>\n<meta name=\"description\" content=\"Sar\u00e0 Carlo Cottarelli il prossimo ospite del X festival culturale Liberevento, organizzato dall\u2019associazione Contramilonga\" \/>\n<meta name=\"robots\" content=\"index, follow, max-snippet:-1, max-image-preview:large, max-video-preview:-1\" \/>\n<link rel=\"canonical\" href=\"https:\/\/www.istitutogalanteoliva.it\/magazine\/2021\/07\/15\/sabato-e-domenica-carlo-cottarelli-ospite-di-liberevento\/\" \/>\n<meta property=\"og:locale\" content=\"it_IT\" \/>\n<meta property=\"og:type\" content=\"article\" \/>\n<meta property=\"og:title\" content=\"Sabato e domenica Carlo Cottarelli ospite di Liberevento - Polis SA Magazine\" \/>\n<meta property=\"og:description\" content=\"Sar\u00e0 Carlo Cottarelli il prossimo ospite del X festival culturale Liberevento, organizzato dall\u2019associazione Contramilonga\" \/>\n<meta property=\"og:url\" content=\"https:\/\/www.istitutogalanteoliva.it\/magazine\/2021\/07\/15\/sabato-e-domenica-carlo-cottarelli-ospite-di-liberevento\/\" \/>\n<meta property=\"og:site_name\" content=\"Polis SA Magazine\" \/>\n<meta property=\"article:publisher\" content=\"https:\/\/www.facebook.com\/PolisSAMagazine\/\" \/>\n<meta property=\"article:published_time\" content=\"2021-07-15T06:00:00+00:00\" \/>\n<meta property=\"article:modified_time\" content=\"2021-07-14T12:32:05+00:00\" \/>\n<meta property=\"og:image\" content=\"https:\/\/www.istitutogalanteoliva.it\/magazine\/wp-content\/uploads\/2021\/07\/Senza-titolo-copertina.jpg\" \/>\n\t<meta property=\"og:image:width\" content=\"640\" \/>\n\t<meta property=\"og:image:height\" content=\"380\" \/>\n\t<meta property=\"og:image:type\" content=\"image\/jpeg\" \/>\n<meta name=\"author\" content=\"Antonello Rivano\" \/>\n<meta name=\"twitter:card\" content=\"summary_large_image\" \/>\n<meta name=\"twitter:creator\" content=\"@MagazinePolis\" \/>\n<meta name=\"twitter:site\" content=\"@MagazinePolis\" \/>\n<meta name=\"twitter:label1\" content=\"Scritto da\" \/>\n\t<meta name=\"twitter:data1\" content=\"Antonello Rivano\" \/>\n\t<meta name=\"twitter:label2\" content=\"Tempo di lettura stimato\" \/>\n\t<meta name=\"twitter:data2\" content=\"2 minuti\" \/>\n<script type=\"application\/ld+json\" class=\"yoast-schema-graph\">{\"@context\":\"https:\/\/schema.org\",\"@graph\":[{\"@type\":\"Article\",\"@id\":\"https:\/\/www.istitutogalanteoliva.it\/magazine\/2021\/07\/15\/sabato-e-domenica-carlo-cottarelli-ospite-di-liberevento\/#article\",\"isPartOf\":{\"@id\":\"https:\/\/www.istitutogalanteoliva.it\/magazine\/2021\/07\/15\/sabato-e-domenica-carlo-cottarelli-ospite-di-liberevento\/\"},\"author\":{\"name\":\"Antonello Rivano\",\"@id\":\"https:\/\/www.istitutogalanteoliva.it\/magazine\/#\/schema\/person\/d8b8aa79cfe8babc1df9da3212a7c0c4\"},\"headline\":\"Sabato e domenica Carlo Cottarelli ospite di Liberevento\",\"datePublished\":\"2021-07-15T06:00:00+00:00\",\"dateModified\":\"2021-07-14T12:32:05+00:00\",\"mainEntityOfPage\":{\"@id\":\"https:\/\/www.istitutogalanteoliva.it\/magazine\/2021\/07\/15\/sabato-e-domenica-carlo-cottarelli-ospite-di-liberevento\/\"},\"wordCount\":363,\"commentCount\":0,\"publisher\":{\"@id\":\"https:\/\/www.istitutogalanteoliva.it\/magazine\/#organization\"},\"image\":{\"@id\":\"https:\/\/www.istitutogalanteoliva.it\/magazine\/2021\/07\/15\/sabato-e-domenica-carlo-cottarelli-ospite-di-liberevento\/#primaryimage\"},\"thumbnailUrl\":\"https:\/\/www.istitutogalanteoliva.it\/magazine\/wp-content\/uploads\/2021\/07\/Senza-titolo-copertina.jpg\",\"keywords\":[\"liberevento\"],\"articleSection\":[\"2021\",\"Eventi\",\"Sardegna\"],\"inLanguage\":\"it-IT\",\"potentialAction\":[{\"@type\":\"CommentAction\",\"name\":\"Comment\",\"target\":[\"https:\/\/www.istitutogalanteoliva.it\/magazine\/2021\/07\/15\/sabato-e-domenica-carlo-cottarelli-ospite-di-liberevento\/#respond\"]}]},{\"@type\":\"WebPage\",\"@id\":\"https:\/\/www.istitutogalanteoliva.it\/magazine\/2021\/07\/15\/sabato-e-domenica-carlo-cottarelli-ospite-di-liberevento\/\",\"url\":\"https:\/\/www.istitutogalanteoliva.it\/magazine\/2021\/07\/15\/sabato-e-domenica-carlo-cottarelli-ospite-di-liberevento\/\",\"name\":\"Sabato e domenica Carlo Cottarelli ospite di Liberevento - Polis SA Magazine\",\"isPartOf\":{\"@id\":\"https:\/\/www.istitutogalanteoliva.it\/magazine\/#website\"},\"primaryImageOfPage\":{\"@id\":\"https:\/\/www.istitutogalanteoliva.it\/magazine\/2021\/07\/15\/sabato-e-domenica-carlo-cottarelli-ospite-di-liberevento\/#primaryimage\"},\"image\":{\"@id\":\"https:\/\/www.istitutogalanteoliva.it\/magazine\/2021\/07\/15\/sabato-e-domenica-carlo-cottarelli-ospite-di-liberevento\/#primaryimage\"},\"thumbnailUrl\":\"https:\/\/www.istitutogalanteoliva.it\/magazine\/wp-content\/uploads\/2021\/07\/Senza-titolo-copertina.jpg\",\"datePublished\":\"2021-07-15T06:00:00+00:00\",\"dateModified\":\"2021-07-14T12:32:05+00:00\",\"description\":\"Sar\u00e0 Carlo Cottarelli il prossimo ospite del X festival culturale Liberevento, organizzato dall\u2019associazione Contramilonga\",\"breadcrumb\":{\"@id\":\"https:\/\/www.istitutogalanteoliva.it\/magazine\/2021\/07\/15\/sabato-e-domenica-carlo-cottarelli-ospite-di-liberevento\/#breadcrumb\"},\"inLanguage\":\"it-IT\",\"potentialAction\":[{\"@type\":\"ReadAction\",\"target\":[\"https:\/\/www.istitutogalanteoliva.it\/magazine\/2021\/07\/15\/sabato-e-domenica-carlo-cottarelli-ospite-di-liberevento\/\"]}]},{\"@type\":\"ImageObject\",\"inLanguage\":\"it-IT\",\"@id\":\"https:\/\/www.istitutogalanteoliva.it\/magazine\/2021\/07\/15\/sabato-e-domenica-carlo-cottarelli-ospite-di-liberevento\/#primaryimage\",\"url\":\"https:\/\/www.istitutogalanteoliva.it\/magazine\/wp-content\/uploads\/2021\/07\/Senza-titolo-copertina.jpg\",\"contentUrl\":\"https:\/\/www.istitutogalanteoliva.it\/magazine\/wp-content\/uploads\/2021\/07\/Senza-titolo-copertina.jpg\",\"width\":640,\"height\":380},{\"@type\":\"BreadcrumbList\",\"@id\":\"https:\/\/www.istitutogalanteoliva.it\/magazine\/2021\/07\/15\/sabato-e-domenica-carlo-cottarelli-ospite-di-liberevento\/#breadcrumb\",\"itemListElement\":[{\"@type\":\"ListItem\",\"position\":1,\"name\":\"Home\",\"item\":\"https:\/\/www.istitutogalanteoliva.it\/magazine\/\"},{\"@type\":\"ListItem\",\"position\":2,\"name\":\"Sabato e domenica Carlo Cottarelli ospite di Liberevento\"}]},{\"@type\":\"WebSite\",\"@id\":\"https:\/\/www.istitutogalanteoliva.it\/magazine\/#website\",\"url\":\"https:\/\/www.istitutogalanteoliva.it\/magazine\/\",\"name\":\"POLIS SA MAGAZINE\",\"description\":\"Informazione e approfondimenti\",\"publisher\":{\"@id\":\"https:\/\/www.istitutogalanteoliva.it\/magazine\/#organization\"},\"potentialAction\":[{\"@type\":\"SearchAction\",\"target\":{\"@type\":\"EntryPoint\",\"urlTemplate\":\"https:\/\/www.istitutogalanteoliva.it\/magazine\/?s={search_term_string}\"},\"query-input\":{\"@type\":\"PropertyValueSpecification\",\"valueRequired\":true,\"valueName\":\"search_term_string\"}}],\"inLanguage\":\"it-IT\"},{\"@type\":\"Organization\",\"@id\":\"https:\/\/www.istitutogalanteoliva.it\/magazine\/#organization\",\"name\":\"Polis SA Magazine\",\"url\":\"https:\/\/www.istitutogalanteoliva.it\/magazine\/\",\"logo\":{\"@type\":\"ImageObject\",\"inLanguage\":\"it-IT\",\"@id\":\"https:\/\/www.istitutogalanteoliva.it\/magazine\/#\/schema\/logo\/image\/\",\"url\":\"\",\"contentUrl\":\"\",\"caption\":\"Polis SA Magazine\"},\"image\":{\"@id\":\"https:\/\/www.istitutogalanteoliva.it\/magazine\/#\/schema\/logo\/image\/\"},\"sameAs\":[\"https:\/\/www.facebook.com\/PolisSAMagazine\/\",\"https:\/\/x.com\/MagazinePolis\",\"https:\/\/www.youtube.com\/channel\/UCv0Mr5AHKUmsc0sEEXkJrgw\"]},{\"@type\":\"Person\",\"@id\":\"https:\/\/www.istitutogalanteoliva.it\/magazine\/#\/schema\/person\/d8b8aa79cfe8babc1df9da3212a7c0c4\",\"name\":\"Antonello Rivano\",\"image\":{\"@type\":\"ImageObject\",\"inLanguage\":\"it-IT\",\"@id\":\"https:\/\/www.istitutogalanteoliva.it\/magazine\/#\/schema\/person\/image\/\",\"url\":\"https:\/\/secure.gravatar.com\/avatar\/517a9a6487a7a18ecc4ce6d2e57a8f40?s=96&d=mm&r=g\",\"contentUrl\":\"https:\/\/secure.gravatar.com\/avatar\/517a9a6487a7a18ecc4ce6d2e57a8f40?s=96&d=mm&r=g\",\"caption\":\"Antonello Rivano\"},\"url\":\"https:\/\/www.istitutogalanteoliva.it\/magazine\/author\/antonello\/\"}]}<\/script>\n<!-- \/ Yoast SEO plugin. -->","yoast_head_json":{"title":"Sabato e domenica Carlo Cottarelli ospite di Liberevento - Polis SA Magazine","description":"Sar\u00e0 Carlo Cottarelli il prossimo ospite del X festival culturale Liberevento, organizzato dall\u2019associazione Contramilonga","robots":{"index":"index","follow":"follow","max-snippet":"max-snippet:-1","max-image-preview":"max-image-preview:large","max-video-preview":"max-video-preview:-1"},"canonical":"https:\/\/www.istitutogalanteoliva.it\/magazine\/2021\/07\/15\/sabato-e-domenica-carlo-cottarelli-ospite-di-liberevento\/","og_locale":"it_IT","og_type":"article","og_title":"Sabato e domenica Carlo Cottarelli ospite di Liberevento - Polis SA Magazine","og_description":"Sar\u00e0 Carlo Cottarelli il prossimo ospite del X festival culturale Liberevento, organizzato dall\u2019associazione Contramilonga","og_url":"https:\/\/www.istitutogalanteoliva.it\/magazine\/2021\/07\/15\/sabato-e-domenica-carlo-cottarelli-ospite-di-liberevento\/","og_site_name":"Polis SA Magazine","article_publisher":"https:\/\/www.facebook.com\/PolisSAMagazine\/","article_published_time":"2021-07-15T06:00:00+00:00","article_modified_time":"2021-07-14T12:32:05+00:00","og_image":[{"width":640,"height":380,"url":"https:\/\/www.istitutogalanteoliva.it\/magazine\/wp-content\/uploads\/2021\/07\/Senza-titolo-copertina.jpg","type":"image\/jpeg"}],"author":"Antonello Rivano","twitter_card":"summary_large_image","twitter_creator":"@MagazinePolis","twitter_site":"@MagazinePolis","twitter_misc":{"Scritto da":"Antonello Rivano","Tempo di lettura stimato":"2 minuti"},"schema":{"@context":"https:\/\/schema.org","@graph":[{"@type":"Article","@id":"https:\/\/www.istitutogalanteoliva.it\/magazine\/2021\/07\/15\/sabato-e-domenica-carlo-cottarelli-ospite-di-liberevento\/#article","isPartOf":{"@id":"https:\/\/www.istitutogalanteoliva.it\/magazine\/2021\/07\/15\/sabato-e-domenica-carlo-cottarelli-ospite-di-liberevento\/"},"author":{"name":"Antonello Rivano","@id":"https:\/\/www.istitutogalanteoliva.it\/magazine\/#\/schema\/person\/d8b8aa79cfe8babc1df9da3212a7c0c4"},"headline":"Sabato e domenica Carlo Cottarelli ospite di Liberevento","datePublished":"2021-07-15T06:00:00+00:00","dateModified":"2021-07-14T12:32:05+00:00","mainEntityOfPage":{"@id":"https:\/\/www.istitutogalanteoliva.it\/magazine\/2021\/07\/15\/sabato-e-domenica-carlo-cottarelli-ospite-di-liberevento\/"},"wordCount":363,"commentCount":0,"publisher":{"@id":"https:\/\/www.istitutogalanteoliva.it\/magazine\/#organization"},"image":{"@id":"https:\/\/www.istitutogalanteoliva.it\/magazine\/2021\/07\/15\/sabato-e-domenica-carlo-cottarelli-ospite-di-liberevento\/#primaryimage"},"thumbnailUrl":"https:\/\/www.istitutogalanteoliva.it\/magazine\/wp-content\/uploads\/2021\/07\/Senza-titolo-copertina.jpg","keywords":["liberevento"],"articleSection":["2021","Eventi","Sardegna"],"inLanguage":"it-IT","potentialAction":[{"@type":"CommentAction","name":"Comment","target":["https:\/\/www.istitutogalanteoliva.it\/magazine\/2021\/07\/15\/sabato-e-domenica-carlo-cottarelli-ospite-di-liberevento\/#respond"]}]},{"@type":"WebPage","@id":"https:\/\/www.istitutogalanteoliva.it\/magazine\/2021\/07\/15\/sabato-e-domenica-carlo-cottarelli-ospite-di-liberevento\/","url":"https:\/\/www.istitutogalanteoliva.it\/magazine\/2021\/07\/15\/sabato-e-domenica-carlo-cottarelli-ospite-di-liberevento\/","name":"Sabato e domenica Carlo Cottarelli ospite di Liberevento - Polis SA Magazine","isPartOf":{"@id":"https:\/\/www.istitutogalanteoliva.it\/magazine\/#website"},"primaryImageOfPage":{"@id":"https:\/\/www.istitutogalanteoliva.it\/magazine\/2021\/07\/15\/sabato-e-domenica-carlo-cottarelli-ospite-di-liberevento\/#primaryimage"},"image":{"@id":"https:\/\/www.istitutogalanteoliva.it\/magazine\/2021\/07\/15\/sabato-e-domenica-carlo-cottarelli-ospite-di-liberevento\/#primaryimage"},"thumbnailUrl":"https:\/\/www.istitutogalanteoliva.it\/magazine\/wp-content\/uploads\/2021\/07\/Senza-titolo-copertina.jpg","datePublished":"2021-07-15T06:00:00+00:00","dateModified":"2021-07-14T12:32:05+00:00","description":"Sar\u00e0 Carlo Cottarelli il prossimo ospite del X festival culturale Liberevento, organizzato dall\u2019associazione Contramilonga","breadcrumb":{"@id":"https:\/\/www.istitutogalanteoliva.it\/magazine\/2021\/07\/15\/sabato-e-domenica-carlo-cottarelli-ospite-di-liberevento\/#breadcrumb"},"inLanguage":"it-IT","potentialAction":[{"@type":"ReadAction","target":["https:\/\/www.istitutogalanteoliva.it\/magazine\/2021\/07\/15\/sabato-e-domenica-carlo-cottarelli-ospite-di-liberevento\/"]}]},{"@type":"ImageObject","inLanguage":"it-IT","@id":"https:\/\/www.istitutogalanteoliva.it\/magazine\/2021\/07\/15\/sabato-e-domenica-carlo-cottarelli-ospite-di-liberevento\/#primaryimage","url":"https:\/\/www.istitutogalanteoliva.it\/magazine\/wp-content\/uploads\/2021\/07\/Senza-titolo-copertina.jpg","contentUrl":"https:\/\/www.istitutogalanteoliva.it\/magazine\/wp-content\/uploads\/2021\/07\/Senza-titolo-copertina.jpg","width":640,"height":380},{"@type":"BreadcrumbList","@id":"https:\/\/www.istitutogalanteoliva.it\/magazine\/2021\/07\/15\/sabato-e-domenica-carlo-cottarelli-ospite-di-liberevento\/#breadcrumb","itemListElement":[{"@type":"ListItem","position":1,"name":"Home","item":"https:\/\/www.istitutogalanteoliva.it\/magazine\/"},{"@type":"ListItem","position":2,"name":"Sabato e domenica Carlo Cottarelli ospite di Liberevento"}]},{"@type":"WebSite","@id":"https:\/\/www.istitutogalanteoliva.it\/magazine\/#website","url":"https:\/\/www.istitutogalanteoliva.it\/magazine\/","name":"POLIS SA MAGAZINE","description":"Informazione e approfondimenti","publisher":{"@id":"https:\/\/www.istitutogalanteoliva.it\/magazine\/#organization"},"potentialAction":[{"@type":"SearchAction","target":{"@type":"EntryPoint","urlTemplate":"https:\/\/www.istitutogalanteoliva.it\/magazine\/?s={search_term_string}"},"query-input":{"@type":"PropertyValueSpecification","valueRequired":true,"valueName":"search_term_string"}}],"inLanguage":"it-IT"},{"@type":"Organization","@id":"https:\/\/www.istitutogalanteoliva.it\/magazine\/#organization","name":"Polis SA Magazine","url":"https:\/\/www.istitutogalanteoliva.it\/magazine\/","logo":{"@type":"ImageObject","inLanguage":"it-IT","@id":"https:\/\/www.istitutogalanteoliva.it\/magazine\/#\/schema\/logo\/image\/","url":"","contentUrl":"","caption":"Polis SA Magazine"},"image":{"@id":"https:\/\/www.istitutogalanteoliva.it\/magazine\/#\/schema\/logo\/image\/"},"sameAs":["https:\/\/www.facebook.com\/PolisSAMagazine\/","https:\/\/x.com\/MagazinePolis","https:\/\/www.youtube.com\/channel\/UCv0Mr5AHKUmsc0sEEXkJrgw"]},{"@type":"Person","@id":"https:\/\/www.istitutogalanteoliva.it\/magazine\/#\/schema\/person\/d8b8aa79cfe8babc1df9da3212a7c0c4","name":"Antonello Rivano","image":{"@type":"ImageObject","inLanguage":"it-IT","@id":"https:\/\/www.istitutogalanteoliva.it\/magazine\/#\/schema\/person\/image\/","url":"https:\/\/secure.gravatar.com\/avatar\/517a9a6487a7a18ecc4ce6d2e57a8f40?s=96&d=mm&r=g","contentUrl":"https:\/\/secure.gravatar.com\/avatar\/517a9a6487a7a18ecc4ce6d2e57a8f40?s=96&d=mm&r=g","caption":"Antonello Rivano"},"url":"https:\/\/www.istitutogalanteoliva.it\/magazine\/author\/antonello\/"}]}},"_links":{"self":[{"href":"https:\/\/www.istitutogalanteoliva.it\/magazine\/wp-json\/wp\/v2\/posts\/8590","targetHints":{"allow":["GET"]}}],"collection":[{"href":"https:\/\/www.istitutogalanteoliva.it\/magazine\/wp-json\/wp\/v2\/posts"}],"about":[{"href":"https:\/\/www.istitutogalanteoliva.it\/magazine\/wp-json\/wp\/v2\/types\/post"}],"author":[{"embeddable":true,"href":"https:\/\/www.istitutogalanteoliva.it\/magazine\/wp-json\/wp\/v2\/users\/2"}],"replies":[{"embeddable":true,"href":"https:\/\/www.istitutogalanteoliva.it\/magazine\/wp-json\/wp\/v2\/comments?post=8590"}],"version-history":[{"count":2,"href":"https:\/\/www.istitutogalanteoliva.it\/magazine\/wp-json\/wp\/v2\/posts\/8590\/revisions"}],"predecessor-version":[{"id":8595,"href":"https:\/\/www.istitutogalanteoliva.it\/magazine\/wp-json\/wp\/v2\/posts\/8590\/revisions\/8595"}],"wp:featuredmedia":[{"embeddable":true,"href":"https:\/\/www.istitutogalanteoliva.it\/magazine\/wp-json\/wp\/v2\/media\/8591"}],"wp:attachment":[{"href":"https:\/\/www.istitutogalanteoliva.it\/magazine\/wp-json\/wp\/v2\/media?parent=8590"}],"wp:term":[{"taxonomy":"category","embeddable":true,"href":"https:\/\/www.istitutogalanteoliva.it\/magazine\/wp-json\/wp\/v2\/categories?post=8590"},{"taxonomy":"post_tag","embeddable":true,"href":"https:\/\/www.istitutogalanteoliva.it\/magazine\/wp-json\/wp\/v2\/tags?post=8590"}],"curies":[{"name":"wp","href":"https:\/\/api.w.org\/{rel}","templated":true}]}}