{"id":8695,"date":"2021-07-20T08:00:00","date_gmt":"2021-07-20T06:00:00","guid":{"rendered":"https:\/\/www.istitutogalanteoliva.it\/magazine\/?p=8695"},"modified":"2021-07-19T17:01:10","modified_gmt":"2021-07-19T15:01:10","slug":"premio-charlot-apertura-nelle-stelle-musica-giornalismo-e-cinema-per-la-prima-serata-della-kermesse","status":"publish","type":"post","link":"https:\/\/www.istitutogalanteoliva.it\/magazine\/2021\/07\/20\/premio-charlot-apertura-nelle-stelle-musica-giornalismo-e-cinema-per-la-prima-serata-della-kermesse\/","title":{"rendered":"Premio Charlot, apertura nelle stelle: musica, giornalismo e cinema per la prima serata della Kermesse"},"content":{"rendered":"\n<h4 class=\"wp-block-heading\">Musica, giornalismo, cinema e tanta arte in stretta sinergia tra di loro: un ingrediente gi\u00e0 testato, analizzato e sperimentato per rendere le serate del Premio Charlot, Kermesse internazionale ormai storica fondata e diretta da Claudio Tortora, uniche nel suo genere<\/h4>\n\n\n\n<p><strong>Di <em>Stefano Pignataro<\/em><\/strong><\/p>\n\n\n\n<p>Sin dagli albori, la rassegna in nome dell\u2019arte e del genio di Charlie Chaplin, gi\u00e0 patrocinata da anni dalla stessa famiglia del creatore di Charlot, ha felicemente unito tutto ci\u00f2 che \u00e8 in comune con le arti sorelle creando una sinergia tra caratteristiche culturali e sociali estremamente interessante: per dieci giorni all\u2019anno, all<strong>\u2019Arena del Mare di Salerno<\/strong>, la settima arte gode dell\u2019attenzione che \u00e8 giusto riservare ad un campo che, sempre di pi\u00f9 messa in estrema difficolt\u00e0 specialmente in epoca pandemica, necessita costantemente di attenzione, studio e critica.<\/p>\n\n\n\n<p>In omaggio alla tradizione consegnataci da Charlot e dal modus operandi di <strong>Claudio Tortora<\/strong>, la trentatreesima edizione del Premio Charlot, in programma all\u2019Arena del Mare di Salerno <strong>dal 18 al 24 luglio<\/strong>, si \u00e8 aperta con grande successo di pubblico e con apprezzate esibizioni degli ospiti. Una simbiosi perfetta e emozionante che ha visto sul palco la band dei<strong> Neri per Caso<\/strong>, l\u2019attore <strong>Stefano Fresi<\/strong>, la<strong> cantante Flo<\/strong>, l\u2019attore E<strong>doardo Scarpetta<\/strong>, il giornalista <strong>Federico Vacalebre<\/strong> (Premio Charlot al giornalismo) con la sapiente conduzione del giornalista di Radio Rai <strong>Gianmaurizio Foderaro.<\/strong> La stessa Radio Rai, anche quest\u2019anno, \u00e8 maediaparter della rassegna.<\/p>\n\n\n\n<figure class=\"wp-block-image size-large is-resized\"><img loading=\"lazy\" decoding=\"async\" src=\"https:\/\/www.istitutogalanteoliva.it\/magazine\/wp-content\/uploads\/2021\/07\/217145429_1877743229045123_4614703810826327195_n-1024x683.jpg\" alt=\"\" class=\"wp-image-8701\" width=\"512\" height=\"342\" srcset=\"https:\/\/www.istitutogalanteoliva.it\/magazine\/wp-content\/uploads\/2021\/07\/217145429_1877743229045123_4614703810826327195_n-1024x683.jpg 1024w, https:\/\/www.istitutogalanteoliva.it\/magazine\/wp-content\/uploads\/2021\/07\/217145429_1877743229045123_4614703810826327195_n-300x200.jpg 300w, https:\/\/www.istitutogalanteoliva.it\/magazine\/wp-content\/uploads\/2021\/07\/217145429_1877743229045123_4614703810826327195_n-768x512.jpg 768w, https:\/\/www.istitutogalanteoliva.it\/magazine\/wp-content\/uploads\/2021\/07\/217145429_1877743229045123_4614703810826327195_n-1536x1024.jpg 1536w, https:\/\/www.istitutogalanteoliva.it\/magazine\/wp-content\/uploads\/2021\/07\/217145429_1877743229045123_4614703810826327195_n-675x450.jpg 675w, https:\/\/www.istitutogalanteoliva.it\/magazine\/wp-content\/uploads\/2021\/07\/217145429_1877743229045123_4614703810826327195_n.jpg 2048w\" sizes=\"auto, (max-width: 512px) 100vw, 512px\" \/><figcaption><sup style=\"\"><b>Edoardo Scarpetta. al centro, con  Ciro Cavarano dei Neri per caso e Gianmaurizio Foderaro <\/b><\/sup> <strong><sup>(foto Rinaldi Antonio) <\/sup><\/strong><\/figcaption><\/figure>\n\n\n\n<p>\u201c<em>Onorato di prendere il premio Charlot, un premio dedicato ad uno dei pi\u00f9 grandi geni ed interpreti dell\u2019art<\/em>e\u201d dichiara l\u2019attore <strong>Stefano Fresi<\/strong>, volto noto di teatro, cinema e televisione, talento versatile che al Premio ha dato prova anche delle sue abilit\u00e0 canore esibendosi sia in voce che al pianoforte dapprima con l\u2019intera band dei Neri per Caso in alcuni brani pi\u00f9 celebri del suo repertorio, successivamente in duetto al pianoforte con il Maestro Ciro Caravano nella tradizione della canzone napoletana. Romano, attore e doppiatore, il talento di Stefano Fresi \u00e8 stato valorizzato da registi quali Michele Placido, Sydney Sibilia e Fausto Brizzi e molti altri. Attore anche teatrale, Fresi \u00e8 attore per cui la formazione riveste una grande importanza oltre che l\u2019importanza del modello formativo. \u201c<em>Ci\u00f2 che Charlot ci ha insegnato \u00e8 la grande importanza del linguaggio del corpo, delle espressioni del viso e ci\u00f2 \u00e8 la grande eredit\u00e0 del grande cinema muto, da Charlie Chaplin a Buster Keon. Un segreto, questo, per interpretare al meglio la realt\u00e0 e questo elemento \u00e8 stato alla base della mia carriera. Il contatto con la realt\u00e0 \u00e8 fondamentale. Monicelli diceva che la fine della Commedia all\u2019italiana \u00e8 stata sancita quando gli sceneggiatori hanno smesso di prendere il tram ed \u00e8 una grande verit\u00e0. La realt\u00e0 \u00e8 pi\u00f9 cinematografica della fantasia e molte volte alcune storie che avevamo avuto modo di sentire le abbiamo dovute scartare da una sceneggiatura perch\u00e9 sarebbero risultate quasi eccessive<\/em>\u201d.<\/p>\n\n\n\n<figure class=\"wp-block-image size-large is-resized\"><img loading=\"lazy\" decoding=\"async\" src=\"https:\/\/www.istitutogalanteoliva.it\/magazine\/wp-content\/uploads\/2021\/07\/Stefano-tresi-1024x683.jpg\" alt=\"\" class=\"wp-image-8698\" width=\"512\" height=\"342\" srcset=\"https:\/\/www.istitutogalanteoliva.it\/magazine\/wp-content\/uploads\/2021\/07\/Stefano-tresi-1024x683.jpg 1024w, https:\/\/www.istitutogalanteoliva.it\/magazine\/wp-content\/uploads\/2021\/07\/Stefano-tresi-300x200.jpg 300w, https:\/\/www.istitutogalanteoliva.it\/magazine\/wp-content\/uploads\/2021\/07\/Stefano-tresi-768x512.jpg 768w, https:\/\/www.istitutogalanteoliva.it\/magazine\/wp-content\/uploads\/2021\/07\/Stefano-tresi-1536x1024.jpg 1536w, https:\/\/www.istitutogalanteoliva.it\/magazine\/wp-content\/uploads\/2021\/07\/Stefano-tresi-675x450.jpg 675w, https:\/\/www.istitutogalanteoliva.it\/magazine\/wp-content\/uploads\/2021\/07\/Stefano-tresi.jpg 2048w\" sizes=\"auto, (max-width: 512px) 100vw, 512px\" \/><figcaption><strong><sup>Stefano Fresi (foto Rinaldi Antonio)<\/sup><\/strong><\/figcaption><\/figure>\n\n\n\n<p> Stefano Fresi, tra i suoi tanti ruoli, \u00e8 ricordato anche per il ruolo di Alberto Petrelli in \u201cSmetto quando voglio\u201d. \u201c<em>Fu un film davvero bellissimo, anche da girare<\/em>&#8220;. Anche in quel caso-racconta Fresi, un film che racconta tutto ci\u00f2 che in pratica ci ha sconvolto la vita, sia positivamente che negativamente. Ma se si riesce a ridere delle scottanti questioni della nostra esistenza, ecco che la Commedia assolve il suo compito. Ed ai giovani, Stefano Fresi rivolge un suggerimento molto interessante: \u201c<em>Oltre che lo studiare sempre, andate piano. Godetevi un brano, un film, non rischiate di perdervi nel meraviglioso universo della rete che \u00e8 un\u2019opportunit\u00e0 fantastica per un arricchimento cultuale ma si rischia anche di fare una specie di \u201cindigestione\u201de, ancora peggio, si rischia di apporre un giudizio superficiale&nbsp; quando magari \u00e8 superficiale l\u2019approccio che si ha avuto con quel determinato prodotto mediatico. E\u2019 importante se non fondamentale- conclude Fresi- tornare a vedere i film al Cinema<\/em>\u201d.<\/p>\n\n\n\n<p>Pionieri del Palcoscenico e della musica italiana, i<strong> Neri per Caso<\/strong> hanno festeggiato proprio quest\u2019anno i trent\u2019anni di attivit\u00e0 e nella giornata del 18 luglio hanno ricevuto da parte del Patron Claudio Tortora un meritatissimo <strong>Premio Charlot alla carriera<\/strong>. Esibendosi per il premio nei loro pi\u00f9 grandi successi, da \u201cDonne\u201d a \u201cLe ragazze\u201d&nbsp; a \u201cSentimento, pentimento\u201d, non hanno risparmiato al pubblico gradite sorprese, come un vasto repertorio napoletano in omaggio al genio di Carosone.&nbsp; Una vocalit\u00e0, la loro, che non \u00e8 mai stata compromessa n\u00e9 \u00e8 mutata dopo le tante innovazioni tecnologiche. \u201c<em>Fa sempre piacere sperimentare nuovi mezzi e la tecnologia ce ne da la possibilit\u00e0 ma occorre sempre stare attenti a non snaturare la propria voce, la propria caratteristic<\/em>a principale-afferma <strong>Ciro Cavarano<\/strong>, musicista, arrangiatore, cantante, docente storico componente della band- <em>Il bello della musica a cappella \u00e8 proprio il fatto che sia naturale, che viene compresa per quello che \u00e8 e compromettere ci\u00f2 si rischia di perdere qualcosa della magia. La tecnologia&nbsp;&nbsp; va sempre bene, ma non \u00e8 lo strumento principale con cui esprimersi, \u00e8 un po&#8217; come la cosmesi per la bellezza, un tocco che pu\u00f2 migliorare il modo di presentarsi ma senza essere la sostanza di quello che presenti altrimenti diventa tutto innaturale\u201d<\/em>. Un talento, quello dei Neri per Caso che subito dopo la vittoria del Festival di Sanremo del 1995 con il brando \u201cLe ragazze\u201d, furono chiamati per la versione italiano del il brano \u201cQuando\u201d, inserita nella colonna sonora di un grande classico Disney come \u201cIl Gobbo di Notre Dame\u201d del 1996, regia di Gary Trousdale e Kirk Wise. Caravano ricorda l\u2019emozione della realizzazione del brano e la soddisfazione di aver saputo che quella versione era la migliore al mondo. La colonna sonora fu firmata da Alan Menken, grande compositore statunitense, pluripremiato Oscar. Un talento, quello dei Neri per Caso, che affonda le sue radici nella loro Salerno, una Salerno fatta di numerosi nomi del mondo della musica che li hanno accompagnati; Caravano menziona i fratelli Deidda, il maestro Giancarlo Cuciniello, docente al Conservatorio Martucci di Salerno, lo stesso mio zio Jimmy Caravano, Angelo Cermola, <em>\u201cJazzista anche nei modi e nel modo di vivere, renato costarella insegnante, Bebe\u2019 Carotenuto, fratello del Maestro Mario, sono tante le figure illustre a Salerno nel mondo musicale e noi abbiamo un po&#8217; ereditato tutto questo<\/em>\u201d.<\/p>\n\n\n\n<figure class=\"wp-block-image size-large is-resized\"><img loading=\"lazy\" decoding=\"async\" src=\"https:\/\/www.istitutogalanteoliva.it\/magazine\/wp-content\/uploads\/2021\/07\/218816666_1877743355711777_5957254604955864544_n-1024x683.jpg\" alt=\"\" class=\"wp-image-8699\" width=\"512\" height=\"342\" srcset=\"https:\/\/www.istitutogalanteoliva.it\/magazine\/wp-content\/uploads\/2021\/07\/218816666_1877743355711777_5957254604955864544_n-1024x683.jpg 1024w, https:\/\/www.istitutogalanteoliva.it\/magazine\/wp-content\/uploads\/2021\/07\/218816666_1877743355711777_5957254604955864544_n-300x200.jpg 300w, https:\/\/www.istitutogalanteoliva.it\/magazine\/wp-content\/uploads\/2021\/07\/218816666_1877743355711777_5957254604955864544_n-768x512.jpg 768w, https:\/\/www.istitutogalanteoliva.it\/magazine\/wp-content\/uploads\/2021\/07\/218816666_1877743355711777_5957254604955864544_n-1536x1024.jpg 1536w, https:\/\/www.istitutogalanteoliva.it\/magazine\/wp-content\/uploads\/2021\/07\/218816666_1877743355711777_5957254604955864544_n-675x450.jpg 675w, https:\/\/www.istitutogalanteoliva.it\/magazine\/wp-content\/uploads\/2021\/07\/218816666_1877743355711777_5957254604955864544_n.jpg 2048w\" sizes=\"auto, (max-width: 512px) 100vw, 512px\" \/><figcaption><strong><sup>I Neri per caso (foto Rinaldi Antonio)<\/sup><\/strong><\/figcaption><\/figure>\n\n\n\n<p>Anche <strong>Massimo De Divitiis<\/strong>, voce dei Neri per Caso ed anche lui cantante, chitarrista,voce solista del gruppo , conferma quanto detto dall\u2019amico e collega Ciro. \u201c <em>Il nostro timbro \u00e8 un timbro corale, 6 voci che si fondono in una. Abbiamo sempre cercato di curare questo aspetto non preoccupandoci di seguire le tendenze bens\u00ec curando il suono, il timbro del gruppo che \u00e8 quello che ci contraddistingue<\/em>\u201d. Come Caravano, anche De Divitiis ricorda con soddisfazione la collaborazione alla colonna sonora per \u201cIl Gobbo di Notre Dame\u201d: \u201c<em>Fu l\u2019inizio di una collaborazione che poi dur\u00f2 per molti anni perch\u00e9 abbiamo realizzato diverse altre cose per la Disney. Eravamo tutti molto giovani e dunque fu un grande onore anche perch\u00e9 sino a poco tempo prima eravamo tutti spettatori e cultori del Mondo Disney. Grande emozione legato anche a molta responsabilit\u00e0, cercare di rendere bene in italiano quello che bella versione americana era un pezzo bellissimo composto dagli All 4 One<\/em>\u201d. La citt\u00e0 di Salerno, il suo contesto culturale e musicale \u00e8 caro a Massimo De Divitiis ed anche la voce dei Neri per Caso ricorda con affetto Maestri ed amici: \u201c<em>I Deidda, il Maestro Cuciniello, abbiamo avuto la fortuna di crescere in un contesto musicale molto favorevole. Quando eravamo ragazzini la sede dell\u2019Associazione dei musicisti salernitani era il Mumble Rumble, una vera scuola di musica con Jam Sessions, confronti, lezioni. Una vera miniera che ha contribuito fortemente alla nostra formazione<\/em>.\u201d<\/p>\n\n\n\n<figure class=\"wp-block-image size-large is-resized\"><img loading=\"lazy\" decoding=\"async\" src=\"https:\/\/www.istitutogalanteoliva.it\/magazine\/wp-content\/uploads\/2021\/07\/217396785_1877743259045120_1846121584605277413_n-1-1024x683.jpg\" alt=\"\" class=\"wp-image-8697\" width=\"512\" height=\"342\" srcset=\"https:\/\/www.istitutogalanteoliva.it\/magazine\/wp-content\/uploads\/2021\/07\/217396785_1877743259045120_1846121584605277413_n-1-1024x683.jpg 1024w, https:\/\/www.istitutogalanteoliva.it\/magazine\/wp-content\/uploads\/2021\/07\/217396785_1877743259045120_1846121584605277413_n-1-300x200.jpg 300w, https:\/\/www.istitutogalanteoliva.it\/magazine\/wp-content\/uploads\/2021\/07\/217396785_1877743259045120_1846121584605277413_n-1-768x512.jpg 768w, https:\/\/www.istitutogalanteoliva.it\/magazine\/wp-content\/uploads\/2021\/07\/217396785_1877743259045120_1846121584605277413_n-1-1536x1024.jpg 1536w, https:\/\/www.istitutogalanteoliva.it\/magazine\/wp-content\/uploads\/2021\/07\/217396785_1877743259045120_1846121584605277413_n-1-675x450.jpg 675w, https:\/\/www.istitutogalanteoliva.it\/magazine\/wp-content\/uploads\/2021\/07\/217396785_1877743259045120_1846121584605277413_n-1.jpg 2048w\" sizes=\"auto, (max-width: 512px) 100vw, 512px\" \/><figcaption><sup><strong>Stefano Fresi con Gianmaurizio Foderaro (foto Rinaldi Antonio)<\/strong><\/sup><\/figcaption><\/figure>\n\n\n\n<p>\u201c<em>I Neri per Caso hanno pescato da una tradizione classica, della musica nera dove la caratteristica&nbsp; di un altro tipo di tradizione musicale&nbsp; e di cultura fu una vera scoperta, come la voce e il canto che diventa strumento<\/em>\u201d sottolinea <strong>Gianmaurizio Foderaro<\/strong>&#8211;<em> la tradizione del coro in Italia, inoltre, ha una sua validit\u00e0 e perdura&nbsp; nel tempo e che fa parte della cultura italiana.&nbsp; La tencilogia pu\u00f2 aiutare forse chi&nbsp; non \u00e8 capace di cantare per\u00f2 comunque al &nbsp;fine di una &nbsp;valutazione \u00e8 l\u2019intonazione che fa la differenza e loro continuano ad essere un punto di riferimento. In quel Sanremo \u201995, continua Foderaro-loro furono un bel fulmine a ciel sereno. Il Festival, poi, \u00e8 sempre stato abile, ad intercettare i cambiamenti e i Neri per Caso, con il loro talento, giunsero al momento giusto. La loro versatilit\u00e0, inoltre, consiste di varcare pi\u00f9 generi;&nbsp; una band che riesce ad adattare di tutto,&nbsp; dai Beatles a Sting e soprattutto con ancora la coralit\u00e0 che \u00e8 quella di un\u2019orchestra<\/em>.\u201d<\/p>\n\n\n\n<p><img loading=\"lazy\" decoding=\"async\" width=\"100\" height=\"100\" class=\"wp-image-8696\" style=\"width: 100px;\" src=\"https:\/\/www.istitutogalanteoliva.it\/magazine\/wp-content\/uploads\/2021\/07\/Stefano-.jpg\" alt=\"\" srcset=\"https:\/\/www.istitutogalanteoliva.it\/magazine\/wp-content\/uploads\/2021\/07\/Stefano-.jpg 1624w, https:\/\/www.istitutogalanteoliva.it\/magazine\/wp-content\/uploads\/2021\/07\/Stefano--300x300.jpg 300w, https:\/\/www.istitutogalanteoliva.it\/magazine\/wp-content\/uploads\/2021\/07\/Stefano--1024x1024.jpg 1024w, https:\/\/www.istitutogalanteoliva.it\/magazine\/wp-content\/uploads\/2021\/07\/Stefano--150x150.jpg 150w, https:\/\/www.istitutogalanteoliva.it\/magazine\/wp-content\/uploads\/2021\/07\/Stefano--768x768.jpg 768w, https:\/\/www.istitutogalanteoliva.it\/magazine\/wp-content\/uploads\/2021\/07\/Stefano--1536x1536.jpg 1536w\" sizes=\"auto, (max-width: 100px) 100vw, 100px\" \/><strong><a href=\"https:\/\/www.istitutogalanteoliva.it\/magazine\/?s=Stefano+Pignataro+\" target=\"_blank\" rel=\"noreferrer noopener\">Stefano Pignataro<\/a><\/strong><\/p>\n<div class=\"pdfprnt-buttons pdfprnt-buttons-post pdfprnt-bottom-left\"><a href=\"https:\/\/www.istitutogalanteoliva.it\/magazine\/wp-json\/wp\/v2\/posts\/8695?print=print\" class=\"pdfprnt-button pdfprnt-button-print\" target=\"_blank\"><img decoding=\"async\" src=\"https:\/\/www.istitutogalanteoliva.it\/magazine\/wp-content\/plugins\/pdf-print\/images\/print.png\" alt=\"image_print\" title=\"Stampa contenuto\" \/><span class=\"pdfprnt-button-title pdfprnt-button-print-title\">Download in PDF<\/span><\/a><\/div>","protected":false},"excerpt":{"rendered":"<p>Sul palco della prima serata la band dei Neri per Caso, l\u2019attore Stefano Fresi, la cantante Flo, l\u2019attore Edoardo Scarpetta, il giornalista Federico Vacalebre (Premio Charlot al giornalismo) con la sapiente conduzione del giornalista di Radio Rai Gianmaurizio Foderaro<\/p>\n","protected":false},"author":2,"featured_media":8700,"comment_status":"open","ping_status":"open","sticky":true,"template":"","format":"standard","meta":{"footnotes":""},"categories":[148,7,210,47],"tags":[],"class_list":["post-8695","post","type-post","status-publish","format-standard","has-post-thumbnail","hentry","category-148","category-arte_e_spettacolo","category-campania","category-eventi"],"yoast_head":"<!-- This site is optimized with the Yoast SEO plugin v24.2 - https:\/\/yoast.com\/wordpress\/plugins\/seo\/ -->\n<title>Premio Charlot, apertura nelle stelle: musica, giornalismo e cinema per la prima serata della Kermesse - Polis SA Magazine<\/title>\n<meta name=\"description\" content=\"Premio Charlot, apertura nelle stelle: musica, giornalismo e cinema per la prima serata della Kermesse\" \/>\n<meta name=\"robots\" content=\"index, follow, max-snippet:-1, max-image-preview:large, max-video-preview:-1\" \/>\n<link rel=\"canonical\" href=\"https:\/\/www.istitutogalanteoliva.it\/magazine\/2021\/07\/20\/premio-charlot-apertura-nelle-stelle-musica-giornalismo-e-cinema-per-la-prima-serata-della-kermesse\/\" \/>\n<meta property=\"og:locale\" content=\"it_IT\" \/>\n<meta property=\"og:type\" content=\"article\" \/>\n<meta property=\"og:title\" content=\"Premio Charlot, apertura nelle stelle: musica, giornalismo e cinema per la prima serata della Kermesse - Polis SA Magazine\" \/>\n<meta property=\"og:description\" content=\"Premio Charlot, apertura nelle stelle: musica, giornalismo e cinema per la prima serata della Kermesse\" \/>\n<meta property=\"og:url\" content=\"https:\/\/www.istitutogalanteoliva.it\/magazine\/2021\/07\/20\/premio-charlot-apertura-nelle-stelle-musica-giornalismo-e-cinema-per-la-prima-serata-della-kermesse\/\" \/>\n<meta property=\"og:site_name\" content=\"Polis SA Magazine\" \/>\n<meta property=\"article:publisher\" content=\"https:\/\/www.facebook.com\/PolisSAMagazine\/\" \/>\n<meta property=\"article:published_time\" content=\"2021-07-20T06:00:00+00:00\" \/>\n<meta property=\"article:modified_time\" content=\"2021-07-19T15:01:10+00:00\" \/>\n<meta property=\"og:image\" content=\"https:\/\/www.istitutogalanteoliva.it\/magazine\/wp-content\/uploads\/2021\/07\/cop-domani.jpg\" \/>\n\t<meta property=\"og:image:width\" content=\"640\" \/>\n\t<meta property=\"og:image:height\" content=\"380\" \/>\n\t<meta property=\"og:image:type\" content=\"image\/jpeg\" \/>\n<meta name=\"author\" content=\"Antonello Rivano\" \/>\n<meta name=\"twitter:card\" content=\"summary_large_image\" \/>\n<meta name=\"twitter:creator\" content=\"@MagazinePolis\" \/>\n<meta name=\"twitter:site\" content=\"@MagazinePolis\" \/>\n<meta name=\"twitter:label1\" content=\"Scritto da\" \/>\n\t<meta name=\"twitter:data1\" content=\"Antonello Rivano\" \/>\n\t<meta name=\"twitter:label2\" content=\"Tempo di lettura stimato\" \/>\n\t<meta name=\"twitter:data2\" content=\"7 minuti\" \/>\n<script type=\"application\/ld+json\" class=\"yoast-schema-graph\">{\"@context\":\"https:\/\/schema.org\",\"@graph\":[{\"@type\":\"Article\",\"@id\":\"https:\/\/www.istitutogalanteoliva.it\/magazine\/2021\/07\/20\/premio-charlot-apertura-nelle-stelle-musica-giornalismo-e-cinema-per-la-prima-serata-della-kermesse\/#article\",\"isPartOf\":{\"@id\":\"https:\/\/www.istitutogalanteoliva.it\/magazine\/2021\/07\/20\/premio-charlot-apertura-nelle-stelle-musica-giornalismo-e-cinema-per-la-prima-serata-della-kermesse\/\"},\"author\":{\"name\":\"Antonello Rivano\",\"@id\":\"https:\/\/www.istitutogalanteoliva.it\/magazine\/#\/schema\/person\/d8b8aa79cfe8babc1df9da3212a7c0c4\"},\"headline\":\"Premio Charlot, apertura nelle stelle: musica, giornalismo e cinema per la prima serata della Kermesse\",\"datePublished\":\"2021-07-20T06:00:00+00:00\",\"dateModified\":\"2021-07-19T15:01:10+00:00\",\"mainEntityOfPage\":{\"@id\":\"https:\/\/www.istitutogalanteoliva.it\/magazine\/2021\/07\/20\/premio-charlot-apertura-nelle-stelle-musica-giornalismo-e-cinema-per-la-prima-serata-della-kermesse\/\"},\"wordCount\":1471,\"commentCount\":0,\"publisher\":{\"@id\":\"https:\/\/www.istitutogalanteoliva.it\/magazine\/#organization\"},\"image\":{\"@id\":\"https:\/\/www.istitutogalanteoliva.it\/magazine\/2021\/07\/20\/premio-charlot-apertura-nelle-stelle-musica-giornalismo-e-cinema-per-la-prima-serata-della-kermesse\/#primaryimage\"},\"thumbnailUrl\":\"https:\/\/www.istitutogalanteoliva.it\/magazine\/wp-content\/uploads\/2021\/07\/cop-domani.jpg\",\"articleSection\":[\"2021\",\"Arte e Spettacolo\",\"Campania\",\"Eventi\"],\"inLanguage\":\"it-IT\",\"potentialAction\":[{\"@type\":\"CommentAction\",\"name\":\"Comment\",\"target\":[\"https:\/\/www.istitutogalanteoliva.it\/magazine\/2021\/07\/20\/premio-charlot-apertura-nelle-stelle-musica-giornalismo-e-cinema-per-la-prima-serata-della-kermesse\/#respond\"]}]},{\"@type\":\"WebPage\",\"@id\":\"https:\/\/www.istitutogalanteoliva.it\/magazine\/2021\/07\/20\/premio-charlot-apertura-nelle-stelle-musica-giornalismo-e-cinema-per-la-prima-serata-della-kermesse\/\",\"url\":\"https:\/\/www.istitutogalanteoliva.it\/magazine\/2021\/07\/20\/premio-charlot-apertura-nelle-stelle-musica-giornalismo-e-cinema-per-la-prima-serata-della-kermesse\/\",\"name\":\"Premio Charlot, apertura nelle stelle: musica, giornalismo e cinema per la prima serata della Kermesse - Polis SA Magazine\",\"isPartOf\":{\"@id\":\"https:\/\/www.istitutogalanteoliva.it\/magazine\/#website\"},\"primaryImageOfPage\":{\"@id\":\"https:\/\/www.istitutogalanteoliva.it\/magazine\/2021\/07\/20\/premio-charlot-apertura-nelle-stelle-musica-giornalismo-e-cinema-per-la-prima-serata-della-kermesse\/#primaryimage\"},\"image\":{\"@id\":\"https:\/\/www.istitutogalanteoliva.it\/magazine\/2021\/07\/20\/premio-charlot-apertura-nelle-stelle-musica-giornalismo-e-cinema-per-la-prima-serata-della-kermesse\/#primaryimage\"},\"thumbnailUrl\":\"https:\/\/www.istitutogalanteoliva.it\/magazine\/wp-content\/uploads\/2021\/07\/cop-domani.jpg\",\"datePublished\":\"2021-07-20T06:00:00+00:00\",\"dateModified\":\"2021-07-19T15:01:10+00:00\",\"description\":\"Premio Charlot, apertura nelle stelle: musica, giornalismo e cinema per la prima serata della Kermesse\",\"breadcrumb\":{\"@id\":\"https:\/\/www.istitutogalanteoliva.it\/magazine\/2021\/07\/20\/premio-charlot-apertura-nelle-stelle-musica-giornalismo-e-cinema-per-la-prima-serata-della-kermesse\/#breadcrumb\"},\"inLanguage\":\"it-IT\",\"potentialAction\":[{\"@type\":\"ReadAction\",\"target\":[\"https:\/\/www.istitutogalanteoliva.it\/magazine\/2021\/07\/20\/premio-charlot-apertura-nelle-stelle-musica-giornalismo-e-cinema-per-la-prima-serata-della-kermesse\/\"]}]},{\"@type\":\"ImageObject\",\"inLanguage\":\"it-IT\",\"@id\":\"https:\/\/www.istitutogalanteoliva.it\/magazine\/2021\/07\/20\/premio-charlot-apertura-nelle-stelle-musica-giornalismo-e-cinema-per-la-prima-serata-della-kermesse\/#primaryimage\",\"url\":\"https:\/\/www.istitutogalanteoliva.it\/magazine\/wp-content\/uploads\/2021\/07\/cop-domani.jpg\",\"contentUrl\":\"https:\/\/www.istitutogalanteoliva.it\/magazine\/wp-content\/uploads\/2021\/07\/cop-domani.jpg\",\"width\":640,\"height\":380,\"caption\":\"Stefano Fresi, al centro, con i Neri per caso (foto Rinaldi Antonio)\"},{\"@type\":\"BreadcrumbList\",\"@id\":\"https:\/\/www.istitutogalanteoliva.it\/magazine\/2021\/07\/20\/premio-charlot-apertura-nelle-stelle-musica-giornalismo-e-cinema-per-la-prima-serata-della-kermesse\/#breadcrumb\",\"itemListElement\":[{\"@type\":\"ListItem\",\"position\":1,\"name\":\"Home\",\"item\":\"https:\/\/www.istitutogalanteoliva.it\/magazine\/\"},{\"@type\":\"ListItem\",\"position\":2,\"name\":\"Premio Charlot, apertura nelle stelle: musica, giornalismo e cinema per la prima serata della Kermesse\"}]},{\"@type\":\"WebSite\",\"@id\":\"https:\/\/www.istitutogalanteoliva.it\/magazine\/#website\",\"url\":\"https:\/\/www.istitutogalanteoliva.it\/magazine\/\",\"name\":\"POLIS SA MAGAZINE\",\"description\":\"Informazione e approfondimenti\",\"publisher\":{\"@id\":\"https:\/\/www.istitutogalanteoliva.it\/magazine\/#organization\"},\"potentialAction\":[{\"@type\":\"SearchAction\",\"target\":{\"@type\":\"EntryPoint\",\"urlTemplate\":\"https:\/\/www.istitutogalanteoliva.it\/magazine\/?s={search_term_string}\"},\"query-input\":{\"@type\":\"PropertyValueSpecification\",\"valueRequired\":true,\"valueName\":\"search_term_string\"}}],\"inLanguage\":\"it-IT\"},{\"@type\":\"Organization\",\"@id\":\"https:\/\/www.istitutogalanteoliva.it\/magazine\/#organization\",\"name\":\"Polis SA Magazine\",\"url\":\"https:\/\/www.istitutogalanteoliva.it\/magazine\/\",\"logo\":{\"@type\":\"ImageObject\",\"inLanguage\":\"it-IT\",\"@id\":\"https:\/\/www.istitutogalanteoliva.it\/magazine\/#\/schema\/logo\/image\/\",\"url\":\"\",\"contentUrl\":\"\",\"caption\":\"Polis SA Magazine\"},\"image\":{\"@id\":\"https:\/\/www.istitutogalanteoliva.it\/magazine\/#\/schema\/logo\/image\/\"},\"sameAs\":[\"https:\/\/www.facebook.com\/PolisSAMagazine\/\",\"https:\/\/x.com\/MagazinePolis\",\"https:\/\/www.youtube.com\/channel\/UCv0Mr5AHKUmsc0sEEXkJrgw\"]},{\"@type\":\"Person\",\"@id\":\"https:\/\/www.istitutogalanteoliva.it\/magazine\/#\/schema\/person\/d8b8aa79cfe8babc1df9da3212a7c0c4\",\"name\":\"Antonello Rivano\",\"image\":{\"@type\":\"ImageObject\",\"inLanguage\":\"it-IT\",\"@id\":\"https:\/\/www.istitutogalanteoliva.it\/magazine\/#\/schema\/person\/image\/\",\"url\":\"https:\/\/secure.gravatar.com\/avatar\/517a9a6487a7a18ecc4ce6d2e57a8f40?s=96&d=mm&r=g\",\"contentUrl\":\"https:\/\/secure.gravatar.com\/avatar\/517a9a6487a7a18ecc4ce6d2e57a8f40?s=96&d=mm&r=g\",\"caption\":\"Antonello Rivano\"},\"url\":\"https:\/\/www.istitutogalanteoliva.it\/magazine\/author\/antonello\/\"}]}<\/script>\n<!-- \/ Yoast SEO plugin. -->","yoast_head_json":{"title":"Premio Charlot, apertura nelle stelle: musica, giornalismo e cinema per la prima serata della Kermesse - Polis SA Magazine","description":"Premio Charlot, apertura nelle stelle: musica, giornalismo e cinema per la prima serata della Kermesse","robots":{"index":"index","follow":"follow","max-snippet":"max-snippet:-1","max-image-preview":"max-image-preview:large","max-video-preview":"max-video-preview:-1"},"canonical":"https:\/\/www.istitutogalanteoliva.it\/magazine\/2021\/07\/20\/premio-charlot-apertura-nelle-stelle-musica-giornalismo-e-cinema-per-la-prima-serata-della-kermesse\/","og_locale":"it_IT","og_type":"article","og_title":"Premio Charlot, apertura nelle stelle: musica, giornalismo e cinema per la prima serata della Kermesse - Polis SA Magazine","og_description":"Premio Charlot, apertura nelle stelle: musica, giornalismo e cinema per la prima serata della Kermesse","og_url":"https:\/\/www.istitutogalanteoliva.it\/magazine\/2021\/07\/20\/premio-charlot-apertura-nelle-stelle-musica-giornalismo-e-cinema-per-la-prima-serata-della-kermesse\/","og_site_name":"Polis SA Magazine","article_publisher":"https:\/\/www.facebook.com\/PolisSAMagazine\/","article_published_time":"2021-07-20T06:00:00+00:00","article_modified_time":"2021-07-19T15:01:10+00:00","og_image":[{"width":640,"height":380,"url":"https:\/\/www.istitutogalanteoliva.it\/magazine\/wp-content\/uploads\/2021\/07\/cop-domani.jpg","type":"image\/jpeg"}],"author":"Antonello Rivano","twitter_card":"summary_large_image","twitter_creator":"@MagazinePolis","twitter_site":"@MagazinePolis","twitter_misc":{"Scritto da":"Antonello Rivano","Tempo di lettura stimato":"7 minuti"},"schema":{"@context":"https:\/\/schema.org","@graph":[{"@type":"Article","@id":"https:\/\/www.istitutogalanteoliva.it\/magazine\/2021\/07\/20\/premio-charlot-apertura-nelle-stelle-musica-giornalismo-e-cinema-per-la-prima-serata-della-kermesse\/#article","isPartOf":{"@id":"https:\/\/www.istitutogalanteoliva.it\/magazine\/2021\/07\/20\/premio-charlot-apertura-nelle-stelle-musica-giornalismo-e-cinema-per-la-prima-serata-della-kermesse\/"},"author":{"name":"Antonello Rivano","@id":"https:\/\/www.istitutogalanteoliva.it\/magazine\/#\/schema\/person\/d8b8aa79cfe8babc1df9da3212a7c0c4"},"headline":"Premio Charlot, apertura nelle stelle: musica, giornalismo e cinema per la prima serata della Kermesse","datePublished":"2021-07-20T06:00:00+00:00","dateModified":"2021-07-19T15:01:10+00:00","mainEntityOfPage":{"@id":"https:\/\/www.istitutogalanteoliva.it\/magazine\/2021\/07\/20\/premio-charlot-apertura-nelle-stelle-musica-giornalismo-e-cinema-per-la-prima-serata-della-kermesse\/"},"wordCount":1471,"commentCount":0,"publisher":{"@id":"https:\/\/www.istitutogalanteoliva.it\/magazine\/#organization"},"image":{"@id":"https:\/\/www.istitutogalanteoliva.it\/magazine\/2021\/07\/20\/premio-charlot-apertura-nelle-stelle-musica-giornalismo-e-cinema-per-la-prima-serata-della-kermesse\/#primaryimage"},"thumbnailUrl":"https:\/\/www.istitutogalanteoliva.it\/magazine\/wp-content\/uploads\/2021\/07\/cop-domani.jpg","articleSection":["2021","Arte e Spettacolo","Campania","Eventi"],"inLanguage":"it-IT","potentialAction":[{"@type":"CommentAction","name":"Comment","target":["https:\/\/www.istitutogalanteoliva.it\/magazine\/2021\/07\/20\/premio-charlot-apertura-nelle-stelle-musica-giornalismo-e-cinema-per-la-prima-serata-della-kermesse\/#respond"]}]},{"@type":"WebPage","@id":"https:\/\/www.istitutogalanteoliva.it\/magazine\/2021\/07\/20\/premio-charlot-apertura-nelle-stelle-musica-giornalismo-e-cinema-per-la-prima-serata-della-kermesse\/","url":"https:\/\/www.istitutogalanteoliva.it\/magazine\/2021\/07\/20\/premio-charlot-apertura-nelle-stelle-musica-giornalismo-e-cinema-per-la-prima-serata-della-kermesse\/","name":"Premio Charlot, apertura nelle stelle: musica, giornalismo e cinema per la prima serata della Kermesse - Polis SA Magazine","isPartOf":{"@id":"https:\/\/www.istitutogalanteoliva.it\/magazine\/#website"},"primaryImageOfPage":{"@id":"https:\/\/www.istitutogalanteoliva.it\/magazine\/2021\/07\/20\/premio-charlot-apertura-nelle-stelle-musica-giornalismo-e-cinema-per-la-prima-serata-della-kermesse\/#primaryimage"},"image":{"@id":"https:\/\/www.istitutogalanteoliva.it\/magazine\/2021\/07\/20\/premio-charlot-apertura-nelle-stelle-musica-giornalismo-e-cinema-per-la-prima-serata-della-kermesse\/#primaryimage"},"thumbnailUrl":"https:\/\/www.istitutogalanteoliva.it\/magazine\/wp-content\/uploads\/2021\/07\/cop-domani.jpg","datePublished":"2021-07-20T06:00:00+00:00","dateModified":"2021-07-19T15:01:10+00:00","description":"Premio Charlot, apertura nelle stelle: musica, giornalismo e cinema per la prima serata della Kermesse","breadcrumb":{"@id":"https:\/\/www.istitutogalanteoliva.it\/magazine\/2021\/07\/20\/premio-charlot-apertura-nelle-stelle-musica-giornalismo-e-cinema-per-la-prima-serata-della-kermesse\/#breadcrumb"},"inLanguage":"it-IT","potentialAction":[{"@type":"ReadAction","target":["https:\/\/www.istitutogalanteoliva.it\/magazine\/2021\/07\/20\/premio-charlot-apertura-nelle-stelle-musica-giornalismo-e-cinema-per-la-prima-serata-della-kermesse\/"]}]},{"@type":"ImageObject","inLanguage":"it-IT","@id":"https:\/\/www.istitutogalanteoliva.it\/magazine\/2021\/07\/20\/premio-charlot-apertura-nelle-stelle-musica-giornalismo-e-cinema-per-la-prima-serata-della-kermesse\/#primaryimage","url":"https:\/\/www.istitutogalanteoliva.it\/magazine\/wp-content\/uploads\/2021\/07\/cop-domani.jpg","contentUrl":"https:\/\/www.istitutogalanteoliva.it\/magazine\/wp-content\/uploads\/2021\/07\/cop-domani.jpg","width":640,"height":380,"caption":"Stefano Fresi, al centro, con i Neri per caso (foto Rinaldi Antonio)"},{"@type":"BreadcrumbList","@id":"https:\/\/www.istitutogalanteoliva.it\/magazine\/2021\/07\/20\/premio-charlot-apertura-nelle-stelle-musica-giornalismo-e-cinema-per-la-prima-serata-della-kermesse\/#breadcrumb","itemListElement":[{"@type":"ListItem","position":1,"name":"Home","item":"https:\/\/www.istitutogalanteoliva.it\/magazine\/"},{"@type":"ListItem","position":2,"name":"Premio Charlot, apertura nelle stelle: musica, giornalismo e cinema per la prima serata della Kermesse"}]},{"@type":"WebSite","@id":"https:\/\/www.istitutogalanteoliva.it\/magazine\/#website","url":"https:\/\/www.istitutogalanteoliva.it\/magazine\/","name":"POLIS SA MAGAZINE","description":"Informazione e approfondimenti","publisher":{"@id":"https:\/\/www.istitutogalanteoliva.it\/magazine\/#organization"},"potentialAction":[{"@type":"SearchAction","target":{"@type":"EntryPoint","urlTemplate":"https:\/\/www.istitutogalanteoliva.it\/magazine\/?s={search_term_string}"},"query-input":{"@type":"PropertyValueSpecification","valueRequired":true,"valueName":"search_term_string"}}],"inLanguage":"it-IT"},{"@type":"Organization","@id":"https:\/\/www.istitutogalanteoliva.it\/magazine\/#organization","name":"Polis SA Magazine","url":"https:\/\/www.istitutogalanteoliva.it\/magazine\/","logo":{"@type":"ImageObject","inLanguage":"it-IT","@id":"https:\/\/www.istitutogalanteoliva.it\/magazine\/#\/schema\/logo\/image\/","url":"","contentUrl":"","caption":"Polis SA Magazine"},"image":{"@id":"https:\/\/www.istitutogalanteoliva.it\/magazine\/#\/schema\/logo\/image\/"},"sameAs":["https:\/\/www.facebook.com\/PolisSAMagazine\/","https:\/\/x.com\/MagazinePolis","https:\/\/www.youtube.com\/channel\/UCv0Mr5AHKUmsc0sEEXkJrgw"]},{"@type":"Person","@id":"https:\/\/www.istitutogalanteoliva.it\/magazine\/#\/schema\/person\/d8b8aa79cfe8babc1df9da3212a7c0c4","name":"Antonello Rivano","image":{"@type":"ImageObject","inLanguage":"it-IT","@id":"https:\/\/www.istitutogalanteoliva.it\/magazine\/#\/schema\/person\/image\/","url":"https:\/\/secure.gravatar.com\/avatar\/517a9a6487a7a18ecc4ce6d2e57a8f40?s=96&d=mm&r=g","contentUrl":"https:\/\/secure.gravatar.com\/avatar\/517a9a6487a7a18ecc4ce6d2e57a8f40?s=96&d=mm&r=g","caption":"Antonello Rivano"},"url":"https:\/\/www.istitutogalanteoliva.it\/magazine\/author\/antonello\/"}]}},"_links":{"self":[{"href":"https:\/\/www.istitutogalanteoliva.it\/magazine\/wp-json\/wp\/v2\/posts\/8695","targetHints":{"allow":["GET"]}}],"collection":[{"href":"https:\/\/www.istitutogalanteoliva.it\/magazine\/wp-json\/wp\/v2\/posts"}],"about":[{"href":"https:\/\/www.istitutogalanteoliva.it\/magazine\/wp-json\/wp\/v2\/types\/post"}],"author":[{"embeddable":true,"href":"https:\/\/www.istitutogalanteoliva.it\/magazine\/wp-json\/wp\/v2\/users\/2"}],"replies":[{"embeddable":true,"href":"https:\/\/www.istitutogalanteoliva.it\/magazine\/wp-json\/wp\/v2\/comments?post=8695"}],"version-history":[{"count":4,"href":"https:\/\/www.istitutogalanteoliva.it\/magazine\/wp-json\/wp\/v2\/posts\/8695\/revisions"}],"predecessor-version":[{"id":8706,"href":"https:\/\/www.istitutogalanteoliva.it\/magazine\/wp-json\/wp\/v2\/posts\/8695\/revisions\/8706"}],"wp:featuredmedia":[{"embeddable":true,"href":"https:\/\/www.istitutogalanteoliva.it\/magazine\/wp-json\/wp\/v2\/media\/8700"}],"wp:attachment":[{"href":"https:\/\/www.istitutogalanteoliva.it\/magazine\/wp-json\/wp\/v2\/media?parent=8695"}],"wp:term":[{"taxonomy":"category","embeddable":true,"href":"https:\/\/www.istitutogalanteoliva.it\/magazine\/wp-json\/wp\/v2\/categories?post=8695"},{"taxonomy":"post_tag","embeddable":true,"href":"https:\/\/www.istitutogalanteoliva.it\/magazine\/wp-json\/wp\/v2\/tags?post=8695"}],"curies":[{"name":"wp","href":"https:\/\/api.w.org\/{rel}","templated":true}]}}