{"id":8718,"date":"2021-07-22T14:00:00","date_gmt":"2021-07-22T12:00:00","guid":{"rendered":"https:\/\/www.istitutogalanteoliva.it\/magazine\/?p=8718"},"modified":"2021-07-21T20:54:16","modified_gmt":"2021-07-21T18:54:16","slug":"next-tenebrae-il-nuovo-mondo-di-ucronie","status":"publish","type":"post","link":"https:\/\/www.istitutogalanteoliva.it\/magazine\/2021\/07\/22\/next-tenebrae-il-nuovo-mondo-di-ucronie\/","title":{"rendered":"NEXT TENEBRAE: il nuovo Mondo di Ucronie"},"content":{"rendered":"\n<p><strong>Dopo Avanguardia, l\u2019Anteprima del fantafestival Ucronie, la Casa di Suoni Racconti prosegue le sue attivit\u00e0 con l&#8217;evocazione del mondo musicale NEXT TENEBRAE. Quattro giorni di performance multiartistiche in programma il 22 Luglio a Villacidro e il 23, 24 e 25 Luglio a Cagliari<\/strong><\/p>\n\n\n\n<p><\/p>\n\n\n\n<p>UCRONIE prosegue con l\u2019evocazione di <strong>NEXT TENEBRAE<\/strong>, il Mondo Musicale immaginario proposto quest\u2019anno dal musicista <strong>Andrea Congia<\/strong>. L\u2019<strong>immaginazione<\/strong>, l\u2019<strong>idea fantamusicale<\/strong>, le&nbsp;<strong>performance<\/strong>,&nbsp;passando per racconti, drammatizzazioni, canti, composizioni musicali e coreutiche daranno vita a un&#8217;azione immaginifica collettiva in cui il Buio e l\u2019Oscurit\u00e0 hanno tutt&#8217;altro significato e percezione rispetto alla nostra Realt\u00e0. Durante le <strong>quattro performance<\/strong> in programma sar\u00e0 la&nbsp;<strong>Musica<\/strong>, in qualit\u00e0 di amplificatore espressivo ed emotivo, a fare da collante estetico per tutte le altre <strong>Arti<\/strong>&nbsp;che, insieme, daranno fattezze, corpo e vita a queste \u201cirreali realt\u00e0\u201d, in una costante&nbsp;<strong>elaborazione multiartistica<\/strong>. <strong>Musica<\/strong>,&nbsp;<strong>Narrativa<\/strong>,&nbsp;<strong>Teatro<\/strong>,&nbsp;<strong>Danza<\/strong>,&nbsp;<strong>Arti Visive<\/strong>&nbsp;spalancheranno le porte su nuovi Spazi e nuovi Tempi. La dimensione alternativa che nel 2021 sar\u00e0 evocata tramite la performance artistica <strong>NEXT TENEBRAE<\/strong>, racconter\u00e0 la Musica di luoghi fantastici e ipotetici dove le Tenebre e i loro significati saranno ridescritti, reinterpretati, reinventati attraverso inconsueti e nuovi contenuti. Diverse percezioni, nuove sfumature per ridisegnare il Buio e il modo in cui gli Uomini e la Musica interagiscono con esso.<\/p>\n\n\n\n<figure class=\"wp-block-image size-large\"><img loading=\"lazy\" decoding=\"async\" width=\"1024\" height=\"284\" src=\"https:\/\/www.istitutogalanteoliva.it\/magazine\/wp-content\/uploads\/2021\/07\/UCRONIE_MARCHIO-1-1024x284.jpg\" alt=\"\" class=\"wp-image-8721\" srcset=\"https:\/\/www.istitutogalanteoliva.it\/magazine\/wp-content\/uploads\/2021\/07\/UCRONIE_MARCHIO-1-1024x284.jpg 1024w, https:\/\/www.istitutogalanteoliva.it\/magazine\/wp-content\/uploads\/2021\/07\/UCRONIE_MARCHIO-1-300x83.jpg 300w, https:\/\/www.istitutogalanteoliva.it\/magazine\/wp-content\/uploads\/2021\/07\/UCRONIE_MARCHIO-1-768x213.jpg 768w, https:\/\/www.istitutogalanteoliva.it\/magazine\/wp-content\/uploads\/2021\/07\/UCRONIE_MARCHIO-1.jpg 1200w\" sizes=\"auto, (max-width: 1024px) 100vw, 1024px\" \/><\/figure>\n\n\n\n<p> Un tempo immaginario in cui Passato, Presente e Futuro non corrispondono alla nostra realt\u00e0, e dove l\u2019Oscurit\u00e0 ha quindi un\u2019altra storia. Il Mondo Musicale Immaginario <strong>NEXT TENEBRAE<\/strong> sar\u00e0 coordinato registicamente da <strong>Andrea Congia<\/strong> ed evocato in scena da diversi attori e dal folto gruppo di performer denominato <strong>Living Canvas<\/strong>, di cui faranno parte anche gli allievi del laboratorio <strong>Octopus &#8211; Scuola Popolare delle Arti<\/strong>, i <strong>Pillunghi<\/strong> ovvero i fotografi del Buio coordinati da Pierpaolo Arru e alcuni performer della compagnia <strong>Lucido Sottile<\/strong>. I <strong>Gloomdancers<\/strong>, coordinati dalla ballerina Angelica Adamo, danzeranno sulle musiche della <strong>Dark Orchestra<\/strong> e sulle voci del <strong>Coro delle 7 Spade<\/strong>. Le coreografie saranno affidate a Uwe Endler, Roberto Fanni, Nicoletta Mocci, Natalia Cadena e, mentre trucco e costumi a Mattia Cogoni. La performance, di carattere operistico, si svilupper\u00e0 in quattro episodi per altrettante messe in scena; ognuna di queste simuler\u00e0 un improvviso varco spazio-temporale che si aprir\u00e0 e si chiuder\u00e0 repentinamente, stravolgendo i concetti narrativi di <strong>&#8220;inizio&#8221;<\/strong> e <strong>&#8220;fine&#8221;<\/strong> e lasciando agli spettatori un senso di interruzione, sorpresa e sospensione.<\/p>\n\n\n\n<figure class=\"wp-block-image size-large is-resized\"><img loading=\"lazy\" decoding=\"async\" src=\"https:\/\/www.istitutogalanteoliva.it\/magazine\/wp-content\/uploads\/2021\/07\/2021_07_22e23e24e25_NEXTTENEBRAE_MANIFESTO-1-725x1024.jpg\" alt=\"\" class=\"wp-image-8720\" width=\"363\" height=\"512\" srcset=\"https:\/\/www.istitutogalanteoliva.it\/magazine\/wp-content\/uploads\/2021\/07\/2021_07_22e23e24e25_NEXTTENEBRAE_MANIFESTO-1-725x1024.jpg 725w, https:\/\/www.istitutogalanteoliva.it\/magazine\/wp-content\/uploads\/2021\/07\/2021_07_22e23e24e25_NEXTTENEBRAE_MANIFESTO-1-212x300.jpg 212w, https:\/\/www.istitutogalanteoliva.it\/magazine\/wp-content\/uploads\/2021\/07\/2021_07_22e23e24e25_NEXTTENEBRAE_MANIFESTO-1-768x1085.jpg 768w, https:\/\/www.istitutogalanteoliva.it\/magazine\/wp-content\/uploads\/2021\/07\/2021_07_22e23e24e25_NEXTTENEBRAE_MANIFESTO-1-1087x1536.jpg 1087w, https:\/\/www.istitutogalanteoliva.it\/magazine\/wp-content\/uploads\/2021\/07\/2021_07_22e23e24e25_NEXTTENEBRAE_MANIFESTO-1-1449x2048.jpg 1449w, https:\/\/www.istitutogalanteoliva.it\/magazine\/wp-content\/uploads\/2021\/07\/2021_07_22e23e24e25_NEXTTENEBRAE_MANIFESTO-1-1024x1447.jpg 1024w, https:\/\/www.istitutogalanteoliva.it\/magazine\/wp-content\/uploads\/2021\/07\/2021_07_22e23e24e25_NEXTTENEBRAE_MANIFESTO-1-scaled.jpg 1812w\" sizes=\"auto, (max-width: 363px) 100vw, 363px\" \/><\/figure>\n\n\n\n<p><strong>GLI APPUNTAMENTI E I LUOGHI &#8211;<\/strong> <strong>NEXT TENEBRAE<\/strong> sar\u00e0 evocato nei luoghi prescelti quest\u2019anno per il Festival: <strong>Gioved\u00ec 22 Luglio<\/strong>, negli spazi del <strong>Lavatoio Comunale<\/strong> di <strong>Villacidro<\/strong> alle <strong>ore<\/strong> <strong>20:30<\/strong>; <strong>Venerd\u00ec 23, Sabato 24 e Domenica 25 Luglio<\/strong> a <strong>Cagliari<\/strong>, presso i <strong>Giardini Pubblici<\/strong> (fronte Galleria Comunale d\u2019Arte) sempre alle <strong>ore<\/strong> <strong>20:30<\/strong>.<\/p>\n\n\n\n<p><strong>INDICAZIONI PER IL PUBBLICO<\/strong> &#8211; Il Pubblico degli adulti presente sar\u00e0 invitato a indossare abiti e mascherina nera (dress-code del Mondo evocato), mentre i pi\u00f9 piccoli (0\/10 anni) dovranno indossare abiti gialli.<\/p>\n\n\n\n<p><strong>PATROCINI E SOSTEGNI &#8211; <\/strong>Il Festival gode del Patrocinio della&nbsp;<strong>Regione Autonoma della Sardegna<\/strong>, della&nbsp;<strong>Citt\u00e0 Metropolitana<\/strong> e del&nbsp;<strong>Comune di Cagliari<\/strong>, della <strong>Municipalit\u00e0 di Pirri<\/strong>, del&nbsp;<strong>Comune di Villacidro<\/strong>, della <strong>Scuola Civica di Musica di Villacidro<\/strong>, della <strong>Fondazione Giuseppe Dess\u00ec <\/strong>e della <strong>Fondazione di Sardegna<\/strong>. Infine, la manifestazione&nbsp;si presenta come secondo segmento del programma&nbsp;<strong>TRA LE MUSICHE<\/strong>, programma artistico-culturale&nbsp;con cui la Casa di Suoni e Racconti indaga l\u2019agire performativo della Musica. A sostegno dell\u2019intero Progetto \u00e8 stata attivata una campagna di crowdfunding sulla piattaforma&nbsp;buonacausa.org&nbsp;(buonacausa.org\/cause\/tra-le-musiche-2021).<\/p>\n\n\n\n<p><strong>SUL WEB<\/strong>: www.traparolaemusica.com<\/p>\n\n\n\n<p><strong>NEXT TENEBRAE &#8211; VILLACIDRO<\/strong>: <a href=\"https:\/\/fb.me\/e\/2qMD8NhDb\">https:\/\/fb.me\/e\/2qMD8NhDb<\/a><strong><\/strong><\/p>\n\n\n\n<p><strong>NEXT TENEBRAE &#8211; CAGLIARI:<\/strong> https:\/\/fb.me\/e\/7UY2I1uQj<\/p>\n\n\n\n<p>Monastir, 21 Luglio 2021<\/p>\n\n\n\n<p>\u2013\u2013 Info e Contatti \u2013\u2013\u2013\u2013\u2013\u2013\u2013\u2013\u2013\u2013\u2013\u2013\u2013\u2013\u2013\u2013\u2013\u2013\u2013\u2013\u2013\u2013\u2013\u2013\u2013\u2013\u2013\u2013<\/p>\n\n\n\n<p><strong>Associazione Culturale Tra Parola e Musica &#8211; Casa di Suoni e Racconti<\/strong><\/p>\n\n\n\n<p>+39 345 3199602 &#8211; traparolaemusica@gmail.com<\/p>\n\n\n\n<p>FB: www.facebook.com\/traparolaemusica&nbsp;<\/p>\n\n\n\n<p>IG: www.instagram.com\/traparolaemusica<\/p>\n\n\n\n<p><a href=\"http:\/\/www.traparolaemusica.com\/\">www.traparolaemusica.com<\/a><\/p>\n\n\n\n<p>IL FESTIVAL<\/p>\n\n\n\n<p>Il <strong>Festival delle Musiche dei Mondi<\/strong>, <strong>UCRONIE<\/strong>, \u00e8 incontro tra <strong>Fantasia<\/strong> e <strong>Musica<\/strong>. Costruzione immaginifica che trae slancio dal linguaggio dei <strong>Suoni<\/strong>, collante per tutte le altre <strong>Arti<\/strong> utilizzate per la creazione di <strong>Mondi<\/strong> che non esistono, per farli divenire <strong>Racconti <\/strong>e per la loro evocazione in <strong>Scena<\/strong>.<\/p>\n\n\n\n<p>Narrativa, Teatro, Danza, Arti Visive: una teoria espressiva enfatizzata ed ingigantita dal potere della Musica.<\/p>\n\n\n\n<p>Questa prospettiva vuole essere, oltre che di impegno artistico, anche di stimolo per una riflessione sul tema dell\u2019Ambiente, nella quale il <strong>Paesaggio<\/strong>, naturale e antropico, non \u00e8 semplice e fissa cornice o statico e immutabile panorama da ammirare, ma luogo vissuto e da viversi per gli <strong>Uomini<\/strong>.<\/p>\n\n\n\n<p>Spazio e Comunit\u00e0, in un costante rapporto di reciproca trasformazione estetica, culturale ed identitaria, divengono palcoscenici fruibili, protagonisti artistici che si trasformano in altri Mondi.&nbsp;<\/p>\n\n\n\n<p>Per un giorno.&nbsp;<\/p>\n\n\n\n<p><strong>Mondi<\/strong> <strong>Immaginari<\/strong>, delineati dalle penne di importanti scrittori, prendono corpo nelle Citt\u00e0 e nei Paesi della Sardegna, in luoghi suggestivi e, a loro modo, \u201dinusuali\u201d e \u201cinabitati\u201d.<\/p>\n\n\n\n<p><strong>Azioni Creative<\/strong> che si offrono come occasione per immaginare, per spingere alla comprensione della Realt\u00e0 Presente.<\/p>\n\n\n\n<p><strong>Specchi<\/strong> attraverso i quali le Arti si combinano e proiettano inquietudini, sogni, allucinazioni, visioni nello Schermo della Realt\u00e0, al fine di poterla leggere ad alta voce, da altre prospettive e poterla cos\u00ec conoscere meglio, per acquisire e paragonare nuovi punti di vista per mezzo della Fantasia.&nbsp;<\/p>\n\n\n\n<p>Immaginare per Comprendere. Comprendere per Immaginare<\/p>\n\n\n\n<p>\u2013\u2013 Info e Contatti \u2013\u2013\u2013\u2013\u2013\u2013\u2013\u2013\u2013\u2013\u2013\u2013\u2013\u2013\u2013\u2013\u2013\u2013\u2013\u2013\u2013\u2013\u2013\u2013\u2013\u2013\u2013\u2013<\/p>\n\n\n\n<p><strong>Associazione Culturale Tra Parola e Musica &#8211; Casa di Suoni e Racconti<\/strong><\/p>\n\n\n\n<p>+39 345 3199602 &#8211; traparolaemusica@gmail.com<\/p>\n\n\n\n<p>FB: www.facebook.com\/traparolaemusica&nbsp;<\/p>\n\n\n\n<p>IG: www.instagram.com\/traparolaemusica<\/p>\n\n\n\n<p><a href=\"http:\/\/www.traparolaemusica.com\/\">www.traparolaemusica.com<\/a><\/p>\n\n\n\n<p>GLI ARTISTI<\/p>\n\n\n\n<p><strong>Associazione Tra Parola e Musica &#8211; Casa di Suoni e Racconti<\/strong><\/p>\n\n\n\n<p><strong>www.facebook.com\/traparolaemusica<\/strong><\/p>\n\n\n\n<p>L\u2019Associazione Culturale <strong>Tra Parola e Musica &#8211; Casa di Suoni e Racconti<\/strong> nasce nel 2015 in seno al percorso artistico del chitarrista e compositore Andrea Congia e, in particolar modo, della rassegna di spettacolo Significante, da lui ideata e diretta sin dal 2008, intorno alla quale viene a formarsi uno strutturato Staff Artistico, Organizzativo, Tecnico e Comunicativo. Confluiscono in essa Professionisti del Teatro, della Musica e in generale del mondo dello Spettacolo e dell\u2019Arte, Organizzatori e Operatori Culturali, Tecnici della Scena, del Suono, delle Luci e del Video, Comunicatori, Addetti Stampa, Fotografi, Grafici, Esperti Web con esperienza pluriennale sviluppata nel corso degli anni attraverso le relazioni intessute nei territori.<\/p>\n\n\n\n<p>Nel 2017 la <strong>Casa di Suoni e Racconti<\/strong> fonda il proprio programma artistico annuale <strong>TRA LE MUSICHE<\/strong>, unendo alla Rassegna di Spettacolo tra Parola e Musica SIGNIFICANTE, il Festival delle Musiche dei Mondi UCRONIE e la Rassegna di CineConcerti SINESTESIE, sviluppando e perfezionando cos\u00ec la propria prospettiva multiartistica incentrata sulla Musica come amplificatore emotivo, espressivo, narrativo, sociale nei confronti delle altre Discipline (Letteratura, Teatro, Danza, Cinema, Arti Visive e altri Linguaggi).<\/p>\n\n\n\n<p>In linea con il suo programma principale e integrando quest\u2019ultimo, nel 2020, la Casa di Suoni e Racconti da vita a due progetti artistici paralleli: <strong>BLESSEDSCAPE &#8211; Cresias de Sardigna<\/strong>, dedicato alla valorizzazione dei beni storico-artistici della Sardegna e <strong>SARDIGNATELLING &#8211; Quasi un Mondo di Suoni e Racconti<\/strong>, volto alla valorizzazione del patrimonio culturale immateriale del Popolo Sardo e inserito in una rete di palcoscenici internazionali.<\/p>\n\n\n\n<p>In collaborazione con Enti Pubblici e Privati, Istituzioni Scolastiche ed Educative realizza progetti culturali di ampio respiro nell\u2019atto del perseguire Innovazione, Multidisciplinariet\u00e0 e Interazione, coinvolgendo realt\u00e0 artistiche e organizzative operanti nel settore e presenti in Sardegna, Italia ed Europa.<\/p>\n\n\n\n<p>La <strong>Casa di Suoni e Racconti<\/strong> privilegia le forme espressive della Parola e della Musica, le quali, nella viva performance, sono capaci di liberare le Storie degli Uomini dalle spesso immobili pagine scritte, portandole al movimento, al ritmo e al vigore dell\u2019Oralit\u00e0 e dell\u2019Azione.<\/p>\n\n\n\n<p>La <strong>Casa di Suoni e Racconti<\/strong> progetta e promuove l\u2019Arte e la Cultura, diffusamente, nei Territori, esplorando differenti linguaggi artistici e le molteplici modalit\u00e0 di incontro, condivisione e di connessione tra Palco e Platea, riducendo le distanze e invitando alla partecipazione.<\/p>\n\n\n\n<p>La <strong>Casa di Suoni e Racconti<\/strong> ricerca il Mistero che dimora tra la Parola e la Musica, ricerca i Significati, incessantemente, proiettando forze plasmanti, vettori, linee, piani. Laddove Comunicare \u00e8 Venire alla Luce.<\/p>\n\n\n\n<p><strong>Andrea Congia<\/strong><\/p>\n\n\n\n<p><strong>www.facebook.com\/andcongia<\/strong><\/p>\n\n\n\n<p>Nasce a Cagliari nel 1977. Laureato in Filosofia. Chitarrista, autore e interprete nelle formazioni musicali sperimentali Nigro Minstrel, Mascherada, Antagonista Quintet, Crais Trio, Baska, Hellequin, Orchestrina dei Miracoli, Gastropod, Skull Cowboys, Death Electronics, F\u00e0ulas, Coro delle 7 Spade, Orchestra Popolare Next Mediterraneo. Da anni prosegue sulla strada della coniugazione tra Parola e Musica in collaborazione con numerosi artisti provenienti da ambienti musicali e teatrali sardi in particolar modo attraverso la direzione artistica della Rassegna di Spettacolo, dedicata alla Letteratura Sarda, \u201cSignificante\u201d. Nel 2015 fonda l\u2019Associazione Culturale Tra Parola e Musica &#8211; Casa di Suoni e Racconti di cui coordina le attivit\u00e0 e i progetti.<br><br><\/p>\n\n\n\n<p>\u2013\u2013 Info e Contatti \u2013\u2013\u2013\u2013\u2013\u2013\u2013\u2013\u2013\u2013\u2013\u2013\u2013\u2013\u2013\u2013\u2013\u2013\u2013\u2013\u2013\u2013\u2013\u2013\u2013\u2013\u2013\u2013<\/p>\n\n\n\n<p><strong>Associazione Culturale Tra Parola e Musica &#8211; Casa di Suoni e Racconti<\/strong><\/p>\n\n\n\n<p>+39 345 3199602 &#8211; traparolaemusica@gmail.com<\/p>\n\n\n\n<p>FB: www.facebook.com\/traparolaemusica&nbsp;<\/p>\n\n\n\n<p>IG: www.instagram.com\/traparolaemusica<\/p>\n\n\n\n<p><a href=\"http:\/\/www.traparolaemusica.com\/\">www.traparolaemusica.com<\/a><\/p>\n<div class=\"pdfprnt-buttons pdfprnt-buttons-post pdfprnt-bottom-left\"><a href=\"https:\/\/www.istitutogalanteoliva.it\/magazine\/wp-json\/wp\/v2\/posts\/8718?print=print\" class=\"pdfprnt-button pdfprnt-button-print\" target=\"_blank\"><img decoding=\"async\" src=\"https:\/\/www.istitutogalanteoliva.it\/magazine\/wp-content\/plugins\/pdf-print\/images\/print.png\" alt=\"image_print\" title=\"Stampa contenuto\" \/><span class=\"pdfprnt-button-title pdfprnt-button-print-title\">Download in PDF<\/span><\/a><\/div>","protected":false},"excerpt":{"rendered":"<p>Dopo la realizzazione de l&#8217;Avanguardia, l\u2019anteprima di UCRONIE, prosegue la quinta edizione del Festival delle Musiche dei Mondi, organizzato dall\u2019Associazione Culturale Tra Parola e Musica \u2013 Casa di Suoni e Racconti, nei giorni 22, 23, 24 e 25 Luglio prossimi a Villacidro e Cagliari.<\/p>\n","protected":false},"author":2,"featured_media":8719,"comment_status":"open","ping_status":"open","sticky":true,"template":"","format":"standard","meta":{"footnotes":""},"categories":[148,47,209],"tags":[],"class_list":["post-8718","post","type-post","status-publish","format-standard","has-post-thumbnail","hentry","category-148","category-eventi","category-sardegna"],"yoast_head":"<!-- This site is optimized with the Yoast SEO plugin v24.2 - https:\/\/yoast.com\/wordpress\/plugins\/seo\/ -->\n<title>NEXT TENEBRAE: il nuovo Mondo di Ucronie - Polis SA Magazine<\/title>\n<meta name=\"robots\" content=\"index, follow, max-snippet:-1, max-image-preview:large, max-video-preview:-1\" \/>\n<link rel=\"canonical\" href=\"https:\/\/www.istitutogalanteoliva.it\/magazine\/2021\/07\/22\/next-tenebrae-il-nuovo-mondo-di-ucronie\/\" \/>\n<meta property=\"og:locale\" content=\"it_IT\" \/>\n<meta property=\"og:type\" content=\"article\" \/>\n<meta property=\"og:title\" content=\"NEXT TENEBRAE: il nuovo Mondo di Ucronie - Polis SA Magazine\" \/>\n<meta property=\"og:description\" content=\"Dopo la realizzazione de l&#039;Avanguardia, l\u2019anteprima di UCRONIE, prosegue la quinta edizione del Festival delle Musiche dei Mondi, organizzato dall\u2019Associazione Culturale Tra Parola e Musica \u2013 Casa di Suoni e Racconti, nei giorni 22, 23, 24 e 25 Luglio prossimi a Villacidro e Cagliari.\" \/>\n<meta property=\"og:url\" content=\"https:\/\/www.istitutogalanteoliva.it\/magazine\/2021\/07\/22\/next-tenebrae-il-nuovo-mondo-di-ucronie\/\" \/>\n<meta property=\"og:site_name\" content=\"Polis SA Magazine\" \/>\n<meta property=\"article:publisher\" content=\"https:\/\/www.facebook.com\/PolisSAMagazine\/\" \/>\n<meta property=\"article:published_time\" content=\"2021-07-22T12:00:00+00:00\" \/>\n<meta property=\"article:modified_time\" content=\"2021-07-21T18:54:16+00:00\" \/>\n<meta property=\"og:image\" content=\"https:\/\/www.istitutogalanteoliva.it\/magazine\/wp-content\/uploads\/2021\/07\/ANDREACONGIA_FOTO-3.jpeg\" \/>\n\t<meta property=\"og:image:width\" content=\"2048\" \/>\n\t<meta property=\"og:image:height\" content=\"1536\" \/>\n\t<meta property=\"og:image:type\" content=\"image\/jpeg\" \/>\n<meta name=\"author\" content=\"Antonello Rivano\" \/>\n<meta name=\"twitter:card\" content=\"summary_large_image\" \/>\n<meta name=\"twitter:creator\" content=\"@MagazinePolis\" \/>\n<meta name=\"twitter:site\" content=\"@MagazinePolis\" \/>\n<meta name=\"twitter:label1\" content=\"Scritto da\" \/>\n\t<meta name=\"twitter:data1\" content=\"Antonello Rivano\" \/>\n\t<meta name=\"twitter:label2\" content=\"Tempo di lettura stimato\" \/>\n\t<meta name=\"twitter:data2\" content=\"7 minuti\" \/>\n<script type=\"application\/ld+json\" class=\"yoast-schema-graph\">{\"@context\":\"https:\/\/schema.org\",\"@graph\":[{\"@type\":\"Article\",\"@id\":\"https:\/\/www.istitutogalanteoliva.it\/magazine\/2021\/07\/22\/next-tenebrae-il-nuovo-mondo-di-ucronie\/#article\",\"isPartOf\":{\"@id\":\"https:\/\/www.istitutogalanteoliva.it\/magazine\/2021\/07\/22\/next-tenebrae-il-nuovo-mondo-di-ucronie\/\"},\"author\":{\"name\":\"Antonello Rivano\",\"@id\":\"https:\/\/www.istitutogalanteoliva.it\/magazine\/#\/schema\/person\/d8b8aa79cfe8babc1df9da3212a7c0c4\"},\"headline\":\"NEXT TENEBRAE: il nuovo Mondo di Ucronie\",\"datePublished\":\"2021-07-22T12:00:00+00:00\",\"dateModified\":\"2021-07-21T18:54:16+00:00\",\"mainEntityOfPage\":{\"@id\":\"https:\/\/www.istitutogalanteoliva.it\/magazine\/2021\/07\/22\/next-tenebrae-il-nuovo-mondo-di-ucronie\/\"},\"wordCount\":1480,\"commentCount\":0,\"publisher\":{\"@id\":\"https:\/\/www.istitutogalanteoliva.it\/magazine\/#organization\"},\"image\":{\"@id\":\"https:\/\/www.istitutogalanteoliva.it\/magazine\/2021\/07\/22\/next-tenebrae-il-nuovo-mondo-di-ucronie\/#primaryimage\"},\"thumbnailUrl\":\"https:\/\/www.istitutogalanteoliva.it\/magazine\/wp-content\/uploads\/2021\/07\/ANDREACONGIA_FOTO-3.jpeg\",\"articleSection\":[\"2021\",\"Eventi\",\"Sardegna\"],\"inLanguage\":\"it-IT\",\"potentialAction\":[{\"@type\":\"CommentAction\",\"name\":\"Comment\",\"target\":[\"https:\/\/www.istitutogalanteoliva.it\/magazine\/2021\/07\/22\/next-tenebrae-il-nuovo-mondo-di-ucronie\/#respond\"]}]},{\"@type\":\"WebPage\",\"@id\":\"https:\/\/www.istitutogalanteoliva.it\/magazine\/2021\/07\/22\/next-tenebrae-il-nuovo-mondo-di-ucronie\/\",\"url\":\"https:\/\/www.istitutogalanteoliva.it\/magazine\/2021\/07\/22\/next-tenebrae-il-nuovo-mondo-di-ucronie\/\",\"name\":\"NEXT TENEBRAE: il nuovo Mondo di Ucronie - Polis SA Magazine\",\"isPartOf\":{\"@id\":\"https:\/\/www.istitutogalanteoliva.it\/magazine\/#website\"},\"primaryImageOfPage\":{\"@id\":\"https:\/\/www.istitutogalanteoliva.it\/magazine\/2021\/07\/22\/next-tenebrae-il-nuovo-mondo-di-ucronie\/#primaryimage\"},\"image\":{\"@id\":\"https:\/\/www.istitutogalanteoliva.it\/magazine\/2021\/07\/22\/next-tenebrae-il-nuovo-mondo-di-ucronie\/#primaryimage\"},\"thumbnailUrl\":\"https:\/\/www.istitutogalanteoliva.it\/magazine\/wp-content\/uploads\/2021\/07\/ANDREACONGIA_FOTO-3.jpeg\",\"datePublished\":\"2021-07-22T12:00:00+00:00\",\"dateModified\":\"2021-07-21T18:54:16+00:00\",\"breadcrumb\":{\"@id\":\"https:\/\/www.istitutogalanteoliva.it\/magazine\/2021\/07\/22\/next-tenebrae-il-nuovo-mondo-di-ucronie\/#breadcrumb\"},\"inLanguage\":\"it-IT\",\"potentialAction\":[{\"@type\":\"ReadAction\",\"target\":[\"https:\/\/www.istitutogalanteoliva.it\/magazine\/2021\/07\/22\/next-tenebrae-il-nuovo-mondo-di-ucronie\/\"]}]},{\"@type\":\"ImageObject\",\"inLanguage\":\"it-IT\",\"@id\":\"https:\/\/www.istitutogalanteoliva.it\/magazine\/2021\/07\/22\/next-tenebrae-il-nuovo-mondo-di-ucronie\/#primaryimage\",\"url\":\"https:\/\/www.istitutogalanteoliva.it\/magazine\/wp-content\/uploads\/2021\/07\/ANDREACONGIA_FOTO-3.jpeg\",\"contentUrl\":\"https:\/\/www.istitutogalanteoliva.it\/magazine\/wp-content\/uploads\/2021\/07\/ANDREACONGIA_FOTO-3.jpeg\",\"width\":2048,\"height\":1536,\"caption\":\"Andrea Congia\"},{\"@type\":\"BreadcrumbList\",\"@id\":\"https:\/\/www.istitutogalanteoliva.it\/magazine\/2021\/07\/22\/next-tenebrae-il-nuovo-mondo-di-ucronie\/#breadcrumb\",\"itemListElement\":[{\"@type\":\"ListItem\",\"position\":1,\"name\":\"Home\",\"item\":\"https:\/\/www.istitutogalanteoliva.it\/magazine\/\"},{\"@type\":\"ListItem\",\"position\":2,\"name\":\"NEXT TENEBRAE: il nuovo Mondo di Ucronie\"}]},{\"@type\":\"WebSite\",\"@id\":\"https:\/\/www.istitutogalanteoliva.it\/magazine\/#website\",\"url\":\"https:\/\/www.istitutogalanteoliva.it\/magazine\/\",\"name\":\"POLIS SA MAGAZINE\",\"description\":\"Informazione e approfondimenti\",\"publisher\":{\"@id\":\"https:\/\/www.istitutogalanteoliva.it\/magazine\/#organization\"},\"potentialAction\":[{\"@type\":\"SearchAction\",\"target\":{\"@type\":\"EntryPoint\",\"urlTemplate\":\"https:\/\/www.istitutogalanteoliva.it\/magazine\/?s={search_term_string}\"},\"query-input\":{\"@type\":\"PropertyValueSpecification\",\"valueRequired\":true,\"valueName\":\"search_term_string\"}}],\"inLanguage\":\"it-IT\"},{\"@type\":\"Organization\",\"@id\":\"https:\/\/www.istitutogalanteoliva.it\/magazine\/#organization\",\"name\":\"Polis SA Magazine\",\"url\":\"https:\/\/www.istitutogalanteoliva.it\/magazine\/\",\"logo\":{\"@type\":\"ImageObject\",\"inLanguage\":\"it-IT\",\"@id\":\"https:\/\/www.istitutogalanteoliva.it\/magazine\/#\/schema\/logo\/image\/\",\"url\":\"\",\"contentUrl\":\"\",\"caption\":\"Polis SA Magazine\"},\"image\":{\"@id\":\"https:\/\/www.istitutogalanteoliva.it\/magazine\/#\/schema\/logo\/image\/\"},\"sameAs\":[\"https:\/\/www.facebook.com\/PolisSAMagazine\/\",\"https:\/\/x.com\/MagazinePolis\",\"https:\/\/www.youtube.com\/channel\/UCv0Mr5AHKUmsc0sEEXkJrgw\"]},{\"@type\":\"Person\",\"@id\":\"https:\/\/www.istitutogalanteoliva.it\/magazine\/#\/schema\/person\/d8b8aa79cfe8babc1df9da3212a7c0c4\",\"name\":\"Antonello Rivano\",\"image\":{\"@type\":\"ImageObject\",\"inLanguage\":\"it-IT\",\"@id\":\"https:\/\/www.istitutogalanteoliva.it\/magazine\/#\/schema\/person\/image\/\",\"url\":\"https:\/\/secure.gravatar.com\/avatar\/517a9a6487a7a18ecc4ce6d2e57a8f40?s=96&d=mm&r=g\",\"contentUrl\":\"https:\/\/secure.gravatar.com\/avatar\/517a9a6487a7a18ecc4ce6d2e57a8f40?s=96&d=mm&r=g\",\"caption\":\"Antonello Rivano\"},\"url\":\"https:\/\/www.istitutogalanteoliva.it\/magazine\/author\/antonello\/\"}]}<\/script>\n<!-- \/ Yoast SEO plugin. -->","yoast_head_json":{"title":"NEXT TENEBRAE: il nuovo Mondo di Ucronie - Polis SA Magazine","robots":{"index":"index","follow":"follow","max-snippet":"max-snippet:-1","max-image-preview":"max-image-preview:large","max-video-preview":"max-video-preview:-1"},"canonical":"https:\/\/www.istitutogalanteoliva.it\/magazine\/2021\/07\/22\/next-tenebrae-il-nuovo-mondo-di-ucronie\/","og_locale":"it_IT","og_type":"article","og_title":"NEXT TENEBRAE: il nuovo Mondo di Ucronie - Polis SA Magazine","og_description":"Dopo la realizzazione de l'Avanguardia, l\u2019anteprima di UCRONIE, prosegue la quinta edizione del Festival delle Musiche dei Mondi, organizzato dall\u2019Associazione Culturale Tra Parola e Musica \u2013 Casa di Suoni e Racconti, nei giorni 22, 23, 24 e 25 Luglio prossimi a Villacidro e Cagliari.","og_url":"https:\/\/www.istitutogalanteoliva.it\/magazine\/2021\/07\/22\/next-tenebrae-il-nuovo-mondo-di-ucronie\/","og_site_name":"Polis SA Magazine","article_publisher":"https:\/\/www.facebook.com\/PolisSAMagazine\/","article_published_time":"2021-07-22T12:00:00+00:00","article_modified_time":"2021-07-21T18:54:16+00:00","og_image":[{"width":2048,"height":1536,"url":"https:\/\/www.istitutogalanteoliva.it\/magazine\/wp-content\/uploads\/2021\/07\/ANDREACONGIA_FOTO-3.jpeg","type":"image\/jpeg"}],"author":"Antonello Rivano","twitter_card":"summary_large_image","twitter_creator":"@MagazinePolis","twitter_site":"@MagazinePolis","twitter_misc":{"Scritto da":"Antonello Rivano","Tempo di lettura stimato":"7 minuti"},"schema":{"@context":"https:\/\/schema.org","@graph":[{"@type":"Article","@id":"https:\/\/www.istitutogalanteoliva.it\/magazine\/2021\/07\/22\/next-tenebrae-il-nuovo-mondo-di-ucronie\/#article","isPartOf":{"@id":"https:\/\/www.istitutogalanteoliva.it\/magazine\/2021\/07\/22\/next-tenebrae-il-nuovo-mondo-di-ucronie\/"},"author":{"name":"Antonello Rivano","@id":"https:\/\/www.istitutogalanteoliva.it\/magazine\/#\/schema\/person\/d8b8aa79cfe8babc1df9da3212a7c0c4"},"headline":"NEXT TENEBRAE: il nuovo Mondo di Ucronie","datePublished":"2021-07-22T12:00:00+00:00","dateModified":"2021-07-21T18:54:16+00:00","mainEntityOfPage":{"@id":"https:\/\/www.istitutogalanteoliva.it\/magazine\/2021\/07\/22\/next-tenebrae-il-nuovo-mondo-di-ucronie\/"},"wordCount":1480,"commentCount":0,"publisher":{"@id":"https:\/\/www.istitutogalanteoliva.it\/magazine\/#organization"},"image":{"@id":"https:\/\/www.istitutogalanteoliva.it\/magazine\/2021\/07\/22\/next-tenebrae-il-nuovo-mondo-di-ucronie\/#primaryimage"},"thumbnailUrl":"https:\/\/www.istitutogalanteoliva.it\/magazine\/wp-content\/uploads\/2021\/07\/ANDREACONGIA_FOTO-3.jpeg","articleSection":["2021","Eventi","Sardegna"],"inLanguage":"it-IT","potentialAction":[{"@type":"CommentAction","name":"Comment","target":["https:\/\/www.istitutogalanteoliva.it\/magazine\/2021\/07\/22\/next-tenebrae-il-nuovo-mondo-di-ucronie\/#respond"]}]},{"@type":"WebPage","@id":"https:\/\/www.istitutogalanteoliva.it\/magazine\/2021\/07\/22\/next-tenebrae-il-nuovo-mondo-di-ucronie\/","url":"https:\/\/www.istitutogalanteoliva.it\/magazine\/2021\/07\/22\/next-tenebrae-il-nuovo-mondo-di-ucronie\/","name":"NEXT TENEBRAE: il nuovo Mondo di Ucronie - Polis SA Magazine","isPartOf":{"@id":"https:\/\/www.istitutogalanteoliva.it\/magazine\/#website"},"primaryImageOfPage":{"@id":"https:\/\/www.istitutogalanteoliva.it\/magazine\/2021\/07\/22\/next-tenebrae-il-nuovo-mondo-di-ucronie\/#primaryimage"},"image":{"@id":"https:\/\/www.istitutogalanteoliva.it\/magazine\/2021\/07\/22\/next-tenebrae-il-nuovo-mondo-di-ucronie\/#primaryimage"},"thumbnailUrl":"https:\/\/www.istitutogalanteoliva.it\/magazine\/wp-content\/uploads\/2021\/07\/ANDREACONGIA_FOTO-3.jpeg","datePublished":"2021-07-22T12:00:00+00:00","dateModified":"2021-07-21T18:54:16+00:00","breadcrumb":{"@id":"https:\/\/www.istitutogalanteoliva.it\/magazine\/2021\/07\/22\/next-tenebrae-il-nuovo-mondo-di-ucronie\/#breadcrumb"},"inLanguage":"it-IT","potentialAction":[{"@type":"ReadAction","target":["https:\/\/www.istitutogalanteoliva.it\/magazine\/2021\/07\/22\/next-tenebrae-il-nuovo-mondo-di-ucronie\/"]}]},{"@type":"ImageObject","inLanguage":"it-IT","@id":"https:\/\/www.istitutogalanteoliva.it\/magazine\/2021\/07\/22\/next-tenebrae-il-nuovo-mondo-di-ucronie\/#primaryimage","url":"https:\/\/www.istitutogalanteoliva.it\/magazine\/wp-content\/uploads\/2021\/07\/ANDREACONGIA_FOTO-3.jpeg","contentUrl":"https:\/\/www.istitutogalanteoliva.it\/magazine\/wp-content\/uploads\/2021\/07\/ANDREACONGIA_FOTO-3.jpeg","width":2048,"height":1536,"caption":"Andrea Congia"},{"@type":"BreadcrumbList","@id":"https:\/\/www.istitutogalanteoliva.it\/magazine\/2021\/07\/22\/next-tenebrae-il-nuovo-mondo-di-ucronie\/#breadcrumb","itemListElement":[{"@type":"ListItem","position":1,"name":"Home","item":"https:\/\/www.istitutogalanteoliva.it\/magazine\/"},{"@type":"ListItem","position":2,"name":"NEXT TENEBRAE: il nuovo Mondo di Ucronie"}]},{"@type":"WebSite","@id":"https:\/\/www.istitutogalanteoliva.it\/magazine\/#website","url":"https:\/\/www.istitutogalanteoliva.it\/magazine\/","name":"POLIS SA MAGAZINE","description":"Informazione e approfondimenti","publisher":{"@id":"https:\/\/www.istitutogalanteoliva.it\/magazine\/#organization"},"potentialAction":[{"@type":"SearchAction","target":{"@type":"EntryPoint","urlTemplate":"https:\/\/www.istitutogalanteoliva.it\/magazine\/?s={search_term_string}"},"query-input":{"@type":"PropertyValueSpecification","valueRequired":true,"valueName":"search_term_string"}}],"inLanguage":"it-IT"},{"@type":"Organization","@id":"https:\/\/www.istitutogalanteoliva.it\/magazine\/#organization","name":"Polis SA Magazine","url":"https:\/\/www.istitutogalanteoliva.it\/magazine\/","logo":{"@type":"ImageObject","inLanguage":"it-IT","@id":"https:\/\/www.istitutogalanteoliva.it\/magazine\/#\/schema\/logo\/image\/","url":"","contentUrl":"","caption":"Polis SA Magazine"},"image":{"@id":"https:\/\/www.istitutogalanteoliva.it\/magazine\/#\/schema\/logo\/image\/"},"sameAs":["https:\/\/www.facebook.com\/PolisSAMagazine\/","https:\/\/x.com\/MagazinePolis","https:\/\/www.youtube.com\/channel\/UCv0Mr5AHKUmsc0sEEXkJrgw"]},{"@type":"Person","@id":"https:\/\/www.istitutogalanteoliva.it\/magazine\/#\/schema\/person\/d8b8aa79cfe8babc1df9da3212a7c0c4","name":"Antonello Rivano","image":{"@type":"ImageObject","inLanguage":"it-IT","@id":"https:\/\/www.istitutogalanteoliva.it\/magazine\/#\/schema\/person\/image\/","url":"https:\/\/secure.gravatar.com\/avatar\/517a9a6487a7a18ecc4ce6d2e57a8f40?s=96&d=mm&r=g","contentUrl":"https:\/\/secure.gravatar.com\/avatar\/517a9a6487a7a18ecc4ce6d2e57a8f40?s=96&d=mm&r=g","caption":"Antonello Rivano"},"url":"https:\/\/www.istitutogalanteoliva.it\/magazine\/author\/antonello\/"}]}},"_links":{"self":[{"href":"https:\/\/www.istitutogalanteoliva.it\/magazine\/wp-json\/wp\/v2\/posts\/8718","targetHints":{"allow":["GET"]}}],"collection":[{"href":"https:\/\/www.istitutogalanteoliva.it\/magazine\/wp-json\/wp\/v2\/posts"}],"about":[{"href":"https:\/\/www.istitutogalanteoliva.it\/magazine\/wp-json\/wp\/v2\/types\/post"}],"author":[{"embeddable":true,"href":"https:\/\/www.istitutogalanteoliva.it\/magazine\/wp-json\/wp\/v2\/users\/2"}],"replies":[{"embeddable":true,"href":"https:\/\/www.istitutogalanteoliva.it\/magazine\/wp-json\/wp\/v2\/comments?post=8718"}],"version-history":[{"count":2,"href":"https:\/\/www.istitutogalanteoliva.it\/magazine\/wp-json\/wp\/v2\/posts\/8718\/revisions"}],"predecessor-version":[{"id":8723,"href":"https:\/\/www.istitutogalanteoliva.it\/magazine\/wp-json\/wp\/v2\/posts\/8718\/revisions\/8723"}],"wp:featuredmedia":[{"embeddable":true,"href":"https:\/\/www.istitutogalanteoliva.it\/magazine\/wp-json\/wp\/v2\/media\/8719"}],"wp:attachment":[{"href":"https:\/\/www.istitutogalanteoliva.it\/magazine\/wp-json\/wp\/v2\/media?parent=8718"}],"wp:term":[{"taxonomy":"category","embeddable":true,"href":"https:\/\/www.istitutogalanteoliva.it\/magazine\/wp-json\/wp\/v2\/categories?post=8718"},{"taxonomy":"post_tag","embeddable":true,"href":"https:\/\/www.istitutogalanteoliva.it\/magazine\/wp-json\/wp\/v2\/tags?post=8718"}],"curies":[{"name":"wp","href":"https:\/\/api.w.org\/{rel}","templated":true}]}}