{"id":8732,"date":"2021-07-24T08:00:00","date_gmt":"2021-07-24T06:00:00","guid":{"rendered":"https:\/\/www.istitutogalanteoliva.it\/magazine\/?p=8732"},"modified":"2021-07-23T13:47:23","modified_gmt":"2021-07-23T11:47:23","slug":"sud-sardegna-domenica-al-via-i-tramonti-di-porto-flavia","status":"publish","type":"post","link":"https:\/\/www.istitutogalanteoliva.it\/magazine\/2021\/07\/24\/sud-sardegna-domenica-al-via-i-tramonti-di-porto-flavia\/","title":{"rendered":"Sud Sardegna. Domenica al via &#8220;I Tramonti di Porto Flavia&#8221;"},"content":{"rendered":"\n<h4 class=\"wp-block-heading\">Tre serate dedicate alla musica pi\u00f9 raffinata in una cornice unica come quella dell\u2019ex area mineraria di&nbsp;<strong>Porto Flavia<\/strong>, paradiso incastonato tra cielo e mare tra i pi\u00f9 suggestivi del&nbsp;<strong>Sulcis Iglesiente<\/strong>.<\/h4>\n\n\n\n<p class=\"has-drop-cap\">Dal&nbsp;<strong>25 luglio<\/strong>&nbsp;al&nbsp;<strong>22 agosto<\/strong>&nbsp;nello spazio antistante l\u2019ingresso dell\u2019ex sito minerario di&nbsp;<strong>Masua<\/strong>, a&nbsp;<strong>Iglesias<\/strong>, ritorna&nbsp;<strong>I tramonti di Porto Flavia,<\/strong>&nbsp;quinta edizione della rassegna che in questi anni ha riscontrato un sempre crescente interesse di pubblico.<\/p>\n\n\n\n<p>Organizzata dall\u2019associazione&nbsp;<strong>Anton Stadler<\/strong>, dietro la direzione artistica del bandoneonista e compositore&nbsp;<strong>Fabio Fur\u00eca<\/strong>, la manifestazione anticipa il&nbsp;<strong>Festival internazionale di musica da camera&nbsp;<\/strong>in programma in autunno a&nbsp;<strong>Iglesias<\/strong>. Saranno proposti&nbsp;<strong>tre concerti all\u2019ora del tramonto<\/strong>, per tre serate che intrecceranno la magia della musica con le suggestioni di un luogo in cui sono state scritte importanti pagine della storia mineraria sarda.<\/p>\n\n\n\n<figure class=\"wp-block-image size-large is-resized\"><img loading=\"lazy\" decoding=\"async\" src=\"https:\/\/www.istitutogalanteoliva.it\/magazine\/wp-content\/uploads\/2021\/07\/Porto-Flavia-ph.-G.-Alvito-2-1024x682.jpg\" alt=\"\" class=\"wp-image-8736\" width=\"512\" height=\"341\" srcset=\"https:\/\/www.istitutogalanteoliva.it\/magazine\/wp-content\/uploads\/2021\/07\/Porto-Flavia-ph.-G.-Alvito-2-1024x682.jpg 1024w, https:\/\/www.istitutogalanteoliva.it\/magazine\/wp-content\/uploads\/2021\/07\/Porto-Flavia-ph.-G.-Alvito-2-300x200.jpg 300w, https:\/\/www.istitutogalanteoliva.it\/magazine\/wp-content\/uploads\/2021\/07\/Porto-Flavia-ph.-G.-Alvito-2-768x512.jpg 768w, https:\/\/www.istitutogalanteoliva.it\/magazine\/wp-content\/uploads\/2021\/07\/Porto-Flavia-ph.-G.-Alvito-2-1536x1020.jpg 1536w, https:\/\/www.istitutogalanteoliva.it\/magazine\/wp-content\/uploads\/2021\/07\/Porto-Flavia-ph.-G.-Alvito-2-675x450.jpg 675w, https:\/\/www.istitutogalanteoliva.it\/magazine\/wp-content\/uploads\/2021\/07\/Porto-Flavia-ph.-G.-Alvito-2.jpg 1845w\" sizes=\"auto, (max-width: 512px) 100vw, 512px\" \/><figcaption><strong><sup>Porto Flavia &#8211; ph. G. Alvito <\/sup><\/strong><\/figcaption><\/figure>\n\n\n\n<p><strong>Domenica 25 luglio<\/strong>&nbsp;alle&nbsp;<strong>20,30&nbsp;<\/strong>si parte con un viaggio nel mondo del sassofono con l\u2019<strong>Italian saxophone quartet<\/strong>&nbsp;(formato da&nbsp;<strong>Federico Mondelci<\/strong>, sax soprano,&nbsp;<strong>Julian Brodski<\/strong>, sax contralto,&nbsp;<strong>Silvio Rossomando,<\/strong>&nbsp;sax tenore,&nbsp;<strong>Michele Paolino<\/strong>, sax baritono) che proporr\u00e0 un concerto dal titolo \u201c<strong>Da Bach a Gerwshwin<\/strong>\u201d. Tutte le possibilit\u00e0 dello strumento protagonista della serata, in un percorso che abbraccia partiture scritte apposta per il quartetto sax e diversi arrangiamenti: dalla celebre Aria di J.S. Bach alla terza delle Sei Sonate a quattro di Gioacchino Rossini e l\u2019Adagio di Samuel Barber, sino a partiture firmate per il grande schermo da Ennio Morricone, Nicola Piovani e Nino Rota.<\/p>\n\n\n\n<p>Il potere evocativo della musica ispira il concerto del&nbsp;<strong>1\u00b0 agosto<\/strong>&nbsp;quando, sempre alle&nbsp;<strong>20,30<\/strong>, salir\u00e0 sul palco il duo composto dalla talentuosa chitarrista&nbsp;<strong>Adalisa Castellaneta<\/strong>&nbsp;e dal rinomato&nbsp;<strong>flautista Lello Narcisi&nbsp;<\/strong>che proporr\u00e0 una serata dal titolo \u201c<strong>Toward the sea<\/strong>\u201d: musiche da T. Tokimitsu a R. Schumann sino a D. Mastrandrea per portare lontano l\u2019orecchio dell\u2019ascoltatore.<\/p>\n\n\n\n<figure class=\"wp-block-image size-large\"><img loading=\"lazy\" decoding=\"async\" width=\"640\" height=\"380\" src=\"https:\/\/www.istitutogalanteoliva.it\/magazine\/wp-content\/uploads\/2021\/07\/Porto-Flavia-2-ph.-S.-Stefano.jpg\" alt=\"\" class=\"wp-image-8734\" srcset=\"https:\/\/www.istitutogalanteoliva.it\/magazine\/wp-content\/uploads\/2021\/07\/Porto-Flavia-2-ph.-S.-Stefano.jpg 640w, https:\/\/www.istitutogalanteoliva.it\/magazine\/wp-content\/uploads\/2021\/07\/Porto-Flavia-2-ph.-S.-Stefano-300x178.jpg 300w\" sizes=\"auto, (max-width: 640px) 100vw, 640px\" \/><figcaption><strong><sup>Porto Flavia ph. S. Stefano<\/sup><\/strong><\/figcaption><\/figure>\n\n\n\n<p>Nell\u2019anno che celebra il centesimo anniversario della nascita di&nbsp;<strong>Astor Piazzolla<\/strong>, il&nbsp;<strong>22 agosto<\/strong>&nbsp;il sipario su questa edizione dei&nbsp;<strong>Tramonti di Porto Flavia&nbsp;<\/strong>non poteva che chiudersi nel segno del tango: per l\u2019occasione arriva il&nbsp;<strong>Duo Fortecello<\/strong>&nbsp;(composto dalla violoncellista polacca&nbsp;<strong>Anna Mikulska<\/strong>, e dal pianista franco-spagnolo&nbsp;<strong>Philippe Argenty<\/strong>) con un concerto dal titolo \u201c<strong>Classic meets tango<\/strong>\u201d. Brani di C. Gardel, A. Piazzolla, ma anche F. Chopin e C. Saint-Sa\u00ebns in questo concerto in cui i due musicisti mettono a nudo il tango argentino, mostrando fino a che punto rimane ancorato alla musica classica, dalle sue radici sia europee che afroamericane.<\/p>\n\n\n\n<p>Il costo del biglietto per ogni concerto \u00e8 di&nbsp;<strong>15 euro<\/strong>&nbsp;(ridotto&nbsp;<strong>5 euro<\/strong>, per bambini sino ai 12 anni). La prenotazione \u00e8 obbligatoria e pu\u00f2 essere fatta esclusivamente online sul sito&nbsp;<a href=\"http:\/\/www.associazioneantonstadler.it\/\" target=\"_blank\" rel=\"noreferrer noopener\">www.associazioneantonstadler.it<\/a>.&nbsp;&nbsp;<\/p>\n\n\n\n<p>E\u2019 disponibile anche un servizio di navetta da Iglesias.<\/p>\n\n\n\n<p><strong>I Tramonti di Porto Flavia<\/strong>&nbsp;non \u00e8 solo musica: prima di ciascun concerto \u00e8 possibile partecipare a una visita guidata (info e prenotazioni al numero&nbsp;<strong>0781 274507<\/strong>&nbsp;e&nbsp;<strong>348 3178065<\/strong>) curata dal&nbsp;<strong>Consorzio turistico per l\u2019Iglesiente<\/strong>&nbsp;a un prezzo riservato solo al pubblico della rassegna.<\/p>\n\n\n\n<figure class=\"wp-block-image size-large\"><img loading=\"lazy\" decoding=\"async\" width=\"550\" height=\"367\" src=\"https:\/\/www.istitutogalanteoliva.it\/magazine\/wp-content\/uploads\/2021\/07\/424010810200302_porto-flavia_668632018_2468310.jpg\" alt=\"\" class=\"wp-image-8738\" srcset=\"https:\/\/www.istitutogalanteoliva.it\/magazine\/wp-content\/uploads\/2021\/07\/424010810200302_porto-flavia_668632018_2468310.jpg 550w, https:\/\/www.istitutogalanteoliva.it\/magazine\/wp-content\/uploads\/2021\/07\/424010810200302_porto-flavia_668632018_2468310-300x200.jpg 300w\" sizes=\"auto, (max-width: 550px) 100vw, 550px\" \/><figcaption><sup><strong>Porto Flavia <\/strong><\/sup><\/figcaption><\/figure>\n\n\n\n<p><strong>I Tramonti di Porto Flavia<\/strong>&nbsp;\u00e8 realizzato con il contributo di<strong>: Regione Sardegna- Assessorato della Pubblica istruzione, Comune di Iglesias, Fondazione di Sardegna,&nbsp;<\/strong>e grazie alla collaborazione di<strong>&nbsp;Iglesias Servizi, Iglesias Turismo, Consorzio turistico per l\u2019Iglesiente e Cantine Aru.<\/strong><\/p>\n\n\n\n<p><strong>Biografie artisti<\/strong><\/p>\n\n\n\n<p><strong>CONCERTO DEL 25 LUGLIO<\/strong><\/p>\n\n\n\n<p><strong>ITALIAN SAXOPHONE QUARTET<\/strong>. Fondato da Federico Mondelci, \u00e8 formato da solisti che hanno messo la loro esperienza al servizio della musica da camera. Finalizzato in particolare alla valorizzazione del repertorio del Novecento e contemporaneo il quartetto ha ormai ottenuto consensi in concerti tenuti per prestigiose organizzazioni in Europa, Giappone, Stati Uniti, Bermuda, Spagna, Russia, Libano. Si \u00e8 inoltre distinto vincendo concorsi internazionali di Musica da Camera quali il &#8220;Premio Ancona&#8221; presieduto da Goffredo Petrassi.<\/p>\n\n\n\n<figure class=\"wp-block-image size-large\"><img loading=\"lazy\" decoding=\"async\" width=\"512\" height=\"341\" src=\"https:\/\/www.istitutogalanteoliva.it\/magazine\/wp-content\/uploads\/2021\/07\/MONDELCI-212.jpg\" alt=\"\" class=\"wp-image-8740\" srcset=\"https:\/\/www.istitutogalanteoliva.it\/magazine\/wp-content\/uploads\/2021\/07\/MONDELCI-212.jpg 512w, https:\/\/www.istitutogalanteoliva.it\/magazine\/wp-content\/uploads\/2021\/07\/MONDELCI-212-300x200.jpg 300w\" sizes=\"auto, (max-width: 512px) 100vw, 512px\" \/><figcaption><strong><sup>ITALIAN SAXOPHONE QUARTET<\/sup><\/strong><\/figcaption><\/figure>\n\n\n\n<p>Il gruppo si esibisce come solista a fianco di orchestre sinfoniche e collabora attivamente con&nbsp; i compositori del nostro tempo. Ha inciso per importanti etichette le pagine pi\u00f9 significative del repertorio: segnaliamo tra tutti i CD Delos con composizioni di Iturralde, Piazzolla, Nyman e il recente CD \u201cThe Italian Way\u201d con autori classici e musica da film per l\u2019etichetta giapponese \u201cDa Vinci\u201d.<\/p>\n\n\n\n<p><strong>CONCERTO DELL\u20191 AGOSTO<\/strong><\/p>\n\n\n\n<p><strong>ADALISA CASTELLANETA<\/strong>. Diplomata con il massimo dei voti al Conservatorio di Musica \u201cNiccol\u00f2 Piccinni\u201d di Bari, ha studiato con Stefano Grondona all\u2019Accademia Musicale Pescarese, con Jos\u00e9 Tom\u00e1s in Spagna e all\u2019Accademia Spagnola di Belle Arti a Roma. \u00c8 stata allieva di Oscar Ghiglia all\u2019Accademia Chigiana.<\/p>\n\n\n\n<p>La sua attivit\u00e0 concertistica l\u2019ha portata ad esibirsi in noti centri musicali in Italia e all\u2019estero suonando per numerosi Festival, tra i quali: il Festival di Lubiana, l\u2019International F. \u201cKiev Summer Music Evenings\u201d, il F. \u201cArena di Verona\u201d, F. della Valle d\u2019Itria, F. Internazionale di Chitarra \u201cAndr\u00e9s Segovia\u201d di Linares, F. Les Floraisons Musicales, F. di Toledo e Benicassim.<\/p>\n\n\n\n<p>\u00c8 spesso impegnata a collaborare come solista con orchestre tra cui l\u2019Orchestra Nazionale della Radio di Bucarest, Mannheim Chamber Orchestra, i Solisti Aquilani, Kielce Philharmonic Orchestra (Polonia), l\u2019Orchestra Filarmonica Nazionale di Chisinau (Moldavia) e l\u2019Orchestra della Radiotelevisione di S. Pietroburgo, Orchestra Filarmonica di Odessa.<\/p>\n\n\n\n<p>Per la RAI ha registrato musiche di Bach e Villa Lobos; in prima esecuzione assoluta ha inciso brani di Mauro, Emilia e Michele Giuliani, riscuotendo ampi consensi di critica.<\/p>\n\n\n\n<p>Vincitrice del concorso nazionale a cattedra per l\u2019insegnamento della chitarra nei Conservatori, \u00e8 attualmente titolare della cattedra di chitarra classica presso il Conservatorio di Musica \u201cNino Rota\u201d di Monopoli. \u00c8 spesso invitata a tenere Masterclass in diversi centri musicali europei.<\/p>\n\n\n\n<p><strong>LELLO NARCISI<\/strong>. Diplomatosi con il massimo dei voti in Italia e in Svizzera, deve la sua formazione in particolare ai Maestri: A.Ragno, M.Ancillotti ed A.Oliva.<\/p>\n\n\n\n<p>Sin da giovane si dedica con passione all\u2019insegnamento del flauto e della musica da camera, affiancando all\u2019attivit\u00e0 didattica una regolare attivit\u00e0 concertistica in Italia e all\u2019estero come solista e camerista. In tale ambito, ha collaborato con prime parti di orchestre e gruppi da camera tra i pi\u00f9 importanti al mondo (Berliner Philharmoniker, La Scala, Santa Cecilia, Royal Concertgebow, Il Giardino Armonico ecc.).<\/p>\n\n\n\n<p>Nel 2011 ha vinto il concorso come docente di flauto al Pre-College del Conservatorio della Svizzera Italiana e nel 2015 \u00e8 stato scelto dal M\u00b0Andrea Oliva come suo assistente nei corsi Bachelor e Master.<\/p>\n\n\n\n<p>Dal 2017 collabora regolarmente con il Colibr\u00ec Ensemble in qualit\u00e0 di primo flauto e solista.<\/p>\n\n\n\n<p>Nel 2020, il suo disco insieme al Furibondo String Trio per Da Vinci Classics dedicato ai quartetti concertanti di Fiorillo, ha ricevuto il prestigioso riconoscimento delle 5 Stelle dalla rivista specializzata MUSICA.<\/p>\n\n\n\n<p>Suona uno strumento artigianale Mateki 14K all gold unico al mondo, nato dalla collaborazione tra Edi Savoldi e gli artigiani della Mateki.&nbsp;<a href=\"http:\/\/www.lellonarcisi.it\/\" target=\"_blank\" rel=\"noreferrer noopener\">www.lellonarcisi.it<\/a><\/p>\n\n\n\n<p><strong>CONCERTO DEL 22 AGOSTO<\/strong><\/p>\n\n\n\n<p><strong>DUO FORTECELLO<\/strong>. Il Duo Fortecello, con la violoncellista polacca Anna Mikulska e il pianista franco-spagnolo Philippe Argenty, \u00e8 un duo sul palco e in citt\u00e0, le cui radici e traiettoria si incontrano nel cosmopolitismo, ovvero la possibilit\u00e0 di essere nativi di un luogo e toccare con mano universalit\u00e0, senza negarne la particolarit\u00e0.<\/p>\n\n\n\n<figure class=\"wp-block-image size-large is-resized\"><img loading=\"lazy\" decoding=\"async\" src=\"https:\/\/www.istitutogalanteoliva.it\/magazine\/wp-content\/uploads\/2021\/07\/Duo-fortecello-1-699x1024.jpg\" alt=\"\" class=\"wp-image-8737\" width=\"350\" height=\"512\" srcset=\"https:\/\/www.istitutogalanteoliva.it\/magazine\/wp-content\/uploads\/2021\/07\/Duo-fortecello-1-699x1024.jpg 699w, https:\/\/www.istitutogalanteoliva.it\/magazine\/wp-content\/uploads\/2021\/07\/Duo-fortecello-1-205x300.jpg 205w, https:\/\/www.istitutogalanteoliva.it\/magazine\/wp-content\/uploads\/2021\/07\/Duo-fortecello-1-768x1126.jpg 768w, https:\/\/www.istitutogalanteoliva.it\/magazine\/wp-content\/uploads\/2021\/07\/Duo-fortecello-1.jpg 1024w\" sizes=\"auto, (max-width: 350px) 100vw, 350px\" \/><figcaption><strong><sup>Duo Fortecello<\/sup><\/strong><\/figcaption><\/figure>\n\n\n\n<p>Il Duo Fortecello fin dalla sua nascita ha attinto al repertorio che va dall&#8217;Ottocento ai giorni nostri per estrarre le pepite di musica classica ispirate al folklore sonoro di tutto il mondo.<\/p>\n\n\n\n<p>Fin dalla notte dei tempi, la musica invita alla danza e il folklore musicale \u00e8 pi\u00f9 spesso affermato nella danza.<\/p>\n\n\n\n<p>Il tango argentino, con il suo ritmo sensuale e malinconico, il suo lato glamour, sofisticato e carnale, \u00e8 diventato presto un&#8217;ossessione per questi due musicisti.<\/p>\n\n\n\n<p>Hanno cos\u00ec cercato di metterlo a nudo e hanno cos\u00ec scoperto fino a che punto il tango argentino rimane ancorato alla musica classica, dalle sue radici sia europee che afroamericane.<\/p>\n<div class=\"pdfprnt-buttons pdfprnt-buttons-post pdfprnt-bottom-left\"><a href=\"https:\/\/www.istitutogalanteoliva.it\/magazine\/wp-json\/wp\/v2\/posts\/8732?print=print\" class=\"pdfprnt-button pdfprnt-button-print\" target=\"_blank\"><img decoding=\"async\" src=\"https:\/\/www.istitutogalanteoliva.it\/magazine\/wp-content\/plugins\/pdf-print\/images\/print.png\" alt=\"image_print\" title=\"Stampa contenuto\" \/><span class=\"pdfprnt-button-title pdfprnt-button-print-title\">Download in PDF<\/span><\/a><\/div>","protected":false},"excerpt":{"rendered":"<p>Sino al 22 agosto davanti all\u2019ex area mineraria di Masua (Iglesias) tre appuntamenti tra musica e suggestioni del territorio<\/p>\n","protected":false},"author":2,"featured_media":8752,"comment_status":"open","ping_status":"open","sticky":true,"template":"","format":"standard","meta":{"footnotes":""},"categories":[148,7,209,13],"tags":[],"class_list":["post-8732","post","type-post","status-publish","format-standard","has-post-thumbnail","hentry","category-148","category-arte_e_spettacolo","category-sardegna","category-territorio"],"yoast_head":"<!-- This site is optimized with the Yoast SEO plugin v24.2 - https:\/\/yoast.com\/wordpress\/plugins\/seo\/ -->\n<title>Sud Sardegna. Domenica al via &quot;I Tramonti di Porto Flavia&quot; - Polis SA Magazine<\/title>\n<meta name=\"description\" content=\"Sino al 22 agosto davanti all\u2019ex area mineraria di Masua (Iglesias) tre appuntamenti tra musica e suggestioni del territorio\" \/>\n<meta name=\"robots\" content=\"index, follow, max-snippet:-1, max-image-preview:large, max-video-preview:-1\" \/>\n<link rel=\"canonical\" href=\"https:\/\/www.istitutogalanteoliva.it\/magazine\/2021\/07\/24\/sud-sardegna-domenica-al-via-i-tramonti-di-porto-flavia\/\" \/>\n<meta property=\"og:locale\" content=\"it_IT\" \/>\n<meta property=\"og:type\" content=\"article\" \/>\n<meta property=\"og:title\" content=\"Sud Sardegna. Domenica al via &quot;I Tramonti di Porto Flavia&quot; - Polis SA Magazine\" \/>\n<meta property=\"og:description\" content=\"Sino al 22 agosto davanti all\u2019ex area mineraria di Masua (Iglesias) tre appuntamenti tra musica e suggestioni del territorio\" \/>\n<meta property=\"og:url\" content=\"https:\/\/www.istitutogalanteoliva.it\/magazine\/2021\/07\/24\/sud-sardegna-domenica-al-via-i-tramonti-di-porto-flavia\/\" \/>\n<meta property=\"og:site_name\" content=\"Polis SA Magazine\" \/>\n<meta property=\"article:publisher\" content=\"https:\/\/www.facebook.com\/PolisSAMagazine\/\" \/>\n<meta property=\"article:published_time\" content=\"2021-07-24T06:00:00+00:00\" \/>\n<meta property=\"article:modified_time\" content=\"2021-07-23T11:47:23+00:00\" \/>\n<meta property=\"og:image\" content=\"https:\/\/www.istitutogalanteoliva.it\/magazine\/wp-content\/uploads\/2021\/07\/Senza-titolo-1-6.jpg\" \/>\n\t<meta property=\"og:image:width\" content=\"640\" \/>\n\t<meta property=\"og:image:height\" content=\"380\" \/>\n\t<meta property=\"og:image:type\" content=\"image\/jpeg\" \/>\n<meta name=\"author\" content=\"Antonello Rivano\" \/>\n<meta name=\"twitter:card\" content=\"summary_large_image\" \/>\n<meta name=\"twitter:creator\" content=\"@MagazinePolis\" \/>\n<meta name=\"twitter:site\" content=\"@MagazinePolis\" \/>\n<meta name=\"twitter:label1\" content=\"Scritto da\" \/>\n\t<meta name=\"twitter:data1\" content=\"Antonello Rivano\" \/>\n\t<meta name=\"twitter:label2\" content=\"Tempo di lettura stimato\" \/>\n\t<meta name=\"twitter:data2\" content=\"7 minuti\" \/>\n<script type=\"application\/ld+json\" class=\"yoast-schema-graph\">{\"@context\":\"https:\/\/schema.org\",\"@graph\":[{\"@type\":\"Article\",\"@id\":\"https:\/\/www.istitutogalanteoliva.it\/magazine\/2021\/07\/24\/sud-sardegna-domenica-al-via-i-tramonti-di-porto-flavia\/#article\",\"isPartOf\":{\"@id\":\"https:\/\/www.istitutogalanteoliva.it\/magazine\/2021\/07\/24\/sud-sardegna-domenica-al-via-i-tramonti-di-porto-flavia\/\"},\"author\":{\"name\":\"Antonello Rivano\",\"@id\":\"https:\/\/www.istitutogalanteoliva.it\/magazine\/#\/schema\/person\/d8b8aa79cfe8babc1df9da3212a7c0c4\"},\"headline\":\"Sud Sardegna. Domenica al via &#8220;I Tramonti di Porto Flavia&#8221;\",\"datePublished\":\"2021-07-24T06:00:00+00:00\",\"dateModified\":\"2021-07-23T11:47:23+00:00\",\"mainEntityOfPage\":{\"@id\":\"https:\/\/www.istitutogalanteoliva.it\/magazine\/2021\/07\/24\/sud-sardegna-domenica-al-via-i-tramonti-di-porto-flavia\/\"},\"wordCount\":1332,\"commentCount\":1,\"publisher\":{\"@id\":\"https:\/\/www.istitutogalanteoliva.it\/magazine\/#organization\"},\"image\":{\"@id\":\"https:\/\/www.istitutogalanteoliva.it\/magazine\/2021\/07\/24\/sud-sardegna-domenica-al-via-i-tramonti-di-porto-flavia\/#primaryimage\"},\"thumbnailUrl\":\"https:\/\/www.istitutogalanteoliva.it\/magazine\/wp-content\/uploads\/2021\/07\/Senza-titolo-1-6.jpg\",\"articleSection\":[\"2021\",\"Arte e Spettacolo\",\"Sardegna\",\"Territorio\"],\"inLanguage\":\"it-IT\",\"potentialAction\":[{\"@type\":\"CommentAction\",\"name\":\"Comment\",\"target\":[\"https:\/\/www.istitutogalanteoliva.it\/magazine\/2021\/07\/24\/sud-sardegna-domenica-al-via-i-tramonti-di-porto-flavia\/#respond\"]}]},{\"@type\":\"WebPage\",\"@id\":\"https:\/\/www.istitutogalanteoliva.it\/magazine\/2021\/07\/24\/sud-sardegna-domenica-al-via-i-tramonti-di-porto-flavia\/\",\"url\":\"https:\/\/www.istitutogalanteoliva.it\/magazine\/2021\/07\/24\/sud-sardegna-domenica-al-via-i-tramonti-di-porto-flavia\/\",\"name\":\"Sud Sardegna. Domenica al via \\\"I Tramonti di Porto Flavia\\\" - Polis SA Magazine\",\"isPartOf\":{\"@id\":\"https:\/\/www.istitutogalanteoliva.it\/magazine\/#website\"},\"primaryImageOfPage\":{\"@id\":\"https:\/\/www.istitutogalanteoliva.it\/magazine\/2021\/07\/24\/sud-sardegna-domenica-al-via-i-tramonti-di-porto-flavia\/#primaryimage\"},\"image\":{\"@id\":\"https:\/\/www.istitutogalanteoliva.it\/magazine\/2021\/07\/24\/sud-sardegna-domenica-al-via-i-tramonti-di-porto-flavia\/#primaryimage\"},\"thumbnailUrl\":\"https:\/\/www.istitutogalanteoliva.it\/magazine\/wp-content\/uploads\/2021\/07\/Senza-titolo-1-6.jpg\",\"datePublished\":\"2021-07-24T06:00:00+00:00\",\"dateModified\":\"2021-07-23T11:47:23+00:00\",\"description\":\"Sino al 22 agosto davanti all\u2019ex area mineraria di Masua (Iglesias) tre appuntamenti tra musica e suggestioni del territorio\",\"breadcrumb\":{\"@id\":\"https:\/\/www.istitutogalanteoliva.it\/magazine\/2021\/07\/24\/sud-sardegna-domenica-al-via-i-tramonti-di-porto-flavia\/#breadcrumb\"},\"inLanguage\":\"it-IT\",\"potentialAction\":[{\"@type\":\"ReadAction\",\"target\":[\"https:\/\/www.istitutogalanteoliva.it\/magazine\/2021\/07\/24\/sud-sardegna-domenica-al-via-i-tramonti-di-porto-flavia\/\"]}]},{\"@type\":\"ImageObject\",\"inLanguage\":\"it-IT\",\"@id\":\"https:\/\/www.istitutogalanteoliva.it\/magazine\/2021\/07\/24\/sud-sardegna-domenica-al-via-i-tramonti-di-porto-flavia\/#primaryimage\",\"url\":\"https:\/\/www.istitutogalanteoliva.it\/magazine\/wp-content\/uploads\/2021\/07\/Senza-titolo-1-6.jpg\",\"contentUrl\":\"https:\/\/www.istitutogalanteoliva.it\/magazine\/wp-content\/uploads\/2021\/07\/Senza-titolo-1-6.jpg\",\"width\":640,\"height\":380},{\"@type\":\"BreadcrumbList\",\"@id\":\"https:\/\/www.istitutogalanteoliva.it\/magazine\/2021\/07\/24\/sud-sardegna-domenica-al-via-i-tramonti-di-porto-flavia\/#breadcrumb\",\"itemListElement\":[{\"@type\":\"ListItem\",\"position\":1,\"name\":\"Home\",\"item\":\"https:\/\/www.istitutogalanteoliva.it\/magazine\/\"},{\"@type\":\"ListItem\",\"position\":2,\"name\":\"Sud Sardegna. Domenica al via &#8220;I Tramonti di Porto Flavia&#8221;\"}]},{\"@type\":\"WebSite\",\"@id\":\"https:\/\/www.istitutogalanteoliva.it\/magazine\/#website\",\"url\":\"https:\/\/www.istitutogalanteoliva.it\/magazine\/\",\"name\":\"POLIS SA MAGAZINE\",\"description\":\"Informazione e approfondimenti\",\"publisher\":{\"@id\":\"https:\/\/www.istitutogalanteoliva.it\/magazine\/#organization\"},\"potentialAction\":[{\"@type\":\"SearchAction\",\"target\":{\"@type\":\"EntryPoint\",\"urlTemplate\":\"https:\/\/www.istitutogalanteoliva.it\/magazine\/?s={search_term_string}\"},\"query-input\":{\"@type\":\"PropertyValueSpecification\",\"valueRequired\":true,\"valueName\":\"search_term_string\"}}],\"inLanguage\":\"it-IT\"},{\"@type\":\"Organization\",\"@id\":\"https:\/\/www.istitutogalanteoliva.it\/magazine\/#organization\",\"name\":\"Polis SA Magazine\",\"url\":\"https:\/\/www.istitutogalanteoliva.it\/magazine\/\",\"logo\":{\"@type\":\"ImageObject\",\"inLanguage\":\"it-IT\",\"@id\":\"https:\/\/www.istitutogalanteoliva.it\/magazine\/#\/schema\/logo\/image\/\",\"url\":\"\",\"contentUrl\":\"\",\"caption\":\"Polis SA Magazine\"},\"image\":{\"@id\":\"https:\/\/www.istitutogalanteoliva.it\/magazine\/#\/schema\/logo\/image\/\"},\"sameAs\":[\"https:\/\/www.facebook.com\/PolisSAMagazine\/\",\"https:\/\/x.com\/MagazinePolis\",\"https:\/\/www.youtube.com\/channel\/UCv0Mr5AHKUmsc0sEEXkJrgw\"]},{\"@type\":\"Person\",\"@id\":\"https:\/\/www.istitutogalanteoliva.it\/magazine\/#\/schema\/person\/d8b8aa79cfe8babc1df9da3212a7c0c4\",\"name\":\"Antonello Rivano\",\"image\":{\"@type\":\"ImageObject\",\"inLanguage\":\"it-IT\",\"@id\":\"https:\/\/www.istitutogalanteoliva.it\/magazine\/#\/schema\/person\/image\/\",\"url\":\"https:\/\/secure.gravatar.com\/avatar\/517a9a6487a7a18ecc4ce6d2e57a8f40?s=96&d=mm&r=g\",\"contentUrl\":\"https:\/\/secure.gravatar.com\/avatar\/517a9a6487a7a18ecc4ce6d2e57a8f40?s=96&d=mm&r=g\",\"caption\":\"Antonello Rivano\"},\"url\":\"https:\/\/www.istitutogalanteoliva.it\/magazine\/author\/antonello\/\"}]}<\/script>\n<!-- \/ Yoast SEO plugin. -->","yoast_head_json":{"title":"Sud Sardegna. Domenica al via \"I Tramonti di Porto Flavia\" - Polis SA Magazine","description":"Sino al 22 agosto davanti all\u2019ex area mineraria di Masua (Iglesias) tre appuntamenti tra musica e suggestioni del territorio","robots":{"index":"index","follow":"follow","max-snippet":"max-snippet:-1","max-image-preview":"max-image-preview:large","max-video-preview":"max-video-preview:-1"},"canonical":"https:\/\/www.istitutogalanteoliva.it\/magazine\/2021\/07\/24\/sud-sardegna-domenica-al-via-i-tramonti-di-porto-flavia\/","og_locale":"it_IT","og_type":"article","og_title":"Sud Sardegna. Domenica al via \"I Tramonti di Porto Flavia\" - Polis SA Magazine","og_description":"Sino al 22 agosto davanti all\u2019ex area mineraria di Masua (Iglesias) tre appuntamenti tra musica e suggestioni del territorio","og_url":"https:\/\/www.istitutogalanteoliva.it\/magazine\/2021\/07\/24\/sud-sardegna-domenica-al-via-i-tramonti-di-porto-flavia\/","og_site_name":"Polis SA Magazine","article_publisher":"https:\/\/www.facebook.com\/PolisSAMagazine\/","article_published_time":"2021-07-24T06:00:00+00:00","article_modified_time":"2021-07-23T11:47:23+00:00","og_image":[{"width":640,"height":380,"url":"https:\/\/www.istitutogalanteoliva.it\/magazine\/wp-content\/uploads\/2021\/07\/Senza-titolo-1-6.jpg","type":"image\/jpeg"}],"author":"Antonello Rivano","twitter_card":"summary_large_image","twitter_creator":"@MagazinePolis","twitter_site":"@MagazinePolis","twitter_misc":{"Scritto da":"Antonello Rivano","Tempo di lettura stimato":"7 minuti"},"schema":{"@context":"https:\/\/schema.org","@graph":[{"@type":"Article","@id":"https:\/\/www.istitutogalanteoliva.it\/magazine\/2021\/07\/24\/sud-sardegna-domenica-al-via-i-tramonti-di-porto-flavia\/#article","isPartOf":{"@id":"https:\/\/www.istitutogalanteoliva.it\/magazine\/2021\/07\/24\/sud-sardegna-domenica-al-via-i-tramonti-di-porto-flavia\/"},"author":{"name":"Antonello Rivano","@id":"https:\/\/www.istitutogalanteoliva.it\/magazine\/#\/schema\/person\/d8b8aa79cfe8babc1df9da3212a7c0c4"},"headline":"Sud Sardegna. Domenica al via &#8220;I Tramonti di Porto Flavia&#8221;","datePublished":"2021-07-24T06:00:00+00:00","dateModified":"2021-07-23T11:47:23+00:00","mainEntityOfPage":{"@id":"https:\/\/www.istitutogalanteoliva.it\/magazine\/2021\/07\/24\/sud-sardegna-domenica-al-via-i-tramonti-di-porto-flavia\/"},"wordCount":1332,"commentCount":1,"publisher":{"@id":"https:\/\/www.istitutogalanteoliva.it\/magazine\/#organization"},"image":{"@id":"https:\/\/www.istitutogalanteoliva.it\/magazine\/2021\/07\/24\/sud-sardegna-domenica-al-via-i-tramonti-di-porto-flavia\/#primaryimage"},"thumbnailUrl":"https:\/\/www.istitutogalanteoliva.it\/magazine\/wp-content\/uploads\/2021\/07\/Senza-titolo-1-6.jpg","articleSection":["2021","Arte e Spettacolo","Sardegna","Territorio"],"inLanguage":"it-IT","potentialAction":[{"@type":"CommentAction","name":"Comment","target":["https:\/\/www.istitutogalanteoliva.it\/magazine\/2021\/07\/24\/sud-sardegna-domenica-al-via-i-tramonti-di-porto-flavia\/#respond"]}]},{"@type":"WebPage","@id":"https:\/\/www.istitutogalanteoliva.it\/magazine\/2021\/07\/24\/sud-sardegna-domenica-al-via-i-tramonti-di-porto-flavia\/","url":"https:\/\/www.istitutogalanteoliva.it\/magazine\/2021\/07\/24\/sud-sardegna-domenica-al-via-i-tramonti-di-porto-flavia\/","name":"Sud Sardegna. Domenica al via \"I Tramonti di Porto Flavia\" - Polis SA Magazine","isPartOf":{"@id":"https:\/\/www.istitutogalanteoliva.it\/magazine\/#website"},"primaryImageOfPage":{"@id":"https:\/\/www.istitutogalanteoliva.it\/magazine\/2021\/07\/24\/sud-sardegna-domenica-al-via-i-tramonti-di-porto-flavia\/#primaryimage"},"image":{"@id":"https:\/\/www.istitutogalanteoliva.it\/magazine\/2021\/07\/24\/sud-sardegna-domenica-al-via-i-tramonti-di-porto-flavia\/#primaryimage"},"thumbnailUrl":"https:\/\/www.istitutogalanteoliva.it\/magazine\/wp-content\/uploads\/2021\/07\/Senza-titolo-1-6.jpg","datePublished":"2021-07-24T06:00:00+00:00","dateModified":"2021-07-23T11:47:23+00:00","description":"Sino al 22 agosto davanti all\u2019ex area mineraria di Masua (Iglesias) tre appuntamenti tra musica e suggestioni del territorio","breadcrumb":{"@id":"https:\/\/www.istitutogalanteoliva.it\/magazine\/2021\/07\/24\/sud-sardegna-domenica-al-via-i-tramonti-di-porto-flavia\/#breadcrumb"},"inLanguage":"it-IT","potentialAction":[{"@type":"ReadAction","target":["https:\/\/www.istitutogalanteoliva.it\/magazine\/2021\/07\/24\/sud-sardegna-domenica-al-via-i-tramonti-di-porto-flavia\/"]}]},{"@type":"ImageObject","inLanguage":"it-IT","@id":"https:\/\/www.istitutogalanteoliva.it\/magazine\/2021\/07\/24\/sud-sardegna-domenica-al-via-i-tramonti-di-porto-flavia\/#primaryimage","url":"https:\/\/www.istitutogalanteoliva.it\/magazine\/wp-content\/uploads\/2021\/07\/Senza-titolo-1-6.jpg","contentUrl":"https:\/\/www.istitutogalanteoliva.it\/magazine\/wp-content\/uploads\/2021\/07\/Senza-titolo-1-6.jpg","width":640,"height":380},{"@type":"BreadcrumbList","@id":"https:\/\/www.istitutogalanteoliva.it\/magazine\/2021\/07\/24\/sud-sardegna-domenica-al-via-i-tramonti-di-porto-flavia\/#breadcrumb","itemListElement":[{"@type":"ListItem","position":1,"name":"Home","item":"https:\/\/www.istitutogalanteoliva.it\/magazine\/"},{"@type":"ListItem","position":2,"name":"Sud Sardegna. Domenica al via &#8220;I Tramonti di Porto Flavia&#8221;"}]},{"@type":"WebSite","@id":"https:\/\/www.istitutogalanteoliva.it\/magazine\/#website","url":"https:\/\/www.istitutogalanteoliva.it\/magazine\/","name":"POLIS SA MAGAZINE","description":"Informazione e approfondimenti","publisher":{"@id":"https:\/\/www.istitutogalanteoliva.it\/magazine\/#organization"},"potentialAction":[{"@type":"SearchAction","target":{"@type":"EntryPoint","urlTemplate":"https:\/\/www.istitutogalanteoliva.it\/magazine\/?s={search_term_string}"},"query-input":{"@type":"PropertyValueSpecification","valueRequired":true,"valueName":"search_term_string"}}],"inLanguage":"it-IT"},{"@type":"Organization","@id":"https:\/\/www.istitutogalanteoliva.it\/magazine\/#organization","name":"Polis SA Magazine","url":"https:\/\/www.istitutogalanteoliva.it\/magazine\/","logo":{"@type":"ImageObject","inLanguage":"it-IT","@id":"https:\/\/www.istitutogalanteoliva.it\/magazine\/#\/schema\/logo\/image\/","url":"","contentUrl":"","caption":"Polis SA Magazine"},"image":{"@id":"https:\/\/www.istitutogalanteoliva.it\/magazine\/#\/schema\/logo\/image\/"},"sameAs":["https:\/\/www.facebook.com\/PolisSAMagazine\/","https:\/\/x.com\/MagazinePolis","https:\/\/www.youtube.com\/channel\/UCv0Mr5AHKUmsc0sEEXkJrgw"]},{"@type":"Person","@id":"https:\/\/www.istitutogalanteoliva.it\/magazine\/#\/schema\/person\/d8b8aa79cfe8babc1df9da3212a7c0c4","name":"Antonello Rivano","image":{"@type":"ImageObject","inLanguage":"it-IT","@id":"https:\/\/www.istitutogalanteoliva.it\/magazine\/#\/schema\/person\/image\/","url":"https:\/\/secure.gravatar.com\/avatar\/517a9a6487a7a18ecc4ce6d2e57a8f40?s=96&d=mm&r=g","contentUrl":"https:\/\/secure.gravatar.com\/avatar\/517a9a6487a7a18ecc4ce6d2e57a8f40?s=96&d=mm&r=g","caption":"Antonello Rivano"},"url":"https:\/\/www.istitutogalanteoliva.it\/magazine\/author\/antonello\/"}]}},"_links":{"self":[{"href":"https:\/\/www.istitutogalanteoliva.it\/magazine\/wp-json\/wp\/v2\/posts\/8732","targetHints":{"allow":["GET"]}}],"collection":[{"href":"https:\/\/www.istitutogalanteoliva.it\/magazine\/wp-json\/wp\/v2\/posts"}],"about":[{"href":"https:\/\/www.istitutogalanteoliva.it\/magazine\/wp-json\/wp\/v2\/types\/post"}],"author":[{"embeddable":true,"href":"https:\/\/www.istitutogalanteoliva.it\/magazine\/wp-json\/wp\/v2\/users\/2"}],"replies":[{"embeddable":true,"href":"https:\/\/www.istitutogalanteoliva.it\/magazine\/wp-json\/wp\/v2\/comments?post=8732"}],"version-history":[{"count":4,"href":"https:\/\/www.istitutogalanteoliva.it\/magazine\/wp-json\/wp\/v2\/posts\/8732\/revisions"}],"predecessor-version":[{"id":8761,"href":"https:\/\/www.istitutogalanteoliva.it\/magazine\/wp-json\/wp\/v2\/posts\/8732\/revisions\/8761"}],"wp:featuredmedia":[{"embeddable":true,"href":"https:\/\/www.istitutogalanteoliva.it\/magazine\/wp-json\/wp\/v2\/media\/8752"}],"wp:attachment":[{"href":"https:\/\/www.istitutogalanteoliva.it\/magazine\/wp-json\/wp\/v2\/media?parent=8732"}],"wp:term":[{"taxonomy":"category","embeddable":true,"href":"https:\/\/www.istitutogalanteoliva.it\/magazine\/wp-json\/wp\/v2\/categories?post=8732"},{"taxonomy":"post_tag","embeddable":true,"href":"https:\/\/www.istitutogalanteoliva.it\/magazine\/wp-json\/wp\/v2\/tags?post=8732"}],"curies":[{"name":"wp","href":"https:\/\/api.w.org\/{rel}","templated":true}]}}