{"id":8742,"date":"2021-07-23T10:00:00","date_gmt":"2021-07-23T08:00:00","guid":{"rendered":"https:\/\/www.istitutogalanteoliva.it\/magazine\/?p=8742"},"modified":"2021-07-23T07:50:19","modified_gmt":"2021-07-23T05:50:19","slug":"formaggio-con-i-pomi-di-terra-come-alla-fine-del-settecento","status":"publish","type":"post","link":"https:\/\/www.istitutogalanteoliva.it\/magazine\/2021\/07\/23\/formaggio-con-i-pomi-di-terra-come-alla-fine-del-settecento\/","title":{"rendered":"Formaggio con i pomi di terra come alla fine del Settecento"},"content":{"rendered":"\n<h4 class=\"wp-block-heading\">Quando le patate furono introdotte nelle terre alle spalle di Genova, negli ultimi due decenni del Settecento, la gente di questi monti viveva una condizione di vera difficolt\u00e0. <\/h4>\n\n\n\n<p><strong>di <em>Sergio Rossi<\/em><\/strong><\/p>\n\n\n\n<p>Il cibo era scarso e l\u2019agricoltura non dava buoni frutti. Il mais rendeva poco e il grano ancora meno. Inoltre, la maggior parte dei coltivi si trovava su pendii scoscesi ridotti a terrazze o divisi in piccoli campi; solo raramente si poteva disporre di appezzamenti pianeggianti. Eppure non fu semplice introdurre i pomi di terra, perch\u00e9 la gente di campagna era diffidente verso quella nuova coltura e dubitava della sua effettiva commestibilit\u00e0. <\/p>\n\n\n\n<p>Il reverendo <strong>Michele Dondero<\/strong> raccont\u00f2 i suoi sforzi per convincere i propri parrocchiani e quanto essi fossero scettici rispetto alle raccomandazioni di coltivare le patate per contrastare la fame. E se innanzitutto occorreva vincere il loro scetticismo e le loro paure, era altrettanto importante spiegare come cibarsene. Fra le raccomandazioni in tal senso vennero cos\u00ec diffuse alcune ricette utili a divulgare l\u2019impiego delle patate nella preparazione dei cibi pi\u00f9 comuni. Si spieg\u00f2 che quei tuberi potevano essere semplicemente lessati o che se ne poteva fare pasta mescolandoli con poca farina di frumento. Potevano entrare nella polenta, unendoli alla farina di mais, e perfino nel formaggio, inserendo le patate nella cagliata.<\/p>\n\n\n\n<figure class=\"wp-block-image size-large is-resized\"><img loading=\"lazy\" decoding=\"async\" src=\"https:\/\/www.istitutogalanteoliva.it\/magazine\/wp-content\/uploads\/2021\/07\/formaggio03.jpg\" alt=\"\" class=\"wp-image-8747\" width=\"397\" height=\"365\"\/><\/figure>\n\n\n\n<p>Senza alcuna pretesa di imitare eventuali tentativi di quel tempo, mi \u00e8 venuta voglia di provare a fare questo esperimento. Ho pensato di unire a una buona prescinseua le patate lessate e schiacciate. Per chi non la conosce, la prescinseua \u00e8 un formaggio fresco, leggermente acidulo, tipico del genovesato, usato da secoli per insaporire i ripieni di tante preparazioni tradizione. Ho creduto che il sapore appena piccante della prescinseua potesse accostarsi bene con la dolcezza delle patate. E per rendere pi\u00f9 gradevole il matrimonio, ho provato a suggellarlo con un filo d\u2019olio buono, ligure, e un pizzico di sale aromatizzato con erbe nostrane. Ne \u00e8 scaturito un accostamento gradevole che credo abbia stupito e soddisfatto coloro che lo hanno assaggiato nel corso di un evento dedicato proprio alle patate. Niente di cos\u00ec innovativo, s\u2019intende, ma preparare quel formaggio mi ha aiutato a capire il tempo delle patate: i dubbi, le difficolt\u00e0, le incertezze e lo scetticismo di quella gente che, pur in una condizione davvero problematica, non riusciva ad accettare quei pomi di terra che invece, a distanza di pochissimi anni, riscontrarono un successo insperato.<\/p>\n\n\n\n<blockquote class=\"wp-block-quote is-layout-flow wp-block-quote-is-layout-flow\"><p>Formaggio di patate<br><sup>Chi volesse provare questo accostamento, pu\u00f2 semplicemente lessare le patate, sbucciarle e schiacciarle ancora calde col passaverdura. Occorrer\u00e0 lavorarle leggermente per renderle omogenee, lasciandole poi raffreddare. Una volta fredde si uniranno alla prescinseua in una proporzione che ciascuno pu\u00f2 variare a piacere. Io sono andato a occhio, mettendo all\u2019incirca 600 grammi di patate lessate e 450 grammi di prescinseua.<\/sup><\/p><\/blockquote>\n\n\n\n<div class=\"wp-block-image\"><figure class=\"aligncenter is-resized\"><img loading=\"lazy\" decoding=\"async\" src=\"https:\/\/i1.wp.com\/www.cucinaligure.info\/wp-content\/uploads\/2021\/02\/formaggio01.jpg?resize=380%2C275\" alt=\"\" width=\"469\" height=\"340\"\/><\/figure><\/div>\n\n\n\n<blockquote class=\"wp-block-quote is-layout-flow wp-block-quote-is-layout-flow\"><p><sup>Occorre inoltre precisare che non tutta la prescinseua \u00e8 identica. Soprattutto quella artigianale, come la mia, spesso \u00e8 pi\u00f9 asciutta e compatta, presentando la consistenza simile a una robiola fresca.<\/sup><\/p><\/blockquote>\n\n\n\n<figure class=\"wp-block-image is-resized\"><img loading=\"lazy\" decoding=\"async\" src=\"https:\/\/i1.wp.com\/www.cucinaligure.info\/wp-content\/uploads\/2021\/02\/formaggio02.jpg?resize=430%2C242\" alt=\"\" width=\"430\" height=\"242\"\/><\/figure>\n\n\n\n<blockquote class=\"wp-block-quote is-layout-flow wp-block-quote-is-layout-flow\"><p><sup>Pertanto, ciascuno potr\u00e0 dosare i due ingredienti come meglio creder\u00e0 e secondo il tipo di prescinseua che user\u00e0. Al momento di gustare questa preparazione, ho aggiunto un filo d\u2019olio buono e un pizzico di sale alle erbe.<\/sup><\/p><\/blockquote>\n\n\n\n<p><em>A me \u00e8 piaciuto molto ma ciascuno emetter\u00e0 il proprio verdetto.<\/em><\/p>\n\n\n\n<p><img loading=\"lazy\" decoding=\"async\" width=\"150\" height=\"150\" class=\"wp-image-7836\" style=\"width: 150px;\" src=\"https:\/\/www.istitutogalanteoliva.it\/magazine\/wp-content\/uploads\/2021\/05\/sergio-rossi.jpg\" alt=\"\" srcset=\"https:\/\/www.istitutogalanteoliva.it\/magazine\/wp-content\/uploads\/2021\/05\/sergio-rossi.jpg 279w, https:\/\/www.istitutogalanteoliva.it\/magazine\/wp-content\/uploads\/2021\/05\/sergio-rossi-150x150.jpg 150w\" sizes=\"auto, (max-width: 150px) 100vw, 150px\" \/><em><a href=\"https:\/\/www.istitutogalanteoliva.it\/magazine\/?s=sergio+Rossi+\" target=\"_blank\" rel=\"noreferrer noopener\">Sergio Rossi <\/a><\/em><br><sub><em>Si occupa di storie e culture del cibo e della cucina. E\u2019 stato&nbsp;<strong>direttore del<\/strong>&nbsp;<strong>Conservatorio delle Cucine Mediterranee di Genova<\/strong>, ha creato e&nbsp;<strong>curato l\u2019Archivio per la Storia dell\u2019Alimentazione Giovanni Rebora<\/strong>&nbsp;e ideato e curato i testi del blog&nbsp;<strong>ilcucinosofo.it<\/strong><\/em><br><em>Vive e lavora fra Genova e l\u2019entroterra genovese, indagando la cultura gastronomica delle comunit\u00e0 e le produzioni alimentari tradizionali italiane. Collabora con quotidiani, riviste e reti televisive.<\/em><\/sub><\/p>\n<div class=\"pdfprnt-buttons pdfprnt-buttons-post pdfprnt-bottom-left\"><a href=\"https:\/\/www.istitutogalanteoliva.it\/magazine\/wp-json\/wp\/v2\/posts\/8742?print=print\" class=\"pdfprnt-button pdfprnt-button-print\" target=\"_blank\"><img decoding=\"async\" src=\"https:\/\/www.istitutogalanteoliva.it\/magazine\/wp-content\/plugins\/pdf-print\/images\/print.png\" alt=\"image_print\" title=\"Stampa contenuto\" \/><span class=\"pdfprnt-button-title pdfprnt-button-print-title\">Download in PDF<\/span><\/a><\/div>","protected":false},"excerpt":{"rendered":"<p>Il reverendo settecentesco Michele Dondero raccont\u00f2 i suoi sforzi per convincere i propri parrocchiani e quanto essi fossero scettici rispetto alle raccomandazioni di coltivare le patate per contrastare la fame. E se innanzitutto occorreva vincere il loro scetticismo e le loro paure, era altrettanto importante spiegare come cibarsene<\/p>\n","protected":false},"author":2,"featured_media":8748,"comment_status":"open","ping_status":"open","sticky":true,"template":"","format":"standard","meta":{"footnotes":""},"categories":[148,52,207,13],"tags":[112,248,435],"class_list":["post-8742","post","type-post","status-publish","format-standard","has-post-thumbnail","hentry","category-148","category-il-cibo-e-il-vino","category-liguria","category-territorio","tag-cibo","tag-liguria","tag-patate"],"yoast_head":"<!-- This site is optimized with the Yoast SEO plugin v24.2 - https:\/\/yoast.com\/wordpress\/plugins\/seo\/ -->\n<title>Formaggio con i pomi di terra come alla fine del Settecento - Polis SA Magazine<\/title>\n<meta name=\"robots\" content=\"index, follow, max-snippet:-1, max-image-preview:large, max-video-preview:-1\" \/>\n<link rel=\"canonical\" href=\"https:\/\/www.istitutogalanteoliva.it\/magazine\/2021\/07\/23\/formaggio-con-i-pomi-di-terra-come-alla-fine-del-settecento\/\" \/>\n<meta property=\"og:locale\" content=\"it_IT\" \/>\n<meta property=\"og:type\" content=\"article\" \/>\n<meta property=\"og:title\" content=\"Formaggio con i pomi di terra come alla fine del Settecento - Polis SA Magazine\" \/>\n<meta property=\"og:description\" content=\"Il reverendo settecentesco Michele Dondero raccont\u00f2 i suoi sforzi per convincere i propri parrocchiani e quanto essi fossero scettici rispetto alle raccomandazioni di coltivare le patate per contrastare la fame. E se innanzitutto occorreva vincere il loro scetticismo e le loro paure, era altrettanto importante spiegare come cibarsene\" \/>\n<meta property=\"og:url\" content=\"https:\/\/www.istitutogalanteoliva.it\/magazine\/2021\/07\/23\/formaggio-con-i-pomi-di-terra-come-alla-fine-del-settecento\/\" \/>\n<meta property=\"og:site_name\" content=\"Polis SA Magazine\" \/>\n<meta property=\"article:publisher\" content=\"https:\/\/www.facebook.com\/PolisSAMagazine\/\" \/>\n<meta property=\"article:published_time\" content=\"2021-07-23T08:00:00+00:00\" \/>\n<meta property=\"article:modified_time\" content=\"2021-07-23T05:50:19+00:00\" \/>\n<meta property=\"og:image\" content=\"https:\/\/www.istitutogalanteoliva.it\/magazine\/wp-content\/uploads\/2021\/07\/patate-3.jpg\" \/>\n\t<meta property=\"og:image:width\" content=\"640\" \/>\n\t<meta property=\"og:image:height\" content=\"380\" \/>\n\t<meta property=\"og:image:type\" content=\"image\/jpeg\" \/>\n<meta name=\"author\" content=\"Antonello Rivano\" \/>\n<meta name=\"twitter:card\" content=\"summary_large_image\" \/>\n<meta name=\"twitter:creator\" content=\"@MagazinePolis\" \/>\n<meta name=\"twitter:site\" content=\"@MagazinePolis\" \/>\n<meta name=\"twitter:label1\" content=\"Scritto da\" \/>\n\t<meta name=\"twitter:data1\" content=\"Antonello Rivano\" \/>\n\t<meta name=\"twitter:label2\" content=\"Tempo di lettura stimato\" \/>\n\t<meta name=\"twitter:data2\" content=\"3 minuti\" \/>\n<script type=\"application\/ld+json\" class=\"yoast-schema-graph\">{\"@context\":\"https:\/\/schema.org\",\"@graph\":[{\"@type\":\"Article\",\"@id\":\"https:\/\/www.istitutogalanteoliva.it\/magazine\/2021\/07\/23\/formaggio-con-i-pomi-di-terra-come-alla-fine-del-settecento\/#article\",\"isPartOf\":{\"@id\":\"https:\/\/www.istitutogalanteoliva.it\/magazine\/2021\/07\/23\/formaggio-con-i-pomi-di-terra-come-alla-fine-del-settecento\/\"},\"author\":{\"name\":\"Antonello Rivano\",\"@id\":\"https:\/\/www.istitutogalanteoliva.it\/magazine\/#\/schema\/person\/d8b8aa79cfe8babc1df9da3212a7c0c4\"},\"headline\":\"Formaggio con i pomi di terra come alla fine del Settecento\",\"datePublished\":\"2021-07-23T08:00:00+00:00\",\"dateModified\":\"2021-07-23T05:50:19+00:00\",\"mainEntityOfPage\":{\"@id\":\"https:\/\/www.istitutogalanteoliva.it\/magazine\/2021\/07\/23\/formaggio-con-i-pomi-di-terra-come-alla-fine-del-settecento\/\"},\"wordCount\":547,\"commentCount\":0,\"publisher\":{\"@id\":\"https:\/\/www.istitutogalanteoliva.it\/magazine\/#organization\"},\"image\":{\"@id\":\"https:\/\/www.istitutogalanteoliva.it\/magazine\/2021\/07\/23\/formaggio-con-i-pomi-di-terra-come-alla-fine-del-settecento\/#primaryimage\"},\"thumbnailUrl\":\"https:\/\/www.istitutogalanteoliva.it\/magazine\/wp-content\/uploads\/2021\/07\/patate-3.jpg\",\"keywords\":[\"cibo\",\"liguria\",\"patate\"],\"articleSection\":[\"2021\",\"Il cibo e il vino\",\"Liguria\",\"Territorio\"],\"inLanguage\":\"it-IT\",\"potentialAction\":[{\"@type\":\"CommentAction\",\"name\":\"Comment\",\"target\":[\"https:\/\/www.istitutogalanteoliva.it\/magazine\/2021\/07\/23\/formaggio-con-i-pomi-di-terra-come-alla-fine-del-settecento\/#respond\"]}]},{\"@type\":\"WebPage\",\"@id\":\"https:\/\/www.istitutogalanteoliva.it\/magazine\/2021\/07\/23\/formaggio-con-i-pomi-di-terra-come-alla-fine-del-settecento\/\",\"url\":\"https:\/\/www.istitutogalanteoliva.it\/magazine\/2021\/07\/23\/formaggio-con-i-pomi-di-terra-come-alla-fine-del-settecento\/\",\"name\":\"Formaggio con i pomi di terra come alla fine del Settecento - Polis SA Magazine\",\"isPartOf\":{\"@id\":\"https:\/\/www.istitutogalanteoliva.it\/magazine\/#website\"},\"primaryImageOfPage\":{\"@id\":\"https:\/\/www.istitutogalanteoliva.it\/magazine\/2021\/07\/23\/formaggio-con-i-pomi-di-terra-come-alla-fine-del-settecento\/#primaryimage\"},\"image\":{\"@id\":\"https:\/\/www.istitutogalanteoliva.it\/magazine\/2021\/07\/23\/formaggio-con-i-pomi-di-terra-come-alla-fine-del-settecento\/#primaryimage\"},\"thumbnailUrl\":\"https:\/\/www.istitutogalanteoliva.it\/magazine\/wp-content\/uploads\/2021\/07\/patate-3.jpg\",\"datePublished\":\"2021-07-23T08:00:00+00:00\",\"dateModified\":\"2021-07-23T05:50:19+00:00\",\"breadcrumb\":{\"@id\":\"https:\/\/www.istitutogalanteoliva.it\/magazine\/2021\/07\/23\/formaggio-con-i-pomi-di-terra-come-alla-fine-del-settecento\/#breadcrumb\"},\"inLanguage\":\"it-IT\",\"potentialAction\":[{\"@type\":\"ReadAction\",\"target\":[\"https:\/\/www.istitutogalanteoliva.it\/magazine\/2021\/07\/23\/formaggio-con-i-pomi-di-terra-come-alla-fine-del-settecento\/\"]}]},{\"@type\":\"ImageObject\",\"inLanguage\":\"it-IT\",\"@id\":\"https:\/\/www.istitutogalanteoliva.it\/magazine\/2021\/07\/23\/formaggio-con-i-pomi-di-terra-come-alla-fine-del-settecento\/#primaryimage\",\"url\":\"https:\/\/www.istitutogalanteoliva.it\/magazine\/wp-content\/uploads\/2021\/07\/patate-3.jpg\",\"contentUrl\":\"https:\/\/www.istitutogalanteoliva.it\/magazine\/wp-content\/uploads\/2021\/07\/patate-3.jpg\",\"width\":640,\"height\":380},{\"@type\":\"BreadcrumbList\",\"@id\":\"https:\/\/www.istitutogalanteoliva.it\/magazine\/2021\/07\/23\/formaggio-con-i-pomi-di-terra-come-alla-fine-del-settecento\/#breadcrumb\",\"itemListElement\":[{\"@type\":\"ListItem\",\"position\":1,\"name\":\"Home\",\"item\":\"https:\/\/www.istitutogalanteoliva.it\/magazine\/\"},{\"@type\":\"ListItem\",\"position\":2,\"name\":\"Formaggio con i pomi di terra come alla fine del Settecento\"}]},{\"@type\":\"WebSite\",\"@id\":\"https:\/\/www.istitutogalanteoliva.it\/magazine\/#website\",\"url\":\"https:\/\/www.istitutogalanteoliva.it\/magazine\/\",\"name\":\"POLIS SA MAGAZINE\",\"description\":\"Informazione e approfondimenti\",\"publisher\":{\"@id\":\"https:\/\/www.istitutogalanteoliva.it\/magazine\/#organization\"},\"potentialAction\":[{\"@type\":\"SearchAction\",\"target\":{\"@type\":\"EntryPoint\",\"urlTemplate\":\"https:\/\/www.istitutogalanteoliva.it\/magazine\/?s={search_term_string}\"},\"query-input\":{\"@type\":\"PropertyValueSpecification\",\"valueRequired\":true,\"valueName\":\"search_term_string\"}}],\"inLanguage\":\"it-IT\"},{\"@type\":\"Organization\",\"@id\":\"https:\/\/www.istitutogalanteoliva.it\/magazine\/#organization\",\"name\":\"Polis SA Magazine\",\"url\":\"https:\/\/www.istitutogalanteoliva.it\/magazine\/\",\"logo\":{\"@type\":\"ImageObject\",\"inLanguage\":\"it-IT\",\"@id\":\"https:\/\/www.istitutogalanteoliva.it\/magazine\/#\/schema\/logo\/image\/\",\"url\":\"\",\"contentUrl\":\"\",\"caption\":\"Polis SA Magazine\"},\"image\":{\"@id\":\"https:\/\/www.istitutogalanteoliva.it\/magazine\/#\/schema\/logo\/image\/\"},\"sameAs\":[\"https:\/\/www.facebook.com\/PolisSAMagazine\/\",\"https:\/\/x.com\/MagazinePolis\",\"https:\/\/www.youtube.com\/channel\/UCv0Mr5AHKUmsc0sEEXkJrgw\"]},{\"@type\":\"Person\",\"@id\":\"https:\/\/www.istitutogalanteoliva.it\/magazine\/#\/schema\/person\/d8b8aa79cfe8babc1df9da3212a7c0c4\",\"name\":\"Antonello Rivano\",\"image\":{\"@type\":\"ImageObject\",\"inLanguage\":\"it-IT\",\"@id\":\"https:\/\/www.istitutogalanteoliva.it\/magazine\/#\/schema\/person\/image\/\",\"url\":\"https:\/\/secure.gravatar.com\/avatar\/517a9a6487a7a18ecc4ce6d2e57a8f40?s=96&d=mm&r=g\",\"contentUrl\":\"https:\/\/secure.gravatar.com\/avatar\/517a9a6487a7a18ecc4ce6d2e57a8f40?s=96&d=mm&r=g\",\"caption\":\"Antonello Rivano\"},\"url\":\"https:\/\/www.istitutogalanteoliva.it\/magazine\/author\/antonello\/\"}]}<\/script>\n<!-- \/ Yoast SEO plugin. -->","yoast_head_json":{"title":"Formaggio con i pomi di terra come alla fine del Settecento - Polis SA Magazine","robots":{"index":"index","follow":"follow","max-snippet":"max-snippet:-1","max-image-preview":"max-image-preview:large","max-video-preview":"max-video-preview:-1"},"canonical":"https:\/\/www.istitutogalanteoliva.it\/magazine\/2021\/07\/23\/formaggio-con-i-pomi-di-terra-come-alla-fine-del-settecento\/","og_locale":"it_IT","og_type":"article","og_title":"Formaggio con i pomi di terra come alla fine del Settecento - Polis SA Magazine","og_description":"Il reverendo settecentesco Michele Dondero raccont\u00f2 i suoi sforzi per convincere i propri parrocchiani e quanto essi fossero scettici rispetto alle raccomandazioni di coltivare le patate per contrastare la fame. E se innanzitutto occorreva vincere il loro scetticismo e le loro paure, era altrettanto importante spiegare come cibarsene","og_url":"https:\/\/www.istitutogalanteoliva.it\/magazine\/2021\/07\/23\/formaggio-con-i-pomi-di-terra-come-alla-fine-del-settecento\/","og_site_name":"Polis SA Magazine","article_publisher":"https:\/\/www.facebook.com\/PolisSAMagazine\/","article_published_time":"2021-07-23T08:00:00+00:00","article_modified_time":"2021-07-23T05:50:19+00:00","og_image":[{"width":640,"height":380,"url":"https:\/\/www.istitutogalanteoliva.it\/magazine\/wp-content\/uploads\/2021\/07\/patate-3.jpg","type":"image\/jpeg"}],"author":"Antonello Rivano","twitter_card":"summary_large_image","twitter_creator":"@MagazinePolis","twitter_site":"@MagazinePolis","twitter_misc":{"Scritto da":"Antonello Rivano","Tempo di lettura stimato":"3 minuti"},"schema":{"@context":"https:\/\/schema.org","@graph":[{"@type":"Article","@id":"https:\/\/www.istitutogalanteoliva.it\/magazine\/2021\/07\/23\/formaggio-con-i-pomi-di-terra-come-alla-fine-del-settecento\/#article","isPartOf":{"@id":"https:\/\/www.istitutogalanteoliva.it\/magazine\/2021\/07\/23\/formaggio-con-i-pomi-di-terra-come-alla-fine-del-settecento\/"},"author":{"name":"Antonello Rivano","@id":"https:\/\/www.istitutogalanteoliva.it\/magazine\/#\/schema\/person\/d8b8aa79cfe8babc1df9da3212a7c0c4"},"headline":"Formaggio con i pomi di terra come alla fine del Settecento","datePublished":"2021-07-23T08:00:00+00:00","dateModified":"2021-07-23T05:50:19+00:00","mainEntityOfPage":{"@id":"https:\/\/www.istitutogalanteoliva.it\/magazine\/2021\/07\/23\/formaggio-con-i-pomi-di-terra-come-alla-fine-del-settecento\/"},"wordCount":547,"commentCount":0,"publisher":{"@id":"https:\/\/www.istitutogalanteoliva.it\/magazine\/#organization"},"image":{"@id":"https:\/\/www.istitutogalanteoliva.it\/magazine\/2021\/07\/23\/formaggio-con-i-pomi-di-terra-come-alla-fine-del-settecento\/#primaryimage"},"thumbnailUrl":"https:\/\/www.istitutogalanteoliva.it\/magazine\/wp-content\/uploads\/2021\/07\/patate-3.jpg","keywords":["cibo","liguria","patate"],"articleSection":["2021","Il cibo e il vino","Liguria","Territorio"],"inLanguage":"it-IT","potentialAction":[{"@type":"CommentAction","name":"Comment","target":["https:\/\/www.istitutogalanteoliva.it\/magazine\/2021\/07\/23\/formaggio-con-i-pomi-di-terra-come-alla-fine-del-settecento\/#respond"]}]},{"@type":"WebPage","@id":"https:\/\/www.istitutogalanteoliva.it\/magazine\/2021\/07\/23\/formaggio-con-i-pomi-di-terra-come-alla-fine-del-settecento\/","url":"https:\/\/www.istitutogalanteoliva.it\/magazine\/2021\/07\/23\/formaggio-con-i-pomi-di-terra-come-alla-fine-del-settecento\/","name":"Formaggio con i pomi di terra come alla fine del Settecento - Polis SA Magazine","isPartOf":{"@id":"https:\/\/www.istitutogalanteoliva.it\/magazine\/#website"},"primaryImageOfPage":{"@id":"https:\/\/www.istitutogalanteoliva.it\/magazine\/2021\/07\/23\/formaggio-con-i-pomi-di-terra-come-alla-fine-del-settecento\/#primaryimage"},"image":{"@id":"https:\/\/www.istitutogalanteoliva.it\/magazine\/2021\/07\/23\/formaggio-con-i-pomi-di-terra-come-alla-fine-del-settecento\/#primaryimage"},"thumbnailUrl":"https:\/\/www.istitutogalanteoliva.it\/magazine\/wp-content\/uploads\/2021\/07\/patate-3.jpg","datePublished":"2021-07-23T08:00:00+00:00","dateModified":"2021-07-23T05:50:19+00:00","breadcrumb":{"@id":"https:\/\/www.istitutogalanteoliva.it\/magazine\/2021\/07\/23\/formaggio-con-i-pomi-di-terra-come-alla-fine-del-settecento\/#breadcrumb"},"inLanguage":"it-IT","potentialAction":[{"@type":"ReadAction","target":["https:\/\/www.istitutogalanteoliva.it\/magazine\/2021\/07\/23\/formaggio-con-i-pomi-di-terra-come-alla-fine-del-settecento\/"]}]},{"@type":"ImageObject","inLanguage":"it-IT","@id":"https:\/\/www.istitutogalanteoliva.it\/magazine\/2021\/07\/23\/formaggio-con-i-pomi-di-terra-come-alla-fine-del-settecento\/#primaryimage","url":"https:\/\/www.istitutogalanteoliva.it\/magazine\/wp-content\/uploads\/2021\/07\/patate-3.jpg","contentUrl":"https:\/\/www.istitutogalanteoliva.it\/magazine\/wp-content\/uploads\/2021\/07\/patate-3.jpg","width":640,"height":380},{"@type":"BreadcrumbList","@id":"https:\/\/www.istitutogalanteoliva.it\/magazine\/2021\/07\/23\/formaggio-con-i-pomi-di-terra-come-alla-fine-del-settecento\/#breadcrumb","itemListElement":[{"@type":"ListItem","position":1,"name":"Home","item":"https:\/\/www.istitutogalanteoliva.it\/magazine\/"},{"@type":"ListItem","position":2,"name":"Formaggio con i pomi di terra come alla fine del Settecento"}]},{"@type":"WebSite","@id":"https:\/\/www.istitutogalanteoliva.it\/magazine\/#website","url":"https:\/\/www.istitutogalanteoliva.it\/magazine\/","name":"POLIS SA MAGAZINE","description":"Informazione e approfondimenti","publisher":{"@id":"https:\/\/www.istitutogalanteoliva.it\/magazine\/#organization"},"potentialAction":[{"@type":"SearchAction","target":{"@type":"EntryPoint","urlTemplate":"https:\/\/www.istitutogalanteoliva.it\/magazine\/?s={search_term_string}"},"query-input":{"@type":"PropertyValueSpecification","valueRequired":true,"valueName":"search_term_string"}}],"inLanguage":"it-IT"},{"@type":"Organization","@id":"https:\/\/www.istitutogalanteoliva.it\/magazine\/#organization","name":"Polis SA Magazine","url":"https:\/\/www.istitutogalanteoliva.it\/magazine\/","logo":{"@type":"ImageObject","inLanguage":"it-IT","@id":"https:\/\/www.istitutogalanteoliva.it\/magazine\/#\/schema\/logo\/image\/","url":"","contentUrl":"","caption":"Polis SA Magazine"},"image":{"@id":"https:\/\/www.istitutogalanteoliva.it\/magazine\/#\/schema\/logo\/image\/"},"sameAs":["https:\/\/www.facebook.com\/PolisSAMagazine\/","https:\/\/x.com\/MagazinePolis","https:\/\/www.youtube.com\/channel\/UCv0Mr5AHKUmsc0sEEXkJrgw"]},{"@type":"Person","@id":"https:\/\/www.istitutogalanteoliva.it\/magazine\/#\/schema\/person\/d8b8aa79cfe8babc1df9da3212a7c0c4","name":"Antonello Rivano","image":{"@type":"ImageObject","inLanguage":"it-IT","@id":"https:\/\/www.istitutogalanteoliva.it\/magazine\/#\/schema\/person\/image\/","url":"https:\/\/secure.gravatar.com\/avatar\/517a9a6487a7a18ecc4ce6d2e57a8f40?s=96&d=mm&r=g","contentUrl":"https:\/\/secure.gravatar.com\/avatar\/517a9a6487a7a18ecc4ce6d2e57a8f40?s=96&d=mm&r=g","caption":"Antonello Rivano"},"url":"https:\/\/www.istitutogalanteoliva.it\/magazine\/author\/antonello\/"}]}},"_links":{"self":[{"href":"https:\/\/www.istitutogalanteoliva.it\/magazine\/wp-json\/wp\/v2\/posts\/8742","targetHints":{"allow":["GET"]}}],"collection":[{"href":"https:\/\/www.istitutogalanteoliva.it\/magazine\/wp-json\/wp\/v2\/posts"}],"about":[{"href":"https:\/\/www.istitutogalanteoliva.it\/magazine\/wp-json\/wp\/v2\/types\/post"}],"author":[{"embeddable":true,"href":"https:\/\/www.istitutogalanteoliva.it\/magazine\/wp-json\/wp\/v2\/users\/2"}],"replies":[{"embeddable":true,"href":"https:\/\/www.istitutogalanteoliva.it\/magazine\/wp-json\/wp\/v2\/comments?post=8742"}],"version-history":[{"count":6,"href":"https:\/\/www.istitutogalanteoliva.it\/magazine\/wp-json\/wp\/v2\/posts\/8742\/revisions"}],"predecessor-version":[{"id":8750,"href":"https:\/\/www.istitutogalanteoliva.it\/magazine\/wp-json\/wp\/v2\/posts\/8742\/revisions\/8750"}],"wp:featuredmedia":[{"embeddable":true,"href":"https:\/\/www.istitutogalanteoliva.it\/magazine\/wp-json\/wp\/v2\/media\/8748"}],"wp:attachment":[{"href":"https:\/\/www.istitutogalanteoliva.it\/magazine\/wp-json\/wp\/v2\/media?parent=8742"}],"wp:term":[{"taxonomy":"category","embeddable":true,"href":"https:\/\/www.istitutogalanteoliva.it\/magazine\/wp-json\/wp\/v2\/categories?post=8742"},{"taxonomy":"post_tag","embeddable":true,"href":"https:\/\/www.istitutogalanteoliva.it\/magazine\/wp-json\/wp\/v2\/tags?post=8742"}],"curies":[{"name":"wp","href":"https:\/\/api.w.org\/{rel}","templated":true}]}}