{"id":8854,"date":"2021-07-29T08:57:34","date_gmt":"2021-07-29T06:57:34","guid":{"rendered":"https:\/\/www.istitutogalanteoliva.it\/magazine\/?p=8854"},"modified":"2021-07-29T08:57:36","modified_gmt":"2021-07-29T06:57:36","slug":"in-che-acque-navighiamo","status":"publish","type":"post","link":"https:\/\/www.istitutogalanteoliva.it\/magazine\/2021\/07\/29\/in-che-acque-navighiamo\/","title":{"rendered":"\u201cIn che acque navighiamo?\u201d"},"content":{"rendered":"\n<p><\/p>\n\n\n\n<h4 class=\"wp-block-heading\">Le spiagge plastic free sono un sogno o il futuro? Perch\u00e9 le Pinne Nobilis, i pi\u00f9 grandi molluschi del Mediterraneo, stanno scomparendo?\u00a0 Qual \u00e8 il ruolo dei ricci nei nostri ecosistemi marini? Che cosa si trova nei pesci che mangiamo? Quali benefici o svantaggi avrebbe l\u2019area marina protetta dell\u2019arcipelago del Sulcis?\u00a0\u00a0<\/h4>\n\n\n\n<p class=\"has-drop-cap\">A queste e altre domande, a <strong>Calasetta sabato 31 luglio, h 10.30<\/strong>&#8211;<strong>Biblioteca comunale di Calasetta, lungomare Colombo<\/strong> in relazione all\u2019Agenda ONU 2021-2030 per la conservazione degli Oceani (<a href=\"http:\/\/www.decenniodelmare.it\/\" target=\"_blank\" rel=\"noreferrer noopener\">www.decenniodelmare.it<\/a>), si risponder\u00e0 durante la tavola rotonda\u00a0\u00a0&#8211; organizzata in collaborazione con il Comune di Calasetta\u00a0\u00a0&#8211; nell\u2019ambito del\u00a0<strong>progetto Cul-TURE d\u2019@amare<\/strong> (<strong>Sabato 31 luglio, h 10.30<\/strong>&#8211;<strong>Biblioteca comunale di Calasetta, lungomare Colombo 1<\/strong>)\u00a0con:\u00a0<\/p>\n\n\n\n<p><strong>Piero Addis<\/strong>, professore di ecologia, Dipartimento di Scienze della Vita e dell\u2019Ambiente presso l\u2019Universit\u00e0 di Cagliari, esperto in biologia marina dell\u2019arcipelago del Sulcis;<\/p>\n\n\n\n<div class=\"wp-block-image\"><figure class=\"aligncenter size-large\"><img loading=\"lazy\" decoding=\"async\" width=\"312\" height=\"387\" src=\"https:\/\/www.istitutogalanteoliva.it\/magazine\/wp-content\/uploads\/2021\/07\/addis.jpg\" alt=\"\" class=\"wp-image-8855\" srcset=\"https:\/\/www.istitutogalanteoliva.it\/magazine\/wp-content\/uploads\/2021\/07\/addis.jpg 312w, https:\/\/www.istitutogalanteoliva.it\/magazine\/wp-content\/uploads\/2021\/07\/addis-242x300.jpg 242w\" sizes=\"auto, (max-width: 312px) 100vw, 312px\" \/><figcaption><sup>Piero Addis<\/sup><\/figcaption><\/figure><\/div>\n\n\n\n<p><strong>Francesco Nacinovich<\/strong>, comandante di\u00a0<strong>Progetto Mediterranea<\/strong>, spedizione nautica, scientifica, sociale e culturale ideata da\u00a0<strong>Simone Perotti<\/strong>\u00a0che ha gi\u00e0 percorso 20 mila miglia e coinvolto 16 Paesi &#8211; da quest\u2019anno in collaborazione con l\u2019Istituto Superiore per la Protezione e la Ricerca Ambientale (ISPRA) &#8211; che far\u00e0 tappa a Calasetta sabato 31 luglio (<a href=\"http:\/\/www.progettomediterranea.com\/\" target=\"_blank\" rel=\"noreferrer noopener\">www.progettomediterranea.com<\/a>);<\/p>\n\n\n\n<div class=\"wp-block-image\"><figure class=\"aligncenter size-large is-resized\"><img loading=\"lazy\" decoding=\"async\" src=\"https:\/\/www.istitutogalanteoliva.it\/magazine\/wp-content\/uploads\/2021\/07\/31-1-1024x680.jpg\" alt=\"\" class=\"wp-image-8865\" width=\"587\" height=\"407\"\/><figcaption>5512<sup><strong>Francesco Nacinovich<\/strong>,<\/sup><\/figcaption><\/figure><\/div>\n\n\n\n<p><strong>Susanna Lavazza<\/strong>, giornalista e scrittrice, presidente della Libera Universit\u00e0 di Carloforte;<\/p>\n\n\n\n<div class=\"wp-block-image\"><figure class=\"aligncenter size-large\"><img loading=\"lazy\" decoding=\"async\" width=\"368\" height=\"368\" src=\"https:\/\/www.istitutogalanteoliva.it\/magazine\/wp-content\/uploads\/2021\/07\/Susanna-Lavazza.jpg\" alt=\"\" class=\"wp-image-8857\" srcset=\"https:\/\/www.istitutogalanteoliva.it\/magazine\/wp-content\/uploads\/2021\/07\/Susanna-Lavazza.jpg 368w, https:\/\/www.istitutogalanteoliva.it\/magazine\/wp-content\/uploads\/2021\/07\/Susanna-Lavazza-300x300.jpg 300w, https:\/\/www.istitutogalanteoliva.it\/magazine\/wp-content\/uploads\/2021\/07\/Susanna-Lavazza-150x150.jpg 150w\" sizes=\"auto, (max-width: 368px) 100vw, 368px\" \/><figcaption><strong><sup>Susanna Lavazza<\/sup><\/strong><\/figcaption><\/figure><\/div>\n\n\n\n<p><strong>Roberto Sinzu<\/strong>, Vicesindaco e assessore all\u2019Ambiente e alla Cultura del Comune di Calasetta<\/p>\n\n\n\n<div class=\"wp-block-image\"><figure class=\"aligncenter size-large\"><img loading=\"lazy\" decoding=\"async\" width=\"290\" height=\"379\" src=\"https:\/\/www.istitutogalanteoliva.it\/magazine\/wp-content\/uploads\/2021\/07\/Roberto-Sinzu.jpg\" alt=\"\" class=\"wp-image-8858\" srcset=\"https:\/\/www.istitutogalanteoliva.it\/magazine\/wp-content\/uploads\/2021\/07\/Roberto-Sinzu.jpg 290w, https:\/\/www.istitutogalanteoliva.it\/magazine\/wp-content\/uploads\/2021\/07\/Roberto-Sinzu-230x300.jpg 230w\" sizes=\"auto, (max-width: 290px) 100vw, 290px\" \/><figcaption><sup><strong>Roberto Sinzu<\/strong>,<\/sup><\/figcaption><\/figure><\/div>\n\n\n\n<p><strong>Progetto Mediterranea<\/strong>, in collaborazione con universit\u00e0 e centri di ricerca, italiani e internazionali, dal 2014 svolge attivit\u00e0 di monitoraggio e documentazione dello \u201c<em>stato del mare<\/em>\u201d sia dal punto di vista ambientale che culturale e scientifico. Dalla mappatura del plancton e delle microplastiche allo studio sull\u2019alimentazione mediterranea fino all\u2019osservazione astronomica.<br>Progetto Mediterranea \u00e8 una sorta di laboratorio galleggiante per la Scienza e\u00a0una spedizione per la tutela del nostro mare.<br>Il Mediterraneo, il\u00a0<em>Mare Nostrum<\/em>, ospita un\u2019area ambientale con un\u2019incredibile diversit\u00e0 biologica (l\u20198% della flora mondiale, l\u20198% della biodiversit\u00e0 marina mondiale, il 28% di specie endemiche), eppure \u00e8 continuamente minacciata dall\u2019uomo, inquinata e sfruttata oltre misura. Il consumo del suolo, la perdita di\u00a0<em>habitat<\/em>, la desertificazione, la pesca eccessiva e l\u2019inquinamento nelle sue molteplici forme sono fattori capaci di innescare impatti diretti e indiretti sulla biodiversit\u00e0, amplificati a loro volta dai cambiamenti climatici.<\/p>\n\n\n\n<div class=\"wp-block-image\"><figure class=\"alignleft size-large is-resized\"><img loading=\"lazy\" decoding=\"async\" src=\"https:\/\/www.istitutogalanteoliva.it\/magazine\/wp-content\/uploads\/2021\/07\/Mediterranea-2.jpg\" alt=\"\" class=\"wp-image-8864\" width=\"573\" height=\"430\" srcset=\"https:\/\/www.istitutogalanteoliva.it\/magazine\/wp-content\/uploads\/2021\/07\/Mediterranea-2.jpg 512w, https:\/\/www.istitutogalanteoliva.it\/magazine\/wp-content\/uploads\/2021\/07\/Mediterranea-2-300x225.jpg 300w\" sizes=\"auto, (max-width: 573px) 100vw, 573px\" \/><figcaption><sup>Mediterranea<\/sup><\/figcaption><\/figure><\/div>\n\n\n\n<p><br><strong>Mediterranea<\/strong>\u00a0\u00e8 il braccio operativo: la<strong>\u00a0barca per la Ricerca<\/strong>, per studiare i cambiamenti climatici, l\u2019inquinamento delle acque e dell\u2019aria, la biologia marina, le correnti e tutto quanto possa ritenersi utile per preservare l\u2019integrit\u00e0 ecologica del Mediterraneo<strong>.<\/strong><\/p>\n\n\n\n<p>Durante la&nbsp;<strong>Rotta 2021<\/strong>, che vede Mediterranea navigare intorno alla&nbsp;<strong>Sardegn<\/strong>a, alcuni ragazzi con varie disabilit\u00e0 e i loro gli accompagnatori saranno a bordo, con imbarco a Oristano e Calasetta. Tra le finalit\u00e0 sociali di Progetto Mediterranea c\u2019\u00e8 quello di organizzare altri due incontri\/festa con tutto il gruppo degli Equilibristi, le famiglie e i volontari dell&#8217;associazione realizzando proiezione di videoclip, interviste, racconti e relazioni.&nbsp;<\/p>\n\n\n\n<p>Gli&nbsp;<strong>Equilibristi<\/strong>, con sede a San Giovanni Suergiu, \u00e8 un\u2019associazione di volontariato nata nel 2015 dall\u2019idea di alcuni giovani desiderosi di creare nuove opportunit\u00e0 di aggregazione, di divertimento e di promozione sociale in favore di persone portatrici di disabilit\u00e0 sia fisiche che intellettive che variano dalla sindrome di Down, all\u2019autismo ai ritardi intellettivi medio\/gravi, comprese patologie di natura genetica (da 3 a 62 anni).&nbsp;<\/p>\n\n\n\n<p>Il Presidente dell&#8217;associazione, <strong>Nadia Massaiu<\/strong>, 40 anni, \u00e8 laureata in scienze motorie, educatore professionale area disabilit\u00e0, european social sport coach, psicomotricista-pedagogica, applicatore del metodo Feuerstein per il potenziamento cognitivo, attualmente iscritta al master in disturbi specifici dell&#8217;apprendimento.\u00a0Si utilizza lo sport &#8211; in questo caso la vela &#8211; come azione di sviluppo, pace, educazione, cambiamento sociale, migliorando al contempo le abilit\u00e0 e l\u2019integrazione sociale.\u00a0<\/p>\n\n\n\n<p>La tavola rotonda verr\u00e0 preceduta dalla presentazione del libro&nbsp;<\/p>\n\n\n\n<p>\u201c<strong>Siamo stati naviganti<\/strong>\u201d: i diari di bordo e le straordinarie vite di sette anziani marittimi carlofortini narrati da sette scrittori della Libera Universit\u00e0 di Carloforte<\/p>\n\n\n\n<figure class=\"wp-block-image size-large\"><img loading=\"lazy\" decoding=\"async\" width=\"1024\" height=\"777\" src=\"https:\/\/www.istitutogalanteoliva.it\/magazine\/wp-content\/uploads\/2021\/07\/copertina-Siamo-stati-naviganti-OK-1_1-1024x777.jpg\" alt=\"\" class=\"wp-image-8860\" srcset=\"https:\/\/www.istitutogalanteoliva.it\/magazine\/wp-content\/uploads\/2021\/07\/copertina-Siamo-stati-naviganti-OK-1_1-1024x777.jpg 1024w, https:\/\/www.istitutogalanteoliva.it\/magazine\/wp-content\/uploads\/2021\/07\/copertina-Siamo-stati-naviganti-OK-1_1-300x228.jpg 300w, https:\/\/www.istitutogalanteoliva.it\/magazine\/wp-content\/uploads\/2021\/07\/copertina-Siamo-stati-naviganti-OK-1_1-768x582.jpg 768w, https:\/\/www.istitutogalanteoliva.it\/magazine\/wp-content\/uploads\/2021\/07\/copertina-Siamo-stati-naviganti-OK-1_1.jpg 1196w\" sizes=\"auto, (max-width: 1024px) 100vw, 1024px\" \/><\/figure>\n\n\n\n<p>Per la prima volta si raccontano come un coro le vite emozionanti e avventurose di tabarchini che hanno fatto del mare la loro scelta umana e professionale. Le storie di sette marittimi dell\u2019isola di San Pietro, nel Sud Sardegna.&nbsp;Nonni, padri, fratelli, mariti, fidanzati, amici a volte rimanevano a bordo anche 18 mesi, e in un certo senso naviganti erano anche quelli che li aspettavano a terra, come raccontano sette scrittori della Libera Universit\u00e0 di Carloforte che hanno raccolto le loro testimonianze. Ancora oggi tra i marittimi carlofortini \u00e8 forte il senso di solidariet\u00e0, il grande amore per il mare, l\u2019alternarsi di arrivi e partenze, il brivido di una vita tra le onde.<\/p>\n\n\n\n<p>Cul-TURE d\u2019@mare \u00e8 un progetto della Cooperativa Millepiedi, finanziato dalla Regione Sardegna, in continuit\u00e0 con Raixe, spazi digitali per la cultura tabarchina (<a href=\"http:\/\/www.raixe.it\/\" target=\"_blank\" rel=\"noreferrer noopener\">www.raixe.it<\/a>)<\/p>\n<div class=\"pdfprnt-buttons pdfprnt-buttons-post pdfprnt-bottom-left\"><a href=\"https:\/\/www.istitutogalanteoliva.it\/magazine\/wp-json\/wp\/v2\/posts\/8854?print=print\" class=\"pdfprnt-button pdfprnt-button-print\" target=\"_blank\"><img decoding=\"async\" src=\"https:\/\/www.istitutogalanteoliva.it\/magazine\/wp-content\/plugins\/pdf-print\/images\/print.png\" alt=\"image_print\" title=\"Stampa contenuto\" \/><span class=\"pdfprnt-button-title pdfprnt-button-print-title\">Download in PDF<\/span><\/a><\/div>","protected":false},"excerpt":{"rendered":"<p>A Calasetta (SU), sabato 31 luglio, nell&#8217;ambito del progetto Cul-TURE d\u2019@mare, tavola rotonda sullo stato degli oceani.<\/p>\n","protected":false},"author":2,"featured_media":8870,"comment_status":"open","ping_status":"open","sticky":true,"template":"","format":"standard","meta":{"footnotes":""},"categories":[148,6,47,209],"tags":[89],"class_list":["post-8854","post","type-post","status-publish","format-standard","has-post-thumbnail","hentry","category-148","category-ambiente","category-eventi","category-sardegna","tag-calasetta"],"yoast_head":"<!-- This site is optimized with the Yoast SEO plugin v24.2 - https:\/\/yoast.com\/wordpress\/plugins\/seo\/ -->\n<title>\u201cIn che acque navighiamo?\u201d - Polis SA Magazine<\/title>\n<meta name=\"robots\" content=\"index, follow, max-snippet:-1, max-image-preview:large, max-video-preview:-1\" \/>\n<link rel=\"canonical\" href=\"https:\/\/www.istitutogalanteoliva.it\/magazine\/2021\/07\/29\/in-che-acque-navighiamo\/\" \/>\n<meta property=\"og:locale\" content=\"it_IT\" \/>\n<meta property=\"og:type\" content=\"article\" \/>\n<meta property=\"og:title\" content=\"\u201cIn che acque navighiamo?\u201d - Polis SA Magazine\" \/>\n<meta property=\"og:description\" content=\"A Calasetta (SU), sabato 31 luglio, nell&#039;ambito del progetto Cul-TURE d\u2019@mare, tavola rotonda sullo stato degli oceani.\" \/>\n<meta property=\"og:url\" content=\"https:\/\/www.istitutogalanteoliva.it\/magazine\/2021\/07\/29\/in-che-acque-navighiamo\/\" \/>\n<meta property=\"og:site_name\" content=\"Polis SA Magazine\" \/>\n<meta property=\"article:publisher\" content=\"https:\/\/www.facebook.com\/PolisSAMagazine\/\" \/>\n<meta property=\"article:published_time\" content=\"2021-07-29T06:57:34+00:00\" \/>\n<meta property=\"article:modified_time\" content=\"2021-07-29T06:57:36+00:00\" \/>\n<meta property=\"og:image\" content=\"https:\/\/www.istitutogalanteoliva.it\/magazine\/wp-content\/uploads\/2021\/07\/Progetto-Mediterranea-2.jpg\" \/>\n\t<meta property=\"og:image:width\" content=\"640\" \/>\n\t<meta property=\"og:image:height\" content=\"380\" \/>\n\t<meta property=\"og:image:type\" content=\"image\/jpeg\" \/>\n<meta name=\"author\" content=\"Antonello Rivano\" \/>\n<meta name=\"twitter:card\" content=\"summary_large_image\" \/>\n<meta name=\"twitter:creator\" content=\"@MagazinePolis\" \/>\n<meta name=\"twitter:site\" content=\"@MagazinePolis\" \/>\n<meta name=\"twitter:label1\" content=\"Scritto da\" \/>\n\t<meta name=\"twitter:data1\" content=\"Antonello Rivano\" \/>\n\t<meta name=\"twitter:label2\" content=\"Tempo di lettura stimato\" \/>\n\t<meta name=\"twitter:data2\" content=\"4 minuti\" \/>\n<script type=\"application\/ld+json\" class=\"yoast-schema-graph\">{\"@context\":\"https:\/\/schema.org\",\"@graph\":[{\"@type\":\"Article\",\"@id\":\"https:\/\/www.istitutogalanteoliva.it\/magazine\/2021\/07\/29\/in-che-acque-navighiamo\/#article\",\"isPartOf\":{\"@id\":\"https:\/\/www.istitutogalanteoliva.it\/magazine\/2021\/07\/29\/in-che-acque-navighiamo\/\"},\"author\":{\"name\":\"Antonello Rivano\",\"@id\":\"https:\/\/www.istitutogalanteoliva.it\/magazine\/#\/schema\/person\/d8b8aa79cfe8babc1df9da3212a7c0c4\"},\"headline\":\"\u201cIn che acque navighiamo?\u201d\",\"datePublished\":\"2021-07-29T06:57:34+00:00\",\"dateModified\":\"2021-07-29T06:57:36+00:00\",\"mainEntityOfPage\":{\"@id\":\"https:\/\/www.istitutogalanteoliva.it\/magazine\/2021\/07\/29\/in-che-acque-navighiamo\/\"},\"wordCount\":786,\"commentCount\":0,\"publisher\":{\"@id\":\"https:\/\/www.istitutogalanteoliva.it\/magazine\/#organization\"},\"image\":{\"@id\":\"https:\/\/www.istitutogalanteoliva.it\/magazine\/2021\/07\/29\/in-che-acque-navighiamo\/#primaryimage\"},\"thumbnailUrl\":\"https:\/\/www.istitutogalanteoliva.it\/magazine\/wp-content\/uploads\/2021\/07\/Progetto-Mediterranea-2.jpg\",\"keywords\":[\"Calasetta\"],\"articleSection\":[\"2021\",\"Ambiente\",\"Eventi\",\"Sardegna\"],\"inLanguage\":\"it-IT\",\"potentialAction\":[{\"@type\":\"CommentAction\",\"name\":\"Comment\",\"target\":[\"https:\/\/www.istitutogalanteoliva.it\/magazine\/2021\/07\/29\/in-che-acque-navighiamo\/#respond\"]}]},{\"@type\":\"WebPage\",\"@id\":\"https:\/\/www.istitutogalanteoliva.it\/magazine\/2021\/07\/29\/in-che-acque-navighiamo\/\",\"url\":\"https:\/\/www.istitutogalanteoliva.it\/magazine\/2021\/07\/29\/in-che-acque-navighiamo\/\",\"name\":\"\u201cIn che acque navighiamo?\u201d - Polis SA Magazine\",\"isPartOf\":{\"@id\":\"https:\/\/www.istitutogalanteoliva.it\/magazine\/#website\"},\"primaryImageOfPage\":{\"@id\":\"https:\/\/www.istitutogalanteoliva.it\/magazine\/2021\/07\/29\/in-che-acque-navighiamo\/#primaryimage\"},\"image\":{\"@id\":\"https:\/\/www.istitutogalanteoliva.it\/magazine\/2021\/07\/29\/in-che-acque-navighiamo\/#primaryimage\"},\"thumbnailUrl\":\"https:\/\/www.istitutogalanteoliva.it\/magazine\/wp-content\/uploads\/2021\/07\/Progetto-Mediterranea-2.jpg\",\"datePublished\":\"2021-07-29T06:57:34+00:00\",\"dateModified\":\"2021-07-29T06:57:36+00:00\",\"breadcrumb\":{\"@id\":\"https:\/\/www.istitutogalanteoliva.it\/magazine\/2021\/07\/29\/in-che-acque-navighiamo\/#breadcrumb\"},\"inLanguage\":\"it-IT\",\"potentialAction\":[{\"@type\":\"ReadAction\",\"target\":[\"https:\/\/www.istitutogalanteoliva.it\/magazine\/2021\/07\/29\/in-che-acque-navighiamo\/\"]}]},{\"@type\":\"ImageObject\",\"inLanguage\":\"it-IT\",\"@id\":\"https:\/\/www.istitutogalanteoliva.it\/magazine\/2021\/07\/29\/in-che-acque-navighiamo\/#primaryimage\",\"url\":\"https:\/\/www.istitutogalanteoliva.it\/magazine\/wp-content\/uploads\/2021\/07\/Progetto-Mediterranea-2.jpg\",\"contentUrl\":\"https:\/\/www.istitutogalanteoliva.it\/magazine\/wp-content\/uploads\/2021\/07\/Progetto-Mediterranea-2.jpg\",\"width\":640,\"height\":380},{\"@type\":\"BreadcrumbList\",\"@id\":\"https:\/\/www.istitutogalanteoliva.it\/magazine\/2021\/07\/29\/in-che-acque-navighiamo\/#breadcrumb\",\"itemListElement\":[{\"@type\":\"ListItem\",\"position\":1,\"name\":\"Home\",\"item\":\"https:\/\/www.istitutogalanteoliva.it\/magazine\/\"},{\"@type\":\"ListItem\",\"position\":2,\"name\":\"\u201cIn che acque navighiamo?\u201d\"}]},{\"@type\":\"WebSite\",\"@id\":\"https:\/\/www.istitutogalanteoliva.it\/magazine\/#website\",\"url\":\"https:\/\/www.istitutogalanteoliva.it\/magazine\/\",\"name\":\"POLIS SA MAGAZINE\",\"description\":\"Informazione e approfondimenti\",\"publisher\":{\"@id\":\"https:\/\/www.istitutogalanteoliva.it\/magazine\/#organization\"},\"potentialAction\":[{\"@type\":\"SearchAction\",\"target\":{\"@type\":\"EntryPoint\",\"urlTemplate\":\"https:\/\/www.istitutogalanteoliva.it\/magazine\/?s={search_term_string}\"},\"query-input\":{\"@type\":\"PropertyValueSpecification\",\"valueRequired\":true,\"valueName\":\"search_term_string\"}}],\"inLanguage\":\"it-IT\"},{\"@type\":\"Organization\",\"@id\":\"https:\/\/www.istitutogalanteoliva.it\/magazine\/#organization\",\"name\":\"Polis SA Magazine\",\"url\":\"https:\/\/www.istitutogalanteoliva.it\/magazine\/\",\"logo\":{\"@type\":\"ImageObject\",\"inLanguage\":\"it-IT\",\"@id\":\"https:\/\/www.istitutogalanteoliva.it\/magazine\/#\/schema\/logo\/image\/\",\"url\":\"\",\"contentUrl\":\"\",\"caption\":\"Polis SA Magazine\"},\"image\":{\"@id\":\"https:\/\/www.istitutogalanteoliva.it\/magazine\/#\/schema\/logo\/image\/\"},\"sameAs\":[\"https:\/\/www.facebook.com\/PolisSAMagazine\/\",\"https:\/\/x.com\/MagazinePolis\",\"https:\/\/www.youtube.com\/channel\/UCv0Mr5AHKUmsc0sEEXkJrgw\"]},{\"@type\":\"Person\",\"@id\":\"https:\/\/www.istitutogalanteoliva.it\/magazine\/#\/schema\/person\/d8b8aa79cfe8babc1df9da3212a7c0c4\",\"name\":\"Antonello Rivano\",\"image\":{\"@type\":\"ImageObject\",\"inLanguage\":\"it-IT\",\"@id\":\"https:\/\/www.istitutogalanteoliva.it\/magazine\/#\/schema\/person\/image\/\",\"url\":\"https:\/\/secure.gravatar.com\/avatar\/517a9a6487a7a18ecc4ce6d2e57a8f40?s=96&d=mm&r=g\",\"contentUrl\":\"https:\/\/secure.gravatar.com\/avatar\/517a9a6487a7a18ecc4ce6d2e57a8f40?s=96&d=mm&r=g\",\"caption\":\"Antonello Rivano\"},\"url\":\"https:\/\/www.istitutogalanteoliva.it\/magazine\/author\/antonello\/\"}]}<\/script>\n<!-- \/ Yoast SEO plugin. -->","yoast_head_json":{"title":"\u201cIn che acque navighiamo?\u201d - Polis SA Magazine","robots":{"index":"index","follow":"follow","max-snippet":"max-snippet:-1","max-image-preview":"max-image-preview:large","max-video-preview":"max-video-preview:-1"},"canonical":"https:\/\/www.istitutogalanteoliva.it\/magazine\/2021\/07\/29\/in-che-acque-navighiamo\/","og_locale":"it_IT","og_type":"article","og_title":"\u201cIn che acque navighiamo?\u201d - Polis SA Magazine","og_description":"A Calasetta (SU), sabato 31 luglio, nell'ambito del progetto Cul-TURE d\u2019@mare, tavola rotonda sullo stato degli oceani.","og_url":"https:\/\/www.istitutogalanteoliva.it\/magazine\/2021\/07\/29\/in-che-acque-navighiamo\/","og_site_name":"Polis SA Magazine","article_publisher":"https:\/\/www.facebook.com\/PolisSAMagazine\/","article_published_time":"2021-07-29T06:57:34+00:00","article_modified_time":"2021-07-29T06:57:36+00:00","og_image":[{"width":640,"height":380,"url":"https:\/\/www.istitutogalanteoliva.it\/magazine\/wp-content\/uploads\/2021\/07\/Progetto-Mediterranea-2.jpg","type":"image\/jpeg"}],"author":"Antonello Rivano","twitter_card":"summary_large_image","twitter_creator":"@MagazinePolis","twitter_site":"@MagazinePolis","twitter_misc":{"Scritto da":"Antonello Rivano","Tempo di lettura stimato":"4 minuti"},"schema":{"@context":"https:\/\/schema.org","@graph":[{"@type":"Article","@id":"https:\/\/www.istitutogalanteoliva.it\/magazine\/2021\/07\/29\/in-che-acque-navighiamo\/#article","isPartOf":{"@id":"https:\/\/www.istitutogalanteoliva.it\/magazine\/2021\/07\/29\/in-che-acque-navighiamo\/"},"author":{"name":"Antonello Rivano","@id":"https:\/\/www.istitutogalanteoliva.it\/magazine\/#\/schema\/person\/d8b8aa79cfe8babc1df9da3212a7c0c4"},"headline":"\u201cIn che acque navighiamo?\u201d","datePublished":"2021-07-29T06:57:34+00:00","dateModified":"2021-07-29T06:57:36+00:00","mainEntityOfPage":{"@id":"https:\/\/www.istitutogalanteoliva.it\/magazine\/2021\/07\/29\/in-che-acque-navighiamo\/"},"wordCount":786,"commentCount":0,"publisher":{"@id":"https:\/\/www.istitutogalanteoliva.it\/magazine\/#organization"},"image":{"@id":"https:\/\/www.istitutogalanteoliva.it\/magazine\/2021\/07\/29\/in-che-acque-navighiamo\/#primaryimage"},"thumbnailUrl":"https:\/\/www.istitutogalanteoliva.it\/magazine\/wp-content\/uploads\/2021\/07\/Progetto-Mediterranea-2.jpg","keywords":["Calasetta"],"articleSection":["2021","Ambiente","Eventi","Sardegna"],"inLanguage":"it-IT","potentialAction":[{"@type":"CommentAction","name":"Comment","target":["https:\/\/www.istitutogalanteoliva.it\/magazine\/2021\/07\/29\/in-che-acque-navighiamo\/#respond"]}]},{"@type":"WebPage","@id":"https:\/\/www.istitutogalanteoliva.it\/magazine\/2021\/07\/29\/in-che-acque-navighiamo\/","url":"https:\/\/www.istitutogalanteoliva.it\/magazine\/2021\/07\/29\/in-che-acque-navighiamo\/","name":"\u201cIn che acque navighiamo?\u201d - Polis SA Magazine","isPartOf":{"@id":"https:\/\/www.istitutogalanteoliva.it\/magazine\/#website"},"primaryImageOfPage":{"@id":"https:\/\/www.istitutogalanteoliva.it\/magazine\/2021\/07\/29\/in-che-acque-navighiamo\/#primaryimage"},"image":{"@id":"https:\/\/www.istitutogalanteoliva.it\/magazine\/2021\/07\/29\/in-che-acque-navighiamo\/#primaryimage"},"thumbnailUrl":"https:\/\/www.istitutogalanteoliva.it\/magazine\/wp-content\/uploads\/2021\/07\/Progetto-Mediterranea-2.jpg","datePublished":"2021-07-29T06:57:34+00:00","dateModified":"2021-07-29T06:57:36+00:00","breadcrumb":{"@id":"https:\/\/www.istitutogalanteoliva.it\/magazine\/2021\/07\/29\/in-che-acque-navighiamo\/#breadcrumb"},"inLanguage":"it-IT","potentialAction":[{"@type":"ReadAction","target":["https:\/\/www.istitutogalanteoliva.it\/magazine\/2021\/07\/29\/in-che-acque-navighiamo\/"]}]},{"@type":"ImageObject","inLanguage":"it-IT","@id":"https:\/\/www.istitutogalanteoliva.it\/magazine\/2021\/07\/29\/in-che-acque-navighiamo\/#primaryimage","url":"https:\/\/www.istitutogalanteoliva.it\/magazine\/wp-content\/uploads\/2021\/07\/Progetto-Mediterranea-2.jpg","contentUrl":"https:\/\/www.istitutogalanteoliva.it\/magazine\/wp-content\/uploads\/2021\/07\/Progetto-Mediterranea-2.jpg","width":640,"height":380},{"@type":"BreadcrumbList","@id":"https:\/\/www.istitutogalanteoliva.it\/magazine\/2021\/07\/29\/in-che-acque-navighiamo\/#breadcrumb","itemListElement":[{"@type":"ListItem","position":1,"name":"Home","item":"https:\/\/www.istitutogalanteoliva.it\/magazine\/"},{"@type":"ListItem","position":2,"name":"\u201cIn che acque navighiamo?\u201d"}]},{"@type":"WebSite","@id":"https:\/\/www.istitutogalanteoliva.it\/magazine\/#website","url":"https:\/\/www.istitutogalanteoliva.it\/magazine\/","name":"POLIS SA MAGAZINE","description":"Informazione e approfondimenti","publisher":{"@id":"https:\/\/www.istitutogalanteoliva.it\/magazine\/#organization"},"potentialAction":[{"@type":"SearchAction","target":{"@type":"EntryPoint","urlTemplate":"https:\/\/www.istitutogalanteoliva.it\/magazine\/?s={search_term_string}"},"query-input":{"@type":"PropertyValueSpecification","valueRequired":true,"valueName":"search_term_string"}}],"inLanguage":"it-IT"},{"@type":"Organization","@id":"https:\/\/www.istitutogalanteoliva.it\/magazine\/#organization","name":"Polis SA Magazine","url":"https:\/\/www.istitutogalanteoliva.it\/magazine\/","logo":{"@type":"ImageObject","inLanguage":"it-IT","@id":"https:\/\/www.istitutogalanteoliva.it\/magazine\/#\/schema\/logo\/image\/","url":"","contentUrl":"","caption":"Polis SA Magazine"},"image":{"@id":"https:\/\/www.istitutogalanteoliva.it\/magazine\/#\/schema\/logo\/image\/"},"sameAs":["https:\/\/www.facebook.com\/PolisSAMagazine\/","https:\/\/x.com\/MagazinePolis","https:\/\/www.youtube.com\/channel\/UCv0Mr5AHKUmsc0sEEXkJrgw"]},{"@type":"Person","@id":"https:\/\/www.istitutogalanteoliva.it\/magazine\/#\/schema\/person\/d8b8aa79cfe8babc1df9da3212a7c0c4","name":"Antonello Rivano","image":{"@type":"ImageObject","inLanguage":"it-IT","@id":"https:\/\/www.istitutogalanteoliva.it\/magazine\/#\/schema\/person\/image\/","url":"https:\/\/secure.gravatar.com\/avatar\/517a9a6487a7a18ecc4ce6d2e57a8f40?s=96&d=mm&r=g","contentUrl":"https:\/\/secure.gravatar.com\/avatar\/517a9a6487a7a18ecc4ce6d2e57a8f40?s=96&d=mm&r=g","caption":"Antonello Rivano"},"url":"https:\/\/www.istitutogalanteoliva.it\/magazine\/author\/antonello\/"}]}},"_links":{"self":[{"href":"https:\/\/www.istitutogalanteoliva.it\/magazine\/wp-json\/wp\/v2\/posts\/8854","targetHints":{"allow":["GET"]}}],"collection":[{"href":"https:\/\/www.istitutogalanteoliva.it\/magazine\/wp-json\/wp\/v2\/posts"}],"about":[{"href":"https:\/\/www.istitutogalanteoliva.it\/magazine\/wp-json\/wp\/v2\/types\/post"}],"author":[{"embeddable":true,"href":"https:\/\/www.istitutogalanteoliva.it\/magazine\/wp-json\/wp\/v2\/users\/2"}],"replies":[{"embeddable":true,"href":"https:\/\/www.istitutogalanteoliva.it\/magazine\/wp-json\/wp\/v2\/comments?post=8854"}],"version-history":[{"count":4,"href":"https:\/\/www.istitutogalanteoliva.it\/magazine\/wp-json\/wp\/v2\/posts\/8854\/revisions"}],"predecessor-version":[{"id":8871,"href":"https:\/\/www.istitutogalanteoliva.it\/magazine\/wp-json\/wp\/v2\/posts\/8854\/revisions\/8871"}],"wp:featuredmedia":[{"embeddable":true,"href":"https:\/\/www.istitutogalanteoliva.it\/magazine\/wp-json\/wp\/v2\/media\/8870"}],"wp:attachment":[{"href":"https:\/\/www.istitutogalanteoliva.it\/magazine\/wp-json\/wp\/v2\/media?parent=8854"}],"wp:term":[{"taxonomy":"category","embeddable":true,"href":"https:\/\/www.istitutogalanteoliva.it\/magazine\/wp-json\/wp\/v2\/categories?post=8854"},{"taxonomy":"post_tag","embeddable":true,"href":"https:\/\/www.istitutogalanteoliva.it\/magazine\/wp-json\/wp\/v2\/tags?post=8854"}],"curies":[{"name":"wp","href":"https:\/\/api.w.org\/{rel}","templated":true}]}}