{"id":893,"date":"2017-10-15T11:25:26","date_gmt":"2017-10-15T09:25:26","guid":{"rendered":"http:\/\/www.edizionipolis.it\/magazine\/?p=893"},"modified":"2019-08-21T11:32:21","modified_gmt":"2019-08-21T09:32:21","slug":"dialogo-con-un-poeta-la-scrittura-secondo-alfonso-tramontano-guerritore","status":"publish","type":"post","link":"https:\/\/www.istitutogalanteoliva.it\/magazine\/2017\/10\/15\/dialogo-con-un-poeta-la-scrittura-secondo-alfonso-tramontano-guerritore\/","title":{"rendered":"Dialogo con un Poeta: la scrittura secondo Alfonso Tramontano Guerritore"},"content":{"rendered":"\n<p>Poeta, scrittore, giornalista, <em>performer <\/em>teatrale, <em>speaker <\/em>radiofonico, attivista. Multiverso. Alfonso Tramontano Guerritore \u00e8 un insieme di prospettive della sensibilit\u00e0 che si intersecano e producono storie. Che sia in mezzo alla strada, in un\u2019aula di tribunale, sul palcoscenico o tra le pagine di uno dei suoi racconti, Guerritore scava nella sostanza delle cose e della carne, cerca l\u2019umano e ne narra le nefandezze, le dolci fragilit\u00e0, le illusorie speranze. Pochi giorni fa ha avviato il primo di una serie di incontri-<em>reading <\/em>che vedono protagonisti i suoi racconti, costruendo uno spettacolo dal titolo \u201cPeccati-Cose da niente. Cose di strada riarrangiate, mischiate di dialetto e guagliunamma\u201d. <\/p>\n\n\n\n<p>Non \u00e8 la prima volta che si cimenta con il teatro. Gi\u00e0 in collaborazione con la Compagnia del Grimaldello, guidata dal regista e attore Antonio Grimaldi, ha scritto <em>pi\u00e8ce <\/em>e si \u00e8 cimentato nell\u2019azione performante. Sulle pagine del quotidiano \u201cla Citt\u00e0\u201d si occupa di cronaca giudiziaria, descrivendo il pi\u00f9 delle volte un mondo fatto di politici corrotti, camorristi e poveri diavoli. <\/p>\n\n\n\n<p>Autore dei <em>blog <\/em>\u201cLavocedeipesci\u201d e \u201cGuerriglia\u201d, \u00e8 riuscito a costruire nel tempo una voce sua. Una voce corale, dove gli occhi di chi racconta si confondono con la strada, i palazzi, la gente, le urla, le <em>maleparole<\/em>, gli spasmi sessuali, le morti orride, si confonde con la vita quotidiana di un territorio di un qualsiasi sud del mondo, l\u2019Agro nocerino-sarnese, a cavallo tra Napoletano e Salernitano. Quella voce di Guerritore scompare, come il mangiafuoco di Pinocchio, dietro il teatrino che muove i fili. Restano i personaggi, umani, \u201cmostri\u201d o paesaggi che siano. Tutti a concorrere a un valicare la linea d\u2019ombra, a met\u00e0 tra Conra e Stephen King (qui non c\u2019entra l\u2019horror, ma l\u2019orrido dell\u2019esistenza quotidiana). Guerritore conosce bene il mondo che descrive, sono storie di vita, sprazzi assimilati nelle frenetiche corse in strada, nel fuoco degli eventi dove sangue e grida la fanno da padroni. Nessun localismo. La forza delle sue storie sta nel rendere universali le vite di certi ragazzi, come quelli delle borgate romane di Pasolini. Nascono cos\u00ec personaggi solidi. Il ragazzino e il mare dinanzi a lui, nel mezzo la sfida di un tuffo e gli occhi di una ragazza: un po\u2019 come in \u201cBrevi interviste con uomini schifosi\u201d di David Foster Wallace. La <em>guagliunamma <\/em>di quartieri desolati che scavalcano le gerarchie della vita in un campetto di calcio, ai piedi di una ferrovia sgangherata. In questo percorso esplode quel passaggio dall\u2019infanzia all\u2019adolescenza o dall\u2019adolescenza a qualcos\u2019altro. \u00c8 cos\u00ec che i racconti di Guerritore diventano rito, modifica, mutazione dell\u2019animo e di relazione. Diventano un treno che passa, colpito con violenza dalle pietre. <\/p>\n\n\n\n<p><em>Cosa significa per te scrivere?\n<\/em><\/p>\n\n\n\n<p>\u00abEsprimersi e fermare le cose che ti passano intorno, renderle concrete\u00bb. <\/p>\n\n\n\n<p><em>Nasce prima l\u2019amore per la scrittura o il giornalismo?\n<\/em><\/p>\n\n\n\n<p>\u00abLa scrittura \u00e8 una sorta di seconda pelle, \u00e8 nata prima, cos\u00ec come la lettura. Poi sono\narrivato al giornalismo. La prima domanda fattami dal capo della redazione di allora\n[Cronache, <em>ndr<\/em>.] fu \u201cche cosa ti piace di questo mestiere?\u201d. Io risposi \u201cscrivere\u201d. Mi fu\ndetto che non serviva a niente. Col giornalismo il lavoro punta sulle notizie. La scrittura\n\u00e8 un accessorio. Il giornalismo ha a che fare col mondo e non tanto con la scrittura. Ma\nquesto si capisce solo dopo. C\u2019\u00e8 una idea molto romantica del giornalismo che \u00e8 quella\ndel racconto, del <em>reportage<\/em>, ma \u00e8 solo una piccola parte di questo mestiere\u00bb.\n<\/p>\n\n\n\n<p><em>Come fu questo primo impatto?\n<\/em><\/p>\n\n\n\n<p>\u00abInizialmente rimasi stralunato. Mi ero mosso su spinta di amici e parenti, per cominciare a capire come funzionava un giornale. Mi piaceva leggerli, come oggi. C\u2019\u00e8 da dire, per\u00f2, che un articolo giornalistico ha delle regole precise che impari col tempo, finch\u00e9 ti diventano automatiche. Le famose \u201c5 W\u201d\u00bb. <\/p>\n\n\n\n<p><em>Qual \u00e8 la differenza nell\u2019approccio tra scrittura narrativa e giornalismo?\n<\/em><\/p>\n\n\n\n<p>\u00abLa scrittura narrativa ha tempi diversi, uno sguardo diverso, pi\u00f9 libert\u00e0 nella fase iniziale. Ha qualcosa di personale che segna in maniera pi\u00f9 marcata il risultato. Per il giornalismo, c\u2019\u00e8 una realt\u00e0 che ti richiama a s\u00e9, e quella realt\u00e0 che ti chiama ha un compito ben preciso. Chi scrive e fa letteratura certo ha comunque una responsabilit\u00e0, quella di dare una chiave di lettura, magari meno puntata sul quotidiano. Ma non ci credo a una scrittura priva di politica. Anche un poeta che guarda la luna ha in s\u00e9 un messaggio forte\u00bb. <\/p>\n\n\n\n<p><em>Dunque l\u2019una condiziona l\u2019altro?\n<\/em><\/p>\n\n\n\n<p>\u00abDipende sempre dal rapporto giornalismo-letteratura. Il giornalismo mi ha dato una\ngrande chiave, quella di tenere ben presente una urgenza, una necessit\u00e0. Il giornalismo\n\u00e8 l\u00ec che ti richiama quotidianamente. Anche all\u2019esercizio. Letteratura e giornalismo si\nguardano da una certa distanza. Il giornalismo mi ha insegnato l\u2019esercizio, la pratica della\nscrittura quotidiana, che \u00e8 una cosa in comune con la letteratura. Riempi pagine e pagine.\nL\u2019idea, poi, viene fuori. Ma il lavoro grosso \u00e8 la rilettura, lo sfrondare. Cos\u00ec arrivi a una\ncerta essenza e a quello che volevi davvero esprimere. Un lavoro che si fa con la pietra\ngrezza. Hai in testa qualcosa ma devi togliere quello che non serve. Anche la poesia non\n\u00e8 semplice da scrivere\u00bb.\n<\/p>\n\n\n\n<p><em>Ecco, poesia. Qual \u00e8 il processo creativo e artigianale del verso?\n<\/em><\/p>\n\n\n\n<p>\u00abC\u2019\u00e8 sempre di mezzo la parola. Il tipo di lavoro \u00e8 uguale. La poesia non nasce da s\u00e9 e non nasce senza una lavorazione. Credi che la poesia fluisca come l\u2019acqua corrente o nasca come un tramonto. Ma come per un racconto o un articolo, butti appunti, conservi immagini, parole. Ci torni, un lavoro di cesello, di lima. Magari puoi accontentarti di un verso semplice perch\u00e9 hai un\u2019urgenza ma, se ci lavori, quel verso trover\u00e0 uno spazio pi\u00f9 assoluto. Lo schizzo di un artigiano pu\u00f2 suggestionarti, come un tramonto, una parete rocciosa. Il modo di fare urticante di una persona. L\u2019ostilit\u00e0 di un paesaggio moderno. Anche il traffico. Tante volte mi ispira, perch\u00e9 \u00e8 assurdo immaginare tutte queste persone compresse, con tutti i loro pensieri e desideri, in quelle scatole. Oppure osservare le persone dal tavolo di un bar o da un balcone. La cosa fondamentale resta la capacit\u00e0 di dare una tua impronta\u00bb. <\/p>\n\n\n\n<p><em>Quali sono i tuoi punti di riferimento per la narrativa e la poesia?\n<\/em><\/p>\n\n\n\n<p>\u00abLeopardi. Poi c\u2019\u00e8 l\u2019americano Charles Simic, Rimbaud. Soprattutto Edgar Allan Poe. Ha scritto poche poesie. Ma crea una serie di colori e suggestioni che hanno a che fare con l\u2019interiorit\u00e0, la psiche, quello che ci ribolle dentro. Sulla narrativa, mi piacerebbe arrivare alla perfezione dei racconti di Lovecraft. In questo periodo mi seduce Hemingway. Amo anche quelli che scrivono dei territori dove sono passato o vivo, come Saviano oppure Malaparte con \u201cLa Pelle\u201d. Uno degli ultimi libri letti \u00e8 stato quello di Fabrizia Remondino, \u201cAlth\u00e9nopis\u201d. In estate ho letto \u201cUna questione privata\u201d di Fenoglio. Ma potrei consigliare anche un grande libro di Gesualdo Bufalino, \u201cDiceria dell\u2019untore\u201d, ambientato in un sanatorio\u00bb. <\/p>\n\n\n\n<p><em>I territori, come influiscono sullo scrivere e sulla tua poetica?\n<\/em><\/p>\n\n\n\n<p>\u00abIn maniera assoluta, totale e necessaria. Mi rifaccio a un esempio. Parlo dello sguardo. Avr\u00f2 avuto 10 anni, giocavamo a pallone, scuole medie, nei parchi residenziali o nei quartieri. Si mischiavano ragazzi di strada, quelli pi\u00f9 timidi, figli di pap\u00e0. Una sorta di democrazia del calcio. Un ragazzo mi ferma e mi dice \u201cTu quando mi vedi in mezzo alla via, devi calare la testa e non mi devi salutare\u201d. Dopo tempo l\u2019ho rivisto e me lo ha ripetuto. Ho capito che questa cosa era parte di un mondo e se contravvenivi a quella regola dovevi importi con la violenza, altrimenti stavi per conto tuo. Questa cosa l\u2019ho rivista cambiata tempo dopo, dove c\u2019era un marciapiedi per quelli che andavano al liceo e di fronte c\u2019erano quelli di strada. Una separazione naturale di quartiere. Ogni tanto con un pretesto succedevano litigi. L\u2019evoluzione di questi episodi sfocia in accoltellamenti, risse, pistolettate. Questo ti porta a usare quel linguaggio o un altro. Chiss\u00e0, un libro nelle mani di uno di questi come funzionerebbe, alle volte \u00e8 una questione di opportunit\u00e0\u00bb. <\/p>\n\n\n\n<p><em>Hai trovato un\u2019altra forma di espressione. Il reading.\n<\/em><\/p>\n\n\n\n<p>\u00abS\u00ec. Quando leggi e scrivi, il pi\u00f9 delle volte c\u2019\u00e8 un silenzio. Quando dai voce alla scrittura, e c\u2019entra il teatro, inizi ad avere a che fare con qualcosa che diventa altro, pi\u00f9 concreto di ci\u00f2 che popola i libri. Le parole sono quelle, ma suonano. La dimensione si apre. Stai riempiendo quel silenzio. Il tuo patto non \u00e8 con chi legge, ma con chi ascolta. Devi tener conto del ritmo, dell\u2019attenzione delle persone. La mia scrittura \u00e8 cambiata col teatro\u00bb. <\/p>\n\n\n\n<p><em>I racconti in scena?\n<\/em><\/p>\n\n\n\n<p>\u00abIl primo si intitolava \u201cLucciole\u201d, che ha qualcosa di pasoliniano, era dedicato a Pasolini. Trattava il mondo della prostituzione. Gli altri hanno un forte legame con l\u2019adolescenza, l\u2019infanzia, la libert\u00e0. \u201cI peccati, cose che non si fanno\u201d, storie legate al territorio ma soprattutto al nostro territorio interiore. Ogni storia parla di un limite con cui si confrontano i protagonisti. Hanno a che fare con la formazione di ciascuno, la parte che ci portiamo sempre con noi, anche se relegata a qualcosa di lontano, a quando eravamo bambini. Sono prove, i peccati. Fatti per fare, per guardare che succede. Storie che non si capisce dov\u2019\u00e8 il male e dov\u2019\u00e8 il bene. La prospettiva \u00e8 di fare un tour e di lavorarci ancora, di costruire una serie di episodi legati ai peccati\u00bb. <\/p>\n\n\n\n<p style=\"text-align:right\"><em>Davide Speranza\n<\/em><\/p>\n<div class=\"pdfprnt-buttons pdfprnt-buttons-post pdfprnt-bottom-left\"><a href=\"https:\/\/www.istitutogalanteoliva.it\/magazine\/wp-json\/wp\/v2\/posts\/893?print=print\" class=\"pdfprnt-button pdfprnt-button-print\" target=\"_blank\"><img decoding=\"async\" src=\"https:\/\/www.istitutogalanteoliva.it\/magazine\/wp-content\/plugins\/pdf-print\/images\/print.png\" alt=\"image_print\" title=\"Stampa contenuto\" \/><span class=\"pdfprnt-button-title pdfprnt-button-print-title\">Download in PDF<\/span><\/a><\/div>","protected":false},"excerpt":{"rendered":"<p>Poeta, scrittore, giornalista, performer teatrale, speaker radiofonico, attivista. Multiverso. Alfonso Tramontano Guerritore \u00e8 un insieme<\/p>\n","protected":false},"author":1,"featured_media":894,"comment_status":"open","ping_status":"open","sticky":false,"template":"","format":"standard","meta":{"footnotes":""},"categories":[2,21],"tags":[],"class_list":["post-893","post","type-post","status-publish","format-standard","has-post-thumbnail","hentry","category-2","category-personaggi"],"yoast_head":"<!-- This site is optimized with the Yoast SEO plugin v24.2 - https:\/\/yoast.com\/wordpress\/plugins\/seo\/ -->\n<title>Dialogo con un Poeta: la scrittura secondo Alfonso Tramontano Guerritore - Polis SA Magazine<\/title>\n<meta name=\"robots\" content=\"index, follow, max-snippet:-1, max-image-preview:large, max-video-preview:-1\" \/>\n<link rel=\"canonical\" href=\"https:\/\/www.istitutogalanteoliva.it\/magazine\/2017\/10\/15\/dialogo-con-un-poeta-la-scrittura-secondo-alfonso-tramontano-guerritore\/\" \/>\n<meta property=\"og:locale\" content=\"it_IT\" \/>\n<meta property=\"og:type\" content=\"article\" \/>\n<meta property=\"og:title\" content=\"Dialogo con un Poeta: la scrittura secondo Alfonso Tramontano Guerritore - Polis SA Magazine\" \/>\n<meta property=\"og:description\" content=\"Poeta, scrittore, giornalista, performer teatrale, speaker radiofonico, attivista. Multiverso. Alfonso Tramontano Guerritore \u00e8 un insieme\" \/>\n<meta property=\"og:url\" content=\"https:\/\/www.istitutogalanteoliva.it\/magazine\/2017\/10\/15\/dialogo-con-un-poeta-la-scrittura-secondo-alfonso-tramontano-guerritore\/\" \/>\n<meta property=\"og:site_name\" content=\"Polis SA Magazine\" \/>\n<meta property=\"article:publisher\" content=\"https:\/\/www.facebook.com\/PolisSAMagazine\/\" \/>\n<meta property=\"article:published_time\" content=\"2017-10-15T09:25:26+00:00\" \/>\n<meta property=\"article:modified_time\" content=\"2019-08-21T09:32:21+00:00\" \/>\n<meta property=\"og:image\" content=\"https:\/\/www.istitutogalanteoliva.it\/magazine\/wp-content\/uploads\/2019\/08\/feather-3819497_640.jpg\" \/>\n\t<meta property=\"og:image:width\" content=\"640\" \/>\n\t<meta property=\"og:image:height\" content=\"426\" \/>\n\t<meta property=\"og:image:type\" content=\"image\/jpeg\" \/>\n<meta name=\"author\" content=\"admin\" \/>\n<meta name=\"twitter:card\" content=\"summary_large_image\" \/>\n<meta name=\"twitter:creator\" content=\"@MagazinePolis\" \/>\n<meta name=\"twitter:site\" content=\"@MagazinePolis\" \/>\n<meta name=\"twitter:label1\" content=\"Scritto da\" \/>\n\t<meta name=\"twitter:data1\" content=\"admin\" \/>\n\t<meta name=\"twitter:label2\" content=\"Tempo di lettura stimato\" \/>\n\t<meta name=\"twitter:data2\" content=\"8 minuti\" \/>\n<script type=\"application\/ld+json\" class=\"yoast-schema-graph\">{\"@context\":\"https:\/\/schema.org\",\"@graph\":[{\"@type\":\"Article\",\"@id\":\"https:\/\/www.istitutogalanteoliva.it\/magazine\/2017\/10\/15\/dialogo-con-un-poeta-la-scrittura-secondo-alfonso-tramontano-guerritore\/#article\",\"isPartOf\":{\"@id\":\"https:\/\/www.istitutogalanteoliva.it\/magazine\/2017\/10\/15\/dialogo-con-un-poeta-la-scrittura-secondo-alfonso-tramontano-guerritore\/\"},\"author\":{\"name\":\"admin\",\"@id\":\"https:\/\/www.istitutogalanteoliva.it\/magazine\/#\/schema\/person\/72e8141246542ebcf905456f5dbd4c49\"},\"headline\":\"Dialogo con un Poeta: la scrittura secondo Alfonso Tramontano Guerritore\",\"datePublished\":\"2017-10-15T09:25:26+00:00\",\"dateModified\":\"2019-08-21T09:32:21+00:00\",\"mainEntityOfPage\":{\"@id\":\"https:\/\/www.istitutogalanteoliva.it\/magazine\/2017\/10\/15\/dialogo-con-un-poeta-la-scrittura-secondo-alfonso-tramontano-guerritore\/\"},\"wordCount\":1566,\"commentCount\":0,\"publisher\":{\"@id\":\"https:\/\/www.istitutogalanteoliva.it\/magazine\/#organization\"},\"image\":{\"@id\":\"https:\/\/www.istitutogalanteoliva.it\/magazine\/2017\/10\/15\/dialogo-con-un-poeta-la-scrittura-secondo-alfonso-tramontano-guerritore\/#primaryimage\"},\"thumbnailUrl\":\"https:\/\/www.istitutogalanteoliva.it\/magazine\/wp-content\/uploads\/2019\/08\/feather-3819497_640.jpg\",\"articleSection\":[\"2017\",\"Personaggi\"],\"inLanguage\":\"it-IT\",\"potentialAction\":[{\"@type\":\"CommentAction\",\"name\":\"Comment\",\"target\":[\"https:\/\/www.istitutogalanteoliva.it\/magazine\/2017\/10\/15\/dialogo-con-un-poeta-la-scrittura-secondo-alfonso-tramontano-guerritore\/#respond\"]}]},{\"@type\":\"WebPage\",\"@id\":\"https:\/\/www.istitutogalanteoliva.it\/magazine\/2017\/10\/15\/dialogo-con-un-poeta-la-scrittura-secondo-alfonso-tramontano-guerritore\/\",\"url\":\"https:\/\/www.istitutogalanteoliva.it\/magazine\/2017\/10\/15\/dialogo-con-un-poeta-la-scrittura-secondo-alfonso-tramontano-guerritore\/\",\"name\":\"Dialogo con un Poeta: la scrittura secondo Alfonso Tramontano Guerritore - Polis SA Magazine\",\"isPartOf\":{\"@id\":\"https:\/\/www.istitutogalanteoliva.it\/magazine\/#website\"},\"primaryImageOfPage\":{\"@id\":\"https:\/\/www.istitutogalanteoliva.it\/magazine\/2017\/10\/15\/dialogo-con-un-poeta-la-scrittura-secondo-alfonso-tramontano-guerritore\/#primaryimage\"},\"image\":{\"@id\":\"https:\/\/www.istitutogalanteoliva.it\/magazine\/2017\/10\/15\/dialogo-con-un-poeta-la-scrittura-secondo-alfonso-tramontano-guerritore\/#primaryimage\"},\"thumbnailUrl\":\"https:\/\/www.istitutogalanteoliva.it\/magazine\/wp-content\/uploads\/2019\/08\/feather-3819497_640.jpg\",\"datePublished\":\"2017-10-15T09:25:26+00:00\",\"dateModified\":\"2019-08-21T09:32:21+00:00\",\"breadcrumb\":{\"@id\":\"https:\/\/www.istitutogalanteoliva.it\/magazine\/2017\/10\/15\/dialogo-con-un-poeta-la-scrittura-secondo-alfonso-tramontano-guerritore\/#breadcrumb\"},\"inLanguage\":\"it-IT\",\"potentialAction\":[{\"@type\":\"ReadAction\",\"target\":[\"https:\/\/www.istitutogalanteoliva.it\/magazine\/2017\/10\/15\/dialogo-con-un-poeta-la-scrittura-secondo-alfonso-tramontano-guerritore\/\"]}]},{\"@type\":\"ImageObject\",\"inLanguage\":\"it-IT\",\"@id\":\"https:\/\/www.istitutogalanteoliva.it\/magazine\/2017\/10\/15\/dialogo-con-un-poeta-la-scrittura-secondo-alfonso-tramontano-guerritore\/#primaryimage\",\"url\":\"https:\/\/www.istitutogalanteoliva.it\/magazine\/wp-content\/uploads\/2019\/08\/feather-3819497_640.jpg\",\"contentUrl\":\"https:\/\/www.istitutogalanteoliva.it\/magazine\/wp-content\/uploads\/2019\/08\/feather-3819497_640.jpg\",\"width\":640,\"height\":426},{\"@type\":\"BreadcrumbList\",\"@id\":\"https:\/\/www.istitutogalanteoliva.it\/magazine\/2017\/10\/15\/dialogo-con-un-poeta-la-scrittura-secondo-alfonso-tramontano-guerritore\/#breadcrumb\",\"itemListElement\":[{\"@type\":\"ListItem\",\"position\":1,\"name\":\"Home\",\"item\":\"https:\/\/www.istitutogalanteoliva.it\/magazine\/\"},{\"@type\":\"ListItem\",\"position\":2,\"name\":\"Dialogo con un Poeta: la scrittura secondo Alfonso Tramontano Guerritore\"}]},{\"@type\":\"WebSite\",\"@id\":\"https:\/\/www.istitutogalanteoliva.it\/magazine\/#website\",\"url\":\"https:\/\/www.istitutogalanteoliva.it\/magazine\/\",\"name\":\"POLIS SA MAGAZINE\",\"description\":\"Informazione e approfondimenti\",\"publisher\":{\"@id\":\"https:\/\/www.istitutogalanteoliva.it\/magazine\/#organization\"},\"potentialAction\":[{\"@type\":\"SearchAction\",\"target\":{\"@type\":\"EntryPoint\",\"urlTemplate\":\"https:\/\/www.istitutogalanteoliva.it\/magazine\/?s={search_term_string}\"},\"query-input\":{\"@type\":\"PropertyValueSpecification\",\"valueRequired\":true,\"valueName\":\"search_term_string\"}}],\"inLanguage\":\"it-IT\"},{\"@type\":\"Organization\",\"@id\":\"https:\/\/www.istitutogalanteoliva.it\/magazine\/#organization\",\"name\":\"Polis SA Magazine\",\"url\":\"https:\/\/www.istitutogalanteoliva.it\/magazine\/\",\"logo\":{\"@type\":\"ImageObject\",\"inLanguage\":\"it-IT\",\"@id\":\"https:\/\/www.istitutogalanteoliva.it\/magazine\/#\/schema\/logo\/image\/\",\"url\":\"\",\"contentUrl\":\"\",\"caption\":\"Polis SA Magazine\"},\"image\":{\"@id\":\"https:\/\/www.istitutogalanteoliva.it\/magazine\/#\/schema\/logo\/image\/\"},\"sameAs\":[\"https:\/\/www.facebook.com\/PolisSAMagazine\/\",\"https:\/\/x.com\/MagazinePolis\",\"https:\/\/www.youtube.com\/channel\/UCv0Mr5AHKUmsc0sEEXkJrgw\"]},{\"@type\":\"Person\",\"@id\":\"https:\/\/www.istitutogalanteoliva.it\/magazine\/#\/schema\/person\/72e8141246542ebcf905456f5dbd4c49\",\"name\":\"admin\",\"image\":{\"@type\":\"ImageObject\",\"inLanguage\":\"it-IT\",\"@id\":\"https:\/\/www.istitutogalanteoliva.it\/magazine\/#\/schema\/person\/image\/\",\"url\":\"https:\/\/secure.gravatar.com\/avatar\/07059cc99eeb1edd29e138d1812e69ec?s=96&d=mm&r=g\",\"contentUrl\":\"https:\/\/secure.gravatar.com\/avatar\/07059cc99eeb1edd29e138d1812e69ec?s=96&d=mm&r=g\",\"caption\":\"admin\"},\"url\":\"https:\/\/www.istitutogalanteoliva.it\/magazine\/author\/admin\/\"}]}<\/script>\n<!-- \/ Yoast SEO plugin. -->","yoast_head_json":{"title":"Dialogo con un Poeta: la scrittura secondo Alfonso Tramontano Guerritore - Polis SA Magazine","robots":{"index":"index","follow":"follow","max-snippet":"max-snippet:-1","max-image-preview":"max-image-preview:large","max-video-preview":"max-video-preview:-1"},"canonical":"https:\/\/www.istitutogalanteoliva.it\/magazine\/2017\/10\/15\/dialogo-con-un-poeta-la-scrittura-secondo-alfonso-tramontano-guerritore\/","og_locale":"it_IT","og_type":"article","og_title":"Dialogo con un Poeta: la scrittura secondo Alfonso Tramontano Guerritore - Polis SA Magazine","og_description":"Poeta, scrittore, giornalista, performer teatrale, speaker radiofonico, attivista. Multiverso. Alfonso Tramontano Guerritore \u00e8 un insieme","og_url":"https:\/\/www.istitutogalanteoliva.it\/magazine\/2017\/10\/15\/dialogo-con-un-poeta-la-scrittura-secondo-alfonso-tramontano-guerritore\/","og_site_name":"Polis SA Magazine","article_publisher":"https:\/\/www.facebook.com\/PolisSAMagazine\/","article_published_time":"2017-10-15T09:25:26+00:00","article_modified_time":"2019-08-21T09:32:21+00:00","og_image":[{"width":640,"height":426,"url":"https:\/\/www.istitutogalanteoliva.it\/magazine\/wp-content\/uploads\/2019\/08\/feather-3819497_640.jpg","type":"image\/jpeg"}],"author":"admin","twitter_card":"summary_large_image","twitter_creator":"@MagazinePolis","twitter_site":"@MagazinePolis","twitter_misc":{"Scritto da":"admin","Tempo di lettura stimato":"8 minuti"},"schema":{"@context":"https:\/\/schema.org","@graph":[{"@type":"Article","@id":"https:\/\/www.istitutogalanteoliva.it\/magazine\/2017\/10\/15\/dialogo-con-un-poeta-la-scrittura-secondo-alfonso-tramontano-guerritore\/#article","isPartOf":{"@id":"https:\/\/www.istitutogalanteoliva.it\/magazine\/2017\/10\/15\/dialogo-con-un-poeta-la-scrittura-secondo-alfonso-tramontano-guerritore\/"},"author":{"name":"admin","@id":"https:\/\/www.istitutogalanteoliva.it\/magazine\/#\/schema\/person\/72e8141246542ebcf905456f5dbd4c49"},"headline":"Dialogo con un Poeta: la scrittura secondo Alfonso Tramontano Guerritore","datePublished":"2017-10-15T09:25:26+00:00","dateModified":"2019-08-21T09:32:21+00:00","mainEntityOfPage":{"@id":"https:\/\/www.istitutogalanteoliva.it\/magazine\/2017\/10\/15\/dialogo-con-un-poeta-la-scrittura-secondo-alfonso-tramontano-guerritore\/"},"wordCount":1566,"commentCount":0,"publisher":{"@id":"https:\/\/www.istitutogalanteoliva.it\/magazine\/#organization"},"image":{"@id":"https:\/\/www.istitutogalanteoliva.it\/magazine\/2017\/10\/15\/dialogo-con-un-poeta-la-scrittura-secondo-alfonso-tramontano-guerritore\/#primaryimage"},"thumbnailUrl":"https:\/\/www.istitutogalanteoliva.it\/magazine\/wp-content\/uploads\/2019\/08\/feather-3819497_640.jpg","articleSection":["2017","Personaggi"],"inLanguage":"it-IT","potentialAction":[{"@type":"CommentAction","name":"Comment","target":["https:\/\/www.istitutogalanteoliva.it\/magazine\/2017\/10\/15\/dialogo-con-un-poeta-la-scrittura-secondo-alfonso-tramontano-guerritore\/#respond"]}]},{"@type":"WebPage","@id":"https:\/\/www.istitutogalanteoliva.it\/magazine\/2017\/10\/15\/dialogo-con-un-poeta-la-scrittura-secondo-alfonso-tramontano-guerritore\/","url":"https:\/\/www.istitutogalanteoliva.it\/magazine\/2017\/10\/15\/dialogo-con-un-poeta-la-scrittura-secondo-alfonso-tramontano-guerritore\/","name":"Dialogo con un Poeta: la scrittura secondo Alfonso Tramontano Guerritore - Polis SA Magazine","isPartOf":{"@id":"https:\/\/www.istitutogalanteoliva.it\/magazine\/#website"},"primaryImageOfPage":{"@id":"https:\/\/www.istitutogalanteoliva.it\/magazine\/2017\/10\/15\/dialogo-con-un-poeta-la-scrittura-secondo-alfonso-tramontano-guerritore\/#primaryimage"},"image":{"@id":"https:\/\/www.istitutogalanteoliva.it\/magazine\/2017\/10\/15\/dialogo-con-un-poeta-la-scrittura-secondo-alfonso-tramontano-guerritore\/#primaryimage"},"thumbnailUrl":"https:\/\/www.istitutogalanteoliva.it\/magazine\/wp-content\/uploads\/2019\/08\/feather-3819497_640.jpg","datePublished":"2017-10-15T09:25:26+00:00","dateModified":"2019-08-21T09:32:21+00:00","breadcrumb":{"@id":"https:\/\/www.istitutogalanteoliva.it\/magazine\/2017\/10\/15\/dialogo-con-un-poeta-la-scrittura-secondo-alfonso-tramontano-guerritore\/#breadcrumb"},"inLanguage":"it-IT","potentialAction":[{"@type":"ReadAction","target":["https:\/\/www.istitutogalanteoliva.it\/magazine\/2017\/10\/15\/dialogo-con-un-poeta-la-scrittura-secondo-alfonso-tramontano-guerritore\/"]}]},{"@type":"ImageObject","inLanguage":"it-IT","@id":"https:\/\/www.istitutogalanteoliva.it\/magazine\/2017\/10\/15\/dialogo-con-un-poeta-la-scrittura-secondo-alfonso-tramontano-guerritore\/#primaryimage","url":"https:\/\/www.istitutogalanteoliva.it\/magazine\/wp-content\/uploads\/2019\/08\/feather-3819497_640.jpg","contentUrl":"https:\/\/www.istitutogalanteoliva.it\/magazine\/wp-content\/uploads\/2019\/08\/feather-3819497_640.jpg","width":640,"height":426},{"@type":"BreadcrumbList","@id":"https:\/\/www.istitutogalanteoliva.it\/magazine\/2017\/10\/15\/dialogo-con-un-poeta-la-scrittura-secondo-alfonso-tramontano-guerritore\/#breadcrumb","itemListElement":[{"@type":"ListItem","position":1,"name":"Home","item":"https:\/\/www.istitutogalanteoliva.it\/magazine\/"},{"@type":"ListItem","position":2,"name":"Dialogo con un Poeta: la scrittura secondo Alfonso Tramontano Guerritore"}]},{"@type":"WebSite","@id":"https:\/\/www.istitutogalanteoliva.it\/magazine\/#website","url":"https:\/\/www.istitutogalanteoliva.it\/magazine\/","name":"POLIS SA MAGAZINE","description":"Informazione e approfondimenti","publisher":{"@id":"https:\/\/www.istitutogalanteoliva.it\/magazine\/#organization"},"potentialAction":[{"@type":"SearchAction","target":{"@type":"EntryPoint","urlTemplate":"https:\/\/www.istitutogalanteoliva.it\/magazine\/?s={search_term_string}"},"query-input":{"@type":"PropertyValueSpecification","valueRequired":true,"valueName":"search_term_string"}}],"inLanguage":"it-IT"},{"@type":"Organization","@id":"https:\/\/www.istitutogalanteoliva.it\/magazine\/#organization","name":"Polis SA Magazine","url":"https:\/\/www.istitutogalanteoliva.it\/magazine\/","logo":{"@type":"ImageObject","inLanguage":"it-IT","@id":"https:\/\/www.istitutogalanteoliva.it\/magazine\/#\/schema\/logo\/image\/","url":"","contentUrl":"","caption":"Polis SA Magazine"},"image":{"@id":"https:\/\/www.istitutogalanteoliva.it\/magazine\/#\/schema\/logo\/image\/"},"sameAs":["https:\/\/www.facebook.com\/PolisSAMagazine\/","https:\/\/x.com\/MagazinePolis","https:\/\/www.youtube.com\/channel\/UCv0Mr5AHKUmsc0sEEXkJrgw"]},{"@type":"Person","@id":"https:\/\/www.istitutogalanteoliva.it\/magazine\/#\/schema\/person\/72e8141246542ebcf905456f5dbd4c49","name":"admin","image":{"@type":"ImageObject","inLanguage":"it-IT","@id":"https:\/\/www.istitutogalanteoliva.it\/magazine\/#\/schema\/person\/image\/","url":"https:\/\/secure.gravatar.com\/avatar\/07059cc99eeb1edd29e138d1812e69ec?s=96&d=mm&r=g","contentUrl":"https:\/\/secure.gravatar.com\/avatar\/07059cc99eeb1edd29e138d1812e69ec?s=96&d=mm&r=g","caption":"admin"},"url":"https:\/\/www.istitutogalanteoliva.it\/magazine\/author\/admin\/"}]}},"_links":{"self":[{"href":"https:\/\/www.istitutogalanteoliva.it\/magazine\/wp-json\/wp\/v2\/posts\/893","targetHints":{"allow":["GET"]}}],"collection":[{"href":"https:\/\/www.istitutogalanteoliva.it\/magazine\/wp-json\/wp\/v2\/posts"}],"about":[{"href":"https:\/\/www.istitutogalanteoliva.it\/magazine\/wp-json\/wp\/v2\/types\/post"}],"author":[{"embeddable":true,"href":"https:\/\/www.istitutogalanteoliva.it\/magazine\/wp-json\/wp\/v2\/users\/1"}],"replies":[{"embeddable":true,"href":"https:\/\/www.istitutogalanteoliva.it\/magazine\/wp-json\/wp\/v2\/comments?post=893"}],"version-history":[{"count":1,"href":"https:\/\/www.istitutogalanteoliva.it\/magazine\/wp-json\/wp\/v2\/posts\/893\/revisions"}],"predecessor-version":[{"id":895,"href":"https:\/\/www.istitutogalanteoliva.it\/magazine\/wp-json\/wp\/v2\/posts\/893\/revisions\/895"}],"wp:featuredmedia":[{"embeddable":true,"href":"https:\/\/www.istitutogalanteoliva.it\/magazine\/wp-json\/wp\/v2\/media\/894"}],"wp:attachment":[{"href":"https:\/\/www.istitutogalanteoliva.it\/magazine\/wp-json\/wp\/v2\/media?parent=893"}],"wp:term":[{"taxonomy":"category","embeddable":true,"href":"https:\/\/www.istitutogalanteoliva.it\/magazine\/wp-json\/wp\/v2\/categories?post=893"},{"taxonomy":"post_tag","embeddable":true,"href":"https:\/\/www.istitutogalanteoliva.it\/magazine\/wp-json\/wp\/v2\/tags?post=893"}],"curies":[{"name":"wp","href":"https:\/\/api.w.org\/{rel}","templated":true}]}}