{"id":896,"date":"2017-10-17T11:32:22","date_gmt":"2017-10-17T09:32:22","guid":{"rendered":"http:\/\/www.edizionipolis.it\/magazine\/?p=896"},"modified":"2019-08-21T11:35:02","modified_gmt":"2019-08-21T09:35:02","slug":"povia-distruggere-lidentita-delle-persone-partendo-dai-bambini-e-un-disegno-del-nuovo-potere","status":"publish","type":"post","link":"https:\/\/www.istitutogalanteoliva.it\/magazine\/2017\/10\/17\/povia-distruggere-lidentita-delle-persone-partendo-dai-bambini-e-un-disegno-del-nuovo-potere\/","title":{"rendered":"Povia \u201cDistruggere l\u2019identita\u0300 delle persone partendo dai bambini e\u0300 un disegno del nuovo potere\u201d"},"content":{"rendered":"\n<p>Giuseppe Povia torna a toccare temi scottanti della nostra attualit\u00e0. E lo fa attraverso un interessante spettacolo-conferenza dal titolo \u201cInvertiamo la rotta. Contro la Dittatura del pensiero unico\u201d, ideato dal partito \u201cIl Popolo della Famiglia\u201d, scritto insieme all\u2019avvocato Gianfranco Amato, fondatore di Giuristi per la vita e uno dei pi\u00f9 celebri movimenti <em>anti-gender<\/em>. Povia e Amato da qualche tempo girano l\u2019Italia con questo spettacolo che propriamente spettacolo non \u00e8: si tratta di un monologo sul tema della famiglia dello stesso Amato accompagnato dalla voce e dalla chitarra del celebre cantante milanese; i due protagonisti, con un vivace racconto, portano avanti la loro lotta contro le teorie destabilizzanti sul ruolo della famiglia nell\u2019et\u00e0 contemporanea, sulla celebre e famigerata \u201cteoria del <em>gender<\/em>\u201d e contro le \u201ctante leggi e i tanti complotti supportati dallo Stato volti a destabilizzare la famiglia e l\u2019idea stessa di famiglia\u201d. L\u2019incontro si \u00e8 svolto il 14 ottobre a Salerno, organizzato da Raffaele Adinolfi, commercialista, gi\u00e0 consigliere comunale e presidente della sezione di Salerno del partito fondato e presieduto dal suo omonimo, Mario Adinolfi. Gianfranco Amato, supportato da Povia che durante la conferenza ha cantato i suoi pi\u00f9 celebri successi, da \u201cLuca era gay\u201d a \u201cChi comanda il Mondo\u201d, \u201cEra meglio Berlusconi\u201d (in base agli argomenti trattati), ha voluto dimostrare come la volont\u00e0 di eliminare il concetto di famiglia fosse un\u2019intenzione voluta dalla Russia bolscevica per poi essere completamente rovesciata con il decreto dell\u20198 maggio 1944 di Stalin che introdusse sussidi, salari maggiori per le madri che si fossero dedicate ai loro figli e un\u2019imposta progressiva a carico di celibi e famiglie poco numerose. Per Amato bisogna ripartire dalla famiglia, dalla \u201cpaideia\u201d aristotelica per far s\u00ec di non minare ulteriormente i pilastri del nostro vivere civile perch\u00e9 \u00e8 proprio dalla famiglia che nasce tutto. \u00abIl primo esempio di famiglia \u2013 afferma \u2013 lo abbiamo avuto nella Preistoria, un periodo in cui non c\u2019era storia, n\u00e9 legge. Era gi\u00e0, per\u00f2, tutto scritto\u00bb. <\/p>\n\n\n\n<p>L\u2019organizzatore Raffaele Adinolfi si \u00e8 detto orgoglioso di poter ospitare \u201cInvertiamo la rotta\u201d, a Salerno, e si \u00e8 detto contrario a ogni forma di violenza, fisica e legislativa, contro la famiglia. \u00abSta prendendo piede in America \u2013 aggiunge l\u2019abitudine dell\u2019aborto libero, un tipo di aborto che ti consente legalmente di abortire anche al nono mese, attraverso lo schiacciamento della testa del neonato appena uscito dall\u2019utero. Una morte lenta e disumana, che consente di recuperare gli organi. Un vero orrore. Se per\u00f2 si fa notare queste questioni \u2013 dichiara Raffaele Adinolfi \u2013 o si vuole affermare che la famiglia per chiamarsi tale deve essere composta da un uomo e da una donna, si viene inevitabilmente etichettati come antiquati e omofobi. E nessuno vuole mancare di rispetto alle persone omosessuali n\u00e9 ledere o negare loro alcun diritto\u00bb. <\/p>\n\n\n\n<p>Giuseppe Povia da anni, come tanti cantanti italiani, ha unito la forza della canzone con\nl\u2019impegno civile e da tempo esprime, senza alcuna inibizione o timore, le sue posizioni sul\ntema della famiglia, dell\u2019immigrazione e della politica.\n<\/p>\n\n\n\n<p><em>Povia, lei ha dichiarato che \u201cutero in affitto\u201d e \u201cla teoria <\/em>Gender<em>\u201d sono solo una scusa\nper distruggere la famiglia tradizionale. Molti invece sostengono il contrario: \u00e8 proprio la\nchiusura a certe \u201cinnovazioni\u201d che apporrebbe dei limiti alla famiglia stessa. Come risponde\na queste nuove teorie?\n<\/em><\/p>\n\n\n\n<p>\u00abLa teoria dell\u2019identit\u00e0 di genere \u00e8 pericolosa, lo dice il papa stesso ed \u00e8 magistero della Chiesa cattolica, quindi o siamo tutti pazzi o siamo pi\u00f9 attenti di altri. <em>Gender <\/em>vuol dire non essere maschi o femmine per come siamo nati, ma in base a come ci sentiamo di essere al momento e questa \u00e8 una stupidata. Noi siamo in grado di capire che lo \u00e8, ma i bambini? Distruggere l\u2019identit\u00e0 alle persone partendo dai bambini \u00e8 un disegno del nuovo potere. Non c\u2019\u00e8 nessun complotto, \u00e8 tutto alla luce del sole. L\u2019utero in affitto \u00e8 invece un atto di egoismo e un\u2019operazione da ricchi. Anche se non lo concepisco, posso capirlo in una coppia eterosessuale che non pu\u00f2 avere figli e quindi soffre di una patologia. Ma in una coppia omosessuale, mi dispiace, no. Se devo scegliere tra l\u2019arcobaleno dei grandi e il bianco dell\u2019innocenza dei bambini, scelgo la seconda\u00bb. <\/p>\n\n\n\n<p><em>\u201cTutte le famiglie felici si assomigliano fra loro. Ogni famiglia infelice \u00e8 infelice a modo\nsuo\u201d. Potrebbe commentare questa frase di Lev Tolstoj?\n<\/em><\/p>\n\n\n\n<p>\u00abCredo che ogni famiglia abbia momenti di felicit\u00e0 e di non felicit\u00e0, \u00e8 la vita\u00bb.\n<\/p>\n\n\n\n<p><em>Il titolo della manifestazione \u00e8 \u201cInvertiamo la rotta\u201d. Alla luce delle nuove decisioni su\nnucleo familiare e tutte le varie manifestazioni pro e contro la famiglia tradizionale, quale\nrotta ritiene essere decisiva da seguire e da far intraprendere anche alle nuove generazioni\nper il bene della famiglia?\n<\/em><\/p>\n\n\n\n<p>\u00abNon sono un bacchettone o, come dicono certi \u201csporcagiornali\u201d, un bigotto o un integralista. Mi piace solo che le cose stiano al loro posto e invertire la rotta significa che siamo arrivati a un punto in cui, come diceva in sostanza anche Sant\u2019Antonio Abate, i pazzi e i disturbati diranno ai normali che sono pazzi e disturbati. Ci siamo. La famiglia \u00e8 la cellula pi\u00f9 importante della societ\u00e0, lo dicevano Aristotele, Cicerone ma anche Nonna Papera. Ci possono essere persone che si vogliono bene e che stanno insieme, ci mancherebbe, ma io parlo proprio di famiglia naturale, quella che viene prima delle religioni, delle leggi e degli Stati. Giorno zero, uomo incontra donna e nasce il mondo\u00bb. <\/p>\n\n\n\n<p><em>\u201cI bambini non sono un business\u201d. Lei da sempre combatte contro \u201cl\u2019utero in affitto\u201d,\nsostenendo che esso rappresenta un vero e proprio atto di mercificazione della vita umana&#8230;\n<\/em>\u00abIn un sistema \u201cprofittocratico\u201d si perdono di vista tutti i valori quindi bisogna almeno\nstare attenti al valore dei bambini e combattere. La gente \u00e8 tutta dalla nostra parte, basta\n<\/p>\n\n\n\n<p>ricordarglielo. Io cerco di farlo con la musica\u00bb.\n<\/p>\n\n\n\n<p><em>Che tipo di opinioni ha riscontrato durante il suo tour? Ha riscontrato uniformit\u00e0 di pensiero o magari anche qualche ostilit\u00e0 sull\u2019argomento? <\/em><\/p>\n\n\n\n<p>\u00abPreferisco parlare di famiglia naturale. Qualche contestazione democratica c\u2019\u00e8 stata ma in fondo ogni testa \u00e8 al mondo grazie a un uomo e a una donna, poi lo si sa&#8230; ci sono teste e grandi \u201cteste\u201d\u00bb. <\/p>\n\n\n\n<p style=\"text-align:right\"><em>Stefano Pignataro\n<\/em><\/p>\n<div class=\"pdfprnt-buttons pdfprnt-buttons-post pdfprnt-bottom-left\"><a href=\"https:\/\/www.istitutogalanteoliva.it\/magazine\/wp-json\/wp\/v2\/posts\/896?print=print\" class=\"pdfprnt-button pdfprnt-button-print\" target=\"_blank\"><img decoding=\"async\" src=\"https:\/\/www.istitutogalanteoliva.it\/magazine\/wp-content\/plugins\/pdf-print\/images\/print.png\" alt=\"image_print\" title=\"Stampa contenuto\" \/><span class=\"pdfprnt-button-title pdfprnt-button-print-title\">Download in PDF<\/span><\/a><\/div>","protected":false},"excerpt":{"rendered":"<p>Giuseppe Povia torna a toccare temi scottanti della nostra attualit\u00e0. E lo fa attraverso un<\/p>\n","protected":false},"author":1,"featured_media":131,"comment_status":"open","ping_status":"open","sticky":false,"template":"","format":"standard","meta":{"footnotes":""},"categories":[2,21],"tags":[],"class_list":["post-896","post","type-post","status-publish","format-standard","has-post-thumbnail","hentry","category-2","category-personaggi"],"yoast_head":"<!-- This site is optimized with the Yoast SEO plugin v24.2 - https:\/\/yoast.com\/wordpress\/plugins\/seo\/ -->\n<title>Povia \u201cDistruggere l\u2019identita\u0300 delle persone partendo dai bambini e\u0300 un disegno del nuovo potere\u201d - Polis SA Magazine<\/title>\n<meta name=\"robots\" content=\"index, follow, max-snippet:-1, max-image-preview:large, max-video-preview:-1\" \/>\n<link rel=\"canonical\" href=\"https:\/\/www.istitutogalanteoliva.it\/magazine\/2017\/10\/17\/povia-distruggere-lidentita-delle-persone-partendo-dai-bambini-e-un-disegno-del-nuovo-potere\/\" \/>\n<meta property=\"og:locale\" content=\"it_IT\" \/>\n<meta property=\"og:type\" content=\"article\" \/>\n<meta property=\"og:title\" content=\"Povia \u201cDistruggere l\u2019identita\u0300 delle persone partendo dai bambini e\u0300 un disegno del nuovo potere\u201d - Polis SA Magazine\" \/>\n<meta property=\"og:description\" content=\"Giuseppe Povia torna a toccare temi scottanti della nostra attualit\u00e0. E lo fa attraverso un\" \/>\n<meta property=\"og:url\" content=\"https:\/\/www.istitutogalanteoliva.it\/magazine\/2017\/10\/17\/povia-distruggere-lidentita-delle-persone-partendo-dai-bambini-e-un-disegno-del-nuovo-potere\/\" \/>\n<meta property=\"og:site_name\" content=\"Polis SA Magazine\" \/>\n<meta property=\"article:publisher\" content=\"https:\/\/www.facebook.com\/PolisSAMagazine\/\" \/>\n<meta property=\"article:published_time\" content=\"2017-10-17T09:32:22+00:00\" \/>\n<meta property=\"article:modified_time\" content=\"2019-08-21T09:35:02+00:00\" \/>\n<meta property=\"og:image\" content=\"https:\/\/www.istitutogalanteoliva.it\/magazine\/wp-content\/uploads\/2018\/02\/Giuseppe_Povia.jpg\" \/>\n\t<meta property=\"og:image:width\" content=\"640\" \/>\n\t<meta property=\"og:image:height\" content=\"418\" \/>\n\t<meta property=\"og:image:type\" content=\"image\/jpeg\" \/>\n<meta name=\"author\" content=\"admin\" \/>\n<meta name=\"twitter:card\" content=\"summary_large_image\" \/>\n<meta name=\"twitter:creator\" content=\"@MagazinePolis\" \/>\n<meta name=\"twitter:site\" content=\"@MagazinePolis\" \/>\n<meta name=\"twitter:label1\" content=\"Scritto da\" \/>\n\t<meta name=\"twitter:data1\" content=\"admin\" \/>\n\t<meta name=\"twitter:label2\" content=\"Tempo di lettura stimato\" \/>\n\t<meta name=\"twitter:data2\" content=\"5 minuti\" \/>\n<script type=\"application\/ld+json\" class=\"yoast-schema-graph\">{\"@context\":\"https:\/\/schema.org\",\"@graph\":[{\"@type\":\"Article\",\"@id\":\"https:\/\/www.istitutogalanteoliva.it\/magazine\/2017\/10\/17\/povia-distruggere-lidentita-delle-persone-partendo-dai-bambini-e-un-disegno-del-nuovo-potere\/#article\",\"isPartOf\":{\"@id\":\"https:\/\/www.istitutogalanteoliva.it\/magazine\/2017\/10\/17\/povia-distruggere-lidentita-delle-persone-partendo-dai-bambini-e-un-disegno-del-nuovo-potere\/\"},\"author\":{\"name\":\"admin\",\"@id\":\"https:\/\/www.istitutogalanteoliva.it\/magazine\/#\/schema\/person\/72e8141246542ebcf905456f5dbd4c49\"},\"headline\":\"Povia \u201cDistruggere l\u2019identita\u0300 delle persone partendo dai bambini e\u0300 un disegno del nuovo potere\u201d\",\"datePublished\":\"2017-10-17T09:32:22+00:00\",\"dateModified\":\"2019-08-21T09:35:02+00:00\",\"mainEntityOfPage\":{\"@id\":\"https:\/\/www.istitutogalanteoliva.it\/magazine\/2017\/10\/17\/povia-distruggere-lidentita-delle-persone-partendo-dai-bambini-e-un-disegno-del-nuovo-potere\/\"},\"wordCount\":1030,\"commentCount\":0,\"publisher\":{\"@id\":\"https:\/\/www.istitutogalanteoliva.it\/magazine\/#organization\"},\"image\":{\"@id\":\"https:\/\/www.istitutogalanteoliva.it\/magazine\/2017\/10\/17\/povia-distruggere-lidentita-delle-persone-partendo-dai-bambini-e-un-disegno-del-nuovo-potere\/#primaryimage\"},\"thumbnailUrl\":\"https:\/\/www.istitutogalanteoliva.it\/magazine\/wp-content\/uploads\/2018\/02\/Giuseppe_Povia.jpg\",\"articleSection\":[\"2017\",\"Personaggi\"],\"inLanguage\":\"it-IT\",\"potentialAction\":[{\"@type\":\"CommentAction\",\"name\":\"Comment\",\"target\":[\"https:\/\/www.istitutogalanteoliva.it\/magazine\/2017\/10\/17\/povia-distruggere-lidentita-delle-persone-partendo-dai-bambini-e-un-disegno-del-nuovo-potere\/#respond\"]}]},{\"@type\":\"WebPage\",\"@id\":\"https:\/\/www.istitutogalanteoliva.it\/magazine\/2017\/10\/17\/povia-distruggere-lidentita-delle-persone-partendo-dai-bambini-e-un-disegno-del-nuovo-potere\/\",\"url\":\"https:\/\/www.istitutogalanteoliva.it\/magazine\/2017\/10\/17\/povia-distruggere-lidentita-delle-persone-partendo-dai-bambini-e-un-disegno-del-nuovo-potere\/\",\"name\":\"Povia \u201cDistruggere l\u2019identita\u0300 delle persone partendo dai bambini e\u0300 un disegno del nuovo potere\u201d - Polis SA Magazine\",\"isPartOf\":{\"@id\":\"https:\/\/www.istitutogalanteoliva.it\/magazine\/#website\"},\"primaryImageOfPage\":{\"@id\":\"https:\/\/www.istitutogalanteoliva.it\/magazine\/2017\/10\/17\/povia-distruggere-lidentita-delle-persone-partendo-dai-bambini-e-un-disegno-del-nuovo-potere\/#primaryimage\"},\"image\":{\"@id\":\"https:\/\/www.istitutogalanteoliva.it\/magazine\/2017\/10\/17\/povia-distruggere-lidentita-delle-persone-partendo-dai-bambini-e-un-disegno-del-nuovo-potere\/#primaryimage\"},\"thumbnailUrl\":\"https:\/\/www.istitutogalanteoliva.it\/magazine\/wp-content\/uploads\/2018\/02\/Giuseppe_Povia.jpg\",\"datePublished\":\"2017-10-17T09:32:22+00:00\",\"dateModified\":\"2019-08-21T09:35:02+00:00\",\"breadcrumb\":{\"@id\":\"https:\/\/www.istitutogalanteoliva.it\/magazine\/2017\/10\/17\/povia-distruggere-lidentita-delle-persone-partendo-dai-bambini-e-un-disegno-del-nuovo-potere\/#breadcrumb\"},\"inLanguage\":\"it-IT\",\"potentialAction\":[{\"@type\":\"ReadAction\",\"target\":[\"https:\/\/www.istitutogalanteoliva.it\/magazine\/2017\/10\/17\/povia-distruggere-lidentita-delle-persone-partendo-dai-bambini-e-un-disegno-del-nuovo-potere\/\"]}]},{\"@type\":\"ImageObject\",\"inLanguage\":\"it-IT\",\"@id\":\"https:\/\/www.istitutogalanteoliva.it\/magazine\/2017\/10\/17\/povia-distruggere-lidentita-delle-persone-partendo-dai-bambini-e-un-disegno-del-nuovo-potere\/#primaryimage\",\"url\":\"https:\/\/www.istitutogalanteoliva.it\/magazine\/wp-content\/uploads\/2018\/02\/Giuseppe_Povia.jpg\",\"contentUrl\":\"https:\/\/www.istitutogalanteoliva.it\/magazine\/wp-content\/uploads\/2018\/02\/Giuseppe_Povia.jpg\",\"width\":640,\"height\":418},{\"@type\":\"BreadcrumbList\",\"@id\":\"https:\/\/www.istitutogalanteoliva.it\/magazine\/2017\/10\/17\/povia-distruggere-lidentita-delle-persone-partendo-dai-bambini-e-un-disegno-del-nuovo-potere\/#breadcrumb\",\"itemListElement\":[{\"@type\":\"ListItem\",\"position\":1,\"name\":\"Home\",\"item\":\"https:\/\/www.istitutogalanteoliva.it\/magazine\/\"},{\"@type\":\"ListItem\",\"position\":2,\"name\":\"Povia \u201cDistruggere l\u2019identita\u0300 delle persone partendo dai bambini e\u0300 un disegno del nuovo potere\u201d\"}]},{\"@type\":\"WebSite\",\"@id\":\"https:\/\/www.istitutogalanteoliva.it\/magazine\/#website\",\"url\":\"https:\/\/www.istitutogalanteoliva.it\/magazine\/\",\"name\":\"POLIS SA MAGAZINE\",\"description\":\"Informazione e approfondimenti\",\"publisher\":{\"@id\":\"https:\/\/www.istitutogalanteoliva.it\/magazine\/#organization\"},\"potentialAction\":[{\"@type\":\"SearchAction\",\"target\":{\"@type\":\"EntryPoint\",\"urlTemplate\":\"https:\/\/www.istitutogalanteoliva.it\/magazine\/?s={search_term_string}\"},\"query-input\":{\"@type\":\"PropertyValueSpecification\",\"valueRequired\":true,\"valueName\":\"search_term_string\"}}],\"inLanguage\":\"it-IT\"},{\"@type\":\"Organization\",\"@id\":\"https:\/\/www.istitutogalanteoliva.it\/magazine\/#organization\",\"name\":\"Polis SA Magazine\",\"url\":\"https:\/\/www.istitutogalanteoliva.it\/magazine\/\",\"logo\":{\"@type\":\"ImageObject\",\"inLanguage\":\"it-IT\",\"@id\":\"https:\/\/www.istitutogalanteoliva.it\/magazine\/#\/schema\/logo\/image\/\",\"url\":\"\",\"contentUrl\":\"\",\"caption\":\"Polis SA Magazine\"},\"image\":{\"@id\":\"https:\/\/www.istitutogalanteoliva.it\/magazine\/#\/schema\/logo\/image\/\"},\"sameAs\":[\"https:\/\/www.facebook.com\/PolisSAMagazine\/\",\"https:\/\/x.com\/MagazinePolis\",\"https:\/\/www.youtube.com\/channel\/UCv0Mr5AHKUmsc0sEEXkJrgw\"]},{\"@type\":\"Person\",\"@id\":\"https:\/\/www.istitutogalanteoliva.it\/magazine\/#\/schema\/person\/72e8141246542ebcf905456f5dbd4c49\",\"name\":\"admin\",\"image\":{\"@type\":\"ImageObject\",\"inLanguage\":\"it-IT\",\"@id\":\"https:\/\/www.istitutogalanteoliva.it\/magazine\/#\/schema\/person\/image\/\",\"url\":\"https:\/\/secure.gravatar.com\/avatar\/07059cc99eeb1edd29e138d1812e69ec?s=96&d=mm&r=g\",\"contentUrl\":\"https:\/\/secure.gravatar.com\/avatar\/07059cc99eeb1edd29e138d1812e69ec?s=96&d=mm&r=g\",\"caption\":\"admin\"},\"url\":\"https:\/\/www.istitutogalanteoliva.it\/magazine\/author\/admin\/\"}]}<\/script>\n<!-- \/ Yoast SEO plugin. -->","yoast_head_json":{"title":"Povia \u201cDistruggere l\u2019identita\u0300 delle persone partendo dai bambini e\u0300 un disegno del nuovo potere\u201d - Polis SA Magazine","robots":{"index":"index","follow":"follow","max-snippet":"max-snippet:-1","max-image-preview":"max-image-preview:large","max-video-preview":"max-video-preview:-1"},"canonical":"https:\/\/www.istitutogalanteoliva.it\/magazine\/2017\/10\/17\/povia-distruggere-lidentita-delle-persone-partendo-dai-bambini-e-un-disegno-del-nuovo-potere\/","og_locale":"it_IT","og_type":"article","og_title":"Povia \u201cDistruggere l\u2019identita\u0300 delle persone partendo dai bambini e\u0300 un disegno del nuovo potere\u201d - Polis SA Magazine","og_description":"Giuseppe Povia torna a toccare temi scottanti della nostra attualit\u00e0. E lo fa attraverso un","og_url":"https:\/\/www.istitutogalanteoliva.it\/magazine\/2017\/10\/17\/povia-distruggere-lidentita-delle-persone-partendo-dai-bambini-e-un-disegno-del-nuovo-potere\/","og_site_name":"Polis SA Magazine","article_publisher":"https:\/\/www.facebook.com\/PolisSAMagazine\/","article_published_time":"2017-10-17T09:32:22+00:00","article_modified_time":"2019-08-21T09:35:02+00:00","og_image":[{"width":640,"height":418,"url":"https:\/\/www.istitutogalanteoliva.it\/magazine\/wp-content\/uploads\/2018\/02\/Giuseppe_Povia.jpg","type":"image\/jpeg"}],"author":"admin","twitter_card":"summary_large_image","twitter_creator":"@MagazinePolis","twitter_site":"@MagazinePolis","twitter_misc":{"Scritto da":"admin","Tempo di lettura stimato":"5 minuti"},"schema":{"@context":"https:\/\/schema.org","@graph":[{"@type":"Article","@id":"https:\/\/www.istitutogalanteoliva.it\/magazine\/2017\/10\/17\/povia-distruggere-lidentita-delle-persone-partendo-dai-bambini-e-un-disegno-del-nuovo-potere\/#article","isPartOf":{"@id":"https:\/\/www.istitutogalanteoliva.it\/magazine\/2017\/10\/17\/povia-distruggere-lidentita-delle-persone-partendo-dai-bambini-e-un-disegno-del-nuovo-potere\/"},"author":{"name":"admin","@id":"https:\/\/www.istitutogalanteoliva.it\/magazine\/#\/schema\/person\/72e8141246542ebcf905456f5dbd4c49"},"headline":"Povia \u201cDistruggere l\u2019identita\u0300 delle persone partendo dai bambini e\u0300 un disegno del nuovo potere\u201d","datePublished":"2017-10-17T09:32:22+00:00","dateModified":"2019-08-21T09:35:02+00:00","mainEntityOfPage":{"@id":"https:\/\/www.istitutogalanteoliva.it\/magazine\/2017\/10\/17\/povia-distruggere-lidentita-delle-persone-partendo-dai-bambini-e-un-disegno-del-nuovo-potere\/"},"wordCount":1030,"commentCount":0,"publisher":{"@id":"https:\/\/www.istitutogalanteoliva.it\/magazine\/#organization"},"image":{"@id":"https:\/\/www.istitutogalanteoliva.it\/magazine\/2017\/10\/17\/povia-distruggere-lidentita-delle-persone-partendo-dai-bambini-e-un-disegno-del-nuovo-potere\/#primaryimage"},"thumbnailUrl":"https:\/\/www.istitutogalanteoliva.it\/magazine\/wp-content\/uploads\/2018\/02\/Giuseppe_Povia.jpg","articleSection":["2017","Personaggi"],"inLanguage":"it-IT","potentialAction":[{"@type":"CommentAction","name":"Comment","target":["https:\/\/www.istitutogalanteoliva.it\/magazine\/2017\/10\/17\/povia-distruggere-lidentita-delle-persone-partendo-dai-bambini-e-un-disegno-del-nuovo-potere\/#respond"]}]},{"@type":"WebPage","@id":"https:\/\/www.istitutogalanteoliva.it\/magazine\/2017\/10\/17\/povia-distruggere-lidentita-delle-persone-partendo-dai-bambini-e-un-disegno-del-nuovo-potere\/","url":"https:\/\/www.istitutogalanteoliva.it\/magazine\/2017\/10\/17\/povia-distruggere-lidentita-delle-persone-partendo-dai-bambini-e-un-disegno-del-nuovo-potere\/","name":"Povia \u201cDistruggere l\u2019identita\u0300 delle persone partendo dai bambini e\u0300 un disegno del nuovo potere\u201d - Polis SA Magazine","isPartOf":{"@id":"https:\/\/www.istitutogalanteoliva.it\/magazine\/#website"},"primaryImageOfPage":{"@id":"https:\/\/www.istitutogalanteoliva.it\/magazine\/2017\/10\/17\/povia-distruggere-lidentita-delle-persone-partendo-dai-bambini-e-un-disegno-del-nuovo-potere\/#primaryimage"},"image":{"@id":"https:\/\/www.istitutogalanteoliva.it\/magazine\/2017\/10\/17\/povia-distruggere-lidentita-delle-persone-partendo-dai-bambini-e-un-disegno-del-nuovo-potere\/#primaryimage"},"thumbnailUrl":"https:\/\/www.istitutogalanteoliva.it\/magazine\/wp-content\/uploads\/2018\/02\/Giuseppe_Povia.jpg","datePublished":"2017-10-17T09:32:22+00:00","dateModified":"2019-08-21T09:35:02+00:00","breadcrumb":{"@id":"https:\/\/www.istitutogalanteoliva.it\/magazine\/2017\/10\/17\/povia-distruggere-lidentita-delle-persone-partendo-dai-bambini-e-un-disegno-del-nuovo-potere\/#breadcrumb"},"inLanguage":"it-IT","potentialAction":[{"@type":"ReadAction","target":["https:\/\/www.istitutogalanteoliva.it\/magazine\/2017\/10\/17\/povia-distruggere-lidentita-delle-persone-partendo-dai-bambini-e-un-disegno-del-nuovo-potere\/"]}]},{"@type":"ImageObject","inLanguage":"it-IT","@id":"https:\/\/www.istitutogalanteoliva.it\/magazine\/2017\/10\/17\/povia-distruggere-lidentita-delle-persone-partendo-dai-bambini-e-un-disegno-del-nuovo-potere\/#primaryimage","url":"https:\/\/www.istitutogalanteoliva.it\/magazine\/wp-content\/uploads\/2018\/02\/Giuseppe_Povia.jpg","contentUrl":"https:\/\/www.istitutogalanteoliva.it\/magazine\/wp-content\/uploads\/2018\/02\/Giuseppe_Povia.jpg","width":640,"height":418},{"@type":"BreadcrumbList","@id":"https:\/\/www.istitutogalanteoliva.it\/magazine\/2017\/10\/17\/povia-distruggere-lidentita-delle-persone-partendo-dai-bambini-e-un-disegno-del-nuovo-potere\/#breadcrumb","itemListElement":[{"@type":"ListItem","position":1,"name":"Home","item":"https:\/\/www.istitutogalanteoliva.it\/magazine\/"},{"@type":"ListItem","position":2,"name":"Povia \u201cDistruggere l\u2019identita\u0300 delle persone partendo dai bambini e\u0300 un disegno del nuovo potere\u201d"}]},{"@type":"WebSite","@id":"https:\/\/www.istitutogalanteoliva.it\/magazine\/#website","url":"https:\/\/www.istitutogalanteoliva.it\/magazine\/","name":"POLIS SA MAGAZINE","description":"Informazione e approfondimenti","publisher":{"@id":"https:\/\/www.istitutogalanteoliva.it\/magazine\/#organization"},"potentialAction":[{"@type":"SearchAction","target":{"@type":"EntryPoint","urlTemplate":"https:\/\/www.istitutogalanteoliva.it\/magazine\/?s={search_term_string}"},"query-input":{"@type":"PropertyValueSpecification","valueRequired":true,"valueName":"search_term_string"}}],"inLanguage":"it-IT"},{"@type":"Organization","@id":"https:\/\/www.istitutogalanteoliva.it\/magazine\/#organization","name":"Polis SA Magazine","url":"https:\/\/www.istitutogalanteoliva.it\/magazine\/","logo":{"@type":"ImageObject","inLanguage":"it-IT","@id":"https:\/\/www.istitutogalanteoliva.it\/magazine\/#\/schema\/logo\/image\/","url":"","contentUrl":"","caption":"Polis SA Magazine"},"image":{"@id":"https:\/\/www.istitutogalanteoliva.it\/magazine\/#\/schema\/logo\/image\/"},"sameAs":["https:\/\/www.facebook.com\/PolisSAMagazine\/","https:\/\/x.com\/MagazinePolis","https:\/\/www.youtube.com\/channel\/UCv0Mr5AHKUmsc0sEEXkJrgw"]},{"@type":"Person","@id":"https:\/\/www.istitutogalanteoliva.it\/magazine\/#\/schema\/person\/72e8141246542ebcf905456f5dbd4c49","name":"admin","image":{"@type":"ImageObject","inLanguage":"it-IT","@id":"https:\/\/www.istitutogalanteoliva.it\/magazine\/#\/schema\/person\/image\/","url":"https:\/\/secure.gravatar.com\/avatar\/07059cc99eeb1edd29e138d1812e69ec?s=96&d=mm&r=g","contentUrl":"https:\/\/secure.gravatar.com\/avatar\/07059cc99eeb1edd29e138d1812e69ec?s=96&d=mm&r=g","caption":"admin"},"url":"https:\/\/www.istitutogalanteoliva.it\/magazine\/author\/admin\/"}]}},"_links":{"self":[{"href":"https:\/\/www.istitutogalanteoliva.it\/magazine\/wp-json\/wp\/v2\/posts\/896","targetHints":{"allow":["GET"]}}],"collection":[{"href":"https:\/\/www.istitutogalanteoliva.it\/magazine\/wp-json\/wp\/v2\/posts"}],"about":[{"href":"https:\/\/www.istitutogalanteoliva.it\/magazine\/wp-json\/wp\/v2\/types\/post"}],"author":[{"embeddable":true,"href":"https:\/\/www.istitutogalanteoliva.it\/magazine\/wp-json\/wp\/v2\/users\/1"}],"replies":[{"embeddable":true,"href":"https:\/\/www.istitutogalanteoliva.it\/magazine\/wp-json\/wp\/v2\/comments?post=896"}],"version-history":[{"count":1,"href":"https:\/\/www.istitutogalanteoliva.it\/magazine\/wp-json\/wp\/v2\/posts\/896\/revisions"}],"predecessor-version":[{"id":897,"href":"https:\/\/www.istitutogalanteoliva.it\/magazine\/wp-json\/wp\/v2\/posts\/896\/revisions\/897"}],"wp:featuredmedia":[{"embeddable":true,"href":"https:\/\/www.istitutogalanteoliva.it\/magazine\/wp-json\/wp\/v2\/media\/131"}],"wp:attachment":[{"href":"https:\/\/www.istitutogalanteoliva.it\/magazine\/wp-json\/wp\/v2\/media?parent=896"}],"wp:term":[{"taxonomy":"category","embeddable":true,"href":"https:\/\/www.istitutogalanteoliva.it\/magazine\/wp-json\/wp\/v2\/categories?post=896"},{"taxonomy":"post_tag","embeddable":true,"href":"https:\/\/www.istitutogalanteoliva.it\/magazine\/wp-json\/wp\/v2\/tags?post=896"}],"curies":[{"name":"wp","href":"https:\/\/api.w.org\/{rel}","templated":true}]}}