{"id":8960,"date":"2021-08-05T08:00:00","date_gmt":"2021-08-05T06:00:00","guid":{"rendered":"https:\/\/www.istitutogalanteoliva.it\/magazine\/?p=8960"},"modified":"2021-08-04T17:55:50","modified_gmt":"2021-08-04T15:55:50","slug":"in-ricordo-di-bruno-rombi","status":"publish","type":"post","link":"https:\/\/www.istitutogalanteoliva.it\/magazine\/2021\/08\/05\/in-ricordo-di-bruno-rombi\/","title":{"rendered":"In ricordo di Bruno Rombi"},"content":{"rendered":"\n<h4 class=\"wp-block-heading\">Con la serata del 4 agosto u.s., inserita nel contesto del festival letterario <em>Liberevento<\/em>, si \u00e8 conclusa a Calasetta, con la premiazione dei vincitori, la prima edizione del premio letterario <em>A vuxe<\/em> <em>de<\/em> <em>C\u00e2des\u00e9dda<\/em>, in ricordo di Bruno Rombi.<\/h4>\n\n\n\n<p><strong>di <em>Remigio Scopelliti<\/em><\/strong><\/p>\n\n\n\n<p>Bruno Rombi \u00e8 nato a Calasetta (Sardegna) il 22 settembre 1931, dove ha vissuto per 31 anni, per poi trasferirsi definitivamente a Genova, dove \u00e8 morto il 27 aprile del 2020.<\/p>\n\n\n\n<p>Fin da bambino Bruno ama leggere e studiare. Al termine delle scuole elementari, prosegue gli studi come autodidatta e come tale si presenta all\u2019esame per il diploma magistrale che riesce a superare. Per circa trent\u2019anni insegner\u00e0 in varie scuole, sia in Sardegna che a Genova, ma lo appassiona il giornalismo. Scrive articoli che invia a diverse redazioni con la speranza di vederli pubblicati. Gi\u00e0 all\u2019et\u00e0 di 18 anni un suo articolo viene pubblicato su <em>Letture d\u2019Oggi<\/em>, supplemento del quotidiano genovese <em>Il Lavoro <\/em>(all\u2019epoca Il Lavoro Nuovo), giornale di cui fu direttore dal 1947 al 1968 Sandro Pertini. In seguito, Bruno Rombi curer\u00e0 per diversi anni quel supplemento, e collaborer\u00e0 con diverse testate di quotidiani nazionali, riviste e periodici, ottenendo importanti riconoscimenti.<\/p>\n\n\n\n<p>Negli anni che vive in Sardegna, comprende che il suo paese natale, col suo mare e le sue spiagge, ha dei potenziali importanti per quanto riguarda il turismo, per cui istituisce la Pro Loco di Calasetta. Sempre ai fini della promozione turistica, oltre che alla valorizzazione del prodotto locale, inventa la Festa dell\u2019Uva e del Vino. La viticoltura \u00e8 infatti la principale attivit\u00e0 economica dei Calasettani in quegli anni. Nel 1983, per celebrare il cinquantesimo anniversario della Cantina Sociale di Calasetta, scriver\u00e0 il saggio <em>L\u2019operosit\u00e0 dei Calasettani in mezzo secolo di cooperazione<\/em>.<\/p>\n\n\n\n<figure class=\"wp-block-image size-large\"><img loading=\"lazy\" decoding=\"async\" width=\"640\" height=\"348\" src=\"https:\/\/www.istitutogalanteoliva.it\/magazine\/wp-content\/uploads\/2021\/08\/calasetta.jpg\" alt=\"\" class=\"wp-image-8963\" srcset=\"https:\/\/www.istitutogalanteoliva.it\/magazine\/wp-content\/uploads\/2021\/08\/calasetta.jpg 640w, https:\/\/www.istitutogalanteoliva.it\/magazine\/wp-content\/uploads\/2021\/08\/calasetta-300x163.jpg 300w\" sizes=\"auto, (max-width: 640px) 100vw, 640px\" \/><figcaption><strong><sup>Calasetta<\/sup><\/strong><\/figcaption><\/figure>\n\n\n\n<p>Nel 1962 Bruno Rombi si trasferisce a Genova dove trascorrer\u00e0 il resto della sua vita. L\u00e0 scrive, tra l\u2019altro, sulle comunit\u00e0 tabarchine di Carloforte e di Calasetta (la prima abbastanza nota in Liguria, la seconda assai meno), in articoli quali <em>In Sardegna un angolo di Liguria d\u2019altri tempi<\/em> (Altomare, rivista di navigazione , 1964), <em>Calasetta Carloforte lembi di Liguria<\/em> (Genova, rivista del Comune, 1966), <em>Il mio Far West<\/em> (LG Argomenti, rivista centro studi giovanili, servizio biblioteche, 1983), <em>Da Calasetta un inverno<\/em> (Risorse, periodico trimestrale di economia arte e cultura, Cassa Risparmio di Savona, 1987), <em>Quel lembo di Liguria in Sardegna<\/em> (La Casana, periodico trimestrale della Banca Carige, 1994).<\/p>\n\n\n\n<p>Bruno Rombi scrive tantissimo: articoli, romanzi, saggi e biografie su autori sardi, italiani e stranieri, dei quali traduce in italiano moltissime opere, mentre suoi scritti vengono tradotti in inglese, francese, spagnolo, catalano, portoghese, polacco, maltese, rumeno, macedone, sloveno, arabo, urdu. Tuttavia in Bruno Rombi si manifesta soprattutto l\u2019animo del poeta. La seconda edizione di <em>Poesia intimistica e civile in Bruno Rombi<\/em>, di Liliana Porro Andreiuoli (edizioni Il Greco 2020), prende in considerazione solo una parte della sua vastissima produzione letteraria, cio\u00e8 22 raccolte di poesie, in cui, secondo l\u2019autrice \u201c<em>\u00e8 possibile cogliere forse il lato pi\u00f9 autentico della sua personalit\u00e0 artistica e umana<\/em>\u201d. Alla fine del libro diverse pagine sono dedicate all\u2019elenco delle opere letterarie di Bruno Rombi, tra cui troviamo, fra i romanzi ambientati nella sua terra natia, <em>Una<\/em> <em>donna di Carbone<\/em> (Condaghes 2004), <em>Un oscuro amore<\/em> (Condaghes 2009), <em>L\u2019Ultima vestizione<\/em> (Condaghes 2018). Inoltre, <em>Un anno a Calasetta<\/em> (ECIG Genova 1988), <em>Il mare \u00e8 una sirena<\/em> (Condaghes 2017).<\/p>\n\n\n\n<p>Accanto alla scrittura, Bruno Rombi coltiva anche la pittura. Le mostre dei suoi quadri ottengono notevoli consensi. Il suo nome viene citato nell\u2019<em>Atlante dell\u2019Arte Contemporanea<\/em> (De Agostini 2018).<\/p>\n\n\n\n<p>L\u2019infanzia e l\u2019adolescenza vissuta a Calasetta lo hanno fortemente segnato. In et\u00e0 adulta, come spesso capita alle persone pi\u00f9 illuminate, a volte non \u00e8 stato compreso da chi non era abbastanza aperto mentalmente al nuovo, per cui, in qualche occasione, ha avuto rapporti conflittuali con i suoi concittadini, ed anche a Genova ha dovuto lottare non poco per affermarsi e farsi apprezzare. Ma la passione per il suo paese non \u00e8 mai venuta meno, come emerge dai suoi scritti e dal suo ritornarvi ad ogni estate per ritrovare parenti e amici.<\/p>\n\n\n\n<p>Resta famosa una sua definizione dei Tabarchini, pronunciata in occasione del convegno internazionale <em>La realt\u00e0 tabarchina ieri e oggi<\/em> (Calasetta 26-27 giugno 2010), che sintetizza emblematicamente l\u2019esperienza storica e culturale di quella popolazione di origine genovese,: \u201c<em>I Tabarchini non sono genovesi, sono anche genovesi; non sono sardi, sono anche sardi; non sono tunisini, sono anche tunisini\u201d<\/em>.<\/p>\n\n\n\n<figure class=\"wp-block-image size-large\"><img loading=\"lazy\" decoding=\"async\" width=\"882\" height=\"413\" src=\"https:\/\/www.istitutogalanteoliva.it\/magazine\/wp-content\/uploads\/2021\/08\/Immagine-2021-08-04-005843-1.jpg\" alt=\"\" class=\"wp-image-8964\" srcset=\"https:\/\/www.istitutogalanteoliva.it\/magazine\/wp-content\/uploads\/2021\/08\/Immagine-2021-08-04-005843-1.jpg 882w, https:\/\/www.istitutogalanteoliva.it\/magazine\/wp-content\/uploads\/2021\/08\/Immagine-2021-08-04-005843-1-300x140.jpg 300w, https:\/\/www.istitutogalanteoliva.it\/magazine\/wp-content\/uploads\/2021\/08\/Immagine-2021-08-04-005843-1-768x360.jpg 768w\" sizes=\"auto, (max-width: 882px) 100vw, 882px\" \/><\/figure>\n\n\n\n<p>Il concorso letterario <strong><em>A vuxe de C\u00e2des\u00e9dda<\/em> <\/strong>a lui dedicato, proposto dai suoi due figli Natalia e Luca per mantenerne vivo il ricordo, \u00e8 stato favorevolmente accolto dal direttore artistico del Festival Letterario Liberevento Cav. Claudio Moica dell\u2019Associazione Culturale Contramilonga e patrocinato dal Comune di Calasetta.<\/p>\n\n\n\n<p>La prima edizione ha visto partecipare al concorso 13 racconti e 39 componimenti poetici per la sezione in lingua italiana e un solo racconto per la sezione in tabarchino. Per la sezione <strong>Prosa in lingua italiana<\/strong> si sono classificati: al primo posto<strong> <em>La porta nera<\/em> di Anna Ferrarese<\/strong>, al secondo<strong> <em>Il<\/em> <em>Giorno<\/em> di Marcello Murru<\/strong>, al terzo <strong><em>La casa del ricongiungimento<\/em> di Francesca Aucone<\/strong>. <br>Per la sezione <strong>Poesia in lingua italiana<\/strong> al primo posto si \u00e8 classificata<strong> <em>Itaca<\/em> di Antonello Rivano<\/strong>, al secondo <strong><em>Piove<\/em> di Giovanni L.F. Fiabane<\/strong> insieme ad una <strong>senza titolo di Alessandro Madeddu<\/strong>, al terzo <strong><em>Il<\/em> <em>viaggio<\/em> di Veronica Palmas.<\/strong> <\/p>\n\n\n\n<p>Un attestato di partecipazione \u00e8 stato conferito ad Antonello Rivano, autore dell\u2019unico elaborato in lingua tabarchina intitolato <em>R\u00e0ixe (<\/em>radici<em>)<\/em>, che, essendo l\u2019unico, non ha potuto concorrere.<\/p>\n\n\n\n<p><img loading=\"lazy\" decoding=\"async\" width=\"100\" height=\"100\" class=\"wp-image-8965\" style=\"width: 100px;\" src=\"https:\/\/www.istitutogalanteoliva.it\/magazine\/wp-content\/uploads\/2021\/08\/remigio.png\" alt=\"\" srcset=\"https:\/\/www.istitutogalanteoliva.it\/magazine\/wp-content\/uploads\/2021\/08\/remigio.png 172w, https:\/\/www.istitutogalanteoliva.it\/magazine\/wp-content\/uploads\/2021\/08\/remigio-150x150.png 150w\" sizes=\"auto, (max-width: 100px) 100vw, 100px\" \/><strong><em><a href=\"https:\/\/www.istitutogalanteoliva.it\/magazine\/2020\/09\/19\/duecentocinquanta-anni-fa-nasceva-calasetta\/\" target=\"_blank\" rel=\"noreferrer noopener\">Remigio Scopeliti<\/a><\/em><\/strong><br><sub>Remigio Scopelliti \u00e8 nato a Calasetta il 19 settembre 1954 da padre di Carloforte e madre Barabino di Calasetta, risiede a Calasetta, \u00e8 sposato e ha tre figli. Lavora come Collaboratore Direttivo in una residenza sanitaria e centro di riabilitazione. Da sempre impegnato nell\u2019ambito della cultura locale, nel 1977 fonda con un gruppo di amici il Circolo Culturale Maccari, che per 15 anni avvier\u00e0 tutta una serie di iniziative finalizzate alla valorizzazione e alla divulgazione delle peculiarit\u00e0 storiche, etniche, linguistiche ed ambientali di&nbsp;&nbsp; Calasetta. \u00c8 ideatore e realizzatore del Corteo Storico Calasettano, giunto nel 2019 alla sua XXII edizione, che racconta in modo spettacolare nei suoi oltre cento figuranti la storia dei Tabarchini e di Calasetta. Dal 1995 ininterrottamente fino al 2019 ha fatto parte della Maggioranza del Consiglio Comunale di Calasetta ricoprendo in successione la carica di Capo Gruppo, Vicesindaco e Assessore alla Cultura, Sindaco e ancora Vicesindaco e Assessore alla Cultura. Attualmente \u00e8 Consigliere di Minoranza.&nbsp;&nbsp;Per la sua lunga opera di ricerca storica, nel 2010 \u00e8 stato insignito del titolo di Cavaliere dell\u2019Ordine dei Santi Maurizio e Lazzaro, l\u2019Ordine Cavalleresco di Casa Savoia che dal 1758 al 1840 govern\u00f2 come Commenda Magistrale l\u2019Isola di Sant\u2019Antioco e al quale si deve la fondazione di Calasetta.<\/sub><\/p>\n\n\n\n<p><\/p>\n<div class=\"pdfprnt-buttons pdfprnt-buttons-post pdfprnt-bottom-left\"><a href=\"https:\/\/www.istitutogalanteoliva.it\/magazine\/wp-json\/wp\/v2\/posts\/8960?print=print\" class=\"pdfprnt-button pdfprnt-button-print\" target=\"_blank\"><img decoding=\"async\" src=\"https:\/\/www.istitutogalanteoliva.it\/magazine\/wp-content\/plugins\/pdf-print\/images\/print.png\" alt=\"image_print\" title=\"Stampa contenuto\" \/><span class=\"pdfprnt-button-title pdfprnt-button-print-title\">Download in PDF<\/span><\/a><\/div>","protected":false},"excerpt":{"rendered":"<p>Docente, giornalista, pubblicista, saggista, critico letterario, poeta, scrittore, attore, pittore. A lui \u00e8 stato dedicato il concorso letterario conclusosi ieri sera a Calasetta con la proclamazione dei vincitori <\/p>\n","protected":false},"author":2,"featured_media":8962,"comment_status":"open","ping_status":"open","sticky":true,"template":"","format":"standard","meta":{"footnotes":""},"categories":[148,57,21,209],"tags":[],"class_list":["post-8960","post","type-post","status-publish","format-standard","has-post-thumbnail","hentry","category-148","category-cultura","category-personaggi","category-sardegna"],"yoast_head":"<!-- This site is optimized with the Yoast SEO plugin v24.2 - https:\/\/yoast.com\/wordpress\/plugins\/seo\/ -->\n<title>In ricordo di Bruno Rombi - Polis SA Magazine<\/title>\n<meta name=\"robots\" content=\"index, follow, max-snippet:-1, max-image-preview:large, max-video-preview:-1\" \/>\n<link rel=\"canonical\" href=\"https:\/\/www.istitutogalanteoliva.it\/magazine\/2021\/08\/05\/in-ricordo-di-bruno-rombi\/\" \/>\n<meta property=\"og:locale\" content=\"it_IT\" \/>\n<meta property=\"og:type\" content=\"article\" \/>\n<meta property=\"og:title\" content=\"In ricordo di Bruno Rombi - Polis SA Magazine\" \/>\n<meta property=\"og:description\" content=\"Docente, giornalista, pubblicista, saggista, critico letterario, poeta, scrittore, attore, pittore. A lui \u00e8 stato dedicato il concorso letterario conclusosi ieri sera a Calasetta con la proclamazione dei vincitori\" \/>\n<meta property=\"og:url\" content=\"https:\/\/www.istitutogalanteoliva.it\/magazine\/2021\/08\/05\/in-ricordo-di-bruno-rombi\/\" \/>\n<meta property=\"og:site_name\" content=\"Polis SA Magazine\" \/>\n<meta property=\"article:publisher\" content=\"https:\/\/www.facebook.com\/PolisSAMagazine\/\" \/>\n<meta property=\"article:published_time\" content=\"2021-08-05T06:00:00+00:00\" \/>\n<meta property=\"article:modified_time\" content=\"2021-08-04T15:55:50+00:00\" \/>\n<meta property=\"og:image\" content=\"https:\/\/www.istitutogalanteoliva.it\/magazine\/wp-content\/uploads\/2021\/08\/00-00-bruno-rombi.jpg\" \/>\n\t<meta property=\"og:image:width\" content=\"512\" \/>\n\t<meta property=\"og:image:height\" content=\"409\" \/>\n\t<meta property=\"og:image:type\" content=\"image\/jpeg\" \/>\n<meta name=\"author\" content=\"Antonello Rivano\" \/>\n<meta name=\"twitter:card\" content=\"summary_large_image\" \/>\n<meta name=\"twitter:creator\" content=\"@MagazinePolis\" \/>\n<meta name=\"twitter:site\" content=\"@MagazinePolis\" \/>\n<meta name=\"twitter:label1\" content=\"Scritto da\" \/>\n\t<meta name=\"twitter:data1\" content=\"Antonello Rivano\" \/>\n\t<meta name=\"twitter:label2\" content=\"Tempo di lettura stimato\" \/>\n\t<meta name=\"twitter:data2\" content=\"5 minuti\" \/>\n<script type=\"application\/ld+json\" class=\"yoast-schema-graph\">{\"@context\":\"https:\/\/schema.org\",\"@graph\":[{\"@type\":\"Article\",\"@id\":\"https:\/\/www.istitutogalanteoliva.it\/magazine\/2021\/08\/05\/in-ricordo-di-bruno-rombi\/#article\",\"isPartOf\":{\"@id\":\"https:\/\/www.istitutogalanteoliva.it\/magazine\/2021\/08\/05\/in-ricordo-di-bruno-rombi\/\"},\"author\":{\"name\":\"Antonello Rivano\",\"@id\":\"https:\/\/www.istitutogalanteoliva.it\/magazine\/#\/schema\/person\/d8b8aa79cfe8babc1df9da3212a7c0c4\"},\"headline\":\"In ricordo di Bruno Rombi\",\"datePublished\":\"2021-08-05T06:00:00+00:00\",\"dateModified\":\"2021-08-04T15:55:50+00:00\",\"mainEntityOfPage\":{\"@id\":\"https:\/\/www.istitutogalanteoliva.it\/magazine\/2021\/08\/05\/in-ricordo-di-bruno-rombi\/\"},\"wordCount\":1101,\"commentCount\":0,\"publisher\":{\"@id\":\"https:\/\/www.istitutogalanteoliva.it\/magazine\/#organization\"},\"image\":{\"@id\":\"https:\/\/www.istitutogalanteoliva.it\/magazine\/2021\/08\/05\/in-ricordo-di-bruno-rombi\/#primaryimage\"},\"thumbnailUrl\":\"https:\/\/www.istitutogalanteoliva.it\/magazine\/wp-content\/uploads\/2021\/08\/00-00-bruno-rombi.jpg\",\"articleSection\":[\"2021\",\"Cultura\",\"Personaggi\",\"Sardegna\"],\"inLanguage\":\"it-IT\",\"potentialAction\":[{\"@type\":\"CommentAction\",\"name\":\"Comment\",\"target\":[\"https:\/\/www.istitutogalanteoliva.it\/magazine\/2021\/08\/05\/in-ricordo-di-bruno-rombi\/#respond\"]}]},{\"@type\":\"WebPage\",\"@id\":\"https:\/\/www.istitutogalanteoliva.it\/magazine\/2021\/08\/05\/in-ricordo-di-bruno-rombi\/\",\"url\":\"https:\/\/www.istitutogalanteoliva.it\/magazine\/2021\/08\/05\/in-ricordo-di-bruno-rombi\/\",\"name\":\"In ricordo di Bruno Rombi - Polis SA Magazine\",\"isPartOf\":{\"@id\":\"https:\/\/www.istitutogalanteoliva.it\/magazine\/#website\"},\"primaryImageOfPage\":{\"@id\":\"https:\/\/www.istitutogalanteoliva.it\/magazine\/2021\/08\/05\/in-ricordo-di-bruno-rombi\/#primaryimage\"},\"image\":{\"@id\":\"https:\/\/www.istitutogalanteoliva.it\/magazine\/2021\/08\/05\/in-ricordo-di-bruno-rombi\/#primaryimage\"},\"thumbnailUrl\":\"https:\/\/www.istitutogalanteoliva.it\/magazine\/wp-content\/uploads\/2021\/08\/00-00-bruno-rombi.jpg\",\"datePublished\":\"2021-08-05T06:00:00+00:00\",\"dateModified\":\"2021-08-04T15:55:50+00:00\",\"breadcrumb\":{\"@id\":\"https:\/\/www.istitutogalanteoliva.it\/magazine\/2021\/08\/05\/in-ricordo-di-bruno-rombi\/#breadcrumb\"},\"inLanguage\":\"it-IT\",\"potentialAction\":[{\"@type\":\"ReadAction\",\"target\":[\"https:\/\/www.istitutogalanteoliva.it\/magazine\/2021\/08\/05\/in-ricordo-di-bruno-rombi\/\"]}]},{\"@type\":\"ImageObject\",\"inLanguage\":\"it-IT\",\"@id\":\"https:\/\/www.istitutogalanteoliva.it\/magazine\/2021\/08\/05\/in-ricordo-di-bruno-rombi\/#primaryimage\",\"url\":\"https:\/\/www.istitutogalanteoliva.it\/magazine\/wp-content\/uploads\/2021\/08\/00-00-bruno-rombi.jpg\",\"contentUrl\":\"https:\/\/www.istitutogalanteoliva.it\/magazine\/wp-content\/uploads\/2021\/08\/00-00-bruno-rombi.jpg\",\"width\":512,\"height\":409,\"caption\":\"Bruno Rombi\"},{\"@type\":\"BreadcrumbList\",\"@id\":\"https:\/\/www.istitutogalanteoliva.it\/magazine\/2021\/08\/05\/in-ricordo-di-bruno-rombi\/#breadcrumb\",\"itemListElement\":[{\"@type\":\"ListItem\",\"position\":1,\"name\":\"Home\",\"item\":\"https:\/\/www.istitutogalanteoliva.it\/magazine\/\"},{\"@type\":\"ListItem\",\"position\":2,\"name\":\"In ricordo di Bruno Rombi\"}]},{\"@type\":\"WebSite\",\"@id\":\"https:\/\/www.istitutogalanteoliva.it\/magazine\/#website\",\"url\":\"https:\/\/www.istitutogalanteoliva.it\/magazine\/\",\"name\":\"POLIS SA MAGAZINE\",\"description\":\"Informazione e approfondimenti\",\"publisher\":{\"@id\":\"https:\/\/www.istitutogalanteoliva.it\/magazine\/#organization\"},\"potentialAction\":[{\"@type\":\"SearchAction\",\"target\":{\"@type\":\"EntryPoint\",\"urlTemplate\":\"https:\/\/www.istitutogalanteoliva.it\/magazine\/?s={search_term_string}\"},\"query-input\":{\"@type\":\"PropertyValueSpecification\",\"valueRequired\":true,\"valueName\":\"search_term_string\"}}],\"inLanguage\":\"it-IT\"},{\"@type\":\"Organization\",\"@id\":\"https:\/\/www.istitutogalanteoliva.it\/magazine\/#organization\",\"name\":\"Polis SA Magazine\",\"url\":\"https:\/\/www.istitutogalanteoliva.it\/magazine\/\",\"logo\":{\"@type\":\"ImageObject\",\"inLanguage\":\"it-IT\",\"@id\":\"https:\/\/www.istitutogalanteoliva.it\/magazine\/#\/schema\/logo\/image\/\",\"url\":\"\",\"contentUrl\":\"\",\"caption\":\"Polis SA Magazine\"},\"image\":{\"@id\":\"https:\/\/www.istitutogalanteoliva.it\/magazine\/#\/schema\/logo\/image\/\"},\"sameAs\":[\"https:\/\/www.facebook.com\/PolisSAMagazine\/\",\"https:\/\/x.com\/MagazinePolis\",\"https:\/\/www.youtube.com\/channel\/UCv0Mr5AHKUmsc0sEEXkJrgw\"]},{\"@type\":\"Person\",\"@id\":\"https:\/\/www.istitutogalanteoliva.it\/magazine\/#\/schema\/person\/d8b8aa79cfe8babc1df9da3212a7c0c4\",\"name\":\"Antonello Rivano\",\"image\":{\"@type\":\"ImageObject\",\"inLanguage\":\"it-IT\",\"@id\":\"https:\/\/www.istitutogalanteoliva.it\/magazine\/#\/schema\/person\/image\/\",\"url\":\"https:\/\/secure.gravatar.com\/avatar\/517a9a6487a7a18ecc4ce6d2e57a8f40?s=96&d=mm&r=g\",\"contentUrl\":\"https:\/\/secure.gravatar.com\/avatar\/517a9a6487a7a18ecc4ce6d2e57a8f40?s=96&d=mm&r=g\",\"caption\":\"Antonello Rivano\"},\"url\":\"https:\/\/www.istitutogalanteoliva.it\/magazine\/author\/antonello\/\"}]}<\/script>\n<!-- \/ Yoast SEO plugin. -->","yoast_head_json":{"title":"In ricordo di Bruno Rombi - Polis SA Magazine","robots":{"index":"index","follow":"follow","max-snippet":"max-snippet:-1","max-image-preview":"max-image-preview:large","max-video-preview":"max-video-preview:-1"},"canonical":"https:\/\/www.istitutogalanteoliva.it\/magazine\/2021\/08\/05\/in-ricordo-di-bruno-rombi\/","og_locale":"it_IT","og_type":"article","og_title":"In ricordo di Bruno Rombi - Polis SA Magazine","og_description":"Docente, giornalista, pubblicista, saggista, critico letterario, poeta, scrittore, attore, pittore. A lui \u00e8 stato dedicato il concorso letterario conclusosi ieri sera a Calasetta con la proclamazione dei vincitori","og_url":"https:\/\/www.istitutogalanteoliva.it\/magazine\/2021\/08\/05\/in-ricordo-di-bruno-rombi\/","og_site_name":"Polis SA Magazine","article_publisher":"https:\/\/www.facebook.com\/PolisSAMagazine\/","article_published_time":"2021-08-05T06:00:00+00:00","article_modified_time":"2021-08-04T15:55:50+00:00","og_image":[{"width":512,"height":409,"url":"https:\/\/www.istitutogalanteoliva.it\/magazine\/wp-content\/uploads\/2021\/08\/00-00-bruno-rombi.jpg","type":"image\/jpeg"}],"author":"Antonello Rivano","twitter_card":"summary_large_image","twitter_creator":"@MagazinePolis","twitter_site":"@MagazinePolis","twitter_misc":{"Scritto da":"Antonello Rivano","Tempo di lettura stimato":"5 minuti"},"schema":{"@context":"https:\/\/schema.org","@graph":[{"@type":"Article","@id":"https:\/\/www.istitutogalanteoliva.it\/magazine\/2021\/08\/05\/in-ricordo-di-bruno-rombi\/#article","isPartOf":{"@id":"https:\/\/www.istitutogalanteoliva.it\/magazine\/2021\/08\/05\/in-ricordo-di-bruno-rombi\/"},"author":{"name":"Antonello Rivano","@id":"https:\/\/www.istitutogalanteoliva.it\/magazine\/#\/schema\/person\/d8b8aa79cfe8babc1df9da3212a7c0c4"},"headline":"In ricordo di Bruno Rombi","datePublished":"2021-08-05T06:00:00+00:00","dateModified":"2021-08-04T15:55:50+00:00","mainEntityOfPage":{"@id":"https:\/\/www.istitutogalanteoliva.it\/magazine\/2021\/08\/05\/in-ricordo-di-bruno-rombi\/"},"wordCount":1101,"commentCount":0,"publisher":{"@id":"https:\/\/www.istitutogalanteoliva.it\/magazine\/#organization"},"image":{"@id":"https:\/\/www.istitutogalanteoliva.it\/magazine\/2021\/08\/05\/in-ricordo-di-bruno-rombi\/#primaryimage"},"thumbnailUrl":"https:\/\/www.istitutogalanteoliva.it\/magazine\/wp-content\/uploads\/2021\/08\/00-00-bruno-rombi.jpg","articleSection":["2021","Cultura","Personaggi","Sardegna"],"inLanguage":"it-IT","potentialAction":[{"@type":"CommentAction","name":"Comment","target":["https:\/\/www.istitutogalanteoliva.it\/magazine\/2021\/08\/05\/in-ricordo-di-bruno-rombi\/#respond"]}]},{"@type":"WebPage","@id":"https:\/\/www.istitutogalanteoliva.it\/magazine\/2021\/08\/05\/in-ricordo-di-bruno-rombi\/","url":"https:\/\/www.istitutogalanteoliva.it\/magazine\/2021\/08\/05\/in-ricordo-di-bruno-rombi\/","name":"In ricordo di Bruno Rombi - Polis SA Magazine","isPartOf":{"@id":"https:\/\/www.istitutogalanteoliva.it\/magazine\/#website"},"primaryImageOfPage":{"@id":"https:\/\/www.istitutogalanteoliva.it\/magazine\/2021\/08\/05\/in-ricordo-di-bruno-rombi\/#primaryimage"},"image":{"@id":"https:\/\/www.istitutogalanteoliva.it\/magazine\/2021\/08\/05\/in-ricordo-di-bruno-rombi\/#primaryimage"},"thumbnailUrl":"https:\/\/www.istitutogalanteoliva.it\/magazine\/wp-content\/uploads\/2021\/08\/00-00-bruno-rombi.jpg","datePublished":"2021-08-05T06:00:00+00:00","dateModified":"2021-08-04T15:55:50+00:00","breadcrumb":{"@id":"https:\/\/www.istitutogalanteoliva.it\/magazine\/2021\/08\/05\/in-ricordo-di-bruno-rombi\/#breadcrumb"},"inLanguage":"it-IT","potentialAction":[{"@type":"ReadAction","target":["https:\/\/www.istitutogalanteoliva.it\/magazine\/2021\/08\/05\/in-ricordo-di-bruno-rombi\/"]}]},{"@type":"ImageObject","inLanguage":"it-IT","@id":"https:\/\/www.istitutogalanteoliva.it\/magazine\/2021\/08\/05\/in-ricordo-di-bruno-rombi\/#primaryimage","url":"https:\/\/www.istitutogalanteoliva.it\/magazine\/wp-content\/uploads\/2021\/08\/00-00-bruno-rombi.jpg","contentUrl":"https:\/\/www.istitutogalanteoliva.it\/magazine\/wp-content\/uploads\/2021\/08\/00-00-bruno-rombi.jpg","width":512,"height":409,"caption":"Bruno Rombi"},{"@type":"BreadcrumbList","@id":"https:\/\/www.istitutogalanteoliva.it\/magazine\/2021\/08\/05\/in-ricordo-di-bruno-rombi\/#breadcrumb","itemListElement":[{"@type":"ListItem","position":1,"name":"Home","item":"https:\/\/www.istitutogalanteoliva.it\/magazine\/"},{"@type":"ListItem","position":2,"name":"In ricordo di Bruno Rombi"}]},{"@type":"WebSite","@id":"https:\/\/www.istitutogalanteoliva.it\/magazine\/#website","url":"https:\/\/www.istitutogalanteoliva.it\/magazine\/","name":"POLIS SA MAGAZINE","description":"Informazione e approfondimenti","publisher":{"@id":"https:\/\/www.istitutogalanteoliva.it\/magazine\/#organization"},"potentialAction":[{"@type":"SearchAction","target":{"@type":"EntryPoint","urlTemplate":"https:\/\/www.istitutogalanteoliva.it\/magazine\/?s={search_term_string}"},"query-input":{"@type":"PropertyValueSpecification","valueRequired":true,"valueName":"search_term_string"}}],"inLanguage":"it-IT"},{"@type":"Organization","@id":"https:\/\/www.istitutogalanteoliva.it\/magazine\/#organization","name":"Polis SA Magazine","url":"https:\/\/www.istitutogalanteoliva.it\/magazine\/","logo":{"@type":"ImageObject","inLanguage":"it-IT","@id":"https:\/\/www.istitutogalanteoliva.it\/magazine\/#\/schema\/logo\/image\/","url":"","contentUrl":"","caption":"Polis SA Magazine"},"image":{"@id":"https:\/\/www.istitutogalanteoliva.it\/magazine\/#\/schema\/logo\/image\/"},"sameAs":["https:\/\/www.facebook.com\/PolisSAMagazine\/","https:\/\/x.com\/MagazinePolis","https:\/\/www.youtube.com\/channel\/UCv0Mr5AHKUmsc0sEEXkJrgw"]},{"@type":"Person","@id":"https:\/\/www.istitutogalanteoliva.it\/magazine\/#\/schema\/person\/d8b8aa79cfe8babc1df9da3212a7c0c4","name":"Antonello Rivano","image":{"@type":"ImageObject","inLanguage":"it-IT","@id":"https:\/\/www.istitutogalanteoliva.it\/magazine\/#\/schema\/person\/image\/","url":"https:\/\/secure.gravatar.com\/avatar\/517a9a6487a7a18ecc4ce6d2e57a8f40?s=96&d=mm&r=g","contentUrl":"https:\/\/secure.gravatar.com\/avatar\/517a9a6487a7a18ecc4ce6d2e57a8f40?s=96&d=mm&r=g","caption":"Antonello Rivano"},"url":"https:\/\/www.istitutogalanteoliva.it\/magazine\/author\/antonello\/"}]}},"_links":{"self":[{"href":"https:\/\/www.istitutogalanteoliva.it\/magazine\/wp-json\/wp\/v2\/posts\/8960","targetHints":{"allow":["GET"]}}],"collection":[{"href":"https:\/\/www.istitutogalanteoliva.it\/magazine\/wp-json\/wp\/v2\/posts"}],"about":[{"href":"https:\/\/www.istitutogalanteoliva.it\/magazine\/wp-json\/wp\/v2\/types\/post"}],"author":[{"embeddable":true,"href":"https:\/\/www.istitutogalanteoliva.it\/magazine\/wp-json\/wp\/v2\/users\/2"}],"replies":[{"embeddable":true,"href":"https:\/\/www.istitutogalanteoliva.it\/magazine\/wp-json\/wp\/v2\/comments?post=8960"}],"version-history":[{"count":4,"href":"https:\/\/www.istitutogalanteoliva.it\/magazine\/wp-json\/wp\/v2\/posts\/8960\/revisions"}],"predecessor-version":[{"id":8970,"href":"https:\/\/www.istitutogalanteoliva.it\/magazine\/wp-json\/wp\/v2\/posts\/8960\/revisions\/8970"}],"wp:featuredmedia":[{"embeddable":true,"href":"https:\/\/www.istitutogalanteoliva.it\/magazine\/wp-json\/wp\/v2\/media\/8962"}],"wp:attachment":[{"href":"https:\/\/www.istitutogalanteoliva.it\/magazine\/wp-json\/wp\/v2\/media?parent=8960"}],"wp:term":[{"taxonomy":"category","embeddable":true,"href":"https:\/\/www.istitutogalanteoliva.it\/magazine\/wp-json\/wp\/v2\/categories?post=8960"},{"taxonomy":"post_tag","embeddable":true,"href":"https:\/\/www.istitutogalanteoliva.it\/magazine\/wp-json\/wp\/v2\/tags?post=8960"}],"curies":[{"name":"wp","href":"https:\/\/api.w.org\/{rel}","templated":true}]}}