{"id":900,"date":"2017-10-23T10:10:02","date_gmt":"2017-10-23T08:10:02","guid":{"rendered":"http:\/\/www.edizionipolis.it\/magazine\/?p=900"},"modified":"2019-08-22T10:15:27","modified_gmt":"2019-08-22T08:15:27","slug":"gianni-bonagura-il-ricordo-dellattore-scomparso","status":"publish","type":"post","link":"https:\/\/www.istitutogalanteoliva.it\/magazine\/2017\/10\/23\/gianni-bonagura-il-ricordo-dellattore-scomparso\/","title":{"rendered":"Gianni Bonagura. Il ricordo dell\u2019attore scomparso"},"content":{"rendered":"\n<p>L\u20198 ottobre scorso ci ha lasciati Gianni Bonagura. Un nome, una storia; quella del no-\nstro cinema, della nostra nazione.\n<\/p>\n\n\n\n<p>La voce e l\u2019ingegno di Gianni Bonagura si sono spenti in una clinica di Milano. In silenzio,\nsenza clamore mediatico, lontano dal mondo dello spettacolo di cui, insieme a tanti suoi\ncolleghi di corso e attori di prim\u2019ordine del nostro cinema, ne \u00e8 stato un grande interprete.\n<\/p>\n\n\n\n<p>\u00abRidoppiaggio dei film del passato? Ci sono i distributori o anche i produttori che\ndicono Rifacciamo il doppiaggio&#8230; perch\u00e9 non funzionava prima? \u00c8 da discutere, si pu\u00f2\ndiscutere tutto, perci\u00f2 non mi fa specie se a un certo punto decidano di ridoppiare \u201cVia\ncol vento\u201d o \u201cC\u2019era una volta in America!\u201d\u00bb.\n<\/p>\n\n\n\n<p>Intervistato da Andrea Razza per \u201cIl Mondo dei Doppaitori.it\u201d (l\u2019enciclopedia del doppiaggio) nel 2012, Gianni Bonagura rispondeva perplesso alla domanda sui tanti cambiamenti di un\u2019attivit\u00e0, quale il doppiaggio, a cui lui ha dedicato una vita intera regalandoci classici entrati nella storia e capolavori intramontabili. <\/p>\n\n\n\n<p>\u00c8 destino di molti attori e doppiatori, specie di prima generazione, essere celebrati o spesso interpellati nel corso della loro vita come una sorta di enciclopedia vivente e dopo la loro scomparsa essere rimossi dalla memoria collettiva. Succede anche con molti intellettuali: il 27 settembre scorso \u00e8 scomparso uno dei massimi esperti di Francesco Petrarca, il professor Ugo Dotti, per anni Docente di letteratura italiana all\u2019Universit\u00e0 di Salerno e della sua dipartita, se non nell\u2019ambiente accademico, nessuno se ne \u00e8 occupato. Ma torniamo a Gianni Bonagura. Gianni Bonagura, scomparso a quasi 92 anni, era l\u2019ultimo grande di una generazione. Proveniente, come altri suoi colleghi, dall\u2019Accademia di arte drammatica, dopo alcune edizioni italiane ed estere dell\u2019Edipo Re di Guido Salvini, fu ingaggiato dalla compagnia di prosa di Radio Torino. <\/p>\n\n\n\n<p>Per un fortuito caso fu notato da Antonio Gandusio a cui, essendo giunto al Carignano per i suoi spettacoli, occorreva un attore per una parte rimasta scoperta. Bonagura, grazie al suo talento, non solo ebbe \u201cl\u2019applauso a scena aperta di battesimo\u201d, ma anche la proposta di Gandusio di entrare a far parte come attore a tutti gli effetti della sua compagnia. <\/p>\n\n\n\n<p>Da quell\u2019esperienza, Bonagura trarr\u00e0 insegnamenti preziosi; oltre che i segreti della recitazione, anche un\u2019etica. Appena si diede occasione di mutare la sua parte da \u201cattor giovane\u201d a quella di caratterista (ruolo che sar\u00e0 perennemente durante tutta la sua carriera cinematografica) fu colpito dallo stile del commendatore Birolli di \u201cGente di Nozze\u201d che non gli impose il cambio di parte, ma gli chiese con un garbato: \u00abLa prego di accettare questa parte che non \u00e8 da attor giovane, ma da caratterista\u00bb. <\/p>\n\n\n\n<p>Teatro, cinema, televisione, Gianni Bonagura ha esplorato tutti i campi della settima\narte. Assieme a Nino Manfredi e Paolo Ferrari inaugur\u00f2 la televisione nel 1954 con alcuni\npezzi di Carosone, fu uno dei brillanti caratteristi della commedia all\u2019italiana lavorando\ncon registi quali Blasi, Loy, Salce, Fulci, Ferrero. Ebbe occasione di recitare anche con\nTot\u00f2 e Vittorio Gassman. Ma ci teneva a precisare, con la modestia dei grandi \u201cche con\nil Principe della risata\u201d aveva avuto solo una parte di fianco, uno sk etc.h fatto in riva al\nTevere che non si ricordava neanche che titolo avesse il film. Con Tot\u00f2 Bonagura recit\u00f2\nanche in Tot\u00f2 Ye-Ye di Daniele D\u2019Anza per la televisione nel 1967. Mentre con Gassman,\nBonagura prese parte alla commedia musicale \u201cIrma la dolce\u201d con Annamaria Ferrero e\nalberto Bonucci.\n<\/p>\n\n\n\n<p>Al cinema, ebbe sempre ruoli di prim\u2019ordine sempre come caratterista (lo si ricordi nel ruolo dell\u2019ingenuo ragioniere del totocalcio Amedeo ne \u201cL\u2019audace colpo dei soliti ignoti\u201d) o del presentatore in \u201cRisate di gioia\u201d di Monicelli, tratto dai racconti romani di Moravia. Non a caso credo Mario Monicelli, uno dei cineasti pi\u00f9 colti del nostro tempo, abbia voluto Bonagura in una parte in un film prettamente sulla romanit\u00e0; forse perch\u00e9 Bonagura era un attento studioso e un appassionato di uno dei simboli della romanit\u00e0 stessa, il poeta Giuseppe Gioacchino Belli, nonch\u00e9 un fine dicitore dei suoi sonetti. Bonagura ha avuto modo in diverse occasioni di recitare, con sentimento e magistrale interpretazione, i celebri sonetti del poeta de \u201cLi soprani del monno vecchi\u201do, ma la prima vera occasione di pronunciare un celebre verso del Belli fu in occasione del film omonimo di Bernardo Bertolucci \u201cLa commare secca\u201d (1962): \u00abGgi\u00e0 la Commaraccia secca de Strada-Ggiulia arza er rampino\u00bb. <\/p>\n\n\n\n<p>Ma \u00e8 con il doppiaggio che si deve a Bonagura un notevole e prezioso lavoro: doppi\u00f2 Pleasence, Danny De Vito, Ian Holm. Il destino dei doppiatori, nonostante le gratificazioni che questo mestiere porta, \u00e8 quello di essere \u201cvoci e persone nell\u2019ombra\u201d e spesso capita che pur contribuendo al successo di un film nella sua versione italiana che spesso nella sua versione originale non riscontra lo stesso successo, devono passare anni o capitare fortuite occasione per far incontrare regista e doppiatore di quello stesso film. E cos\u00ec \u00e8 capitato a Bonagura. <\/p>\n\n\n\n<p>Egli fu uno della straordinaria squadra di doppiatori chiamati a firmare la versione italiana de \u201cLa commedia pi\u00f9 divertente del Mondo\u201d come \u201cFrankenstein Junior\u201d di Mel Brooks del 1974. Il doppiaggio fu diretto da Mario Maldesi, forse il pi\u00f9 rappresentativo dei direttori di doppiaggio. Se a Oeste Lionello tocc\u00f2 passare alla storia per aver prestato (o dato) la voce al Dottor Frankestein (Gene Wilder), ad Angiolina Quinterno a Elisabeth, a Bonagura tocc\u00f2 il personaggio cult: il gobbo Igor (Marty Feldman). \u201cFrankestein Junior\u201d ebbe molto pi\u00f9 successo in Italia che all\u2019estero proprio grazie a quel doppiaggio). Bonagura ebbe occasione di conoscere Mel Brooks solo 25 anni dopo, nel 1999 in occasione delle riprese del film \u201cSvitati\u201d diretto da Ezio Greggio in cui, appunto, per i cicli della storia, Bonagura doppia il protagonista del film, il pazzo ex soldato Jack Gordon interpretato da Brooks. <\/p>\n\n\n\n<p>Woody Allen, alla morte di Lionello, sottoline\u00f2 come Lionello, con la sua attivit\u00e0 di\ndoppiatore nei suoi film, avesse contribuito a renderlo un attore migliore di quanto lui\nfosse realmente\u201d. Spetterebbe anche al regista de \u201cLa pazza storia del Mondo\u201d recare\nun significativo omaggio all\u2019attore che ha reso immortale il suo personaggio Igor che l\u20198\nottobre scorso \u00e8 morto per la seconda volta.\n<\/p>\n\n\n\n<p>Con la morte di Gianni Bonagura il cinema italiano perde non solo un suo grande interprete e servitore, ma anche una delle sue memorie storiche. Non tutti sanno che Bonagura ha il merito di aver fatto nascere il teatro di Ennio Flaiano: lo scrittore di Pescara con \u201cUn Marziano a Roma\u201d divise la critica e il pubblico. Bonagura, nell\u2019intervista\nrilasciata ad Andrea Razza, racconta di come Marcello Marcesi gli scrisse raccontandogli\nla reazione stupita e inaspettata del pubblico che era arrivata quasi a toccare il ricordo\nde La prima dei Sei personaggi in cerca di autore di Pirandello. Pubblico impreparato o\nconservatore?\n<\/p>\n\n\n\n<p>E come era orgoglioso Bonagura della sua amicizia con Flaiano; mostrava orgoglioso\nuna sua poesia autografa, dedicata a lui a tutti i suoi conoscenti.\n<\/p>\n\n\n\n<p>Una carriera completa la sua, dal \u201cVentaglio\u201d di Goldoni negli anni Quaranta, passando a \u201cI sette re di Roma\u201d di Luigi Magni sino ai film di notevole impatto visivo come \u201cThe day after Tomorrow\u201d di Roland Emmerich in cui presta la voce a Ian Holm nel personaggio di Terry Rapson. <\/p>\n\n\n\n<p>Stavolta \u201cla commaraccia\u201d ha alzato il suo rampino su Gianni Bonagura. La settima arte non pu\u00f2 che ringraziarlo e rendergli un doveroso omaggio. <\/p>\n\n\n\n<p style=\"text-align:right\"><em>Stefano Pignataro\n<\/em><\/p>\n<div class=\"pdfprnt-buttons pdfprnt-buttons-post pdfprnt-bottom-left\"><a href=\"https:\/\/www.istitutogalanteoliva.it\/magazine\/wp-json\/wp\/v2\/posts\/900?print=print\" class=\"pdfprnt-button pdfprnt-button-print\" target=\"_blank\"><img decoding=\"async\" src=\"https:\/\/www.istitutogalanteoliva.it\/magazine\/wp-content\/plugins\/pdf-print\/images\/print.png\" alt=\"image_print\" title=\"Stampa contenuto\" \/><span class=\"pdfprnt-button-title pdfprnt-button-print-title\">Download in PDF<\/span><\/a><\/div>","protected":false},"excerpt":{"rendered":"<p>L\u20198 ottobre scorso ci ha lasciati Gianni Bonagura. Un nome, una storia; quella del no-<\/p>\n","protected":false},"author":1,"featured_media":901,"comment_status":"open","ping_status":"open","sticky":false,"template":"","format":"standard","meta":{"footnotes":""},"categories":[2,21],"tags":[],"class_list":["post-900","post","type-post","status-publish","format-standard","has-post-thumbnail","hentry","category-2","category-personaggi"],"yoast_head":"<!-- This site is optimized with the Yoast SEO plugin v24.2 - https:\/\/yoast.com\/wordpress\/plugins\/seo\/ -->\n<title>Gianni Bonagura. Il ricordo dell\u2019attore scomparso - Polis SA Magazine<\/title>\n<meta name=\"robots\" content=\"index, follow, max-snippet:-1, max-image-preview:large, max-video-preview:-1\" \/>\n<link rel=\"canonical\" href=\"https:\/\/www.istitutogalanteoliva.it\/magazine\/2017\/10\/23\/gianni-bonagura-il-ricordo-dellattore-scomparso\/\" \/>\n<meta property=\"og:locale\" content=\"it_IT\" \/>\n<meta property=\"og:type\" content=\"article\" \/>\n<meta property=\"og:title\" content=\"Gianni Bonagura. Il ricordo dell\u2019attore scomparso - Polis SA Magazine\" \/>\n<meta property=\"og:description\" content=\"L\u20198 ottobre scorso ci ha lasciati Gianni Bonagura. Un nome, una storia; quella del no-\" \/>\n<meta property=\"og:url\" content=\"https:\/\/www.istitutogalanteoliva.it\/magazine\/2017\/10\/23\/gianni-bonagura-il-ricordo-dellattore-scomparso\/\" \/>\n<meta property=\"og:site_name\" content=\"Polis SA Magazine\" \/>\n<meta property=\"article:publisher\" content=\"https:\/\/www.facebook.com\/PolisSAMagazine\/\" \/>\n<meta property=\"article:published_time\" content=\"2017-10-23T08:10:02+00:00\" \/>\n<meta property=\"article:modified_time\" content=\"2019-08-22T08:15:27+00:00\" \/>\n<meta property=\"og:image\" content=\"https:\/\/www.istitutogalanteoliva.it\/magazine\/wp-content\/uploads\/2019\/08\/bonagura.jpg\" \/>\n\t<meta property=\"og:image:width\" content=\"1600\" \/>\n\t<meta property=\"og:image:height\" content=\"1016\" \/>\n\t<meta property=\"og:image:type\" content=\"image\/jpeg\" \/>\n<meta name=\"author\" content=\"admin\" \/>\n<meta name=\"twitter:card\" content=\"summary_large_image\" \/>\n<meta name=\"twitter:creator\" content=\"@MagazinePolis\" \/>\n<meta name=\"twitter:site\" content=\"@MagazinePolis\" \/>\n<meta name=\"twitter:label1\" content=\"Scritto da\" \/>\n\t<meta name=\"twitter:data1\" content=\"admin\" \/>\n\t<meta name=\"twitter:label2\" content=\"Tempo di lettura stimato\" \/>\n\t<meta name=\"twitter:data2\" content=\"6 minuti\" \/>\n<script type=\"application\/ld+json\" class=\"yoast-schema-graph\">{\"@context\":\"https:\/\/schema.org\",\"@graph\":[{\"@type\":\"Article\",\"@id\":\"https:\/\/www.istitutogalanteoliva.it\/magazine\/2017\/10\/23\/gianni-bonagura-il-ricordo-dellattore-scomparso\/#article\",\"isPartOf\":{\"@id\":\"https:\/\/www.istitutogalanteoliva.it\/magazine\/2017\/10\/23\/gianni-bonagura-il-ricordo-dellattore-scomparso\/\"},\"author\":{\"name\":\"admin\",\"@id\":\"https:\/\/www.istitutogalanteoliva.it\/magazine\/#\/schema\/person\/72e8141246542ebcf905456f5dbd4c49\"},\"headline\":\"Gianni Bonagura. Il ricordo dell\u2019attore scomparso\",\"datePublished\":\"2017-10-23T08:10:02+00:00\",\"dateModified\":\"2019-08-22T08:15:27+00:00\",\"mainEntityOfPage\":{\"@id\":\"https:\/\/www.istitutogalanteoliva.it\/magazine\/2017\/10\/23\/gianni-bonagura-il-ricordo-dellattore-scomparso\/\"},\"wordCount\":1227,\"commentCount\":0,\"publisher\":{\"@id\":\"https:\/\/www.istitutogalanteoliva.it\/magazine\/#organization\"},\"image\":{\"@id\":\"https:\/\/www.istitutogalanteoliva.it\/magazine\/2017\/10\/23\/gianni-bonagura-il-ricordo-dellattore-scomparso\/#primaryimage\"},\"thumbnailUrl\":\"https:\/\/www.istitutogalanteoliva.it\/magazine\/wp-content\/uploads\/2019\/08\/bonagura.jpg\",\"articleSection\":[\"2017\",\"Personaggi\"],\"inLanguage\":\"it-IT\",\"potentialAction\":[{\"@type\":\"CommentAction\",\"name\":\"Comment\",\"target\":[\"https:\/\/www.istitutogalanteoliva.it\/magazine\/2017\/10\/23\/gianni-bonagura-il-ricordo-dellattore-scomparso\/#respond\"]}]},{\"@type\":\"WebPage\",\"@id\":\"https:\/\/www.istitutogalanteoliva.it\/magazine\/2017\/10\/23\/gianni-bonagura-il-ricordo-dellattore-scomparso\/\",\"url\":\"https:\/\/www.istitutogalanteoliva.it\/magazine\/2017\/10\/23\/gianni-bonagura-il-ricordo-dellattore-scomparso\/\",\"name\":\"Gianni Bonagura. Il ricordo dell\u2019attore scomparso - Polis SA Magazine\",\"isPartOf\":{\"@id\":\"https:\/\/www.istitutogalanteoliva.it\/magazine\/#website\"},\"primaryImageOfPage\":{\"@id\":\"https:\/\/www.istitutogalanteoliva.it\/magazine\/2017\/10\/23\/gianni-bonagura-il-ricordo-dellattore-scomparso\/#primaryimage\"},\"image\":{\"@id\":\"https:\/\/www.istitutogalanteoliva.it\/magazine\/2017\/10\/23\/gianni-bonagura-il-ricordo-dellattore-scomparso\/#primaryimage\"},\"thumbnailUrl\":\"https:\/\/www.istitutogalanteoliva.it\/magazine\/wp-content\/uploads\/2019\/08\/bonagura.jpg\",\"datePublished\":\"2017-10-23T08:10:02+00:00\",\"dateModified\":\"2019-08-22T08:15:27+00:00\",\"breadcrumb\":{\"@id\":\"https:\/\/www.istitutogalanteoliva.it\/magazine\/2017\/10\/23\/gianni-bonagura-il-ricordo-dellattore-scomparso\/#breadcrumb\"},\"inLanguage\":\"it-IT\",\"potentialAction\":[{\"@type\":\"ReadAction\",\"target\":[\"https:\/\/www.istitutogalanteoliva.it\/magazine\/2017\/10\/23\/gianni-bonagura-il-ricordo-dellattore-scomparso\/\"]}]},{\"@type\":\"ImageObject\",\"inLanguage\":\"it-IT\",\"@id\":\"https:\/\/www.istitutogalanteoliva.it\/magazine\/2017\/10\/23\/gianni-bonagura-il-ricordo-dellattore-scomparso\/#primaryimage\",\"url\":\"https:\/\/www.istitutogalanteoliva.it\/magazine\/wp-content\/uploads\/2019\/08\/bonagura.jpg\",\"contentUrl\":\"https:\/\/www.istitutogalanteoliva.it\/magazine\/wp-content\/uploads\/2019\/08\/bonagura.jpg\",\"width\":1600,\"height\":1016},{\"@type\":\"BreadcrumbList\",\"@id\":\"https:\/\/www.istitutogalanteoliva.it\/magazine\/2017\/10\/23\/gianni-bonagura-il-ricordo-dellattore-scomparso\/#breadcrumb\",\"itemListElement\":[{\"@type\":\"ListItem\",\"position\":1,\"name\":\"Home\",\"item\":\"https:\/\/www.istitutogalanteoliva.it\/magazine\/\"},{\"@type\":\"ListItem\",\"position\":2,\"name\":\"Gianni Bonagura. Il ricordo dell\u2019attore scomparso\"}]},{\"@type\":\"WebSite\",\"@id\":\"https:\/\/www.istitutogalanteoliva.it\/magazine\/#website\",\"url\":\"https:\/\/www.istitutogalanteoliva.it\/magazine\/\",\"name\":\"POLIS SA MAGAZINE\",\"description\":\"Informazione e approfondimenti\",\"publisher\":{\"@id\":\"https:\/\/www.istitutogalanteoliva.it\/magazine\/#organization\"},\"potentialAction\":[{\"@type\":\"SearchAction\",\"target\":{\"@type\":\"EntryPoint\",\"urlTemplate\":\"https:\/\/www.istitutogalanteoliva.it\/magazine\/?s={search_term_string}\"},\"query-input\":{\"@type\":\"PropertyValueSpecification\",\"valueRequired\":true,\"valueName\":\"search_term_string\"}}],\"inLanguage\":\"it-IT\"},{\"@type\":\"Organization\",\"@id\":\"https:\/\/www.istitutogalanteoliva.it\/magazine\/#organization\",\"name\":\"Polis SA Magazine\",\"url\":\"https:\/\/www.istitutogalanteoliva.it\/magazine\/\",\"logo\":{\"@type\":\"ImageObject\",\"inLanguage\":\"it-IT\",\"@id\":\"https:\/\/www.istitutogalanteoliva.it\/magazine\/#\/schema\/logo\/image\/\",\"url\":\"\",\"contentUrl\":\"\",\"caption\":\"Polis SA Magazine\"},\"image\":{\"@id\":\"https:\/\/www.istitutogalanteoliva.it\/magazine\/#\/schema\/logo\/image\/\"},\"sameAs\":[\"https:\/\/www.facebook.com\/PolisSAMagazine\/\",\"https:\/\/x.com\/MagazinePolis\",\"https:\/\/www.youtube.com\/channel\/UCv0Mr5AHKUmsc0sEEXkJrgw\"]},{\"@type\":\"Person\",\"@id\":\"https:\/\/www.istitutogalanteoliva.it\/magazine\/#\/schema\/person\/72e8141246542ebcf905456f5dbd4c49\",\"name\":\"admin\",\"image\":{\"@type\":\"ImageObject\",\"inLanguage\":\"it-IT\",\"@id\":\"https:\/\/www.istitutogalanteoliva.it\/magazine\/#\/schema\/person\/image\/\",\"url\":\"https:\/\/secure.gravatar.com\/avatar\/07059cc99eeb1edd29e138d1812e69ec?s=96&d=mm&r=g\",\"contentUrl\":\"https:\/\/secure.gravatar.com\/avatar\/07059cc99eeb1edd29e138d1812e69ec?s=96&d=mm&r=g\",\"caption\":\"admin\"},\"url\":\"https:\/\/www.istitutogalanteoliva.it\/magazine\/author\/admin\/\"}]}<\/script>\n<!-- \/ Yoast SEO plugin. -->","yoast_head_json":{"title":"Gianni Bonagura. Il ricordo dell\u2019attore scomparso - Polis SA Magazine","robots":{"index":"index","follow":"follow","max-snippet":"max-snippet:-1","max-image-preview":"max-image-preview:large","max-video-preview":"max-video-preview:-1"},"canonical":"https:\/\/www.istitutogalanteoliva.it\/magazine\/2017\/10\/23\/gianni-bonagura-il-ricordo-dellattore-scomparso\/","og_locale":"it_IT","og_type":"article","og_title":"Gianni Bonagura. Il ricordo dell\u2019attore scomparso - Polis SA Magazine","og_description":"L\u20198 ottobre scorso ci ha lasciati Gianni Bonagura. Un nome, una storia; quella del no-","og_url":"https:\/\/www.istitutogalanteoliva.it\/magazine\/2017\/10\/23\/gianni-bonagura-il-ricordo-dellattore-scomparso\/","og_site_name":"Polis SA Magazine","article_publisher":"https:\/\/www.facebook.com\/PolisSAMagazine\/","article_published_time":"2017-10-23T08:10:02+00:00","article_modified_time":"2019-08-22T08:15:27+00:00","og_image":[{"width":1600,"height":1016,"url":"https:\/\/www.istitutogalanteoliva.it\/magazine\/wp-content\/uploads\/2019\/08\/bonagura.jpg","type":"image\/jpeg"}],"author":"admin","twitter_card":"summary_large_image","twitter_creator":"@MagazinePolis","twitter_site":"@MagazinePolis","twitter_misc":{"Scritto da":"admin","Tempo di lettura stimato":"6 minuti"},"schema":{"@context":"https:\/\/schema.org","@graph":[{"@type":"Article","@id":"https:\/\/www.istitutogalanteoliva.it\/magazine\/2017\/10\/23\/gianni-bonagura-il-ricordo-dellattore-scomparso\/#article","isPartOf":{"@id":"https:\/\/www.istitutogalanteoliva.it\/magazine\/2017\/10\/23\/gianni-bonagura-il-ricordo-dellattore-scomparso\/"},"author":{"name":"admin","@id":"https:\/\/www.istitutogalanteoliva.it\/magazine\/#\/schema\/person\/72e8141246542ebcf905456f5dbd4c49"},"headline":"Gianni Bonagura. Il ricordo dell\u2019attore scomparso","datePublished":"2017-10-23T08:10:02+00:00","dateModified":"2019-08-22T08:15:27+00:00","mainEntityOfPage":{"@id":"https:\/\/www.istitutogalanteoliva.it\/magazine\/2017\/10\/23\/gianni-bonagura-il-ricordo-dellattore-scomparso\/"},"wordCount":1227,"commentCount":0,"publisher":{"@id":"https:\/\/www.istitutogalanteoliva.it\/magazine\/#organization"},"image":{"@id":"https:\/\/www.istitutogalanteoliva.it\/magazine\/2017\/10\/23\/gianni-bonagura-il-ricordo-dellattore-scomparso\/#primaryimage"},"thumbnailUrl":"https:\/\/www.istitutogalanteoliva.it\/magazine\/wp-content\/uploads\/2019\/08\/bonagura.jpg","articleSection":["2017","Personaggi"],"inLanguage":"it-IT","potentialAction":[{"@type":"CommentAction","name":"Comment","target":["https:\/\/www.istitutogalanteoliva.it\/magazine\/2017\/10\/23\/gianni-bonagura-il-ricordo-dellattore-scomparso\/#respond"]}]},{"@type":"WebPage","@id":"https:\/\/www.istitutogalanteoliva.it\/magazine\/2017\/10\/23\/gianni-bonagura-il-ricordo-dellattore-scomparso\/","url":"https:\/\/www.istitutogalanteoliva.it\/magazine\/2017\/10\/23\/gianni-bonagura-il-ricordo-dellattore-scomparso\/","name":"Gianni Bonagura. Il ricordo dell\u2019attore scomparso - Polis SA Magazine","isPartOf":{"@id":"https:\/\/www.istitutogalanteoliva.it\/magazine\/#website"},"primaryImageOfPage":{"@id":"https:\/\/www.istitutogalanteoliva.it\/magazine\/2017\/10\/23\/gianni-bonagura-il-ricordo-dellattore-scomparso\/#primaryimage"},"image":{"@id":"https:\/\/www.istitutogalanteoliva.it\/magazine\/2017\/10\/23\/gianni-bonagura-il-ricordo-dellattore-scomparso\/#primaryimage"},"thumbnailUrl":"https:\/\/www.istitutogalanteoliva.it\/magazine\/wp-content\/uploads\/2019\/08\/bonagura.jpg","datePublished":"2017-10-23T08:10:02+00:00","dateModified":"2019-08-22T08:15:27+00:00","breadcrumb":{"@id":"https:\/\/www.istitutogalanteoliva.it\/magazine\/2017\/10\/23\/gianni-bonagura-il-ricordo-dellattore-scomparso\/#breadcrumb"},"inLanguage":"it-IT","potentialAction":[{"@type":"ReadAction","target":["https:\/\/www.istitutogalanteoliva.it\/magazine\/2017\/10\/23\/gianni-bonagura-il-ricordo-dellattore-scomparso\/"]}]},{"@type":"ImageObject","inLanguage":"it-IT","@id":"https:\/\/www.istitutogalanteoliva.it\/magazine\/2017\/10\/23\/gianni-bonagura-il-ricordo-dellattore-scomparso\/#primaryimage","url":"https:\/\/www.istitutogalanteoliva.it\/magazine\/wp-content\/uploads\/2019\/08\/bonagura.jpg","contentUrl":"https:\/\/www.istitutogalanteoliva.it\/magazine\/wp-content\/uploads\/2019\/08\/bonagura.jpg","width":1600,"height":1016},{"@type":"BreadcrumbList","@id":"https:\/\/www.istitutogalanteoliva.it\/magazine\/2017\/10\/23\/gianni-bonagura-il-ricordo-dellattore-scomparso\/#breadcrumb","itemListElement":[{"@type":"ListItem","position":1,"name":"Home","item":"https:\/\/www.istitutogalanteoliva.it\/magazine\/"},{"@type":"ListItem","position":2,"name":"Gianni Bonagura. Il ricordo dell\u2019attore scomparso"}]},{"@type":"WebSite","@id":"https:\/\/www.istitutogalanteoliva.it\/magazine\/#website","url":"https:\/\/www.istitutogalanteoliva.it\/magazine\/","name":"POLIS SA MAGAZINE","description":"Informazione e approfondimenti","publisher":{"@id":"https:\/\/www.istitutogalanteoliva.it\/magazine\/#organization"},"potentialAction":[{"@type":"SearchAction","target":{"@type":"EntryPoint","urlTemplate":"https:\/\/www.istitutogalanteoliva.it\/magazine\/?s={search_term_string}"},"query-input":{"@type":"PropertyValueSpecification","valueRequired":true,"valueName":"search_term_string"}}],"inLanguage":"it-IT"},{"@type":"Organization","@id":"https:\/\/www.istitutogalanteoliva.it\/magazine\/#organization","name":"Polis SA Magazine","url":"https:\/\/www.istitutogalanteoliva.it\/magazine\/","logo":{"@type":"ImageObject","inLanguage":"it-IT","@id":"https:\/\/www.istitutogalanteoliva.it\/magazine\/#\/schema\/logo\/image\/","url":"","contentUrl":"","caption":"Polis SA Magazine"},"image":{"@id":"https:\/\/www.istitutogalanteoliva.it\/magazine\/#\/schema\/logo\/image\/"},"sameAs":["https:\/\/www.facebook.com\/PolisSAMagazine\/","https:\/\/x.com\/MagazinePolis","https:\/\/www.youtube.com\/channel\/UCv0Mr5AHKUmsc0sEEXkJrgw"]},{"@type":"Person","@id":"https:\/\/www.istitutogalanteoliva.it\/magazine\/#\/schema\/person\/72e8141246542ebcf905456f5dbd4c49","name":"admin","image":{"@type":"ImageObject","inLanguage":"it-IT","@id":"https:\/\/www.istitutogalanteoliva.it\/magazine\/#\/schema\/person\/image\/","url":"https:\/\/secure.gravatar.com\/avatar\/07059cc99eeb1edd29e138d1812e69ec?s=96&d=mm&r=g","contentUrl":"https:\/\/secure.gravatar.com\/avatar\/07059cc99eeb1edd29e138d1812e69ec?s=96&d=mm&r=g","caption":"admin"},"url":"https:\/\/www.istitutogalanteoliva.it\/magazine\/author\/admin\/"}]}},"_links":{"self":[{"href":"https:\/\/www.istitutogalanteoliva.it\/magazine\/wp-json\/wp\/v2\/posts\/900","targetHints":{"allow":["GET"]}}],"collection":[{"href":"https:\/\/www.istitutogalanteoliva.it\/magazine\/wp-json\/wp\/v2\/posts"}],"about":[{"href":"https:\/\/www.istitutogalanteoliva.it\/magazine\/wp-json\/wp\/v2\/types\/post"}],"author":[{"embeddable":true,"href":"https:\/\/www.istitutogalanteoliva.it\/magazine\/wp-json\/wp\/v2\/users\/1"}],"replies":[{"embeddable":true,"href":"https:\/\/www.istitutogalanteoliva.it\/magazine\/wp-json\/wp\/v2\/comments?post=900"}],"version-history":[{"count":1,"href":"https:\/\/www.istitutogalanteoliva.it\/magazine\/wp-json\/wp\/v2\/posts\/900\/revisions"}],"predecessor-version":[{"id":902,"href":"https:\/\/www.istitutogalanteoliva.it\/magazine\/wp-json\/wp\/v2\/posts\/900\/revisions\/902"}],"wp:featuredmedia":[{"embeddable":true,"href":"https:\/\/www.istitutogalanteoliva.it\/magazine\/wp-json\/wp\/v2\/media\/901"}],"wp:attachment":[{"href":"https:\/\/www.istitutogalanteoliva.it\/magazine\/wp-json\/wp\/v2\/media?parent=900"}],"wp:term":[{"taxonomy":"category","embeddable":true,"href":"https:\/\/www.istitutogalanteoliva.it\/magazine\/wp-json\/wp\/v2\/categories?post=900"},{"taxonomy":"post_tag","embeddable":true,"href":"https:\/\/www.istitutogalanteoliva.it\/magazine\/wp-json\/wp\/v2\/tags?post=900"}],"curies":[{"name":"wp","href":"https:\/\/api.w.org\/{rel}","templated":true}]}}