{"id":9078,"date":"2021-08-20T08:00:00","date_gmt":"2021-08-20T06:00:00","guid":{"rendered":"https:\/\/www.istitutogalanteoliva.it\/magazine\/?p=9078"},"modified":"2021-08-17T19:08:50","modified_gmt":"2021-08-17T17:08:50","slug":"inaugurato-a-san-pietro-avellana-il-museo-del-tartufo","status":"publish","type":"post","link":"https:\/\/www.istitutogalanteoliva.it\/magazine\/2021\/08\/20\/inaugurato-a-san-pietro-avellana-il-museo-del-tartufo\/","title":{"rendered":"Inaugurato a San Pietro Avellana il museo del Tartufo"},"content":{"rendered":"\n<h4 class=\"wp-block-heading\"> Prima in Molise, la struttura nel cuore del borgo altomolisano \u00e8 stata ideata per trasmettere e valorizzare la tradizione culinaria del \u201cdiamante\u201d dei boschi. Storia, tartuficoltura, segreti e caratteristiche del prezioso pubblico caratterizzano il percorso tra le sale museali<\/h4>\n\n\n\n<p><strong>di <em>Silvia De Cristofaro<\/em><\/strong><\/p>\n\n\n\n<p class=\"has-drop-cap\">La trentaduesima fiera del tartufo, che il comune del borgo altomolisano di San Pietro Avellana con la collaborazione della pro loco Ad Volana ha organizzato nell\u2019intenzione di favorire la conoscenza di un prodotto d\u2019eccellenza della gastronomia dell\u2019entroterra molisano, \u00e8 stata caratterizzata dall\u2019inaugurazione del primo museo in Molise del tartufo: nella zona alta del borgo, le stanze del centro polifunzionale ospiteranno quel che viene definito \u201cil re dei boschi\u201d perch\u00e9 il prestigioso tubero possa attrarre sempre pi\u00f9 correnti turistiche di buongustai o di appassionati curiosi interessati alla sua produzione e ad una tradizione che davvero rappresenta un orgoglio delle nostre terre.<\/p>\n\n\n\n<p> L\u2019iniziativa accattivante (rari sono i musei di questo genere presenti sul territorio nazionale) \u00e8 frutto di un progetto incentrato su azioni di valorizzazione del fungo prezioso perch\u00e9 possa diffondersi la cultura del campo della tartuficoltura e delle altre produzioni del sottobosco. San Pietro Avellana, inserito nell\u2019associazione nazionale Citt\u00e0 del Tartufo, ha cos\u00ec presentato un itinerario caratterizzato da sezioni che ci proiettano in un\u2019atmosfera antica, misteriosa, suggestiva: ad iniziare da una sezione della \u201ccerca\u201d in cui \u00e8 possibile indagare sui \u201csegreti\u201d del tartufaio, conoscere l\u2019identit\u00e0 di questo fungo ipogeo, la sua biologia, la sua riproduzione e il suo importantissimo ruolo che salvaguarda la biodiversit\u00e0. <\/p>\n\n\n\n<figure class=\"wp-block-image size-large is-resized\"><img loading=\"lazy\" decoding=\"async\" src=\"https:\/\/www.istitutogalanteoliva.it\/magazine\/wp-content\/uploads\/2021\/08\/Museo-del-Tartufo-di-San-Pietro-Avellana-1024x768.jpg\" alt=\"\" class=\"wp-image-9079\" width=\"512\" height=\"384\" srcset=\"https:\/\/www.istitutogalanteoliva.it\/magazine\/wp-content\/uploads\/2021\/08\/Museo-del-Tartufo-di-San-Pietro-Avellana-1024x768.jpg 1024w, https:\/\/www.istitutogalanteoliva.it\/magazine\/wp-content\/uploads\/2021\/08\/Museo-del-Tartufo-di-San-Pietro-Avellana-300x225.jpg 300w, https:\/\/www.istitutogalanteoliva.it\/magazine\/wp-content\/uploads\/2021\/08\/Museo-del-Tartufo-di-San-Pietro-Avellana-768x576.jpg 768w, https:\/\/www.istitutogalanteoliva.it\/magazine\/wp-content\/uploads\/2021\/08\/Museo-del-Tartufo-di-San-Pietro-Avellana-1536x1152.jpg 1536w, https:\/\/www.istitutogalanteoliva.it\/magazine\/wp-content\/uploads\/2021\/08\/Museo-del-Tartufo-di-San-Pietro-Avellana.jpg 1600w\" sizes=\"auto, (max-width: 512px) 100vw, 512px\" \/><\/figure>\n\n\n\n<p>All\u2019interno del museo, le diverse installazioni, le proiezioni sulla nascita del tartufo nella terra permetter\u00e0 agli appassionati in visita di osservare le caratteristiche della vegetazione erbacea ed arbustiva in cui si sviluppa il tubero che necessita di un ambiente aperto con un\u2019idonea diversit\u00e0 biologica. Essenziale la qualit\u00e0 dell\u2019ambiente che, proprio in queste zone dell\u2019alto Molise, si cerca di proteggere per garantire un frutto che ha in s\u00e9 importanti sostanze nutritive e che si caratterizza per la genuinit\u00e0\u00a0\u00a0 dei suoi aromi e dei suoi profumi. Il museo, cos\u00ec adibito a centro di documentazione, permetter\u00e0 di indagare su culture antiche che si basano su credenze popolari legate al tartufo e sui momenti della sua storia e su un percorso sensoriale che interesser\u00e0 i nostri sensi, il tatto, l\u2019olfatto, il gusto e che ci catapulter\u00e0 nelle tecniche della raccolta, della conservazione e nei suoi svariati impieghi gastronomici. <\/p>\n\n\n\n<figure class=\"wp-block-image size-large is-resized\"><img loading=\"lazy\" decoding=\"async\" src=\"https:\/\/www.istitutogalanteoliva.it\/magazine\/wp-content\/uploads\/2021\/08\/Museo-del-Tartufo-di-San-Pietro-Avellana-7-1024x768.jpg\" alt=\"\" class=\"wp-image-9080\" width=\"512\" height=\"384\" srcset=\"https:\/\/www.istitutogalanteoliva.it\/magazine\/wp-content\/uploads\/2021\/08\/Museo-del-Tartufo-di-San-Pietro-Avellana-7-1024x768.jpg 1024w, https:\/\/www.istitutogalanteoliva.it\/magazine\/wp-content\/uploads\/2021\/08\/Museo-del-Tartufo-di-San-Pietro-Avellana-7-300x225.jpg 300w, https:\/\/www.istitutogalanteoliva.it\/magazine\/wp-content\/uploads\/2021\/08\/Museo-del-Tartufo-di-San-Pietro-Avellana-7-768x576.jpg 768w, https:\/\/www.istitutogalanteoliva.it\/magazine\/wp-content\/uploads\/2021\/08\/Museo-del-Tartufo-di-San-Pietro-Avellana-7-1536x1152.jpg 1536w, https:\/\/www.istitutogalanteoliva.it\/magazine\/wp-content\/uploads\/2021\/08\/Museo-del-Tartufo-di-San-Pietro-Avellana-7.jpg 1600w\" sizes=\"auto, (max-width: 512px) 100vw, 512px\" \/><\/figure>\n\n\n\n<p>Il visitatore potr\u00e0 ripercorrere passo dopo passo il mondo delle tradizioni folkloristiche che, fondendosi con l\u2019enogastronomia, formano un inestimabile patrimonio dei luoghi caratterizzanti la nostra biosfera. Con la possibile condivisione di ricette, gli appassionati potranno confrontarsi sui segreti della tradizione ma anche dell\u2019innovazione culinaria legata al particolarissimo tubero che dalle antiche mense contadine ha conquistato negli anni le cucine degli chef stellati.<\/p>\n\n\n\n<p>Il museo del Tartufo \u00e8 aperto dall\u20198 agosto con gli orari ordinari (luned\u00ec e mercoled\u00ec dalle 9 alle 12, il gioved\u00ec ed il venerd\u00ec dalle 9 alle 13, il sabato dalle 15 alle 17, la domenica dalle 9 alle 13). Per informazioni e prenotazioni \u00e8 possibile contattare gli organizzatori al numero 0865\/940266 o tramite e-mail <a href=\"mailto:museosanpietroavellana@gmail.com\">museosanpietroavellana@gmail.com<\/a>.<\/p>\n\n\n\n<figure class=\"wp-block-image size-large is-resized\"><img loading=\"lazy\" decoding=\"async\" src=\"https:\/\/www.istitutogalanteoliva.it\/magazine\/wp-content\/uploads\/2021\/08\/Museo-del-Tartufo-di-San-Pietro-Avellana-8-1024x768.jpg\" alt=\"\" class=\"wp-image-9081\" width=\"512\" height=\"384\" srcset=\"https:\/\/www.istitutogalanteoliva.it\/magazine\/wp-content\/uploads\/2021\/08\/Museo-del-Tartufo-di-San-Pietro-Avellana-8-1024x768.jpg 1024w, https:\/\/www.istitutogalanteoliva.it\/magazine\/wp-content\/uploads\/2021\/08\/Museo-del-Tartufo-di-San-Pietro-Avellana-8-300x225.jpg 300w, https:\/\/www.istitutogalanteoliva.it\/magazine\/wp-content\/uploads\/2021\/08\/Museo-del-Tartufo-di-San-Pietro-Avellana-8-768x576.jpg 768w, https:\/\/www.istitutogalanteoliva.it\/magazine\/wp-content\/uploads\/2021\/08\/Museo-del-Tartufo-di-San-Pietro-Avellana-8-1536x1152.jpg 1536w, https:\/\/www.istitutogalanteoliva.it\/magazine\/wp-content\/uploads\/2021\/08\/Museo-del-Tartufo-di-San-Pietro-Avellana-8.jpg 1600w\" sizes=\"auto, (max-width: 512px) 100vw, 512px\" \/><\/figure>\n\n\n\n<p>Il Museo dell\u2019Alto Molise ha, oltre quest\u2019 inaugurata sezione sul tartufo, sezioni dedicate agli usi e costumi, tradizioni, arti e mestieri e all\u2019archeologia sul mondo sannita. Recente anche la nuova area \u201cAutunno \u201843\u201d incentrata sugli eventi della seconda guerra mondiale. Il museo \u00e8 \u201cvisitabile\u201d sul sito web https: \/\/museoaltomolise.it<\/p>\n\n\n\n<p>\u00a0Per provare le pietanze tipiche cucinate con il tartufo od altri prodotti ideati con il prezioso fungo di San Pietro Avellana, in attesa della mostra mercato del Tartufo bianco che si terr\u00e0 il prossimo novembre, \u00e8 possibile visitare i negozi ed i laboratori del borgo e consultare il \u201cnegozio di paese\u201d al sito <a href=\"http:\/\/www.sanpietroavellana.shop\">www.sanpietroavellana.shop<\/a><\/p>\n\n\n\n<p><img loading=\"lazy\" decoding=\"async\" width=\"100\" height=\"100\" class=\"wp-image-6462\" style=\"width: 100px;\" src=\"https:\/\/www.istitutogalanteoliva.it\/magazine\/wp-content\/uploads\/2021\/03\/Silvia-1.jpg\" alt=\"\" srcset=\"https:\/\/www.istitutogalanteoliva.it\/magazine\/wp-content\/uploads\/2021\/03\/Silvia-1.jpg 480w, https:\/\/www.istitutogalanteoliva.it\/magazine\/wp-content\/uploads\/2021\/03\/Silvia-1-300x300.jpg 300w, https:\/\/www.istitutogalanteoliva.it\/magazine\/wp-content\/uploads\/2021\/03\/Silvia-1-150x150.jpg 150w\" sizes=\"auto, (max-width: 100px) 100vw, 100px\" \/><em><strong><a href=\"https:\/\/www.istitutogalanteoliva.it\/magazine\/?s=silvia+de+cristofaro\" target=\"_blank\" rel=\"noreferrer noopener\">Silvia De Cristofaro<\/a><\/strong><\/em><br><strong><em><sup>Vicecoordinatore Nazionale di redazione\/Coordinatrice Centro Italia<\/sup><\/em><\/strong><br><\/p>\n\n\n\n<p><\/p>\n\n\n\n<p><\/p>\n<div class=\"pdfprnt-buttons pdfprnt-buttons-post pdfprnt-bottom-left\"><a href=\"https:\/\/www.istitutogalanteoliva.it\/magazine\/wp-json\/wp\/v2\/posts\/9078?print=print\" class=\"pdfprnt-button pdfprnt-button-print\" target=\"_blank\"><img decoding=\"async\" src=\"https:\/\/www.istitutogalanteoliva.it\/magazine\/wp-content\/plugins\/pdf-print\/images\/print.png\" alt=\"image_print\" title=\"Stampa contenuto\" \/><span class=\"pdfprnt-button-title pdfprnt-button-print-title\">Download in PDF<\/span><\/a><\/div>","protected":false},"excerpt":{"rendered":"<p> L\u2019iniziativa  \u00e8 frutto di un progetto incentrato su azioni di valorizzazione del fungo prezioso perch\u00e9 possa diffondersi la cultura del campo della tartuficoltura e delle altre produzioni del sottobosco<\/p>\n","protected":false},"author":2,"featured_media":9083,"comment_status":"open","ping_status":"open","sticky":true,"template":"","format":"standard","meta":{"footnotes":""},"categories":[148,284,13],"tags":[440,397,287],"class_list":["post-9078","post","type-post","status-publish","format-standard","has-post-thumbnail","hentry","category-148","category-molise","category-territorio","tag-museo","tag-san-pietro-avellana","tag-tartufo"],"yoast_head":"<!-- This site is optimized with the Yoast SEO plugin v24.2 - https:\/\/yoast.com\/wordpress\/plugins\/seo\/ -->\n<title>Inaugurato a San Pietro Avellana il museo del Tartufo - Polis SA Magazine<\/title>\n<meta name=\"description\" content=\"La trentaduesima fiera del tartufo, che il comune del borgo altomolisano di San Pietro Avellana con la collaborazione della pro loco Ad Volana ha organizzato nell\u2019intenzione di favorire la conoscenza di un prodotto d\u2019eccellenza della gastronomia dell\u2019entroterra molisano\" \/>\n<meta name=\"robots\" content=\"index, follow, max-snippet:-1, max-image-preview:large, max-video-preview:-1\" \/>\n<link rel=\"canonical\" href=\"https:\/\/www.istitutogalanteoliva.it\/magazine\/2021\/08\/20\/inaugurato-a-san-pietro-avellana-il-museo-del-tartufo\/\" \/>\n<meta property=\"og:locale\" content=\"it_IT\" \/>\n<meta property=\"og:type\" content=\"article\" \/>\n<meta property=\"og:title\" content=\"Inaugurato a San Pietro Avellana il museo del Tartufo - Polis SA Magazine\" \/>\n<meta property=\"og:description\" content=\"La trentaduesima fiera del tartufo, che il comune del borgo altomolisano di San Pietro Avellana con la collaborazione della pro loco Ad Volana ha organizzato nell\u2019intenzione di favorire la conoscenza di un prodotto d\u2019eccellenza della gastronomia dell\u2019entroterra molisano\" \/>\n<meta property=\"og:url\" content=\"https:\/\/www.istitutogalanteoliva.it\/magazine\/2021\/08\/20\/inaugurato-a-san-pietro-avellana-il-museo-del-tartufo\/\" \/>\n<meta property=\"og:site_name\" content=\"Polis SA Magazine\" \/>\n<meta property=\"article:publisher\" content=\"https:\/\/www.facebook.com\/PolisSAMagazine\/\" \/>\n<meta property=\"article:published_time\" content=\"2021-08-20T06:00:00+00:00\" \/>\n<meta property=\"article:modified_time\" content=\"2021-08-17T17:08:50+00:00\" \/>\n<meta property=\"og:image\" content=\"https:\/\/www.istitutogalanteoliva.it\/magazine\/wp-content\/uploads\/2021\/08\/cop-20.jpg\" \/>\n\t<meta property=\"og:image:width\" content=\"640\" \/>\n\t<meta property=\"og:image:height\" content=\"380\" \/>\n\t<meta property=\"og:image:type\" content=\"image\/jpeg\" \/>\n<meta name=\"author\" content=\"Antonello Rivano\" \/>\n<meta name=\"twitter:card\" content=\"summary_large_image\" \/>\n<meta name=\"twitter:creator\" content=\"@MagazinePolis\" \/>\n<meta name=\"twitter:site\" content=\"@MagazinePolis\" \/>\n<meta name=\"twitter:label1\" content=\"Scritto da\" \/>\n\t<meta name=\"twitter:data1\" content=\"Antonello Rivano\" \/>\n\t<meta name=\"twitter:label2\" content=\"Tempo di lettura stimato\" \/>\n\t<meta name=\"twitter:data2\" content=\"3 minuti\" \/>\n<script type=\"application\/ld+json\" class=\"yoast-schema-graph\">{\"@context\":\"https:\/\/schema.org\",\"@graph\":[{\"@type\":\"Article\",\"@id\":\"https:\/\/www.istitutogalanteoliva.it\/magazine\/2021\/08\/20\/inaugurato-a-san-pietro-avellana-il-museo-del-tartufo\/#article\",\"isPartOf\":{\"@id\":\"https:\/\/www.istitutogalanteoliva.it\/magazine\/2021\/08\/20\/inaugurato-a-san-pietro-avellana-il-museo-del-tartufo\/\"},\"author\":{\"name\":\"Antonello Rivano\",\"@id\":\"https:\/\/www.istitutogalanteoliva.it\/magazine\/#\/schema\/person\/d8b8aa79cfe8babc1df9da3212a7c0c4\"},\"headline\":\"Inaugurato a San Pietro Avellana il museo del Tartufo\",\"datePublished\":\"2021-08-20T06:00:00+00:00\",\"dateModified\":\"2021-08-17T17:08:50+00:00\",\"mainEntityOfPage\":{\"@id\":\"https:\/\/www.istitutogalanteoliva.it\/magazine\/2021\/08\/20\/inaugurato-a-san-pietro-avellana-il-museo-del-tartufo\/\"},\"wordCount\":624,\"commentCount\":0,\"publisher\":{\"@id\":\"https:\/\/www.istitutogalanteoliva.it\/magazine\/#organization\"},\"image\":{\"@id\":\"https:\/\/www.istitutogalanteoliva.it\/magazine\/2021\/08\/20\/inaugurato-a-san-pietro-avellana-il-museo-del-tartufo\/#primaryimage\"},\"thumbnailUrl\":\"https:\/\/www.istitutogalanteoliva.it\/magazine\/wp-content\/uploads\/2021\/08\/cop-20.jpg\",\"keywords\":[\"museo\",\"san pietro avellana\",\"tartufo\"],\"articleSection\":[\"2021\",\"Molise\",\"Territorio\"],\"inLanguage\":\"it-IT\",\"potentialAction\":[{\"@type\":\"CommentAction\",\"name\":\"Comment\",\"target\":[\"https:\/\/www.istitutogalanteoliva.it\/magazine\/2021\/08\/20\/inaugurato-a-san-pietro-avellana-il-museo-del-tartufo\/#respond\"]}]},{\"@type\":\"WebPage\",\"@id\":\"https:\/\/www.istitutogalanteoliva.it\/magazine\/2021\/08\/20\/inaugurato-a-san-pietro-avellana-il-museo-del-tartufo\/\",\"url\":\"https:\/\/www.istitutogalanteoliva.it\/magazine\/2021\/08\/20\/inaugurato-a-san-pietro-avellana-il-museo-del-tartufo\/\",\"name\":\"Inaugurato a San Pietro Avellana il museo del Tartufo - Polis SA Magazine\",\"isPartOf\":{\"@id\":\"https:\/\/www.istitutogalanteoliva.it\/magazine\/#website\"},\"primaryImageOfPage\":{\"@id\":\"https:\/\/www.istitutogalanteoliva.it\/magazine\/2021\/08\/20\/inaugurato-a-san-pietro-avellana-il-museo-del-tartufo\/#primaryimage\"},\"image\":{\"@id\":\"https:\/\/www.istitutogalanteoliva.it\/magazine\/2021\/08\/20\/inaugurato-a-san-pietro-avellana-il-museo-del-tartufo\/#primaryimage\"},\"thumbnailUrl\":\"https:\/\/www.istitutogalanteoliva.it\/magazine\/wp-content\/uploads\/2021\/08\/cop-20.jpg\",\"datePublished\":\"2021-08-20T06:00:00+00:00\",\"dateModified\":\"2021-08-17T17:08:50+00:00\",\"description\":\"La trentaduesima fiera del tartufo, che il comune del borgo altomolisano di San Pietro Avellana con la collaborazione della pro loco Ad Volana ha organizzato nell\u2019intenzione di favorire la conoscenza di un prodotto d\u2019eccellenza della gastronomia dell\u2019entroterra molisano\",\"breadcrumb\":{\"@id\":\"https:\/\/www.istitutogalanteoliva.it\/magazine\/2021\/08\/20\/inaugurato-a-san-pietro-avellana-il-museo-del-tartufo\/#breadcrumb\"},\"inLanguage\":\"it-IT\",\"potentialAction\":[{\"@type\":\"ReadAction\",\"target\":[\"https:\/\/www.istitutogalanteoliva.it\/magazine\/2021\/08\/20\/inaugurato-a-san-pietro-avellana-il-museo-del-tartufo\/\"]}]},{\"@type\":\"ImageObject\",\"inLanguage\":\"it-IT\",\"@id\":\"https:\/\/www.istitutogalanteoliva.it\/magazine\/2021\/08\/20\/inaugurato-a-san-pietro-avellana-il-museo-del-tartufo\/#primaryimage\",\"url\":\"https:\/\/www.istitutogalanteoliva.it\/magazine\/wp-content\/uploads\/2021\/08\/cop-20.jpg\",\"contentUrl\":\"https:\/\/www.istitutogalanteoliva.it\/magazine\/wp-content\/uploads\/2021\/08\/cop-20.jpg\",\"width\":640,\"height\":380},{\"@type\":\"BreadcrumbList\",\"@id\":\"https:\/\/www.istitutogalanteoliva.it\/magazine\/2021\/08\/20\/inaugurato-a-san-pietro-avellana-il-museo-del-tartufo\/#breadcrumb\",\"itemListElement\":[{\"@type\":\"ListItem\",\"position\":1,\"name\":\"Home\",\"item\":\"https:\/\/www.istitutogalanteoliva.it\/magazine\/\"},{\"@type\":\"ListItem\",\"position\":2,\"name\":\"Inaugurato a San Pietro Avellana il museo del Tartufo\"}]},{\"@type\":\"WebSite\",\"@id\":\"https:\/\/www.istitutogalanteoliva.it\/magazine\/#website\",\"url\":\"https:\/\/www.istitutogalanteoliva.it\/magazine\/\",\"name\":\"POLIS SA MAGAZINE\",\"description\":\"Informazione e approfondimenti\",\"publisher\":{\"@id\":\"https:\/\/www.istitutogalanteoliva.it\/magazine\/#organization\"},\"potentialAction\":[{\"@type\":\"SearchAction\",\"target\":{\"@type\":\"EntryPoint\",\"urlTemplate\":\"https:\/\/www.istitutogalanteoliva.it\/magazine\/?s={search_term_string}\"},\"query-input\":{\"@type\":\"PropertyValueSpecification\",\"valueRequired\":true,\"valueName\":\"search_term_string\"}}],\"inLanguage\":\"it-IT\"},{\"@type\":\"Organization\",\"@id\":\"https:\/\/www.istitutogalanteoliva.it\/magazine\/#organization\",\"name\":\"Polis SA Magazine\",\"url\":\"https:\/\/www.istitutogalanteoliva.it\/magazine\/\",\"logo\":{\"@type\":\"ImageObject\",\"inLanguage\":\"it-IT\",\"@id\":\"https:\/\/www.istitutogalanteoliva.it\/magazine\/#\/schema\/logo\/image\/\",\"url\":\"\",\"contentUrl\":\"\",\"caption\":\"Polis SA Magazine\"},\"image\":{\"@id\":\"https:\/\/www.istitutogalanteoliva.it\/magazine\/#\/schema\/logo\/image\/\"},\"sameAs\":[\"https:\/\/www.facebook.com\/PolisSAMagazine\/\",\"https:\/\/x.com\/MagazinePolis\",\"https:\/\/www.youtube.com\/channel\/UCv0Mr5AHKUmsc0sEEXkJrgw\"]},{\"@type\":\"Person\",\"@id\":\"https:\/\/www.istitutogalanteoliva.it\/magazine\/#\/schema\/person\/d8b8aa79cfe8babc1df9da3212a7c0c4\",\"name\":\"Antonello Rivano\",\"image\":{\"@type\":\"ImageObject\",\"inLanguage\":\"it-IT\",\"@id\":\"https:\/\/www.istitutogalanteoliva.it\/magazine\/#\/schema\/person\/image\/\",\"url\":\"https:\/\/secure.gravatar.com\/avatar\/517a9a6487a7a18ecc4ce6d2e57a8f40?s=96&d=mm&r=g\",\"contentUrl\":\"https:\/\/secure.gravatar.com\/avatar\/517a9a6487a7a18ecc4ce6d2e57a8f40?s=96&d=mm&r=g\",\"caption\":\"Antonello Rivano\"},\"url\":\"https:\/\/www.istitutogalanteoliva.it\/magazine\/author\/antonello\/\"}]}<\/script>\n<!-- \/ Yoast SEO plugin. -->","yoast_head_json":{"title":"Inaugurato a San Pietro Avellana il museo del Tartufo - Polis SA Magazine","description":"La trentaduesima fiera del tartufo, che il comune del borgo altomolisano di San Pietro Avellana con la collaborazione della pro loco Ad Volana ha organizzato nell\u2019intenzione di favorire la conoscenza di un prodotto d\u2019eccellenza della gastronomia dell\u2019entroterra molisano","robots":{"index":"index","follow":"follow","max-snippet":"max-snippet:-1","max-image-preview":"max-image-preview:large","max-video-preview":"max-video-preview:-1"},"canonical":"https:\/\/www.istitutogalanteoliva.it\/magazine\/2021\/08\/20\/inaugurato-a-san-pietro-avellana-il-museo-del-tartufo\/","og_locale":"it_IT","og_type":"article","og_title":"Inaugurato a San Pietro Avellana il museo del Tartufo - Polis SA Magazine","og_description":"La trentaduesima fiera del tartufo, che il comune del borgo altomolisano di San Pietro Avellana con la collaborazione della pro loco Ad Volana ha organizzato nell\u2019intenzione di favorire la conoscenza di un prodotto d\u2019eccellenza della gastronomia dell\u2019entroterra molisano","og_url":"https:\/\/www.istitutogalanteoliva.it\/magazine\/2021\/08\/20\/inaugurato-a-san-pietro-avellana-il-museo-del-tartufo\/","og_site_name":"Polis SA Magazine","article_publisher":"https:\/\/www.facebook.com\/PolisSAMagazine\/","article_published_time":"2021-08-20T06:00:00+00:00","article_modified_time":"2021-08-17T17:08:50+00:00","og_image":[{"width":640,"height":380,"url":"https:\/\/www.istitutogalanteoliva.it\/magazine\/wp-content\/uploads\/2021\/08\/cop-20.jpg","type":"image\/jpeg"}],"author":"Antonello Rivano","twitter_card":"summary_large_image","twitter_creator":"@MagazinePolis","twitter_site":"@MagazinePolis","twitter_misc":{"Scritto da":"Antonello Rivano","Tempo di lettura stimato":"3 minuti"},"schema":{"@context":"https:\/\/schema.org","@graph":[{"@type":"Article","@id":"https:\/\/www.istitutogalanteoliva.it\/magazine\/2021\/08\/20\/inaugurato-a-san-pietro-avellana-il-museo-del-tartufo\/#article","isPartOf":{"@id":"https:\/\/www.istitutogalanteoliva.it\/magazine\/2021\/08\/20\/inaugurato-a-san-pietro-avellana-il-museo-del-tartufo\/"},"author":{"name":"Antonello Rivano","@id":"https:\/\/www.istitutogalanteoliva.it\/magazine\/#\/schema\/person\/d8b8aa79cfe8babc1df9da3212a7c0c4"},"headline":"Inaugurato a San Pietro Avellana il museo del Tartufo","datePublished":"2021-08-20T06:00:00+00:00","dateModified":"2021-08-17T17:08:50+00:00","mainEntityOfPage":{"@id":"https:\/\/www.istitutogalanteoliva.it\/magazine\/2021\/08\/20\/inaugurato-a-san-pietro-avellana-il-museo-del-tartufo\/"},"wordCount":624,"commentCount":0,"publisher":{"@id":"https:\/\/www.istitutogalanteoliva.it\/magazine\/#organization"},"image":{"@id":"https:\/\/www.istitutogalanteoliva.it\/magazine\/2021\/08\/20\/inaugurato-a-san-pietro-avellana-il-museo-del-tartufo\/#primaryimage"},"thumbnailUrl":"https:\/\/www.istitutogalanteoliva.it\/magazine\/wp-content\/uploads\/2021\/08\/cop-20.jpg","keywords":["museo","san pietro avellana","tartufo"],"articleSection":["2021","Molise","Territorio"],"inLanguage":"it-IT","potentialAction":[{"@type":"CommentAction","name":"Comment","target":["https:\/\/www.istitutogalanteoliva.it\/magazine\/2021\/08\/20\/inaugurato-a-san-pietro-avellana-il-museo-del-tartufo\/#respond"]}]},{"@type":"WebPage","@id":"https:\/\/www.istitutogalanteoliva.it\/magazine\/2021\/08\/20\/inaugurato-a-san-pietro-avellana-il-museo-del-tartufo\/","url":"https:\/\/www.istitutogalanteoliva.it\/magazine\/2021\/08\/20\/inaugurato-a-san-pietro-avellana-il-museo-del-tartufo\/","name":"Inaugurato a San Pietro Avellana il museo del Tartufo - Polis SA Magazine","isPartOf":{"@id":"https:\/\/www.istitutogalanteoliva.it\/magazine\/#website"},"primaryImageOfPage":{"@id":"https:\/\/www.istitutogalanteoliva.it\/magazine\/2021\/08\/20\/inaugurato-a-san-pietro-avellana-il-museo-del-tartufo\/#primaryimage"},"image":{"@id":"https:\/\/www.istitutogalanteoliva.it\/magazine\/2021\/08\/20\/inaugurato-a-san-pietro-avellana-il-museo-del-tartufo\/#primaryimage"},"thumbnailUrl":"https:\/\/www.istitutogalanteoliva.it\/magazine\/wp-content\/uploads\/2021\/08\/cop-20.jpg","datePublished":"2021-08-20T06:00:00+00:00","dateModified":"2021-08-17T17:08:50+00:00","description":"La trentaduesima fiera del tartufo, che il comune del borgo altomolisano di San Pietro Avellana con la collaborazione della pro loco Ad Volana ha organizzato nell\u2019intenzione di favorire la conoscenza di un prodotto d\u2019eccellenza della gastronomia dell\u2019entroterra molisano","breadcrumb":{"@id":"https:\/\/www.istitutogalanteoliva.it\/magazine\/2021\/08\/20\/inaugurato-a-san-pietro-avellana-il-museo-del-tartufo\/#breadcrumb"},"inLanguage":"it-IT","potentialAction":[{"@type":"ReadAction","target":["https:\/\/www.istitutogalanteoliva.it\/magazine\/2021\/08\/20\/inaugurato-a-san-pietro-avellana-il-museo-del-tartufo\/"]}]},{"@type":"ImageObject","inLanguage":"it-IT","@id":"https:\/\/www.istitutogalanteoliva.it\/magazine\/2021\/08\/20\/inaugurato-a-san-pietro-avellana-il-museo-del-tartufo\/#primaryimage","url":"https:\/\/www.istitutogalanteoliva.it\/magazine\/wp-content\/uploads\/2021\/08\/cop-20.jpg","contentUrl":"https:\/\/www.istitutogalanteoliva.it\/magazine\/wp-content\/uploads\/2021\/08\/cop-20.jpg","width":640,"height":380},{"@type":"BreadcrumbList","@id":"https:\/\/www.istitutogalanteoliva.it\/magazine\/2021\/08\/20\/inaugurato-a-san-pietro-avellana-il-museo-del-tartufo\/#breadcrumb","itemListElement":[{"@type":"ListItem","position":1,"name":"Home","item":"https:\/\/www.istitutogalanteoliva.it\/magazine\/"},{"@type":"ListItem","position":2,"name":"Inaugurato a San Pietro Avellana il museo del Tartufo"}]},{"@type":"WebSite","@id":"https:\/\/www.istitutogalanteoliva.it\/magazine\/#website","url":"https:\/\/www.istitutogalanteoliva.it\/magazine\/","name":"POLIS SA MAGAZINE","description":"Informazione e approfondimenti","publisher":{"@id":"https:\/\/www.istitutogalanteoliva.it\/magazine\/#organization"},"potentialAction":[{"@type":"SearchAction","target":{"@type":"EntryPoint","urlTemplate":"https:\/\/www.istitutogalanteoliva.it\/magazine\/?s={search_term_string}"},"query-input":{"@type":"PropertyValueSpecification","valueRequired":true,"valueName":"search_term_string"}}],"inLanguage":"it-IT"},{"@type":"Organization","@id":"https:\/\/www.istitutogalanteoliva.it\/magazine\/#organization","name":"Polis SA Magazine","url":"https:\/\/www.istitutogalanteoliva.it\/magazine\/","logo":{"@type":"ImageObject","inLanguage":"it-IT","@id":"https:\/\/www.istitutogalanteoliva.it\/magazine\/#\/schema\/logo\/image\/","url":"","contentUrl":"","caption":"Polis SA Magazine"},"image":{"@id":"https:\/\/www.istitutogalanteoliva.it\/magazine\/#\/schema\/logo\/image\/"},"sameAs":["https:\/\/www.facebook.com\/PolisSAMagazine\/","https:\/\/x.com\/MagazinePolis","https:\/\/www.youtube.com\/channel\/UCv0Mr5AHKUmsc0sEEXkJrgw"]},{"@type":"Person","@id":"https:\/\/www.istitutogalanteoliva.it\/magazine\/#\/schema\/person\/d8b8aa79cfe8babc1df9da3212a7c0c4","name":"Antonello Rivano","image":{"@type":"ImageObject","inLanguage":"it-IT","@id":"https:\/\/www.istitutogalanteoliva.it\/magazine\/#\/schema\/person\/image\/","url":"https:\/\/secure.gravatar.com\/avatar\/517a9a6487a7a18ecc4ce6d2e57a8f40?s=96&d=mm&r=g","contentUrl":"https:\/\/secure.gravatar.com\/avatar\/517a9a6487a7a18ecc4ce6d2e57a8f40?s=96&d=mm&r=g","caption":"Antonello Rivano"},"url":"https:\/\/www.istitutogalanteoliva.it\/magazine\/author\/antonello\/"}]}},"_links":{"self":[{"href":"https:\/\/www.istitutogalanteoliva.it\/magazine\/wp-json\/wp\/v2\/posts\/9078","targetHints":{"allow":["GET"]}}],"collection":[{"href":"https:\/\/www.istitutogalanteoliva.it\/magazine\/wp-json\/wp\/v2\/posts"}],"about":[{"href":"https:\/\/www.istitutogalanteoliva.it\/magazine\/wp-json\/wp\/v2\/types\/post"}],"author":[{"embeddable":true,"href":"https:\/\/www.istitutogalanteoliva.it\/magazine\/wp-json\/wp\/v2\/users\/2"}],"replies":[{"embeddable":true,"href":"https:\/\/www.istitutogalanteoliva.it\/magazine\/wp-json\/wp\/v2\/comments?post=9078"}],"version-history":[{"count":2,"href":"https:\/\/www.istitutogalanteoliva.it\/magazine\/wp-json\/wp\/v2\/posts\/9078\/revisions"}],"predecessor-version":[{"id":9084,"href":"https:\/\/www.istitutogalanteoliva.it\/magazine\/wp-json\/wp\/v2\/posts\/9078\/revisions\/9084"}],"wp:featuredmedia":[{"embeddable":true,"href":"https:\/\/www.istitutogalanteoliva.it\/magazine\/wp-json\/wp\/v2\/media\/9083"}],"wp:attachment":[{"href":"https:\/\/www.istitutogalanteoliva.it\/magazine\/wp-json\/wp\/v2\/media?parent=9078"}],"wp:term":[{"taxonomy":"category","embeddable":true,"href":"https:\/\/www.istitutogalanteoliva.it\/magazine\/wp-json\/wp\/v2\/categories?post=9078"},{"taxonomy":"post_tag","embeddable":true,"href":"https:\/\/www.istitutogalanteoliva.it\/magazine\/wp-json\/wp\/v2\/tags?post=9078"}],"curies":[{"name":"wp","href":"https:\/\/api.w.org\/{rel}","templated":true}]}}