{"id":9088,"date":"2021-08-22T08:00:00","date_gmt":"2021-08-22T06:00:00","guid":{"rendered":"https:\/\/www.istitutogalanteoliva.it\/magazine\/?p=9088"},"modified":"2021-08-22T08:19:41","modified_gmt":"2021-08-22T06:19:41","slug":"lisola-che-non-ce-6-per-concludere","status":"publish","type":"post","link":"https:\/\/www.istitutogalanteoliva.it\/magazine\/2021\/08\/22\/lisola-che-non-ce-6-per-concludere\/","title":{"rendered":"L\u2019Isola che non c\u2019\u00e8 -6- (per concludere)"},"content":{"rendered":"\n<h4 class=\"wp-block-heading\"><br><br>Questo articolo conclude, almeno per ora, le considerazioni riportate nei 5 precedenti , pubblicati con lo stesso titolo ma con numeri d\u2019ordine crescenti<\/h4>\n\n\n\n<p><strong>di <em>Giorgio Vald\u00e8s<\/em><\/strong><\/p>\n\n\n\n<p><br>Voglio in primo luogo citare <strong>Widmer Berni<\/strong> e <strong>Maria Longhena<\/strong>, autori del bel libro: \u201c<strong><em>Una nuova preistoria umana \u2013 Ipotesi inedite sull\u2019origine della Civilt\u00e0<\/em><\/strong>\u201d (2019) ma anche lo stesso Berni per aver scritto con <strong>Antonella Chiappelli<\/strong>, 12 anni fa :\u201c<strong><em>Haou-Nebout \u2013 I Popoli del Mare<\/em><\/strong>\u201d: opera altrettanto interessante, da cui sono state attinti diversi brani compresi nel libro pi\u00f9 recente.<\/p>\n\n\n\n<p><br>Da questi libri e dall\u2019ultimo in particolare, ho tratto gran parte delle notizie e delle testimonianze riportate in questo e nei precedenti post, e in primo luogo non posso che apprezzare gli autori per aver inserito nel sotto titolo del volume pi\u00f9 recente il termine \u201cipotesi\u201d, che denota un\u2019onest\u00e0 intellettuale che si contrappone alla supponenza di coloro, e sono tanti, che spacciano semplici supposizioni per verit\u00e0 assolute.<br>Per altro verso i libri sopra citati meritano un giudizio positivo proprio per la grande quantit\u00e0 di informazioni e testimonianze che contengono, tratte soprattutto dalla bibliografia e iconografia egizia, con le relative traduzioni effettuate da esimi archeologi ed egittologi.<\/p>\n\n\n\n<figure class=\"wp-block-image size-large\"><img loading=\"lazy\" decoding=\"async\" width=\"640\" height=\"380\" src=\"https:\/\/www.istitutogalanteoliva.it\/magazine\/wp-content\/uploads\/2021\/08\/71M8BxWWwL-1.jpg\" alt=\"\" class=\"wp-image-9090\" srcset=\"https:\/\/www.istitutogalanteoliva.it\/magazine\/wp-content\/uploads\/2021\/08\/71M8BxWWwL-1.jpg 640w, https:\/\/www.istitutogalanteoliva.it\/magazine\/wp-content\/uploads\/2021\/08\/71M8BxWWwL-1-300x178.jpg 300w\" sizes=\"auto, (max-width: 640px) 100vw, 640px\" \/><\/figure>\n\n\n\n<p><br>A mio personale giudizio, le analisi in essi contenute sono in gran parte condivisibili, mentre su altre non concordo, a volte totalmente.<br>Su alcune delle analisi contenute in particolare nel secondo libro dissento assolutamente, per quanto le reputi comunque utili come stimolo per una serena riflessione.<br>Innanzitutto viene riportata questa frase dell\u2019egittologo britannico<strong> Alan Gardiner<\/strong>: \u201c<em>Proprio agli inizi del regno <\/em>(Ramesse II, circa 1275 a.C. \u2013 mia nota<em>) e per la prima volta in testi egizi, troviamo un accenno agli Sherden, pirati che pi\u00f9 tardi diedero il nome alla Sardegna, ma che in quell\u2019epoca \u00e8 probabile abitassero in tutt\u2019altra parte del Mediterraneo<\/em>\u201d.<\/p>\n\n\n\n<figure class=\"wp-block-image size-large is-resized\"><img loading=\"lazy\" decoding=\"async\" src=\"https:\/\/www.istitutogalanteoliva.it\/magazine\/wp-content\/uploads\/2021\/08\/16221274031_4816c7b05f_b.jpg\" alt=\"\" class=\"wp-image-9091\" width=\"512\" height=\"342\" srcset=\"https:\/\/www.istitutogalanteoliva.it\/magazine\/wp-content\/uploads\/2021\/08\/16221274031_4816c7b05f_b.jpg 1024w, https:\/\/www.istitutogalanteoliva.it\/magazine\/wp-content\/uploads\/2021\/08\/16221274031_4816c7b05f_b-300x200.jpg 300w, https:\/\/www.istitutogalanteoliva.it\/magazine\/wp-content\/uploads\/2021\/08\/16221274031_4816c7b05f_b-768x512.jpg 768w, https:\/\/www.istitutogalanteoliva.it\/magazine\/wp-content\/uploads\/2021\/08\/16221274031_4816c7b05f_b-675x450.jpg 675w\" sizes=\"auto, (max-width: 512px) 100vw, 512px\" \/><figcaption><strong><sup>Busto colossale di Ramesse II<\/sup><\/strong><\/figcaption><\/figure>\n\n\n\n<p><br>Evito di commentare queste affermazioni, che certamente non troveranno concorde il professor <strong>Ugas,<\/strong> il quale presumo dissentir\u00e0 anche su un successivo commento degli autori del libro, dove si legge: \u201cE<em>rano audaci guerrieri \u201cHaou-Nebout\u201d del Grande Verde coloro che si stabilirono in Sardegna sovrapponendosi alla civilt\u00e0 nuragica che da secoli popolava l\u2019isola<\/em>\u201d.<br>Tenuto conto che secondo <strong>Widmer Berni<\/strong> questi invasori provenivano dall\u2019Oceano Atlantico , mi sentirei di affermare, in primo luogo, che la loro \u201csovrapposizione\u201d alla civilt\u00e0 nuragica si tirava dietro anche una sfiga colossale.<\/p>\n\n\n\n<p><br>Se difatti, come riferito nei precedenti post, all\u2019inizio del <strong>XII secolo a.C<\/strong>. era presumibilmente avvenuto un cataclisma immane che aveva sconvolto l\u2019intero Mediterraneo, questi \u201c<strong>Haou-Nebout\u201d<\/strong> atlantici non avevano fatto nemmeno in tempo a sbarcare nella nostra isola, che gi\u00e0 dovevano abbandonarla cercando rifugio altrove.<br>Per intenderci, non mi scandalizza l\u2019idea che questa etnia provenisse direttamente dall\u2019Atlantico, ma \u201cnon torna\u201d assolutamente il periodo del suo presunto arrivo in Sardegna.<\/p>\n\n\n\n<p><br>A questo proposito \u00e8 risaputo che nel Neolitico medio (cultura di Bono Ighinu 4000-3400 a.C. circa), la conformazione cranica dei sardi era prevalentemente \u201cdolicocefala\u201d, e rimase tale sino a molto tempo pi\u00f9 tardi, quando nel corso dell\u2019eneolitico si fuse con quella dei nuovi individui \u201cbrachicefali\u201d.<\/p>\n\n\n\n<p><br><\/p>\n\n\n\n<div class=\"wp-block-image\"><figure class=\"alignleft size-large is-resized\"><img loading=\"lazy\" decoding=\"async\" src=\"https:\/\/www.istitutogalanteoliva.it\/magazine\/wp-content\/uploads\/2021\/08\/320px-Neolitico_cultura_di_bonu_ighinu_statuetta_della_dea_madre_400-3500_ac._da_s._mariedda_olbia.jpg\" alt=\"\" class=\"wp-image-9093\" width=\"275\" height=\"476\" srcset=\"https:\/\/www.istitutogalanteoliva.it\/magazine\/wp-content\/uploads\/2021\/08\/320px-Neolitico_cultura_di_bonu_ighinu_statuetta_della_dea_madre_400-3500_ac._da_s._mariedda_olbia.jpg 320w, https:\/\/www.istitutogalanteoliva.it\/magazine\/wp-content\/uploads\/2021\/08\/320px-Neolitico_cultura_di_bonu_ighinu_statuetta_della_dea_madre_400-3500_ac._da_s._mariedda_olbia-174x300.jpg 174w\" sizes=\"auto, (max-width: 275px) 100vw, 275px\" \/><figcaption><strong><sup>Neolitico, cultura di Bonu Ighinu, statuetta della Dea madre, 4000-3500 ac., da Santa Mariedda (Olbia)<\/sup><\/strong><\/figcaption><\/figure><\/div>\n\n\n\n<p><br>Teniamo anche conto che la conformazione dolicocefala si ritrova anche nell\u2019antico Egitto, e a questo proposito la ricercatrice <strong>Anna Bacchi<\/strong> osservava che \u201c<em>negli anni Trenta del secolo scorso, l\u2019egittologo Walter Bryan Emery scopr\u00ec a Saqqara resti di individui predinastici dolicocefali con chiome chiare, corporatura massiccia e molto pi\u00f9 alti delle genti locali, che associ\u00f2 agli Shemsw Hor<\/em>\u201d.<\/p>\n\n\n\n<p><br>Scusate se mi dilungo, ma questo \u00e8 un passaggio importante perch\u00e9 come scriveva Sir <strong>E.A. Wallis Budge<\/strong>, insigne egittologo, filologo e orientalista inglese (1857-1934) questi \u201c<strong><em>Shemsw Hor<\/em><\/strong>\u201d o \u201c<em><strong>Horo Harakhty\u201d<\/strong><\/em>, (i compagni del dio solare Horus) facevano parte \u201cdi una razza (o cultura) venuta dall\u2019Occidente, cui si deve \u201c <em>la formazione delle prime dinastie egizi<\/em>e\u201d.<br>Formazione che avvenne presumibilmente nel corso della cultura di \u201c<strong>Naqada II<\/strong>\u201d, che si svilupp\u00f2 in un periodo compreso tra il 3650 e il 3300 a.C.<br>Va quindi prioritariamente valutata l\u2019analogia della conformazione crenica dei sardi neolitici e di coloro che, giunti da occidente in Egitto, si pensa avessero fondato nello stesso periodo le proto dinastie faraoniche.<\/p>\n\n\n\n<p><br>Dalle tombe di \u201c<strong>Hierakonpolis<\/strong>\u201d (antica Nekhen, la citt\u00e0 del falco \u201cHorus\u201d), edificate nel periodo di \u201c<strong>Naqada II\u201d<\/strong> proviene, come scrivono Berni e Longhena, \u201c<em>Copiosa ceramica, un eccezionale affresco tombale, numerosi graffiti ed altri manufatti che propongono un\u2019iconografia indiscutibilmente legata alla navigazione<\/em>\u201d.<br>In particolare \u00e8 stata rinvenuta la raffigurazione di \u201cun\u2019imbarcazione completa di albero e vele ed un affresco datato 3500-3200 a.C. che rappresenta addirittura un\u2019intera flotta\u201d.<\/p>\n\n\n\n<p><br>Dell\u2019imbarcazione con vela avevo accennato in un recente post, confrontandola con la barca nuragica realizzata da Andrea Loddo, ma anche dell\u2019affresco con riprodotta la flotta si era gi\u00e0 riferito in diversi precedenti articoli.<br>In ogni caso \u00e8 importante sottolineare come Berni e Longhena siano convinti che le barche di questa flotta rappresentassero le navi oceaniche degli \u201cHaou-Nebout\u201d atlantici, giunti in Egitto per dare appunto origine alle proto dinastie faraoniche.<br>Nello stesso dipinto si individuano anche alcuni individui probabilmente dolicocefali (per intenderci , la stessa tipologia rinvenuta in <strong>Egitto <\/strong>a <strong>Saqqara<\/strong> e in <strong>Sardegna <\/strong>nel neolitico medio), e almeno apparentemente, con capigliatura bionda.<\/p>\n\n\n\n<figure class=\"wp-block-image size-large\"><img loading=\"lazy\" decoding=\"async\" width=\"905\" height=\"535\" src=\"https:\/\/www.istitutogalanteoliva.it\/magazine\/wp-content\/uploads\/2021\/08\/117769463_3292009034211131_59062613958037054_n-1.png\" alt=\"\" class=\"wp-image-9096\" srcset=\"https:\/\/www.istitutogalanteoliva.it\/magazine\/wp-content\/uploads\/2021\/08\/117769463_3292009034211131_59062613958037054_n-1.png 905w, https:\/\/www.istitutogalanteoliva.it\/magazine\/wp-content\/uploads\/2021\/08\/117769463_3292009034211131_59062613958037054_n-1-300x177.png 300w, https:\/\/www.istitutogalanteoliva.it\/magazine\/wp-content\/uploads\/2021\/08\/117769463_3292009034211131_59062613958037054_n-1-768x454.png 768w\" sizes=\"auto, (max-width: 905px) 100vw, 905px\" \/><\/figure>\n\n\n\n<p><br>Si sta comunque parlando di quegli \u201cHaou-Nebout\u201d atlantici che, secondo gli autori del libro ripetutamente citato, pi\u00f9 di duemila anni pi\u00f9 tardi si sarebbero stabiliti in Sardegna \u201csovrapponendosi alla civilt\u00e0 nuragica che da secoli popolava l\u2019isola\u201d.<br>Ma c\u2019\u00e8 qualcosa che non quadra perch\u00e9, come avevamo affermato tempo fa, all\u2019interno della cos\u00ec detta \u201c<strong>Tomba delle corna<\/strong>\u201d, nella necropoli di <strong>Montessu a Villaperuccio<\/strong>, sono presenti dei petroglifi che sembrano riprodurre proprio le barche effigiate nella pittura di <strong>Hierakonpolis<\/strong>, tra cui in particolare l\u2019imbarcazione nera.<br>Entrambe presentano un\u2019alta prua ricurva e al centro dello scafo un doppio \u201cnaos\u201d.<br>La similitudine (cfr.allegato) appare pi\u00f9 che evidente mentre \u00e8 poco credibile che il petroglifo di Montessu possa assimilarsi ad una protome taurina, salvo si trattasse della riproduzione di un bovide anatomicamente deficitario, con cranio bitorzoluto e corna decisamente asimmetriche.<br>Non si pu\u00f2 affermare con certezza se la raffigurazione di Hierakonpolis sia precedente, coeva o seguente a quella presente nella sepoltura di Montessu, che pu\u00f2 datarsi intorno al 3300\/3200 a.C.<br>C\u2019\u00e8 per\u00f2 da notare che secondo la professoressa <strong>Mariagrazia Celuzza,<\/strong> direttrice del <strong>Museo Archeologico e d\u2019Arte della Maremma<\/strong> e docente di <strong>Museologia e Museografia alla Facolt\u00e0 di Lettere e Filosofia dell\u2019Universit\u00e0 di Siena<\/strong>, \u00e8 manifesta l\u2019esigenza di rivedere il quadro cronologico della preistoria, apportando delle correzioni variabili a seconda dei periodi, pur mantenendo valide quelle dell\u2019area egea e nilotica che presentavano date certe.<br>La professoressa Celuzza sosteneva in particolare che \u201cin alcuni casi la correzione necessaria \u00e8 molto alta: alle date intorno al 3000 a.C. ad esempio bisogna aggiungere 7-800 anni\u201d.<br>Ci\u00f2 significa che anche a voler essere prudenti e a voler retrocedere solo di qualche centinaio d\u2019anni l\u2019edificazione delle domus de janas di Montessu, la \u201c <em>formazione delle prime dinastie egizie<\/em>\u201d venne attuata dagli stessi navigatori \u201cHaou-Nebout\u201d insediatisi in Sardegna intorno al 3500 a.C. o anche prima.<\/p>\n\n\n\n<figure class=\"wp-block-image size-large\"><img loading=\"lazy\" decoding=\"async\" width=\"1024\" height=\"681\" src=\"https:\/\/www.istitutogalanteoliva.it\/magazine\/wp-content\/uploads\/2021\/08\/117624185_3292009880877713_7990101443656609770_n-1024x681.jpg\" alt=\"\" class=\"wp-image-9094\" srcset=\"https:\/\/www.istitutogalanteoliva.it\/magazine\/wp-content\/uploads\/2021\/08\/117624185_3292009880877713_7990101443656609770_n-1024x681.jpg 1024w, https:\/\/www.istitutogalanteoliva.it\/magazine\/wp-content\/uploads\/2021\/08\/117624185_3292009880877713_7990101443656609770_n-300x200.jpg 300w, https:\/\/www.istitutogalanteoliva.it\/magazine\/wp-content\/uploads\/2021\/08\/117624185_3292009880877713_7990101443656609770_n-768x511.jpg 768w, https:\/\/www.istitutogalanteoliva.it\/magazine\/wp-content\/uploads\/2021\/08\/117624185_3292009880877713_7990101443656609770_n-1536x1020.jpg 1536w, https:\/\/www.istitutogalanteoliva.it\/magazine\/wp-content\/uploads\/2021\/08\/117624185_3292009880877713_7990101443656609770_n-675x450.jpg 675w, https:\/\/www.istitutogalanteoliva.it\/magazine\/wp-content\/uploads\/2021\/08\/117624185_3292009880877713_7990101443656609770_n.jpg 2048w\" sizes=\"auto, (max-width: 1024px) 100vw, 1024px\" \/><\/figure>\n\n\n\n<p>Si potrebbero anche esaminare ulteriori alternative: che gli \u201cHaou Nebout \u201c, forse giunti dall\u2019Atlantico o comunque dal Nord Europa, avessero fatto una tappa in Sardegna prima di giungere in Egitto, magari giusto il tempo necessario per consentire a qualche scultore nostrano di incidere sulla pietra il profilo delle navi dei nuovi venuti; o che fossero stati gli antichi sardi, gi\u00e0 avvezzi alla navigazione \u2013 visto che commercializzavano per mare l\u2019ossidiana gi\u00e0 nel V o Vi millennio a.C.-, ad acquisire ulteriori tecniche cantieristiche navali dai nuovi visitatori, per poi recarsi in Egitto e fondare, nel periodo di \u201cNaqada II\u201d, le proto dinastie faraoniche.<br>Personalmente propenderei per la seconda ipotesi ma, in un modo o nell\u2019altro, che gli \u201cHaou-Nebout\u201d siano giunti in Sardegna in periodo nuragico mi pare una teoria assolutamente campata in aria, o per dirla in termini attuali: \u201cfantarcheologica\u201d.<\/p>\n\n\n\n<p><br>Se quindi gli stessi \u201cHaou Nebout\u201d che formarono le prime dinastie egizie, e che per rispetto venivano effigiati come capo fila nelle raffigurazioni dei \u201cNove Archi\u201d, fossero giunti in Egitto provenendo dalla Sardegna, tutto ci\u00f2 che \u00e8 stato scritto in questi 6 post ne \u00e8 la conseguenza logica e molte tessere della storia di quei tempi remoti ritornano al loro posto.<br>Vorrei proporre un\u2019ultima osservazione: Il ricercatore<strong> Paolo Baratono<\/strong> nel suo saggio \u201c<strong><em>Il Popolo dell\u2019Isola\u201d<\/em><\/strong> affermava che \u201cNei primi testi egizi, i celebri Testi delle Piramidi, emerge ossessivamente la menzione dell\u2019Orizzonte dell\u2019Occidente\u201d , e osservava inoltre che \u201cil rito funerario egizio esordiva con la formula rituale \u2018A occidente\u2019 e comprendeva un attraversamento delle acque\u201d.<br>A questo proposito lo stesso Baratono evidenziava un passo assai significativo, presente in quei remoti testi , quando il dio supremo afferma: \u201cio ho fatto grande l\u2019inondazione, io ho fatto che i loro cuori cessassero di dimenticare l\u2019occidente\u201d: esplicita dichiarazione della realt\u00e0 del disastro \u201catlantideo\u201d.<br>Difficile pensare che questo continuo richiamo a una lontana terra insulare fosse un semplice frutto della fantasia, mentre \u00e8 pi\u00f9 ragionevole ritenere che si alludesse a un luogo reale situato a Ovest.<br>Questo punto cardinale, per dirla con la celebre egittologa<strong> Betr\u00f2 <\/strong>\u201c<em>era la regione dove i morti erano seppelliti per rinascere e raggiungere la vita eterna e i testi egiziani lo chiamano il Bell\u2019Occidente\u201d.<\/em><\/p>\n\n\n\n<p>Per concludere, se la catastrofe dovuta all\u2019impatto sul Mediterraneo di un corpo celeste \u2013 che aveva causato la grande inondazione e le altre conseguenze di cui si \u00e8 riferito nei precedenti post di questa serie-, \u00e8 effettivamente avvenuta, \u00e8 altrettanto probabile che l\u2019isola sacra posta nel mare del tramonto fosse effettivamente esistita e che fossero stati antichi naviganti, venuti da una leggendaria isola situata nel mare d\u2019Occidente, a dare origine alle proto dinastie faraoniche.<\/p>\n\n\n\n<p><br><strong><em>Mi permetto allora di proporre la candidatura della Sardegna, a costo di apparire ancora una volta sardocentrico.<\/em><\/strong><\/p>\n\n\n\n<p><img loading=\"lazy\" decoding=\"async\" width=\"80\" height=\"80\" class=\"wp-image-8188\" style=\"width: 80px;\" src=\"https:\/\/www.istitutogalanteoliva.it\/magazine\/wp-content\/uploads\/2021\/06\/valdes.png\" alt=\"\" srcset=\"https:\/\/www.istitutogalanteoliva.it\/magazine\/wp-content\/uploads\/2021\/06\/valdes.png 433w, https:\/\/www.istitutogalanteoliva.it\/magazine\/wp-content\/uploads\/2021\/06\/valdes-300x300.png 300w, https:\/\/www.istitutogalanteoliva.it\/magazine\/wp-content\/uploads\/2021\/06\/valdes-150x150.png 150w\" sizes=\"auto, (max-width: 80px) 100vw, 80px\" \/><strong><em><a href=\"https:\/\/www.istitutogalanteoliva.it\/magazine\/?s=Giorgio+Vald%C3%A8s\" target=\"_blank\" rel=\"noreferrer noopener\">Giorgio Vald\u00e8s<\/a><\/em><\/strong><\/p>\n\n\n\n<p><img loading=\"lazy\" decoding=\"async\" width=\"90\" height=\"90\" class=\"wp-image-15196\" style=\"width: 90px;\" src=\"https:\/\/www.istitutogalanteoliva.it\/magazine\/wp-content\/uploads\/2024\/04\/download-2.jpg\" alt=\"\" srcset=\"https:\/\/www.istitutogalanteoliva.it\/magazine\/wp-content\/uploads\/2024\/04\/download-2.jpg 225w, https:\/\/www.istitutogalanteoliva.it\/magazine\/wp-content\/uploads\/2024\/04\/download-2-150x150.jpg 150w\" sizes=\"auto, (max-width: 90px) 100vw, 90px\" \/><strong><a href=\"https:\/\/www.nurnet.net\/\" target=\"_blank\" rel=\"noreferrer noopener\">NURNET LA RETE DEI NURAGHI<\/a><\/strong><br>Fondazione di Partecipazione, costituita nel settembre del 2013 da sessantanove soci fondatori, che ha come scopo prevalente la promozione della cultura del periodo in cui in Sardegna svilupparono le civilt\u00e0 pre-nuragica\u00a0<strong>e<\/strong>\u00a0nuragica<\/p>\n\n\n\n<p><span class=\"has-inline-color has-vivid-cyan-blue-color\"><strong>Articoli Correlati<\/strong>:<\/span><br><sub><a href=\"https:\/\/www.istitutogalanteoliva.it\/magazine\/2021\/07\/04\/lisola-che-non-ce-1\/\" target=\"_blank\" rel=\"noreferrer noopener\">L\u2019ISOLA CHE NON C\u2019\u00c8 -1- Il primo di 6 articoli sulla storia antica della Sardegna. Molti esimi studiosi sostengono la \u201crealistica\u201d ipotesi che l\u2019isola avesse intessuto intensi e frequenti rapporti con la terra dei faraoni<\/a><\/sub><br><br><\/p>\n\n\n\n<p><a href=\"https:\/\/www.istitutogalanteoliva.it\/magazine\/2021\/07\/11\/lisola-che-non-ce-2\/\" target=\"_blank\" rel=\"noreferrer noopener\"><sub>L\u2019ISOLA CHE NON C\u2019\u00c8-2- Il secondo di 6 articoli sulla storia antica della Sardegna: la migrazione dei Popoli del Mare \u00e8 stata una diretta conseguenza dell\u2019immane disastro naturale che proprio nelle Isole del Grande Verde sembrerebbe aver avuto il suo drammatico epicentro? (1.200 a.c)<\/sub><\/a><\/p>\n\n\n\n<p><a href=\"https:\/\/www.istitutogalanteoliva.it\/magazine\/2021\/07\/18\/lisola-che-non-ce-3\/\" target=\"_blank\" rel=\"noreferrer noopener\"><sub>L\u2019ISOLA CHE NON C\u2019\u00c8-3-La Sardegna tra storia, miti e leggende. E\u2019 probabile che quanto descritto nel mito di Fetonte (Ovidio-Metamorfosi) rimandi a qualche evento catastrofico in area mediterranea<\/sub><\/a><\/p>\n\n\n\n<p><a href=\"https:\/\/www.istitutogalanteoliva.it\/magazine\/2021\/07\/25\/lisola-che-non-ce-4\/\" target=\"_blank\" rel=\"noreferrer noopener\"><sub>L\u2019ISOLA CHE NON C\u2019\u00c8-4-L\u2019ipotesi del corpo celeste precipitato nel Mediterraneo non \u00e8 nuova, ed \u00e8 stata tra l\u2019altro esaminata attentamente da Nicola Betti, Luciano Melis e Alessandra Murgia nel loro libro \u201cIl Mare addosso \u2013 L\u2019isola che fu Atlantide e poi divenne Sardegna\u201d.<\/sub><\/a><\/p>\n\n\n\n<p><a href=\"https:\/\/www.istitutogalanteoliva.it\/magazine\/2021\/08\/01\/lisola-che-non-ce-5\/\" target=\"_blank\" rel=\"noreferrer noopener\"><sub>L\u2019ISOLA CHE NON C\u2019\u00c8-5-La riproduzione di un bassorilievo di Medinet-Habu, in cui sono ritratti gli Shardana, i Pheleset\/Filistei loro alleati ma anche i carri trainati da buoi, spiegherebbe la migrazione, quando queste popolazioni, sfuggendo dalla ipotizzata catastrofe, portarono con s\u00e9 familiari e masserizie, utilizzando appunto i carri effigiati nel bassorilievo.<\/sub><\/a><\/p>\n\n\n\n<p><a href=\"https:\/\/www.nurnet.net\/\" target=\"_blank\" rel=\"noreferrer noopener\">Articoli presenti anche su Nurnet.net<img loading=\"lazy\" decoding=\"async\" width=\"150\" height=\"105\" class=\"wp-image-9105\" style=\"width: 150px;\" src=\"https:\/\/www.istitutogalanteoliva.it\/magazine\/wp-content\/uploads\/2021\/08\/Z_21321_nurnet.jpg\" alt=\"\" srcset=\"https:\/\/www.istitutogalanteoliva.it\/magazine\/wp-content\/uploads\/2021\/08\/Z_21321_nurnet.jpg 800w, https:\/\/www.istitutogalanteoliva.it\/magazine\/wp-content\/uploads\/2021\/08\/Z_21321_nurnet-300x210.jpg 300w, https:\/\/www.istitutogalanteoliva.it\/magazine\/wp-content\/uploads\/2021\/08\/Z_21321_nurnet-768x539.jpg 768w\" sizes=\"auto, (max-width: 150px) 100vw, 150px\" \/><\/a><\/p>\n<div class=\"pdfprnt-buttons pdfprnt-buttons-post pdfprnt-bottom-left\"><a href=\"https:\/\/www.istitutogalanteoliva.it\/magazine\/wp-json\/wp\/v2\/posts\/9088?print=print\" class=\"pdfprnt-button pdfprnt-button-print\" target=\"_blank\"><img decoding=\"async\" src=\"https:\/\/www.istitutogalanteoliva.it\/magazine\/wp-content\/plugins\/pdf-print\/images\/print.png\" alt=\"image_print\" title=\"Stampa contenuto\" \/><span class=\"pdfprnt-button-title pdfprnt-button-print-title\">Download in PDF<\/span><\/a><\/div>","protected":false},"excerpt":{"rendered":"<p>L&#8217;ultimo capitolo di  una serie dedicata a una ipotesi affascinante sulla storia antica della Sardegna : \u00e8 probabile che l&#8217;Isola sacra posta nel mare del tramonto fosse effettivamente esistita e che fossero stati antichi naviganti, venuti da una leggendaria isola situata nel mare d\u2019Occidente, a dare origine alle proto dinastie faraoniche. Quest&#8217;Isola avrebbe potuto essere la Sardegna <\/p>\n","protected":false},"author":2,"featured_media":9095,"comment_status":"open","ping_status":"open","sticky":true,"template":"","format":"standard","meta":{"footnotes":""},"categories":[148,23],"tags":[],"class_list":["post-9088","post","type-post","status-publish","format-standard","has-post-thumbnail","hentry","category-148","category-storia"],"yoast_head":"<!-- This site is optimized with the Yoast SEO plugin v24.2 - https:\/\/yoast.com\/wordpress\/plugins\/seo\/ -->\n<title>L\u2019Isola che non c\u2019\u00e8 -6- (per concludere) - Polis SA Magazine<\/title>\n<meta name=\"robots\" content=\"index, follow, max-snippet:-1, max-image-preview:large, max-video-preview:-1\" \/>\n<link rel=\"canonical\" href=\"https:\/\/www.istitutogalanteoliva.it\/magazine\/2021\/08\/22\/lisola-che-non-ce-6-per-concludere\/\" \/>\n<meta property=\"og:locale\" content=\"it_IT\" \/>\n<meta property=\"og:type\" content=\"article\" \/>\n<meta property=\"og:title\" content=\"L\u2019Isola che non c\u2019\u00e8 -6- (per concludere) - Polis SA Magazine\" \/>\n<meta property=\"og:description\" content=\"L&#039;ultimo capitolo di una serie dedicata a una ipotesi affascinante sulla storia antica della Sardegna : \u00e8 probabile che l&#039;Isola sacra posta nel mare del tramonto fosse effettivamente esistita e che fossero stati antichi naviganti, venuti da una leggendaria isola situata nel mare d\u2019Occidente, a dare origine alle proto dinastie faraoniche. Quest&#039;Isola avrebbe potuto essere la Sardegna\" \/>\n<meta property=\"og:url\" content=\"https:\/\/www.istitutogalanteoliva.it\/magazine\/2021\/08\/22\/lisola-che-non-ce-6-per-concludere\/\" \/>\n<meta property=\"og:site_name\" content=\"Polis SA Magazine\" \/>\n<meta property=\"article:publisher\" content=\"https:\/\/www.facebook.com\/PolisSAMagazine\/\" \/>\n<meta property=\"article:published_time\" content=\"2021-08-22T06:00:00+00:00\" \/>\n<meta property=\"article:modified_time\" content=\"2021-08-22T06:19:41+00:00\" \/>\n<meta property=\"og:image\" content=\"https:\/\/www.istitutogalanteoliva.it\/magazine\/wp-content\/uploads\/2021\/08\/117877739_3292009327544435_6390382430333295200_n.jpg\" \/>\n\t<meta property=\"og:image:width\" content=\"1873\" \/>\n\t<meta property=\"og:image:height\" content=\"520\" \/>\n\t<meta property=\"og:image:type\" content=\"image\/jpeg\" \/>\n<meta name=\"author\" content=\"Antonello Rivano\" \/>\n<meta name=\"twitter:card\" content=\"summary_large_image\" \/>\n<meta name=\"twitter:creator\" content=\"@MagazinePolis\" \/>\n<meta name=\"twitter:site\" content=\"@MagazinePolis\" \/>\n<meta name=\"twitter:label1\" content=\"Scritto da\" \/>\n\t<meta name=\"twitter:data1\" content=\"Antonello Rivano\" \/>\n\t<meta name=\"twitter:label2\" content=\"Tempo di lettura stimato\" \/>\n\t<meta name=\"twitter:data2\" content=\"9 minuti\" \/>\n<script type=\"application\/ld+json\" class=\"yoast-schema-graph\">{\"@context\":\"https:\/\/schema.org\",\"@graph\":[{\"@type\":\"Article\",\"@id\":\"https:\/\/www.istitutogalanteoliva.it\/magazine\/2021\/08\/22\/lisola-che-non-ce-6-per-concludere\/#article\",\"isPartOf\":{\"@id\":\"https:\/\/www.istitutogalanteoliva.it\/magazine\/2021\/08\/22\/lisola-che-non-ce-6-per-concludere\/\"},\"author\":{\"name\":\"Antonello Rivano\",\"@id\":\"https:\/\/www.istitutogalanteoliva.it\/magazine\/#\/schema\/person\/d8b8aa79cfe8babc1df9da3212a7c0c4\"},\"headline\":\"L\u2019Isola che non c\u2019\u00e8 -6- (per concludere)\",\"datePublished\":\"2021-08-22T06:00:00+00:00\",\"dateModified\":\"2021-08-22T06:19:41+00:00\",\"mainEntityOfPage\":{\"@id\":\"https:\/\/www.istitutogalanteoliva.it\/magazine\/2021\/08\/22\/lisola-che-non-ce-6-per-concludere\/\"},\"wordCount\":1856,\"commentCount\":0,\"publisher\":{\"@id\":\"https:\/\/www.istitutogalanteoliva.it\/magazine\/#organization\"},\"image\":{\"@id\":\"https:\/\/www.istitutogalanteoliva.it\/magazine\/2021\/08\/22\/lisola-che-non-ce-6-per-concludere\/#primaryimage\"},\"thumbnailUrl\":\"https:\/\/www.istitutogalanteoliva.it\/magazine\/wp-content\/uploads\/2021\/08\/117877739_3292009327544435_6390382430333295200_n.jpg\",\"articleSection\":[\"2021\",\"Storia\"],\"inLanguage\":\"it-IT\",\"potentialAction\":[{\"@type\":\"CommentAction\",\"name\":\"Comment\",\"target\":[\"https:\/\/www.istitutogalanteoliva.it\/magazine\/2021\/08\/22\/lisola-che-non-ce-6-per-concludere\/#respond\"]}]},{\"@type\":\"WebPage\",\"@id\":\"https:\/\/www.istitutogalanteoliva.it\/magazine\/2021\/08\/22\/lisola-che-non-ce-6-per-concludere\/\",\"url\":\"https:\/\/www.istitutogalanteoliva.it\/magazine\/2021\/08\/22\/lisola-che-non-ce-6-per-concludere\/\",\"name\":\"L\u2019Isola che non c\u2019\u00e8 -6- (per concludere) - Polis SA Magazine\",\"isPartOf\":{\"@id\":\"https:\/\/www.istitutogalanteoliva.it\/magazine\/#website\"},\"primaryImageOfPage\":{\"@id\":\"https:\/\/www.istitutogalanteoliva.it\/magazine\/2021\/08\/22\/lisola-che-non-ce-6-per-concludere\/#primaryimage\"},\"image\":{\"@id\":\"https:\/\/www.istitutogalanteoliva.it\/magazine\/2021\/08\/22\/lisola-che-non-ce-6-per-concludere\/#primaryimage\"},\"thumbnailUrl\":\"https:\/\/www.istitutogalanteoliva.it\/magazine\/wp-content\/uploads\/2021\/08\/117877739_3292009327544435_6390382430333295200_n.jpg\",\"datePublished\":\"2021-08-22T06:00:00+00:00\",\"dateModified\":\"2021-08-22T06:19:41+00:00\",\"breadcrumb\":{\"@id\":\"https:\/\/www.istitutogalanteoliva.it\/magazine\/2021\/08\/22\/lisola-che-non-ce-6-per-concludere\/#breadcrumb\"},\"inLanguage\":\"it-IT\",\"potentialAction\":[{\"@type\":\"ReadAction\",\"target\":[\"https:\/\/www.istitutogalanteoliva.it\/magazine\/2021\/08\/22\/lisola-che-non-ce-6-per-concludere\/\"]}]},{\"@type\":\"ImageObject\",\"inLanguage\":\"it-IT\",\"@id\":\"https:\/\/www.istitutogalanteoliva.it\/magazine\/2021\/08\/22\/lisola-che-non-ce-6-per-concludere\/#primaryimage\",\"url\":\"https:\/\/www.istitutogalanteoliva.it\/magazine\/wp-content\/uploads\/2021\/08\/117877739_3292009327544435_6390382430333295200_n.jpg\",\"contentUrl\":\"https:\/\/www.istitutogalanteoliva.it\/magazine\/wp-content\/uploads\/2021\/08\/117877739_3292009327544435_6390382430333295200_n.jpg\",\"width\":1873,\"height\":520,\"caption\":\"Hierakonpolis\"},{\"@type\":\"BreadcrumbList\",\"@id\":\"https:\/\/www.istitutogalanteoliva.it\/magazine\/2021\/08\/22\/lisola-che-non-ce-6-per-concludere\/#breadcrumb\",\"itemListElement\":[{\"@type\":\"ListItem\",\"position\":1,\"name\":\"Home\",\"item\":\"https:\/\/www.istitutogalanteoliva.it\/magazine\/\"},{\"@type\":\"ListItem\",\"position\":2,\"name\":\"L\u2019Isola che non c\u2019\u00e8 -6- (per concludere)\"}]},{\"@type\":\"WebSite\",\"@id\":\"https:\/\/www.istitutogalanteoliva.it\/magazine\/#website\",\"url\":\"https:\/\/www.istitutogalanteoliva.it\/magazine\/\",\"name\":\"POLIS SA MAGAZINE\",\"description\":\"Informazione e approfondimenti\",\"publisher\":{\"@id\":\"https:\/\/www.istitutogalanteoliva.it\/magazine\/#organization\"},\"potentialAction\":[{\"@type\":\"SearchAction\",\"target\":{\"@type\":\"EntryPoint\",\"urlTemplate\":\"https:\/\/www.istitutogalanteoliva.it\/magazine\/?s={search_term_string}\"},\"query-input\":{\"@type\":\"PropertyValueSpecification\",\"valueRequired\":true,\"valueName\":\"search_term_string\"}}],\"inLanguage\":\"it-IT\"},{\"@type\":\"Organization\",\"@id\":\"https:\/\/www.istitutogalanteoliva.it\/magazine\/#organization\",\"name\":\"Polis SA Magazine\",\"url\":\"https:\/\/www.istitutogalanteoliva.it\/magazine\/\",\"logo\":{\"@type\":\"ImageObject\",\"inLanguage\":\"it-IT\",\"@id\":\"https:\/\/www.istitutogalanteoliva.it\/magazine\/#\/schema\/logo\/image\/\",\"url\":\"\",\"contentUrl\":\"\",\"caption\":\"Polis SA Magazine\"},\"image\":{\"@id\":\"https:\/\/www.istitutogalanteoliva.it\/magazine\/#\/schema\/logo\/image\/\"},\"sameAs\":[\"https:\/\/www.facebook.com\/PolisSAMagazine\/\",\"https:\/\/x.com\/MagazinePolis\",\"https:\/\/www.youtube.com\/channel\/UCv0Mr5AHKUmsc0sEEXkJrgw\"]},{\"@type\":\"Person\",\"@id\":\"https:\/\/www.istitutogalanteoliva.it\/magazine\/#\/schema\/person\/d8b8aa79cfe8babc1df9da3212a7c0c4\",\"name\":\"Antonello Rivano\",\"image\":{\"@type\":\"ImageObject\",\"inLanguage\":\"it-IT\",\"@id\":\"https:\/\/www.istitutogalanteoliva.it\/magazine\/#\/schema\/person\/image\/\",\"url\":\"https:\/\/secure.gravatar.com\/avatar\/517a9a6487a7a18ecc4ce6d2e57a8f40?s=96&d=mm&r=g\",\"contentUrl\":\"https:\/\/secure.gravatar.com\/avatar\/517a9a6487a7a18ecc4ce6d2e57a8f40?s=96&d=mm&r=g\",\"caption\":\"Antonello Rivano\"},\"url\":\"https:\/\/www.istitutogalanteoliva.it\/magazine\/author\/antonello\/\"}]}<\/script>\n<!-- \/ Yoast SEO plugin. -->","yoast_head_json":{"title":"L\u2019Isola che non c\u2019\u00e8 -6- (per concludere) - Polis SA Magazine","robots":{"index":"index","follow":"follow","max-snippet":"max-snippet:-1","max-image-preview":"max-image-preview:large","max-video-preview":"max-video-preview:-1"},"canonical":"https:\/\/www.istitutogalanteoliva.it\/magazine\/2021\/08\/22\/lisola-che-non-ce-6-per-concludere\/","og_locale":"it_IT","og_type":"article","og_title":"L\u2019Isola che non c\u2019\u00e8 -6- (per concludere) - Polis SA Magazine","og_description":"L'ultimo capitolo di una serie dedicata a una ipotesi affascinante sulla storia antica della Sardegna : \u00e8 probabile che l'Isola sacra posta nel mare del tramonto fosse effettivamente esistita e che fossero stati antichi naviganti, venuti da una leggendaria isola situata nel mare d\u2019Occidente, a dare origine alle proto dinastie faraoniche. Quest'Isola avrebbe potuto essere la Sardegna","og_url":"https:\/\/www.istitutogalanteoliva.it\/magazine\/2021\/08\/22\/lisola-che-non-ce-6-per-concludere\/","og_site_name":"Polis SA Magazine","article_publisher":"https:\/\/www.facebook.com\/PolisSAMagazine\/","article_published_time":"2021-08-22T06:00:00+00:00","article_modified_time":"2021-08-22T06:19:41+00:00","og_image":[{"width":1873,"height":520,"url":"https:\/\/www.istitutogalanteoliva.it\/magazine\/wp-content\/uploads\/2021\/08\/117877739_3292009327544435_6390382430333295200_n.jpg","type":"image\/jpeg"}],"author":"Antonello Rivano","twitter_card":"summary_large_image","twitter_creator":"@MagazinePolis","twitter_site":"@MagazinePolis","twitter_misc":{"Scritto da":"Antonello Rivano","Tempo di lettura stimato":"9 minuti"},"schema":{"@context":"https:\/\/schema.org","@graph":[{"@type":"Article","@id":"https:\/\/www.istitutogalanteoliva.it\/magazine\/2021\/08\/22\/lisola-che-non-ce-6-per-concludere\/#article","isPartOf":{"@id":"https:\/\/www.istitutogalanteoliva.it\/magazine\/2021\/08\/22\/lisola-che-non-ce-6-per-concludere\/"},"author":{"name":"Antonello Rivano","@id":"https:\/\/www.istitutogalanteoliva.it\/magazine\/#\/schema\/person\/d8b8aa79cfe8babc1df9da3212a7c0c4"},"headline":"L\u2019Isola che non c\u2019\u00e8 -6- (per concludere)","datePublished":"2021-08-22T06:00:00+00:00","dateModified":"2021-08-22T06:19:41+00:00","mainEntityOfPage":{"@id":"https:\/\/www.istitutogalanteoliva.it\/magazine\/2021\/08\/22\/lisola-che-non-ce-6-per-concludere\/"},"wordCount":1856,"commentCount":0,"publisher":{"@id":"https:\/\/www.istitutogalanteoliva.it\/magazine\/#organization"},"image":{"@id":"https:\/\/www.istitutogalanteoliva.it\/magazine\/2021\/08\/22\/lisola-che-non-ce-6-per-concludere\/#primaryimage"},"thumbnailUrl":"https:\/\/www.istitutogalanteoliva.it\/magazine\/wp-content\/uploads\/2021\/08\/117877739_3292009327544435_6390382430333295200_n.jpg","articleSection":["2021","Storia"],"inLanguage":"it-IT","potentialAction":[{"@type":"CommentAction","name":"Comment","target":["https:\/\/www.istitutogalanteoliva.it\/magazine\/2021\/08\/22\/lisola-che-non-ce-6-per-concludere\/#respond"]}]},{"@type":"WebPage","@id":"https:\/\/www.istitutogalanteoliva.it\/magazine\/2021\/08\/22\/lisola-che-non-ce-6-per-concludere\/","url":"https:\/\/www.istitutogalanteoliva.it\/magazine\/2021\/08\/22\/lisola-che-non-ce-6-per-concludere\/","name":"L\u2019Isola che non c\u2019\u00e8 -6- (per concludere) - Polis SA Magazine","isPartOf":{"@id":"https:\/\/www.istitutogalanteoliva.it\/magazine\/#website"},"primaryImageOfPage":{"@id":"https:\/\/www.istitutogalanteoliva.it\/magazine\/2021\/08\/22\/lisola-che-non-ce-6-per-concludere\/#primaryimage"},"image":{"@id":"https:\/\/www.istitutogalanteoliva.it\/magazine\/2021\/08\/22\/lisola-che-non-ce-6-per-concludere\/#primaryimage"},"thumbnailUrl":"https:\/\/www.istitutogalanteoliva.it\/magazine\/wp-content\/uploads\/2021\/08\/117877739_3292009327544435_6390382430333295200_n.jpg","datePublished":"2021-08-22T06:00:00+00:00","dateModified":"2021-08-22T06:19:41+00:00","breadcrumb":{"@id":"https:\/\/www.istitutogalanteoliva.it\/magazine\/2021\/08\/22\/lisola-che-non-ce-6-per-concludere\/#breadcrumb"},"inLanguage":"it-IT","potentialAction":[{"@type":"ReadAction","target":["https:\/\/www.istitutogalanteoliva.it\/magazine\/2021\/08\/22\/lisola-che-non-ce-6-per-concludere\/"]}]},{"@type":"ImageObject","inLanguage":"it-IT","@id":"https:\/\/www.istitutogalanteoliva.it\/magazine\/2021\/08\/22\/lisola-che-non-ce-6-per-concludere\/#primaryimage","url":"https:\/\/www.istitutogalanteoliva.it\/magazine\/wp-content\/uploads\/2021\/08\/117877739_3292009327544435_6390382430333295200_n.jpg","contentUrl":"https:\/\/www.istitutogalanteoliva.it\/magazine\/wp-content\/uploads\/2021\/08\/117877739_3292009327544435_6390382430333295200_n.jpg","width":1873,"height":520,"caption":"Hierakonpolis"},{"@type":"BreadcrumbList","@id":"https:\/\/www.istitutogalanteoliva.it\/magazine\/2021\/08\/22\/lisola-che-non-ce-6-per-concludere\/#breadcrumb","itemListElement":[{"@type":"ListItem","position":1,"name":"Home","item":"https:\/\/www.istitutogalanteoliva.it\/magazine\/"},{"@type":"ListItem","position":2,"name":"L\u2019Isola che non c\u2019\u00e8 -6- (per concludere)"}]},{"@type":"WebSite","@id":"https:\/\/www.istitutogalanteoliva.it\/magazine\/#website","url":"https:\/\/www.istitutogalanteoliva.it\/magazine\/","name":"POLIS SA MAGAZINE","description":"Informazione e approfondimenti","publisher":{"@id":"https:\/\/www.istitutogalanteoliva.it\/magazine\/#organization"},"potentialAction":[{"@type":"SearchAction","target":{"@type":"EntryPoint","urlTemplate":"https:\/\/www.istitutogalanteoliva.it\/magazine\/?s={search_term_string}"},"query-input":{"@type":"PropertyValueSpecification","valueRequired":true,"valueName":"search_term_string"}}],"inLanguage":"it-IT"},{"@type":"Organization","@id":"https:\/\/www.istitutogalanteoliva.it\/magazine\/#organization","name":"Polis SA Magazine","url":"https:\/\/www.istitutogalanteoliva.it\/magazine\/","logo":{"@type":"ImageObject","inLanguage":"it-IT","@id":"https:\/\/www.istitutogalanteoliva.it\/magazine\/#\/schema\/logo\/image\/","url":"","contentUrl":"","caption":"Polis SA Magazine"},"image":{"@id":"https:\/\/www.istitutogalanteoliva.it\/magazine\/#\/schema\/logo\/image\/"},"sameAs":["https:\/\/www.facebook.com\/PolisSAMagazine\/","https:\/\/x.com\/MagazinePolis","https:\/\/www.youtube.com\/channel\/UCv0Mr5AHKUmsc0sEEXkJrgw"]},{"@type":"Person","@id":"https:\/\/www.istitutogalanteoliva.it\/magazine\/#\/schema\/person\/d8b8aa79cfe8babc1df9da3212a7c0c4","name":"Antonello Rivano","image":{"@type":"ImageObject","inLanguage":"it-IT","@id":"https:\/\/www.istitutogalanteoliva.it\/magazine\/#\/schema\/person\/image\/","url":"https:\/\/secure.gravatar.com\/avatar\/517a9a6487a7a18ecc4ce6d2e57a8f40?s=96&d=mm&r=g","contentUrl":"https:\/\/secure.gravatar.com\/avatar\/517a9a6487a7a18ecc4ce6d2e57a8f40?s=96&d=mm&r=g","caption":"Antonello Rivano"},"url":"https:\/\/www.istitutogalanteoliva.it\/magazine\/author\/antonello\/"}]}},"_links":{"self":[{"href":"https:\/\/www.istitutogalanteoliva.it\/magazine\/wp-json\/wp\/v2\/posts\/9088","targetHints":{"allow":["GET"]}}],"collection":[{"href":"https:\/\/www.istitutogalanteoliva.it\/magazine\/wp-json\/wp\/v2\/posts"}],"about":[{"href":"https:\/\/www.istitutogalanteoliva.it\/magazine\/wp-json\/wp\/v2\/types\/post"}],"author":[{"embeddable":true,"href":"https:\/\/www.istitutogalanteoliva.it\/magazine\/wp-json\/wp\/v2\/users\/2"}],"replies":[{"embeddable":true,"href":"https:\/\/www.istitutogalanteoliva.it\/magazine\/wp-json\/wp\/v2\/comments?post=9088"}],"version-history":[{"count":3,"href":"https:\/\/www.istitutogalanteoliva.it\/magazine\/wp-json\/wp\/v2\/posts\/9088\/revisions"}],"predecessor-version":[{"id":9128,"href":"https:\/\/www.istitutogalanteoliva.it\/magazine\/wp-json\/wp\/v2\/posts\/9088\/revisions\/9128"}],"wp:featuredmedia":[{"embeddable":true,"href":"https:\/\/www.istitutogalanteoliva.it\/magazine\/wp-json\/wp\/v2\/media\/9095"}],"wp:attachment":[{"href":"https:\/\/www.istitutogalanteoliva.it\/magazine\/wp-json\/wp\/v2\/media?parent=9088"}],"wp:term":[{"taxonomy":"category","embeddable":true,"href":"https:\/\/www.istitutogalanteoliva.it\/magazine\/wp-json\/wp\/v2\/categories?post=9088"},{"taxonomy":"post_tag","embeddable":true,"href":"https:\/\/www.istitutogalanteoliva.it\/magazine\/wp-json\/wp\/v2\/tags?post=9088"}],"curies":[{"name":"wp","href":"https:\/\/api.w.org\/{rel}","templated":true}]}}