{"id":9109,"date":"2021-08-19T17:30:28","date_gmt":"2021-08-19T15:30:28","guid":{"rendered":"https:\/\/www.istitutogalanteoliva.it\/magazine\/?p=9109"},"modified":"2021-08-19T17:30:30","modified_gmt":"2021-08-19T15:30:30","slug":"salerno-sold-out-per-il-concerto-di-peppe-barra-ai-barbuti","status":"publish","type":"post","link":"https:\/\/www.istitutogalanteoliva.it\/magazine\/2021\/08\/19\/salerno-sold-out-per-il-concerto-di-peppe-barra-ai-barbuti\/","title":{"rendered":"Salerno. Sold out per il concerto di Peppe Barra ai Barbuti"},"content":{"rendered":"\n<h4 class=\"wp-block-heading\"><strong>Gi\u00e0 da diversi giorni \u00e8 sold out l\u2019appuntamento di venerd\u00ec 20 agosto 2021 (ore 21.15) con il concerto di Peppe Barra, in largo Santa Maria dei Barbuti, nel centro storico di Salerno, per la XXXVI edizione della rassegna estiva di teatro \u201cBarbuti Festival\u201d. <\/strong><br><\/h4>\n\n\n\n<p class=\"has-drop-cap\">Con lui: Paolo Del Vecchio chitarre, mandolino; Luca Urciuolo pianoforte, e fisarmonica; Ivan Lacagnina\u00a0\u00a0 alle percussioni e Sas\u00e0 Pelosi al basso acustico.<\/p>\n\n\n\n<p>Protagonista dello spettacolo \u00e8 come sempre la versatilit\u00e0 interpretativa di Peppe Barra, espressione di una napoletanit\u00e0 dal sapore passato e dalle sonorit\u00e0 contemporanee. Un concerto in cui Peppe Barra apre lo scrigno dell&#8217;esperienza per restituire il tempo, il suo tempo trascorso sul palcoscenico a raccontare l&#8217;amore, il dolore, la resistenza di un artista che con il tempo si confronta a viso aperto. Entra nella sua Napoli di ieri e di oggi ne canta l&#8217;amore, il sogno ma anche la deturpazione data dallo scempio ambientale che ha sub\u00ecto. Incita il pubblico ad alimentare il sogno, a mettere in armonia quello che \u00e8 perduto e quello che verr\u00e0 e lo fa in maniera particolarmente accorata e realista, ma al tempo stesso cos\u00ec scanzonata e poetica, da riuscire a toccare in tutti modi il cuore degli spettatori. <\/p>\n\n\n\n<div class=\"wp-block-image\"><figure class=\"alignleft size-large is-resized\"><img loading=\"lazy\" decoding=\"async\" src=\"https:\/\/www.istitutogalanteoliva.it\/magazine\/wp-content\/uploads\/2021\/08\/PEPPE-NATELLA-E-PEPPE-BARRA.jpg\" alt=\"\" class=\"wp-image-9111\" width=\"395\" height=\"384\" srcset=\"https:\/\/www.istitutogalanteoliva.it\/magazine\/wp-content\/uploads\/2021\/08\/PEPPE-NATELLA-E-PEPPE-BARRA.jpg 789w, https:\/\/www.istitutogalanteoliva.it\/magazine\/wp-content\/uploads\/2021\/08\/PEPPE-NATELLA-E-PEPPE-BARRA-300x292.jpg 300w, https:\/\/www.istitutogalanteoliva.it\/magazine\/wp-content\/uploads\/2021\/08\/PEPPE-NATELLA-E-PEPPE-BARRA-768x747.jpg 768w\" sizes=\"auto, (max-width: 395px) 100vw, 395px\" \/><figcaption><sup><strong>Peppe Natella e Peppe Barra<\/strong><\/sup> <\/figcaption><\/figure><\/div>\n\n\n\n<p>E con l&#8217;energia travolgente che lo caratterizza, Peppe restituisce allo spettatore un repertorio che parte dalla contaminazione di brani della tradizione di autori come G.Basile, E. A. Mario, Leonardo Vinci, Ferdinando Russo, ad autori contemporanei come Pino Daniele, Giorgio Gaber, Bob Marley, Enzo Gragnaniello. I testi costruiscono con la musica, architetture sonore con il blues, il jazz, riuscendo a far convivere suoni antichi e moderni, tammurriate, echi di canzone francese e arie del Settecento. La sua voce gli consente di raggiungere in scena risultati sorprendenti, con il sostegno di musicisti straordinari che da lungo tempo sono i suoi compagni di viaggio.<\/p>\n\n\n\n<figure class=\"wp-block-image size-large\"><img loading=\"lazy\" decoding=\"async\" width=\"500\" height=\"411\" src=\"https:\/\/www.istitutogalanteoliva.it\/magazine\/wp-content\/uploads\/2021\/08\/ok.jpg\" alt=\"\" class=\"wp-image-9112\" srcset=\"https:\/\/www.istitutogalanteoliva.it\/magazine\/wp-content\/uploads\/2021\/08\/ok.jpg 500w, https:\/\/www.istitutogalanteoliva.it\/magazine\/wp-content\/uploads\/2021\/08\/ok-300x247.jpg 300w\" sizes=\"auto, (max-width: 500px) 100vw, 500px\" \/><\/figure>\n\n\n\n<h4 class=\"wp-block-heading\"><strong>IL BRANO INCISO AI BARBUTI DI SALERNO<\/strong><\/h4>\n\n\n\n<p>Il disco di Peppe Barra \u201cCammina Cammina\u201d \u00e8 statointeramente registrato live nei diversi teatri italiani in cui Peppe ha portato il suo ricco bagaglio di sogni e di favole. Dal Teatro La Fenicie di Venezia fino all\u2019Aula Magna dell\u2019Universit\u00e0 la Sapienza di Roma, allo stesso Teatro dei Barbuti di Salerno, dove \u00e8 stato registrato un pezzo dal vivo.<\/p>\n\n\n\n<p>Con la Bottega San Lazzaro, nell\u2019ambito dei Barbuti, prosegue il progetto internazionale \u201cSalerno animo del Mediterraneo\u201d, che ha lo scopo di proporre insieme sonorit\u00e0, musiche e voci del Mare Nostrum, in un raccordo-sinergia che potr\u00e0 farsi polifonia di un vasto orizzonte culturale. Salerno, citt\u00e0 sintesi della cultura mediterranea, che si propone sempre pi\u00f9 come una comunit\u00e0 accogliente soprattutto verso i viaggiatori. Proprio con l\u2019idea di accogliere, di divertire ed esaltare la bellezza della citt\u00e0,&nbsp; nasce per ora un mini festival i cui contenuti artistici comporranno un mosaico mediterraneo di voci, melodie e ritmi strumentali per raccontare il patrimonio inestimabile fatto di musiche e riti della cultura campana da cui trae spunto, e della culla della cultura mediterranea: la Grecia, per offrire allo spettatore un caleidoscopio di colori e di ambientazioni sonore differenti.<\/p>\n\n\n\n<p>(Info 328\/9079642) \u2013 <a href=\"http:\/\/www.bottegasanlazzaro.it\">www.bottegasanlazzaro.it<\/a>&nbsp; &#8211; Fb<br>biglietti on line su <a href=\"http:\/\/www.postoriservato.it\">www.postoriservato.it<\/a><br><br><\/p>\n<div class=\"pdfprnt-buttons pdfprnt-buttons-post pdfprnt-bottom-left\"><a href=\"https:\/\/www.istitutogalanteoliva.it\/magazine\/wp-json\/wp\/v2\/posts\/9109?print=print\" class=\"pdfprnt-button pdfprnt-button-print\" target=\"_blank\"><img decoding=\"async\" src=\"https:\/\/www.istitutogalanteoliva.it\/magazine\/wp-content\/plugins\/pdf-print\/images\/print.png\" alt=\"image_print\" title=\"Stampa contenuto\" \/><span class=\"pdfprnt-button-title pdfprnt-button-print-title\">Download in PDF<\/span><\/a><\/div>","protected":false},"excerpt":{"rendered":"<p>Gi\u00e0 da diversi giorni \u00e8 sold out l\u2019appuntamento di venerd\u00ec 20 agosto 2021 (ore 21.15) con il concerto di Peppe Barra<\/p>\n","protected":false},"author":2,"featured_media":9113,"comment_status":"open","ping_status":"open","sticky":true,"template":"","format":"standard","meta":{"footnotes":""},"categories":[148,7,210],"tags":[417,442,83],"class_list":["post-9109","post","type-post","status-publish","format-standard","has-post-thumbnail","hentry","category-148","category-arte_e_spettacolo","category-campania","tag-barbuti-festival","tag-peppe-barra","tag-salerno"],"yoast_head":"<!-- This site is optimized with the Yoast SEO plugin v24.2 - https:\/\/yoast.com\/wordpress\/plugins\/seo\/ -->\n<title>Salerno. Sold out per il concerto di Peppe Barra ai Barbuti - Polis SA Magazine<\/title>\n<meta name=\"description\" content=\"Gi\u00e0 da diversi giorni \u00e8 sold out l\u2019appuntamento di venerd\u00ec 20 agosto 2021 (ore 21.15) con il concerto di Peppe Barra\" \/>\n<meta name=\"robots\" content=\"index, follow, max-snippet:-1, max-image-preview:large, max-video-preview:-1\" \/>\n<link rel=\"canonical\" href=\"https:\/\/www.istitutogalanteoliva.it\/magazine\/2021\/08\/19\/salerno-sold-out-per-il-concerto-di-peppe-barra-ai-barbuti\/\" \/>\n<meta property=\"og:locale\" content=\"it_IT\" \/>\n<meta property=\"og:type\" content=\"article\" \/>\n<meta property=\"og:title\" content=\"Salerno. Sold out per il concerto di Peppe Barra ai Barbuti - Polis SA Magazine\" \/>\n<meta property=\"og:description\" content=\"Gi\u00e0 da diversi giorni \u00e8 sold out l\u2019appuntamento di venerd\u00ec 20 agosto 2021 (ore 21.15) con il concerto di Peppe Barra\" \/>\n<meta property=\"og:url\" content=\"https:\/\/www.istitutogalanteoliva.it\/magazine\/2021\/08\/19\/salerno-sold-out-per-il-concerto-di-peppe-barra-ai-barbuti\/\" \/>\n<meta property=\"og:site_name\" content=\"Polis SA Magazine\" \/>\n<meta property=\"article:publisher\" content=\"https:\/\/www.facebook.com\/PolisSAMagazine\/\" \/>\n<meta property=\"article:published_time\" content=\"2021-08-19T15:30:28+00:00\" \/>\n<meta property=\"article:modified_time\" content=\"2021-08-19T15:30:30+00:00\" \/>\n<meta property=\"og:image\" content=\"https:\/\/www.istitutogalanteoliva.it\/magazine\/wp-content\/uploads\/2021\/08\/PEPPE-BARRA-A-SALERNO.jpg\" \/>\n\t<meta property=\"og:image:width\" content=\"640\" \/>\n\t<meta property=\"og:image:height\" content=\"380\" \/>\n\t<meta property=\"og:image:type\" content=\"image\/jpeg\" \/>\n<meta name=\"author\" content=\"Antonello Rivano\" \/>\n<meta name=\"twitter:card\" content=\"summary_large_image\" \/>\n<meta name=\"twitter:creator\" content=\"@MagazinePolis\" \/>\n<meta name=\"twitter:site\" content=\"@MagazinePolis\" \/>\n<meta name=\"twitter:label1\" content=\"Scritto da\" \/>\n\t<meta name=\"twitter:data1\" content=\"Antonello Rivano\" \/>\n\t<meta name=\"twitter:label2\" content=\"Tempo di lettura stimato\" \/>\n\t<meta name=\"twitter:data2\" content=\"3 minuti\" \/>\n<script type=\"application\/ld+json\" class=\"yoast-schema-graph\">{\"@context\":\"https:\/\/schema.org\",\"@graph\":[{\"@type\":\"Article\",\"@id\":\"https:\/\/www.istitutogalanteoliva.it\/magazine\/2021\/08\/19\/salerno-sold-out-per-il-concerto-di-peppe-barra-ai-barbuti\/#article\",\"isPartOf\":{\"@id\":\"https:\/\/www.istitutogalanteoliva.it\/magazine\/2021\/08\/19\/salerno-sold-out-per-il-concerto-di-peppe-barra-ai-barbuti\/\"},\"author\":{\"name\":\"Antonello Rivano\",\"@id\":\"https:\/\/www.istitutogalanteoliva.it\/magazine\/#\/schema\/person\/d8b8aa79cfe8babc1df9da3212a7c0c4\"},\"headline\":\"Salerno. Sold out per il concerto di Peppe Barra ai Barbuti\",\"datePublished\":\"2021-08-19T15:30:28+00:00\",\"dateModified\":\"2021-08-19T15:30:30+00:00\",\"mainEntityOfPage\":{\"@id\":\"https:\/\/www.istitutogalanteoliva.it\/magazine\/2021\/08\/19\/salerno-sold-out-per-il-concerto-di-peppe-barra-ai-barbuti\/\"},\"wordCount\":526,\"commentCount\":0,\"publisher\":{\"@id\":\"https:\/\/www.istitutogalanteoliva.it\/magazine\/#organization\"},\"image\":{\"@id\":\"https:\/\/www.istitutogalanteoliva.it\/magazine\/2021\/08\/19\/salerno-sold-out-per-il-concerto-di-peppe-barra-ai-barbuti\/#primaryimage\"},\"thumbnailUrl\":\"https:\/\/www.istitutogalanteoliva.it\/magazine\/wp-content\/uploads\/2021\/08\/PEPPE-BARRA-A-SALERNO.jpg\",\"keywords\":[\"barbuti festival\",\"peppe barra\",\"salerno\"],\"articleSection\":[\"2021\",\"Arte e Spettacolo\",\"Campania\"],\"inLanguage\":\"it-IT\",\"potentialAction\":[{\"@type\":\"CommentAction\",\"name\":\"Comment\",\"target\":[\"https:\/\/www.istitutogalanteoliva.it\/magazine\/2021\/08\/19\/salerno-sold-out-per-il-concerto-di-peppe-barra-ai-barbuti\/#respond\"]}]},{\"@type\":\"WebPage\",\"@id\":\"https:\/\/www.istitutogalanteoliva.it\/magazine\/2021\/08\/19\/salerno-sold-out-per-il-concerto-di-peppe-barra-ai-barbuti\/\",\"url\":\"https:\/\/www.istitutogalanteoliva.it\/magazine\/2021\/08\/19\/salerno-sold-out-per-il-concerto-di-peppe-barra-ai-barbuti\/\",\"name\":\"Salerno. Sold out per il concerto di Peppe Barra ai Barbuti - Polis SA Magazine\",\"isPartOf\":{\"@id\":\"https:\/\/www.istitutogalanteoliva.it\/magazine\/#website\"},\"primaryImageOfPage\":{\"@id\":\"https:\/\/www.istitutogalanteoliva.it\/magazine\/2021\/08\/19\/salerno-sold-out-per-il-concerto-di-peppe-barra-ai-barbuti\/#primaryimage\"},\"image\":{\"@id\":\"https:\/\/www.istitutogalanteoliva.it\/magazine\/2021\/08\/19\/salerno-sold-out-per-il-concerto-di-peppe-barra-ai-barbuti\/#primaryimage\"},\"thumbnailUrl\":\"https:\/\/www.istitutogalanteoliva.it\/magazine\/wp-content\/uploads\/2021\/08\/PEPPE-BARRA-A-SALERNO.jpg\",\"datePublished\":\"2021-08-19T15:30:28+00:00\",\"dateModified\":\"2021-08-19T15:30:30+00:00\",\"description\":\"Gi\u00e0 da diversi giorni \u00e8 sold out l\u2019appuntamento di venerd\u00ec 20 agosto 2021 (ore 21.15) con il concerto di Peppe Barra\",\"breadcrumb\":{\"@id\":\"https:\/\/www.istitutogalanteoliva.it\/magazine\/2021\/08\/19\/salerno-sold-out-per-il-concerto-di-peppe-barra-ai-barbuti\/#breadcrumb\"},\"inLanguage\":\"it-IT\",\"potentialAction\":[{\"@type\":\"ReadAction\",\"target\":[\"https:\/\/www.istitutogalanteoliva.it\/magazine\/2021\/08\/19\/salerno-sold-out-per-il-concerto-di-peppe-barra-ai-barbuti\/\"]}]},{\"@type\":\"ImageObject\",\"inLanguage\":\"it-IT\",\"@id\":\"https:\/\/www.istitutogalanteoliva.it\/magazine\/2021\/08\/19\/salerno-sold-out-per-il-concerto-di-peppe-barra-ai-barbuti\/#primaryimage\",\"url\":\"https:\/\/www.istitutogalanteoliva.it\/magazine\/wp-content\/uploads\/2021\/08\/PEPPE-BARRA-A-SALERNO.jpg\",\"contentUrl\":\"https:\/\/www.istitutogalanteoliva.it\/magazine\/wp-content\/uploads\/2021\/08\/PEPPE-BARRA-A-SALERNO.jpg\",\"width\":640,\"height\":380,\"caption\":\"Peppe Barra a Salerno\"},{\"@type\":\"BreadcrumbList\",\"@id\":\"https:\/\/www.istitutogalanteoliva.it\/magazine\/2021\/08\/19\/salerno-sold-out-per-il-concerto-di-peppe-barra-ai-barbuti\/#breadcrumb\",\"itemListElement\":[{\"@type\":\"ListItem\",\"position\":1,\"name\":\"Home\",\"item\":\"https:\/\/www.istitutogalanteoliva.it\/magazine\/\"},{\"@type\":\"ListItem\",\"position\":2,\"name\":\"Salerno. Sold out per il concerto di Peppe Barra ai Barbuti\"}]},{\"@type\":\"WebSite\",\"@id\":\"https:\/\/www.istitutogalanteoliva.it\/magazine\/#website\",\"url\":\"https:\/\/www.istitutogalanteoliva.it\/magazine\/\",\"name\":\"POLIS SA MAGAZINE\",\"description\":\"Informazione e approfondimenti\",\"publisher\":{\"@id\":\"https:\/\/www.istitutogalanteoliva.it\/magazine\/#organization\"},\"potentialAction\":[{\"@type\":\"SearchAction\",\"target\":{\"@type\":\"EntryPoint\",\"urlTemplate\":\"https:\/\/www.istitutogalanteoliva.it\/magazine\/?s={search_term_string}\"},\"query-input\":{\"@type\":\"PropertyValueSpecification\",\"valueRequired\":true,\"valueName\":\"search_term_string\"}}],\"inLanguage\":\"it-IT\"},{\"@type\":\"Organization\",\"@id\":\"https:\/\/www.istitutogalanteoliva.it\/magazine\/#organization\",\"name\":\"Polis SA Magazine\",\"url\":\"https:\/\/www.istitutogalanteoliva.it\/magazine\/\",\"logo\":{\"@type\":\"ImageObject\",\"inLanguage\":\"it-IT\",\"@id\":\"https:\/\/www.istitutogalanteoliva.it\/magazine\/#\/schema\/logo\/image\/\",\"url\":\"\",\"contentUrl\":\"\",\"caption\":\"Polis SA Magazine\"},\"image\":{\"@id\":\"https:\/\/www.istitutogalanteoliva.it\/magazine\/#\/schema\/logo\/image\/\"},\"sameAs\":[\"https:\/\/www.facebook.com\/PolisSAMagazine\/\",\"https:\/\/x.com\/MagazinePolis\",\"https:\/\/www.youtube.com\/channel\/UCv0Mr5AHKUmsc0sEEXkJrgw\"]},{\"@type\":\"Person\",\"@id\":\"https:\/\/www.istitutogalanteoliva.it\/magazine\/#\/schema\/person\/d8b8aa79cfe8babc1df9da3212a7c0c4\",\"name\":\"Antonello Rivano\",\"image\":{\"@type\":\"ImageObject\",\"inLanguage\":\"it-IT\",\"@id\":\"https:\/\/www.istitutogalanteoliva.it\/magazine\/#\/schema\/person\/image\/\",\"url\":\"https:\/\/secure.gravatar.com\/avatar\/517a9a6487a7a18ecc4ce6d2e57a8f40?s=96&d=mm&r=g\",\"contentUrl\":\"https:\/\/secure.gravatar.com\/avatar\/517a9a6487a7a18ecc4ce6d2e57a8f40?s=96&d=mm&r=g\",\"caption\":\"Antonello Rivano\"},\"url\":\"https:\/\/www.istitutogalanteoliva.it\/magazine\/author\/antonello\/\"}]}<\/script>\n<!-- \/ Yoast SEO plugin. -->","yoast_head_json":{"title":"Salerno. Sold out per il concerto di Peppe Barra ai Barbuti - Polis SA Magazine","description":"Gi\u00e0 da diversi giorni \u00e8 sold out l\u2019appuntamento di venerd\u00ec 20 agosto 2021 (ore 21.15) con il concerto di Peppe Barra","robots":{"index":"index","follow":"follow","max-snippet":"max-snippet:-1","max-image-preview":"max-image-preview:large","max-video-preview":"max-video-preview:-1"},"canonical":"https:\/\/www.istitutogalanteoliva.it\/magazine\/2021\/08\/19\/salerno-sold-out-per-il-concerto-di-peppe-barra-ai-barbuti\/","og_locale":"it_IT","og_type":"article","og_title":"Salerno. Sold out per il concerto di Peppe Barra ai Barbuti - Polis SA Magazine","og_description":"Gi\u00e0 da diversi giorni \u00e8 sold out l\u2019appuntamento di venerd\u00ec 20 agosto 2021 (ore 21.15) con il concerto di Peppe Barra","og_url":"https:\/\/www.istitutogalanteoliva.it\/magazine\/2021\/08\/19\/salerno-sold-out-per-il-concerto-di-peppe-barra-ai-barbuti\/","og_site_name":"Polis SA Magazine","article_publisher":"https:\/\/www.facebook.com\/PolisSAMagazine\/","article_published_time":"2021-08-19T15:30:28+00:00","article_modified_time":"2021-08-19T15:30:30+00:00","og_image":[{"width":640,"height":380,"url":"https:\/\/www.istitutogalanteoliva.it\/magazine\/wp-content\/uploads\/2021\/08\/PEPPE-BARRA-A-SALERNO.jpg","type":"image\/jpeg"}],"author":"Antonello Rivano","twitter_card":"summary_large_image","twitter_creator":"@MagazinePolis","twitter_site":"@MagazinePolis","twitter_misc":{"Scritto da":"Antonello Rivano","Tempo di lettura stimato":"3 minuti"},"schema":{"@context":"https:\/\/schema.org","@graph":[{"@type":"Article","@id":"https:\/\/www.istitutogalanteoliva.it\/magazine\/2021\/08\/19\/salerno-sold-out-per-il-concerto-di-peppe-barra-ai-barbuti\/#article","isPartOf":{"@id":"https:\/\/www.istitutogalanteoliva.it\/magazine\/2021\/08\/19\/salerno-sold-out-per-il-concerto-di-peppe-barra-ai-barbuti\/"},"author":{"name":"Antonello Rivano","@id":"https:\/\/www.istitutogalanteoliva.it\/magazine\/#\/schema\/person\/d8b8aa79cfe8babc1df9da3212a7c0c4"},"headline":"Salerno. Sold out per il concerto di Peppe Barra ai Barbuti","datePublished":"2021-08-19T15:30:28+00:00","dateModified":"2021-08-19T15:30:30+00:00","mainEntityOfPage":{"@id":"https:\/\/www.istitutogalanteoliva.it\/magazine\/2021\/08\/19\/salerno-sold-out-per-il-concerto-di-peppe-barra-ai-barbuti\/"},"wordCount":526,"commentCount":0,"publisher":{"@id":"https:\/\/www.istitutogalanteoliva.it\/magazine\/#organization"},"image":{"@id":"https:\/\/www.istitutogalanteoliva.it\/magazine\/2021\/08\/19\/salerno-sold-out-per-il-concerto-di-peppe-barra-ai-barbuti\/#primaryimage"},"thumbnailUrl":"https:\/\/www.istitutogalanteoliva.it\/magazine\/wp-content\/uploads\/2021\/08\/PEPPE-BARRA-A-SALERNO.jpg","keywords":["barbuti festival","peppe barra","salerno"],"articleSection":["2021","Arte e Spettacolo","Campania"],"inLanguage":"it-IT","potentialAction":[{"@type":"CommentAction","name":"Comment","target":["https:\/\/www.istitutogalanteoliva.it\/magazine\/2021\/08\/19\/salerno-sold-out-per-il-concerto-di-peppe-barra-ai-barbuti\/#respond"]}]},{"@type":"WebPage","@id":"https:\/\/www.istitutogalanteoliva.it\/magazine\/2021\/08\/19\/salerno-sold-out-per-il-concerto-di-peppe-barra-ai-barbuti\/","url":"https:\/\/www.istitutogalanteoliva.it\/magazine\/2021\/08\/19\/salerno-sold-out-per-il-concerto-di-peppe-barra-ai-barbuti\/","name":"Salerno. Sold out per il concerto di Peppe Barra ai Barbuti - Polis SA Magazine","isPartOf":{"@id":"https:\/\/www.istitutogalanteoliva.it\/magazine\/#website"},"primaryImageOfPage":{"@id":"https:\/\/www.istitutogalanteoliva.it\/magazine\/2021\/08\/19\/salerno-sold-out-per-il-concerto-di-peppe-barra-ai-barbuti\/#primaryimage"},"image":{"@id":"https:\/\/www.istitutogalanteoliva.it\/magazine\/2021\/08\/19\/salerno-sold-out-per-il-concerto-di-peppe-barra-ai-barbuti\/#primaryimage"},"thumbnailUrl":"https:\/\/www.istitutogalanteoliva.it\/magazine\/wp-content\/uploads\/2021\/08\/PEPPE-BARRA-A-SALERNO.jpg","datePublished":"2021-08-19T15:30:28+00:00","dateModified":"2021-08-19T15:30:30+00:00","description":"Gi\u00e0 da diversi giorni \u00e8 sold out l\u2019appuntamento di venerd\u00ec 20 agosto 2021 (ore 21.15) con il concerto di Peppe Barra","breadcrumb":{"@id":"https:\/\/www.istitutogalanteoliva.it\/magazine\/2021\/08\/19\/salerno-sold-out-per-il-concerto-di-peppe-barra-ai-barbuti\/#breadcrumb"},"inLanguage":"it-IT","potentialAction":[{"@type":"ReadAction","target":["https:\/\/www.istitutogalanteoliva.it\/magazine\/2021\/08\/19\/salerno-sold-out-per-il-concerto-di-peppe-barra-ai-barbuti\/"]}]},{"@type":"ImageObject","inLanguage":"it-IT","@id":"https:\/\/www.istitutogalanteoliva.it\/magazine\/2021\/08\/19\/salerno-sold-out-per-il-concerto-di-peppe-barra-ai-barbuti\/#primaryimage","url":"https:\/\/www.istitutogalanteoliva.it\/magazine\/wp-content\/uploads\/2021\/08\/PEPPE-BARRA-A-SALERNO.jpg","contentUrl":"https:\/\/www.istitutogalanteoliva.it\/magazine\/wp-content\/uploads\/2021\/08\/PEPPE-BARRA-A-SALERNO.jpg","width":640,"height":380,"caption":"Peppe Barra a Salerno"},{"@type":"BreadcrumbList","@id":"https:\/\/www.istitutogalanteoliva.it\/magazine\/2021\/08\/19\/salerno-sold-out-per-il-concerto-di-peppe-barra-ai-barbuti\/#breadcrumb","itemListElement":[{"@type":"ListItem","position":1,"name":"Home","item":"https:\/\/www.istitutogalanteoliva.it\/magazine\/"},{"@type":"ListItem","position":2,"name":"Salerno. Sold out per il concerto di Peppe Barra ai Barbuti"}]},{"@type":"WebSite","@id":"https:\/\/www.istitutogalanteoliva.it\/magazine\/#website","url":"https:\/\/www.istitutogalanteoliva.it\/magazine\/","name":"POLIS SA MAGAZINE","description":"Informazione e approfondimenti","publisher":{"@id":"https:\/\/www.istitutogalanteoliva.it\/magazine\/#organization"},"potentialAction":[{"@type":"SearchAction","target":{"@type":"EntryPoint","urlTemplate":"https:\/\/www.istitutogalanteoliva.it\/magazine\/?s={search_term_string}"},"query-input":{"@type":"PropertyValueSpecification","valueRequired":true,"valueName":"search_term_string"}}],"inLanguage":"it-IT"},{"@type":"Organization","@id":"https:\/\/www.istitutogalanteoliva.it\/magazine\/#organization","name":"Polis SA Magazine","url":"https:\/\/www.istitutogalanteoliva.it\/magazine\/","logo":{"@type":"ImageObject","inLanguage":"it-IT","@id":"https:\/\/www.istitutogalanteoliva.it\/magazine\/#\/schema\/logo\/image\/","url":"","contentUrl":"","caption":"Polis SA Magazine"},"image":{"@id":"https:\/\/www.istitutogalanteoliva.it\/magazine\/#\/schema\/logo\/image\/"},"sameAs":["https:\/\/www.facebook.com\/PolisSAMagazine\/","https:\/\/x.com\/MagazinePolis","https:\/\/www.youtube.com\/channel\/UCv0Mr5AHKUmsc0sEEXkJrgw"]},{"@type":"Person","@id":"https:\/\/www.istitutogalanteoliva.it\/magazine\/#\/schema\/person\/d8b8aa79cfe8babc1df9da3212a7c0c4","name":"Antonello Rivano","image":{"@type":"ImageObject","inLanguage":"it-IT","@id":"https:\/\/www.istitutogalanteoliva.it\/magazine\/#\/schema\/person\/image\/","url":"https:\/\/secure.gravatar.com\/avatar\/517a9a6487a7a18ecc4ce6d2e57a8f40?s=96&d=mm&r=g","contentUrl":"https:\/\/secure.gravatar.com\/avatar\/517a9a6487a7a18ecc4ce6d2e57a8f40?s=96&d=mm&r=g","caption":"Antonello Rivano"},"url":"https:\/\/www.istitutogalanteoliva.it\/magazine\/author\/antonello\/"}]}},"_links":{"self":[{"href":"https:\/\/www.istitutogalanteoliva.it\/magazine\/wp-json\/wp\/v2\/posts\/9109","targetHints":{"allow":["GET"]}}],"collection":[{"href":"https:\/\/www.istitutogalanteoliva.it\/magazine\/wp-json\/wp\/v2\/posts"}],"about":[{"href":"https:\/\/www.istitutogalanteoliva.it\/magazine\/wp-json\/wp\/v2\/types\/post"}],"author":[{"embeddable":true,"href":"https:\/\/www.istitutogalanteoliva.it\/magazine\/wp-json\/wp\/v2\/users\/2"}],"replies":[{"embeddable":true,"href":"https:\/\/www.istitutogalanteoliva.it\/magazine\/wp-json\/wp\/v2\/comments?post=9109"}],"version-history":[{"count":1,"href":"https:\/\/www.istitutogalanteoliva.it\/magazine\/wp-json\/wp\/v2\/posts\/9109\/revisions"}],"predecessor-version":[{"id":9114,"href":"https:\/\/www.istitutogalanteoliva.it\/magazine\/wp-json\/wp\/v2\/posts\/9109\/revisions\/9114"}],"wp:featuredmedia":[{"embeddable":true,"href":"https:\/\/www.istitutogalanteoliva.it\/magazine\/wp-json\/wp\/v2\/media\/9113"}],"wp:attachment":[{"href":"https:\/\/www.istitutogalanteoliva.it\/magazine\/wp-json\/wp\/v2\/media?parent=9109"}],"wp:term":[{"taxonomy":"category","embeddable":true,"href":"https:\/\/www.istitutogalanteoliva.it\/magazine\/wp-json\/wp\/v2\/categories?post=9109"},{"taxonomy":"post_tag","embeddable":true,"href":"https:\/\/www.istitutogalanteoliva.it\/magazine\/wp-json\/wp\/v2\/tags?post=9109"}],"curies":[{"name":"wp","href":"https:\/\/api.w.org\/{rel}","templated":true}]}}