{"id":9130,"date":"2021-08-23T08:00:00","date_gmt":"2021-08-23T06:00:00","guid":{"rendered":"https:\/\/www.istitutogalanteoliva.it\/magazine\/?p=9130"},"modified":"2021-08-22T20:26:08","modified_gmt":"2021-08-22T18:26:08","slug":"quel-che-resta-dellestate","status":"publish","type":"post","link":"https:\/\/www.istitutogalanteoliva.it\/magazine\/2021\/08\/23\/quel-che-resta-dellestate\/","title":{"rendered":"Quel che resta dell&#8217;estate"},"content":{"rendered":"\n<p><\/p>\n\n\n\n<h4 class=\"wp-block-heading\">L\u2019estate, quella&nbsp; astrologica, non finir\u00e0 che fra un mese, ma \u00e8 innegabile che tutti stiamo gi\u00e0 pensando a quella del 2021 come quasi terminata\u2026o almeno cosi sar\u00e0 fra qualche giorno, &nbsp;ce lo dice la scuola che sta per iniziare e il campionato di calcio appena iniziato<\/h4>\n\n\n\n<p><strong>di <em>Antonello Rivano<\/em><\/strong><\/p>\n\n\n\n<p class=\"has-drop-cap\">Scuola e campionato, due mondi diversi ma entrambi segnati dall\u2019emergenza &nbsp;Covid, e mentre sembra che per il secondo ci siano regole, modi, calendari e organizzazione ben definite, per la seconda si riparte, come l\u2019anno scorso con mille incertezze.<\/p>\n\n\n\n<p>Le stesse incertezze che segnano tante altre attivit\u00e0 che dovranno vedersela con la \u201cCarta verde\u201d, l\u2019ennesimo pretesto dello &nbsp;Stato per demandare ad altri controlli invisi ancora a molti, lo stesso stato che si dimostra incapace di impedire concerti non autorizzati e Rave party.&nbsp; Potremmo addirittura parlare di uno stato forte con chi si deve guadagnare il pane e debole verso la prepotenza e l\u2019arroganza di chi pensa solo a divertirsi magari anche attraverso l\u2019uso di sostanze illegali?<\/p>\n\n\n\n<p>Un tempo si parlava di \u201cautunno caldo\u201d riferendosi alla stagione che di solito era&nbsp; teatro di lotte e vertenze sindacali, anni in cui i lavoratori erano rappresentati e si aveva il coraggio di scendere in piazza per rivendicare i propri diritti, tempi diversi da questi, in cui si scende in piazza solo se si vince un europeo o per negare una malattia che solo in Italia ha causato, direttamente o indirettamente, 129.000 decessi (al momento che scriviamo).<\/p>\n\n\n\n<p>E\u2019 stata un\u2019state strana, anche dal punto di vista meteorologico, in cui la natura ha cercato di ricordarci che nulla \u00e8 scontato, neppure il sole in estate, con l\u2019anticiclone della Azzorre che si \u00e8 rifiutato di risalire sino al nostro emisfero, &nbsp;e che \u00e8 un attimo perch\u00e9 tutto ci\u00f2 che abbiamo vada in fumo, come in Sardegna, Campania, Calabria\u2026ecc, martoriate da incendi che hanno devastato e distrutto anche, e soprattutto, grazie alla incuria e alla volont\u00e0 autodistruttiva dell\u2019uomo.<\/p>\n\n\n\n<figure class=\"wp-block-image size-large is-resized\"><img loading=\"lazy\" decoding=\"async\" src=\"https:\/\/www.istitutogalanteoliva.it\/magazine\/wp-content\/uploads\/2021\/08\/6bf636c877_70450694.jpg\" alt=\"\" class=\"wp-image-9132\" width=\"586\" height=\"389\" srcset=\"https:\/\/www.istitutogalanteoliva.it\/magazine\/wp-content\/uploads\/2021\/08\/6bf636c877_70450694.jpg 677w, https:\/\/www.istitutogalanteoliva.it\/magazine\/wp-content\/uploads\/2021\/08\/6bf636c877_70450694-300x199.jpg 300w\" sizes=\"auto, (max-width: 586px) 100vw, 586px\" \/><\/figure>\n\n\n\n<p><br><br>E mentre ci si accalca nelle spiagge e nei locali, mentre le localit\u00e0 turistiche sono diventate un unico, interminabile e incontrollato dehor, in Afganistan viene meno tutto ci\u00f2 per cui si \u00e8 combattuto per vent\u2019anni: la libert\u00e0.<\/p>\n\n\n\n<p>\u201cLibert\u00e0\u201d&nbsp; una parola preziosa per il popolo afgano, per le madri che lanciano i propri figli oltre il filo spinato, per chi si aggrappa a un carrello d\u2019aereo e dopo poco precipita gi\u00f9. \u201cLibert\u00e0\u201d parola usata e abusata per quella parte di popolo italiano che rifiuta il vaccino&nbsp; e\/o &nbsp;il rispetto delle norme anticontagio.<br><br>Libert\u00e0 di vivere una vita normale per le donne afgane, poter studiare essere padrone della propria &nbsp;vita o semplicemente poter mostrare il proprio volto, scegliere il dio per cui pregare. Sono quelle donne, quelle madri che hanno lanciato i propri figli verso quello che pensano un mondo migliore, nelle braccia dei soldati occidentali.<br>&nbsp;Libert\u00e0 di bere un aperitivo senza distanziamenti, fare movida, di mettere a repentaglio la propria e altrui salute, spesso anche in nome del dio danaro. Libert\u00e0 di negare una emergenza sanitaria mondiale. Libert\u00e0 di scrivere sui sociale che il Covid \u00e8 un complotto, che il Vaccino contiene i microchip, libert\u00e0 di dire che in Italia non c\u2019\u00e8 libert\u00e0.<\/p>\n\n\n\n<p><br>Forse sono proprio questi due diversi concetti di libert\u00e0 ci\u00f2 che resta dell\u2019estate, di questa strana estate in cui abbiamo fatto finta che \u201ctutto va b\u00e8n\u201d!<\/p>\n\n\n\n<p class=\"has-text-align-left\"><img loading=\"lazy\" decoding=\"async\" width=\"80\" height=\"80\" class=\"wp-image-15584\" style=\"width: 80px;\" src=\"https:\/\/www.istitutogalanteoliva.it\/magazine\/wp-content\/uploads\/2024\/08\/anto.png\" alt=\"\" srcset=\"https:\/\/www.istitutogalanteoliva.it\/magazine\/wp-content\/uploads\/2024\/08\/anto.png 247w, https:\/\/www.istitutogalanteoliva.it\/magazine\/wp-content\/uploads\/2024\/08\/anto-150x150.png 150w\" sizes=\"auto, (max-width: 80px) 100vw, 80px\" \/><em><mark style=\"background-color:rgba(0, 0, 0, 0)\" class=\"has-inline-color has-black-color\"><strong><a href=\"https:\/\/www.istitutogalanteoliva\/antonello-rivano-2\/\">Antonello Rivano<\/a><\/strong><\/mark><\/em><br><sup><strong>Direttore di redazione\/coordinatore nazionale<\/strong> <strong><em>Polis SA Magazine<\/em><\/strong><\/sup><br><\/p>\n<div class=\"pdfprnt-buttons pdfprnt-buttons-post pdfprnt-bottom-left\"><a href=\"https:\/\/www.istitutogalanteoliva.it\/magazine\/wp-json\/wp\/v2\/posts\/9130?print=print\" class=\"pdfprnt-button pdfprnt-button-print\" target=\"_blank\"><img decoding=\"async\" src=\"https:\/\/www.istitutogalanteoliva.it\/magazine\/wp-content\/plugins\/pdf-print\/images\/print.png\" alt=\"image_print\" title=\"Stampa contenuto\" \/><span class=\"pdfprnt-button-title pdfprnt-button-print-title\">Download in PDF<\/span><\/a><\/div>","protected":false},"excerpt":{"rendered":"<p>Cosa resta di questa estate? sicuramente due diversi modi  di intendere la parola &#8220;libert\u00e0&#8221;.<br \/>\nIl &#8220;punto di vista&#8221; di Antonello Rivano<\/p>\n","protected":false},"author":2,"featured_media":9131,"comment_status":"open","ping_status":"open","sticky":true,"template":"","format":"standard","meta":{"footnotes":""},"categories":[148,254,438,15],"tags":[],"class_list":["post-9130","post","type-post","status-publish","format-standard","has-post-thumbnail","hentry","category-148","category-attualita","category-il-punto-di-vista","category-opinioni"],"yoast_head":"<!-- This site is optimized with the Yoast SEO plugin v24.2 - https:\/\/yoast.com\/wordpress\/plugins\/seo\/ -->\n<title>Quel che resta dell&#039;estate - Polis SA Magazine<\/title>\n<meta name=\"description\" content=\"Cosa resta di questa estate? sicuramente due diversi modi di intendere la parola &quot;libert\u00e0&quot;\" \/>\n<meta name=\"robots\" content=\"index, follow, max-snippet:-1, max-image-preview:large, max-video-preview:-1\" \/>\n<link rel=\"canonical\" href=\"https:\/\/www.istitutogalanteoliva.it\/magazine\/2021\/08\/23\/quel-che-resta-dellestate\/\" \/>\n<meta property=\"og:locale\" content=\"it_IT\" \/>\n<meta property=\"og:type\" content=\"article\" \/>\n<meta property=\"og:title\" content=\"Quel che resta dell&#039;estate - Polis SA Magazine\" \/>\n<meta property=\"og:description\" content=\"Cosa resta di questa estate? sicuramente due diversi modi di intendere la parola &quot;libert\u00e0&quot;\" \/>\n<meta property=\"og:url\" content=\"https:\/\/www.istitutogalanteoliva.it\/magazine\/2021\/08\/23\/quel-che-resta-dellestate\/\" \/>\n<meta property=\"og:site_name\" content=\"Polis SA Magazine\" \/>\n<meta property=\"article:publisher\" content=\"https:\/\/www.facebook.com\/PolisSAMagazine\/\" \/>\n<meta property=\"article:published_time\" content=\"2021-08-23T06:00:00+00:00\" \/>\n<meta property=\"article:modified_time\" content=\"2021-08-22T18:26:08+00:00\" \/>\n<meta property=\"og:image\" content=\"https:\/\/www.istitutogalanteoliva.it\/magazine\/wp-content\/uploads\/2021\/08\/110650366-929f8fa1-62b6-4b27-a937-ce5347413eb7.jpg\" \/>\n\t<meta property=\"og:image:width\" content=\"375\" \/>\n\t<meta property=\"og:image:height\" content=\"231\" \/>\n\t<meta property=\"og:image:type\" content=\"image\/jpeg\" \/>\n<meta name=\"author\" content=\"Antonello Rivano\" \/>\n<meta name=\"twitter:card\" content=\"summary_large_image\" \/>\n<meta name=\"twitter:creator\" content=\"@MagazinePolis\" \/>\n<meta name=\"twitter:site\" content=\"@MagazinePolis\" \/>\n<meta name=\"twitter:label1\" content=\"Scritto da\" \/>\n\t<meta name=\"twitter:data1\" content=\"Antonello Rivano\" \/>\n\t<meta name=\"twitter:label2\" content=\"Tempo di lettura stimato\" \/>\n\t<meta name=\"twitter:data2\" content=\"3 minuti\" \/>\n<script type=\"application\/ld+json\" class=\"yoast-schema-graph\">{\"@context\":\"https:\/\/schema.org\",\"@graph\":[{\"@type\":\"Article\",\"@id\":\"https:\/\/www.istitutogalanteoliva.it\/magazine\/2021\/08\/23\/quel-che-resta-dellestate\/#article\",\"isPartOf\":{\"@id\":\"https:\/\/www.istitutogalanteoliva.it\/magazine\/2021\/08\/23\/quel-che-resta-dellestate\/\"},\"author\":{\"name\":\"Antonello Rivano\",\"@id\":\"https:\/\/www.istitutogalanteoliva.it\/magazine\/#\/schema\/person\/d8b8aa79cfe8babc1df9da3212a7c0c4\"},\"headline\":\"Quel che resta dell&#8217;estate\",\"datePublished\":\"2021-08-23T06:00:00+00:00\",\"dateModified\":\"2021-08-22T18:26:08+00:00\",\"mainEntityOfPage\":{\"@id\":\"https:\/\/www.istitutogalanteoliva.it\/magazine\/2021\/08\/23\/quel-che-resta-dellestate\/\"},\"wordCount\":571,\"commentCount\":0,\"publisher\":{\"@id\":\"https:\/\/www.istitutogalanteoliva.it\/magazine\/#organization\"},\"image\":{\"@id\":\"https:\/\/www.istitutogalanteoliva.it\/magazine\/2021\/08\/23\/quel-che-resta-dellestate\/#primaryimage\"},\"thumbnailUrl\":\"https:\/\/www.istitutogalanteoliva.it\/magazine\/wp-content\/uploads\/2021\/08\/110650366-929f8fa1-62b6-4b27-a937-ce5347413eb7.jpg\",\"articleSection\":[\"2021\",\"Attualit\u00e0\",\"Il punto di vista\",\"Opinioni\"],\"inLanguage\":\"it-IT\",\"potentialAction\":[{\"@type\":\"CommentAction\",\"name\":\"Comment\",\"target\":[\"https:\/\/www.istitutogalanteoliva.it\/magazine\/2021\/08\/23\/quel-che-resta-dellestate\/#respond\"]}]},{\"@type\":\"WebPage\",\"@id\":\"https:\/\/www.istitutogalanteoliva.it\/magazine\/2021\/08\/23\/quel-che-resta-dellestate\/\",\"url\":\"https:\/\/www.istitutogalanteoliva.it\/magazine\/2021\/08\/23\/quel-che-resta-dellestate\/\",\"name\":\"Quel che resta dell'estate - Polis SA Magazine\",\"isPartOf\":{\"@id\":\"https:\/\/www.istitutogalanteoliva.it\/magazine\/#website\"},\"primaryImageOfPage\":{\"@id\":\"https:\/\/www.istitutogalanteoliva.it\/magazine\/2021\/08\/23\/quel-che-resta-dellestate\/#primaryimage\"},\"image\":{\"@id\":\"https:\/\/www.istitutogalanteoliva.it\/magazine\/2021\/08\/23\/quel-che-resta-dellestate\/#primaryimage\"},\"thumbnailUrl\":\"https:\/\/www.istitutogalanteoliva.it\/magazine\/wp-content\/uploads\/2021\/08\/110650366-929f8fa1-62b6-4b27-a937-ce5347413eb7.jpg\",\"datePublished\":\"2021-08-23T06:00:00+00:00\",\"dateModified\":\"2021-08-22T18:26:08+00:00\",\"description\":\"Cosa resta di questa estate? sicuramente due diversi modi di intendere la parola \\\"libert\u00e0\\\"\",\"breadcrumb\":{\"@id\":\"https:\/\/www.istitutogalanteoliva.it\/magazine\/2021\/08\/23\/quel-che-resta-dellestate\/#breadcrumb\"},\"inLanguage\":\"it-IT\",\"potentialAction\":[{\"@type\":\"ReadAction\",\"target\":[\"https:\/\/www.istitutogalanteoliva.it\/magazine\/2021\/08\/23\/quel-che-resta-dellestate\/\"]}]},{\"@type\":\"ImageObject\",\"inLanguage\":\"it-IT\",\"@id\":\"https:\/\/www.istitutogalanteoliva.it\/magazine\/2021\/08\/23\/quel-che-resta-dellestate\/#primaryimage\",\"url\":\"https:\/\/www.istitutogalanteoliva.it\/magazine\/wp-content\/uploads\/2021\/08\/110650366-929f8fa1-62b6-4b27-a937-ce5347413eb7.jpg\",\"contentUrl\":\"https:\/\/www.istitutogalanteoliva.it\/magazine\/wp-content\/uploads\/2021\/08\/110650366-929f8fa1-62b6-4b27-a937-ce5347413eb7.jpg\",\"width\":375,\"height\":231},{\"@type\":\"BreadcrumbList\",\"@id\":\"https:\/\/www.istitutogalanteoliva.it\/magazine\/2021\/08\/23\/quel-che-resta-dellestate\/#breadcrumb\",\"itemListElement\":[{\"@type\":\"ListItem\",\"position\":1,\"name\":\"Home\",\"item\":\"https:\/\/www.istitutogalanteoliva.it\/magazine\/\"},{\"@type\":\"ListItem\",\"position\":2,\"name\":\"Quel che resta dell&#8217;estate\"}]},{\"@type\":\"WebSite\",\"@id\":\"https:\/\/www.istitutogalanteoliva.it\/magazine\/#website\",\"url\":\"https:\/\/www.istitutogalanteoliva.it\/magazine\/\",\"name\":\"POLIS SA MAGAZINE\",\"description\":\"Informazione e approfondimenti\",\"publisher\":{\"@id\":\"https:\/\/www.istitutogalanteoliva.it\/magazine\/#organization\"},\"potentialAction\":[{\"@type\":\"SearchAction\",\"target\":{\"@type\":\"EntryPoint\",\"urlTemplate\":\"https:\/\/www.istitutogalanteoliva.it\/magazine\/?s={search_term_string}\"},\"query-input\":{\"@type\":\"PropertyValueSpecification\",\"valueRequired\":true,\"valueName\":\"search_term_string\"}}],\"inLanguage\":\"it-IT\"},{\"@type\":\"Organization\",\"@id\":\"https:\/\/www.istitutogalanteoliva.it\/magazine\/#organization\",\"name\":\"Polis SA Magazine\",\"url\":\"https:\/\/www.istitutogalanteoliva.it\/magazine\/\",\"logo\":{\"@type\":\"ImageObject\",\"inLanguage\":\"it-IT\",\"@id\":\"https:\/\/www.istitutogalanteoliva.it\/magazine\/#\/schema\/logo\/image\/\",\"url\":\"\",\"contentUrl\":\"\",\"caption\":\"Polis SA Magazine\"},\"image\":{\"@id\":\"https:\/\/www.istitutogalanteoliva.it\/magazine\/#\/schema\/logo\/image\/\"},\"sameAs\":[\"https:\/\/www.facebook.com\/PolisSAMagazine\/\",\"https:\/\/x.com\/MagazinePolis\",\"https:\/\/www.youtube.com\/channel\/UCv0Mr5AHKUmsc0sEEXkJrgw\"]},{\"@type\":\"Person\",\"@id\":\"https:\/\/www.istitutogalanteoliva.it\/magazine\/#\/schema\/person\/d8b8aa79cfe8babc1df9da3212a7c0c4\",\"name\":\"Antonello Rivano\",\"image\":{\"@type\":\"ImageObject\",\"inLanguage\":\"it-IT\",\"@id\":\"https:\/\/www.istitutogalanteoliva.it\/magazine\/#\/schema\/person\/image\/\",\"url\":\"https:\/\/secure.gravatar.com\/avatar\/517a9a6487a7a18ecc4ce6d2e57a8f40?s=96&d=mm&r=g\",\"contentUrl\":\"https:\/\/secure.gravatar.com\/avatar\/517a9a6487a7a18ecc4ce6d2e57a8f40?s=96&d=mm&r=g\",\"caption\":\"Antonello Rivano\"},\"url\":\"https:\/\/www.istitutogalanteoliva.it\/magazine\/author\/antonello\/\"}]}<\/script>\n<!-- \/ Yoast SEO plugin. -->","yoast_head_json":{"title":"Quel che resta dell'estate - Polis SA Magazine","description":"Cosa resta di questa estate? sicuramente due diversi modi di intendere la parola \"libert\u00e0\"","robots":{"index":"index","follow":"follow","max-snippet":"max-snippet:-1","max-image-preview":"max-image-preview:large","max-video-preview":"max-video-preview:-1"},"canonical":"https:\/\/www.istitutogalanteoliva.it\/magazine\/2021\/08\/23\/quel-che-resta-dellestate\/","og_locale":"it_IT","og_type":"article","og_title":"Quel che resta dell'estate - Polis SA Magazine","og_description":"Cosa resta di questa estate? sicuramente due diversi modi di intendere la parola \"libert\u00e0\"","og_url":"https:\/\/www.istitutogalanteoliva.it\/magazine\/2021\/08\/23\/quel-che-resta-dellestate\/","og_site_name":"Polis SA Magazine","article_publisher":"https:\/\/www.facebook.com\/PolisSAMagazine\/","article_published_time":"2021-08-23T06:00:00+00:00","article_modified_time":"2021-08-22T18:26:08+00:00","og_image":[{"width":375,"height":231,"url":"https:\/\/www.istitutogalanteoliva.it\/magazine\/wp-content\/uploads\/2021\/08\/110650366-929f8fa1-62b6-4b27-a937-ce5347413eb7.jpg","type":"image\/jpeg"}],"author":"Antonello Rivano","twitter_card":"summary_large_image","twitter_creator":"@MagazinePolis","twitter_site":"@MagazinePolis","twitter_misc":{"Scritto da":"Antonello Rivano","Tempo di lettura stimato":"3 minuti"},"schema":{"@context":"https:\/\/schema.org","@graph":[{"@type":"Article","@id":"https:\/\/www.istitutogalanteoliva.it\/magazine\/2021\/08\/23\/quel-che-resta-dellestate\/#article","isPartOf":{"@id":"https:\/\/www.istitutogalanteoliva.it\/magazine\/2021\/08\/23\/quel-che-resta-dellestate\/"},"author":{"name":"Antonello Rivano","@id":"https:\/\/www.istitutogalanteoliva.it\/magazine\/#\/schema\/person\/d8b8aa79cfe8babc1df9da3212a7c0c4"},"headline":"Quel che resta dell&#8217;estate","datePublished":"2021-08-23T06:00:00+00:00","dateModified":"2021-08-22T18:26:08+00:00","mainEntityOfPage":{"@id":"https:\/\/www.istitutogalanteoliva.it\/magazine\/2021\/08\/23\/quel-che-resta-dellestate\/"},"wordCount":571,"commentCount":0,"publisher":{"@id":"https:\/\/www.istitutogalanteoliva.it\/magazine\/#organization"},"image":{"@id":"https:\/\/www.istitutogalanteoliva.it\/magazine\/2021\/08\/23\/quel-che-resta-dellestate\/#primaryimage"},"thumbnailUrl":"https:\/\/www.istitutogalanteoliva.it\/magazine\/wp-content\/uploads\/2021\/08\/110650366-929f8fa1-62b6-4b27-a937-ce5347413eb7.jpg","articleSection":["2021","Attualit\u00e0","Il punto di vista","Opinioni"],"inLanguage":"it-IT","potentialAction":[{"@type":"CommentAction","name":"Comment","target":["https:\/\/www.istitutogalanteoliva.it\/magazine\/2021\/08\/23\/quel-che-resta-dellestate\/#respond"]}]},{"@type":"WebPage","@id":"https:\/\/www.istitutogalanteoliva.it\/magazine\/2021\/08\/23\/quel-che-resta-dellestate\/","url":"https:\/\/www.istitutogalanteoliva.it\/magazine\/2021\/08\/23\/quel-che-resta-dellestate\/","name":"Quel che resta dell'estate - Polis SA Magazine","isPartOf":{"@id":"https:\/\/www.istitutogalanteoliva.it\/magazine\/#website"},"primaryImageOfPage":{"@id":"https:\/\/www.istitutogalanteoliva.it\/magazine\/2021\/08\/23\/quel-che-resta-dellestate\/#primaryimage"},"image":{"@id":"https:\/\/www.istitutogalanteoliva.it\/magazine\/2021\/08\/23\/quel-che-resta-dellestate\/#primaryimage"},"thumbnailUrl":"https:\/\/www.istitutogalanteoliva.it\/magazine\/wp-content\/uploads\/2021\/08\/110650366-929f8fa1-62b6-4b27-a937-ce5347413eb7.jpg","datePublished":"2021-08-23T06:00:00+00:00","dateModified":"2021-08-22T18:26:08+00:00","description":"Cosa resta di questa estate? sicuramente due diversi modi di intendere la parola \"libert\u00e0\"","breadcrumb":{"@id":"https:\/\/www.istitutogalanteoliva.it\/magazine\/2021\/08\/23\/quel-che-resta-dellestate\/#breadcrumb"},"inLanguage":"it-IT","potentialAction":[{"@type":"ReadAction","target":["https:\/\/www.istitutogalanteoliva.it\/magazine\/2021\/08\/23\/quel-che-resta-dellestate\/"]}]},{"@type":"ImageObject","inLanguage":"it-IT","@id":"https:\/\/www.istitutogalanteoliva.it\/magazine\/2021\/08\/23\/quel-che-resta-dellestate\/#primaryimage","url":"https:\/\/www.istitutogalanteoliva.it\/magazine\/wp-content\/uploads\/2021\/08\/110650366-929f8fa1-62b6-4b27-a937-ce5347413eb7.jpg","contentUrl":"https:\/\/www.istitutogalanteoliva.it\/magazine\/wp-content\/uploads\/2021\/08\/110650366-929f8fa1-62b6-4b27-a937-ce5347413eb7.jpg","width":375,"height":231},{"@type":"BreadcrumbList","@id":"https:\/\/www.istitutogalanteoliva.it\/magazine\/2021\/08\/23\/quel-che-resta-dellestate\/#breadcrumb","itemListElement":[{"@type":"ListItem","position":1,"name":"Home","item":"https:\/\/www.istitutogalanteoliva.it\/magazine\/"},{"@type":"ListItem","position":2,"name":"Quel che resta dell&#8217;estate"}]},{"@type":"WebSite","@id":"https:\/\/www.istitutogalanteoliva.it\/magazine\/#website","url":"https:\/\/www.istitutogalanteoliva.it\/magazine\/","name":"POLIS SA MAGAZINE","description":"Informazione e approfondimenti","publisher":{"@id":"https:\/\/www.istitutogalanteoliva.it\/magazine\/#organization"},"potentialAction":[{"@type":"SearchAction","target":{"@type":"EntryPoint","urlTemplate":"https:\/\/www.istitutogalanteoliva.it\/magazine\/?s={search_term_string}"},"query-input":{"@type":"PropertyValueSpecification","valueRequired":true,"valueName":"search_term_string"}}],"inLanguage":"it-IT"},{"@type":"Organization","@id":"https:\/\/www.istitutogalanteoliva.it\/magazine\/#organization","name":"Polis SA Magazine","url":"https:\/\/www.istitutogalanteoliva.it\/magazine\/","logo":{"@type":"ImageObject","inLanguage":"it-IT","@id":"https:\/\/www.istitutogalanteoliva.it\/magazine\/#\/schema\/logo\/image\/","url":"","contentUrl":"","caption":"Polis SA Magazine"},"image":{"@id":"https:\/\/www.istitutogalanteoliva.it\/magazine\/#\/schema\/logo\/image\/"},"sameAs":["https:\/\/www.facebook.com\/PolisSAMagazine\/","https:\/\/x.com\/MagazinePolis","https:\/\/www.youtube.com\/channel\/UCv0Mr5AHKUmsc0sEEXkJrgw"]},{"@type":"Person","@id":"https:\/\/www.istitutogalanteoliva.it\/magazine\/#\/schema\/person\/d8b8aa79cfe8babc1df9da3212a7c0c4","name":"Antonello Rivano","image":{"@type":"ImageObject","inLanguage":"it-IT","@id":"https:\/\/www.istitutogalanteoliva.it\/magazine\/#\/schema\/person\/image\/","url":"https:\/\/secure.gravatar.com\/avatar\/517a9a6487a7a18ecc4ce6d2e57a8f40?s=96&d=mm&r=g","contentUrl":"https:\/\/secure.gravatar.com\/avatar\/517a9a6487a7a18ecc4ce6d2e57a8f40?s=96&d=mm&r=g","caption":"Antonello Rivano"},"url":"https:\/\/www.istitutogalanteoliva.it\/magazine\/author\/antonello\/"}]}},"_links":{"self":[{"href":"https:\/\/www.istitutogalanteoliva.it\/magazine\/wp-json\/wp\/v2\/posts\/9130","targetHints":{"allow":["GET"]}}],"collection":[{"href":"https:\/\/www.istitutogalanteoliva.it\/magazine\/wp-json\/wp\/v2\/posts"}],"about":[{"href":"https:\/\/www.istitutogalanteoliva.it\/magazine\/wp-json\/wp\/v2\/types\/post"}],"author":[{"embeddable":true,"href":"https:\/\/www.istitutogalanteoliva.it\/magazine\/wp-json\/wp\/v2\/users\/2"}],"replies":[{"embeddable":true,"href":"https:\/\/www.istitutogalanteoliva.it\/magazine\/wp-json\/wp\/v2\/comments?post=9130"}],"version-history":[{"count":2,"href":"https:\/\/www.istitutogalanteoliva.it\/magazine\/wp-json\/wp\/v2\/posts\/9130\/revisions"}],"predecessor-version":[{"id":9134,"href":"https:\/\/www.istitutogalanteoliva.it\/magazine\/wp-json\/wp\/v2\/posts\/9130\/revisions\/9134"}],"wp:featuredmedia":[{"embeddable":true,"href":"https:\/\/www.istitutogalanteoliva.it\/magazine\/wp-json\/wp\/v2\/media\/9131"}],"wp:attachment":[{"href":"https:\/\/www.istitutogalanteoliva.it\/magazine\/wp-json\/wp\/v2\/media?parent=9130"}],"wp:term":[{"taxonomy":"category","embeddable":true,"href":"https:\/\/www.istitutogalanteoliva.it\/magazine\/wp-json\/wp\/v2\/categories?post=9130"},{"taxonomy":"post_tag","embeddable":true,"href":"https:\/\/www.istitutogalanteoliva.it\/magazine\/wp-json\/wp\/v2\/tags?post=9130"}],"curies":[{"name":"wp","href":"https:\/\/api.w.org\/{rel}","templated":true}]}}