{"id":9234,"date":"2021-09-06T16:30:58","date_gmt":"2021-09-06T14:30:58","guid":{"rendered":"https:\/\/www.istitutogalanteoliva.it\/magazine\/?p=9234"},"modified":"2021-09-06T16:39:06","modified_gmt":"2021-09-06T14:39:06","slug":"la-qualite-de-la-vie-the-quality-of-life","status":"publish","type":"post","link":"https:\/\/www.istitutogalanteoliva.it\/magazine\/2021\/09\/06\/la-qualite-de-la-vie-the-quality-of-life\/","title":{"rendered":"La qualit\u00e9 de la vie-The quality of life"},"content":{"rendered":"\n<h4 class=\"wp-block-heading\"><img loading=\"lazy\" decoding=\"async\" width=\"50\" height=\"33\" class=\"wp-image-9238\" style=\"width: 50px;\" src=\"https:\/\/www.istitutogalanteoliva.it\/magazine\/wp-content\/uploads\/2021\/09\/Flag_of_France.svg_.png\" alt=\"\">La qualit\u00e9 de la vie<\/h4>\n\n\n\n<h5 class=\"wp-block-heading\">Il y a trop d&#8217;\u00e9v\u00e9nements italiens qui m\u00e9ritent l&#8217;attention. Les chroniques d\u00e9crivent des \u00e9v\u00e9nements dont le point commun est la mani\u00e8re &#8220;approximative&#8221; de g\u00e9rer le travail. Il ne fait aucun doute que les malheurs se nourrissent de la superficialit\u00e9 avec laquelle les routines de travail et de vie sont abord\u00e9es. <\/h5>\n\n\n\n<p class=\"has-drop-cap\">La trag\u00e9die du pont Morandi sur l&#8217;autoroute A10 en Ligurie n&#8217;est pas un accident, mais le r\u00e9sultat de nombreuses omissions, d&#8217;une m\u00e9thode visant uniquement \u00e0 faire des \u00e9conomies sans se soucier de la s\u00e9curit\u00e9. Une m\u00e9thodologie g\u00e9n\u00e9ralis\u00e9e qui, \u00e0 la seule pens\u00e9e de la quantit\u00e9 d&#8217;infrastructures routi\u00e8res qui ont souffert de la m\u00eame absence de &#8220;contr\u00f4les&#8221;, donne la chair de poule et la Ligurie en est actuellement la repr\u00e9sentation concr\u00e8te, des contr\u00f4les \u00e0 l&#8217;emporte-pi\u00e8ce pour les viaducs et les tunnels, en retard de plusieurs d\u00e9cennies, avec des situations qui sont souvent devenues chroniques, et avec des r\u00e9sultats qui sont sous les yeux de tous avec des kilom\u00e8tres et des kilom\u00e8tres d&#8217;embouteillages chaque jour et la population, et l&#8217;\u00e9conomie ligure, otages d&#8217;un syst\u00e8me de malfaisance qui dure depuis des ann\u00e9es et des ann\u00e9es. G\u00eanes, le pont Morandi apr\u00e8s la trag\u00e9die Comment ne pas penser \u00e0 la jeune fille de Prato, une ouvri\u00e8re du textile, tu\u00e9e par les machines sur lesquelles elle travaillait, des machines dont les syst\u00e8mes de s\u00e9curit\u00e9 avaient \u00e9t\u00e9 coup\u00e9s de mani\u00e8re coupable afin d&#8217;augmenter la production. Combien de machines en Italie ont, en ce moment m\u00eame, leurs syst\u00e8mes de s\u00e9curit\u00e9 d\u00e9sactiv\u00e9s ou sont utilis\u00e9es de mani\u00e8re dangereuse uniquement pour permettre \u00e0 quelqu&#8217;un de gagner plus d&#8217;argent ? Le 23 mai 2021, nous avons malheureusement assist\u00e9 \u00e0 une nouvelle trag\u00e9die, l&#8217;accident du t\u00e9l\u00e9ph\u00e9rique de Mottarone, dans la commune de Stresa, qui a caus\u00e9 la mort de 14 personnes, une cabine qui semble avoir voyag\u00e9 depuis des ann\u00e9es avec des m\u00e2choires qui emp\u00eachaient les freins d&#8217;entrer en action. Combien de cabines de t\u00e9l\u00e9ph\u00e9rique en Italie fonctionnent avec des m\u00e2choires qui emp\u00eachent les freins d&#8217;urgence d&#8217;entrer en action ? L&#8217;accident du t\u00e9l\u00e9ph\u00e9rique de Mottarone Qui ne se souvient pas, dans le pass\u00e9, de la contrefa\u00e7on de vin ou, plus r\u00e9cemment, d&#8217;huile et de tomates provenant de pays non europ\u00e9ens qui entraient en Italie avec des \u00e9tiquettes d\u00e9clarant que les produits \u00e9taient certifi\u00e9s 100% italiens ? Ou pour continuer, les cuisses de porc qui sont entr\u00e9es en Italie depuis l&#8217;\u00e9tranger et qui sont devenues miraculeusement du jambon cru 100% italien. Sans parler des chaussures et des v\u00eatements qui ne sont italiens que parce que le label les certifie comme tels. Tout ce qui pr\u00e9c\u00e8de conduit \u00e0 une s\u00e9rie de r\u00e9flexions sur les raisons pour lesquelles il est possible que de tels \u00e9v\u00e9nements se produisent encore et encore, et sur ce qui pourrait \u00eatre un rem\u00e8de vraisemblable. Le facteur commun \u00e0 toutes les situations mentionn\u00e9es ci-dessus, et \u00e0 bien d&#8217;autres qui pourraient \u00eatre consid\u00e9r\u00e9es de la m\u00eame mani\u00e8re, est l&#8217;absence de &#8220;contr\u00f4les&#8221;, qui semble malheureusement \u00eatre une pratique tr\u00e8s r\u00e9pandue. Essayons de comprendre ce que signifie le mot &#8220;contr\u00f4le&#8221;, la d\u00e9finition (tir\u00e9e du site Treccani) nous aide \u00e0 d\u00e9terminer son importance : Le contr\u00f4le est la v\u00e9rification, la constatation, du bon fonctionnement, de la r\u00e9gularit\u00e9 de quelque chose, tant technologique qu&#8217;administratif, plus g\u00e9n\u00e9ralement dans tous les domaines. Dans le domaine de la s\u00e9curit\u00e9 : contr\u00f4le par inspection visuelle, enqu\u00eates, r\u00e9parations, etc. L&#8217;existence du &#8220;contr\u00f4le&#8221; est en soi une structure organique qui induit le respect des principes de correction dans tous les domaines, de la sant\u00e9 au respect des droits de l&#8217;homme. La pr\u00e9sence de contr\u00f4les, qui pourrait donc \u00eatre prise pour une charge, est en r\u00e9alit\u00e9 une sauvegarde, c&#8217;est un moyen de cr\u00e9er la certitude qu&#8217;un syst\u00e8me est maintenu efficace, et par syst\u00e8me efficace nous n&#8217;entendons pas un syst\u00e8me de production tel qu&#8217;il est compris \u00e0 tort aujourd&#8217;hui, c&#8217;est-\u00e0-dire ce syst\u00e8me qui conduit \u00e0 la mort des travailleurs en raison de la non-conformit\u00e9, par la superficialit\u00e9, par l&#8217;inconscience, mais un syst\u00e8me qui choisit de maintenir efficaces tous ces filtres qui prot\u00e8gent les travailleurs, qui garantissent la qualit\u00e9, qui r\u00e9compensent la durabilit\u00e9, qui visent \u00e0 rendre simples et compr\u00e9hensibles les op\u00e9rations et les lois, qui r\u00e9glementent les fonctions elles-m\u00eames. En fin de compte, les contr\u00f4les ne sont pas des matraques que l&#8217;on agite contre qui que ce soit, les contr\u00f4les ne sont jamais contre qui que ce soit, mais ils sont plut\u00f4t notre police d&#8217;assurance &#8220;casque&#8221; en ce qui concerne notre vie et la qualit\u00e9 avec laquelle nous voulons la vivre. <\/p>\n\n\n\n<p><strong><em>Par Antonio Marani et Marco Maltesu<\/em><\/strong><\/p>\n\n\n\n<h4 class=\"wp-block-heading\"><img loading=\"lazy\" decoding=\"async\" width=\"50\" height=\"30\" class=\"wp-image-9239\" style=\"width: 50px;\" src=\"https:\/\/www.istitutogalanteoliva.it\/magazine\/wp-content\/uploads\/2021\/09\/download.png\" alt=\"\" srcset=\"https:\/\/www.istitutogalanteoliva.it\/magazine\/wp-content\/uploads\/2021\/09\/download.png 640w, https:\/\/www.istitutogalanteoliva.it\/magazine\/wp-content\/uploads\/2021\/09\/download-300x178.png 300w\" sizes=\"auto, (max-width: 50px) 100vw, 50px\" \/>The quality of life<\/h4>\n\n\n\n<h5 class=\"wp-block-heading\">There are too many Italian events that deserve attention. The chronicles depict events whose common factor is the &#8216;approximate&#8217; way in which work is managed. There is no doubt that misfortunes feed on the superficiality with which work and life routines are approached. <\/h5>\n\n\n\n<p class=\"has-drop-cap\">The tragedy of the Morandi Bridge on the A10 motorway in Liguria was no accident. It was the result of many omissions, of a method aimed solely at saving money without paying any attention to safety. A widespread methodology that, at the mere thought of the amount of road infrastructures that have suffered the same lack of &#8220;controls&#8221;, gives goose bumps. Liguria at this time is the practical representation of this, inadequate controls for viaducts and tunnels, backward by decades, with situations that have often become chronic, and with results that are under everyone&#8217;s eyes with miles and miles of traffic jams every day and the population, and the Ligurian economy, hostages of a system of malfeasance that has gone on for years and years. Genoa, the Morandi Bridge after the tragedy How can we not think of the girl from Prato, a textile worker, killed by the machinery she was working on, machinery whose safety systems had been culpably disabled in order to increase production. How many machines in Italy at this very moment have their safety systems disabled, or are used in a dangerous way just to allow someone to make more money? On 23 May 2021 we unfortunately witnessed yet another tragedy, the crash of the Mottarone cable car in the municipality of Stresa, which caused the death of 14 people, a cabin that seems to have been travelling for years with jaws that prevented the brakes from coming into action. How many cable car cabins in Italy operate with jaws that prevent the emergency brakes from coming into action? The Mottarone cable car accident Who does not remember in the past the counterfeiting of wine or, more recently, oil and tomatoes from non-European countries that entered Italy with labels declaring that the products were 100% certified as Italian? Or to continue, legs of pork that entered Italy from abroad and miraculously became 100% Italian raw ham. Not to mention shoes and clothes that are only Italian because of the label certifying them as such. All of the above leads to a series of reflections on why it is possible for such events to occur again and again, and what might be a likely remedy. The common factor in all the situations mentioned above, and in many others that could be considered in the same way, is the lack of &#8220;Controls&#8221;, which unfortunately seems to be a widespread practice. Let us try to understand what the word &#8216;control&#8217; means, the definition (from the Treccani website) helps us to determine its importance: Control is the verification, the ascertainment, of the correct functioning, of the regularity of something, both technological and administrative, more generally in every field. In the field of security: control by means of visual inspection, surveys, repairs, etc. The existence of &#8216;control&#8217; is in itself an organic-structure that induces respect for the principles of correctness in every field, from health to respect for human rights. The presence of controls, which could therefore be mistaken for a burden, is in reality a safe-conduct, it is a means of creating the certainty that an efficient system is maintained, and by efficient system we do not mean a production system as it is mistakenly understood today, that is, the system which leads to the death of workers due to non-compliance, by superficiality, by thoughtlessness, but that system which chooses to maintain efficient all those filters which protect workers, which guarantee quality, which reward sustainability, which aim to make operations and laws simple and comprehensible, which regulate the functions themselves. Ultimately, controls are not clubs to be waved at anyone, controls are never against anyone, but rather are our &#8216;helmet&#8217; insurance policy with respect to our life and the quality with which we want to live it.<\/p>\n\n\n\n<p> <strong>By Antonio Marani and Marco Maltesu<\/strong><\/p>\n\n\n\n<p><strong>&#8220;La qualit\u00e0 della via&#8221; in Italiano lo trovi qui <a href=\"https:\/\/www.istitutogalanteoliva.it\/magazine\/2021\/07\/17\/la-qualita-della-vita\/\" target=\"_blank\" rel=\"noreferrer noopener\">https:\/\/www.istitutogalanteoliva.it\/magazine\/2021\/07\/17\/la-qualita-della-vita\/<\/a><\/strong><\/p>\n<div class=\"pdfprnt-buttons pdfprnt-buttons-post pdfprnt-bottom-left\"><a href=\"https:\/\/www.istitutogalanteoliva.it\/magazine\/wp-json\/wp\/v2\/posts\/9234?print=print\" class=\"pdfprnt-button pdfprnt-button-print\" target=\"_blank\"><img decoding=\"async\" src=\"https:\/\/www.istitutogalanteoliva.it\/magazine\/wp-content\/plugins\/pdf-print\/images\/print.png\" alt=\"image_print\" title=\"Stampa contenuto\" \/><span class=\"pdfprnt-button-title pdfprnt-button-print-title\">Download in PDF<\/span><\/a><\/div>","protected":false},"excerpt":{"rendered":"<p>le versioni francese e inglese dell&#8217; articolo &#8220;La qualit\u00e0 della vita&#8221; di Antonio Marani e  Marco Maltesu,  pubblicato da Polis SA Magazine il 17 luglio 2021<\/p>\n","protected":false},"author":2,"featured_media":9235,"comment_status":"open","ping_status":"open","sticky":true,"template":"","format":"standard","meta":{"footnotes":""},"categories":[148,448],"tags":[],"class_list":["post-9234","post","type-post","status-publish","format-standard","has-post-thumbnail","hentry","category-148","category-international"],"yoast_head":"<!-- This site is optimized with the Yoast SEO plugin v24.2 - https:\/\/yoast.com\/wordpress\/plugins\/seo\/ -->\n<title>La qualit\u00e9 de la vie-The quality of life - Polis SA Magazine<\/title>\n<meta name=\"robots\" content=\"index, follow, max-snippet:-1, max-image-preview:large, max-video-preview:-1\" \/>\n<link rel=\"canonical\" href=\"https:\/\/www.istitutogalanteoliva.it\/magazine\/2021\/09\/06\/la-qualite-de-la-vie-the-quality-of-life\/\" \/>\n<meta property=\"og:locale\" content=\"it_IT\" \/>\n<meta property=\"og:type\" content=\"article\" \/>\n<meta property=\"og:title\" content=\"La qualit\u00e9 de la vie-The quality of life - Polis SA Magazine\" \/>\n<meta property=\"og:description\" content=\"le versioni francese e inglese dell&#039; articolo &quot;La qualit\u00e0 della vita&quot; di Antonio Marani e Marco Maltesu, pubblicato da Polis SA Magazine il 17 luglio 2021\" \/>\n<meta property=\"og:url\" content=\"https:\/\/www.istitutogalanteoliva.it\/magazine\/2021\/09\/06\/la-qualite-de-la-vie-the-quality-of-life\/\" \/>\n<meta property=\"og:site_name\" content=\"Polis SA Magazine\" \/>\n<meta property=\"article:publisher\" content=\"https:\/\/www.facebook.com\/PolisSAMagazine\/\" \/>\n<meta property=\"article:published_time\" content=\"2021-09-06T14:30:58+00:00\" \/>\n<meta property=\"article:modified_time\" content=\"2021-09-06T14:39:06+00:00\" \/>\n<meta property=\"og:image\" content=\"https:\/\/www.istitutogalanteoliva.it\/magazine\/wp-content\/uploads\/2021\/09\/family-3224708_640-1-1.jpg\" \/>\n\t<meta property=\"og:image:width\" content=\"640\" \/>\n\t<meta property=\"og:image:height\" content=\"380\" \/>\n\t<meta property=\"og:image:type\" content=\"image\/jpeg\" \/>\n<meta name=\"author\" content=\"Antonello Rivano\" \/>\n<meta name=\"twitter:card\" content=\"summary_large_image\" \/>\n<meta name=\"twitter:creator\" content=\"@MagazinePolis\" \/>\n<meta name=\"twitter:site\" content=\"@MagazinePolis\" \/>\n<meta name=\"twitter:label1\" content=\"Scritto da\" \/>\n\t<meta name=\"twitter:data1\" content=\"Antonello Rivano\" \/>\n\t<meta name=\"twitter:label2\" content=\"Tempo di lettura stimato\" \/>\n\t<meta name=\"twitter:data2\" content=\"8 minuti\" \/>\n<script type=\"application\/ld+json\" class=\"yoast-schema-graph\">{\"@context\":\"https:\/\/schema.org\",\"@graph\":[{\"@type\":\"Article\",\"@id\":\"https:\/\/www.istitutogalanteoliva.it\/magazine\/2021\/09\/06\/la-qualite-de-la-vie-the-quality-of-life\/#article\",\"isPartOf\":{\"@id\":\"https:\/\/www.istitutogalanteoliva.it\/magazine\/2021\/09\/06\/la-qualite-de-la-vie-the-quality-of-life\/\"},\"author\":{\"name\":\"Antonello Rivano\",\"@id\":\"https:\/\/www.istitutogalanteoliva.it\/magazine\/#\/schema\/person\/d8b8aa79cfe8babc1df9da3212a7c0c4\"},\"headline\":\"La qualit\u00e9 de la vie-The quality of life\",\"datePublished\":\"2021-09-06T14:30:58+00:00\",\"dateModified\":\"2021-09-06T14:39:06+00:00\",\"mainEntityOfPage\":{\"@id\":\"https:\/\/www.istitutogalanteoliva.it\/magazine\/2021\/09\/06\/la-qualite-de-la-vie-the-quality-of-life\/\"},\"wordCount\":1541,\"commentCount\":0,\"publisher\":{\"@id\":\"https:\/\/www.istitutogalanteoliva.it\/magazine\/#organization\"},\"image\":{\"@id\":\"https:\/\/www.istitutogalanteoliva.it\/magazine\/2021\/09\/06\/la-qualite-de-la-vie-the-quality-of-life\/#primaryimage\"},\"thumbnailUrl\":\"https:\/\/www.istitutogalanteoliva.it\/magazine\/wp-content\/uploads\/2021\/09\/family-3224708_640-1-1.jpg\",\"articleSection\":[\"2021\",\"International\"],\"inLanguage\":\"it-IT\",\"potentialAction\":[{\"@type\":\"CommentAction\",\"name\":\"Comment\",\"target\":[\"https:\/\/www.istitutogalanteoliva.it\/magazine\/2021\/09\/06\/la-qualite-de-la-vie-the-quality-of-life\/#respond\"]}]},{\"@type\":\"WebPage\",\"@id\":\"https:\/\/www.istitutogalanteoliva.it\/magazine\/2021\/09\/06\/la-qualite-de-la-vie-the-quality-of-life\/\",\"url\":\"https:\/\/www.istitutogalanteoliva.it\/magazine\/2021\/09\/06\/la-qualite-de-la-vie-the-quality-of-life\/\",\"name\":\"La qualit\u00e9 de la vie-The quality of life - Polis SA Magazine\",\"isPartOf\":{\"@id\":\"https:\/\/www.istitutogalanteoliva.it\/magazine\/#website\"},\"primaryImageOfPage\":{\"@id\":\"https:\/\/www.istitutogalanteoliva.it\/magazine\/2021\/09\/06\/la-qualite-de-la-vie-the-quality-of-life\/#primaryimage\"},\"image\":{\"@id\":\"https:\/\/www.istitutogalanteoliva.it\/magazine\/2021\/09\/06\/la-qualite-de-la-vie-the-quality-of-life\/#primaryimage\"},\"thumbnailUrl\":\"https:\/\/www.istitutogalanteoliva.it\/magazine\/wp-content\/uploads\/2021\/09\/family-3224708_640-1-1.jpg\",\"datePublished\":\"2021-09-06T14:30:58+00:00\",\"dateModified\":\"2021-09-06T14:39:06+00:00\",\"breadcrumb\":{\"@id\":\"https:\/\/www.istitutogalanteoliva.it\/magazine\/2021\/09\/06\/la-qualite-de-la-vie-the-quality-of-life\/#breadcrumb\"},\"inLanguage\":\"it-IT\",\"potentialAction\":[{\"@type\":\"ReadAction\",\"target\":[\"https:\/\/www.istitutogalanteoliva.it\/magazine\/2021\/09\/06\/la-qualite-de-la-vie-the-quality-of-life\/\"]}]},{\"@type\":\"ImageObject\",\"inLanguage\":\"it-IT\",\"@id\":\"https:\/\/www.istitutogalanteoliva.it\/magazine\/2021\/09\/06\/la-qualite-de-la-vie-the-quality-of-life\/#primaryimage\",\"url\":\"https:\/\/www.istitutogalanteoliva.it\/magazine\/wp-content\/uploads\/2021\/09\/family-3224708_640-1-1.jpg\",\"contentUrl\":\"https:\/\/www.istitutogalanteoliva.it\/magazine\/wp-content\/uploads\/2021\/09\/family-3224708_640-1-1.jpg\",\"width\":640,\"height\":380},{\"@type\":\"BreadcrumbList\",\"@id\":\"https:\/\/www.istitutogalanteoliva.it\/magazine\/2021\/09\/06\/la-qualite-de-la-vie-the-quality-of-life\/#breadcrumb\",\"itemListElement\":[{\"@type\":\"ListItem\",\"position\":1,\"name\":\"Home\",\"item\":\"https:\/\/www.istitutogalanteoliva.it\/magazine\/\"},{\"@type\":\"ListItem\",\"position\":2,\"name\":\"La qualit\u00e9 de la vie-The quality of life\"}]},{\"@type\":\"WebSite\",\"@id\":\"https:\/\/www.istitutogalanteoliva.it\/magazine\/#website\",\"url\":\"https:\/\/www.istitutogalanteoliva.it\/magazine\/\",\"name\":\"POLIS SA MAGAZINE\",\"description\":\"Informazione e approfondimenti\",\"publisher\":{\"@id\":\"https:\/\/www.istitutogalanteoliva.it\/magazine\/#organization\"},\"potentialAction\":[{\"@type\":\"SearchAction\",\"target\":{\"@type\":\"EntryPoint\",\"urlTemplate\":\"https:\/\/www.istitutogalanteoliva.it\/magazine\/?s={search_term_string}\"},\"query-input\":{\"@type\":\"PropertyValueSpecification\",\"valueRequired\":true,\"valueName\":\"search_term_string\"}}],\"inLanguage\":\"it-IT\"},{\"@type\":\"Organization\",\"@id\":\"https:\/\/www.istitutogalanteoliva.it\/magazine\/#organization\",\"name\":\"Polis SA Magazine\",\"url\":\"https:\/\/www.istitutogalanteoliva.it\/magazine\/\",\"logo\":{\"@type\":\"ImageObject\",\"inLanguage\":\"it-IT\",\"@id\":\"https:\/\/www.istitutogalanteoliva.it\/magazine\/#\/schema\/logo\/image\/\",\"url\":\"\",\"contentUrl\":\"\",\"caption\":\"Polis SA Magazine\"},\"image\":{\"@id\":\"https:\/\/www.istitutogalanteoliva.it\/magazine\/#\/schema\/logo\/image\/\"},\"sameAs\":[\"https:\/\/www.facebook.com\/PolisSAMagazine\/\",\"https:\/\/x.com\/MagazinePolis\",\"https:\/\/www.youtube.com\/channel\/UCv0Mr5AHKUmsc0sEEXkJrgw\"]},{\"@type\":\"Person\",\"@id\":\"https:\/\/www.istitutogalanteoliva.it\/magazine\/#\/schema\/person\/d8b8aa79cfe8babc1df9da3212a7c0c4\",\"name\":\"Antonello Rivano\",\"image\":{\"@type\":\"ImageObject\",\"inLanguage\":\"it-IT\",\"@id\":\"https:\/\/www.istitutogalanteoliva.it\/magazine\/#\/schema\/person\/image\/\",\"url\":\"https:\/\/secure.gravatar.com\/avatar\/517a9a6487a7a18ecc4ce6d2e57a8f40?s=96&d=mm&r=g\",\"contentUrl\":\"https:\/\/secure.gravatar.com\/avatar\/517a9a6487a7a18ecc4ce6d2e57a8f40?s=96&d=mm&r=g\",\"caption\":\"Antonello Rivano\"},\"url\":\"https:\/\/www.istitutogalanteoliva.it\/magazine\/author\/antonello\/\"}]}<\/script>\n<!-- \/ Yoast SEO plugin. -->","yoast_head_json":{"title":"La qualit\u00e9 de la vie-The quality of life - Polis SA Magazine","robots":{"index":"index","follow":"follow","max-snippet":"max-snippet:-1","max-image-preview":"max-image-preview:large","max-video-preview":"max-video-preview:-1"},"canonical":"https:\/\/www.istitutogalanteoliva.it\/magazine\/2021\/09\/06\/la-qualite-de-la-vie-the-quality-of-life\/","og_locale":"it_IT","og_type":"article","og_title":"La qualit\u00e9 de la vie-The quality of life - Polis SA Magazine","og_description":"le versioni francese e inglese dell' articolo \"La qualit\u00e0 della vita\" di Antonio Marani e Marco Maltesu, pubblicato da Polis SA Magazine il 17 luglio 2021","og_url":"https:\/\/www.istitutogalanteoliva.it\/magazine\/2021\/09\/06\/la-qualite-de-la-vie-the-quality-of-life\/","og_site_name":"Polis SA Magazine","article_publisher":"https:\/\/www.facebook.com\/PolisSAMagazine\/","article_published_time":"2021-09-06T14:30:58+00:00","article_modified_time":"2021-09-06T14:39:06+00:00","og_image":[{"width":640,"height":380,"url":"https:\/\/www.istitutogalanteoliva.it\/magazine\/wp-content\/uploads\/2021\/09\/family-3224708_640-1-1.jpg","type":"image\/jpeg"}],"author":"Antonello Rivano","twitter_card":"summary_large_image","twitter_creator":"@MagazinePolis","twitter_site":"@MagazinePolis","twitter_misc":{"Scritto da":"Antonello Rivano","Tempo di lettura stimato":"8 minuti"},"schema":{"@context":"https:\/\/schema.org","@graph":[{"@type":"Article","@id":"https:\/\/www.istitutogalanteoliva.it\/magazine\/2021\/09\/06\/la-qualite-de-la-vie-the-quality-of-life\/#article","isPartOf":{"@id":"https:\/\/www.istitutogalanteoliva.it\/magazine\/2021\/09\/06\/la-qualite-de-la-vie-the-quality-of-life\/"},"author":{"name":"Antonello Rivano","@id":"https:\/\/www.istitutogalanteoliva.it\/magazine\/#\/schema\/person\/d8b8aa79cfe8babc1df9da3212a7c0c4"},"headline":"La qualit\u00e9 de la vie-The quality of life","datePublished":"2021-09-06T14:30:58+00:00","dateModified":"2021-09-06T14:39:06+00:00","mainEntityOfPage":{"@id":"https:\/\/www.istitutogalanteoliva.it\/magazine\/2021\/09\/06\/la-qualite-de-la-vie-the-quality-of-life\/"},"wordCount":1541,"commentCount":0,"publisher":{"@id":"https:\/\/www.istitutogalanteoliva.it\/magazine\/#organization"},"image":{"@id":"https:\/\/www.istitutogalanteoliva.it\/magazine\/2021\/09\/06\/la-qualite-de-la-vie-the-quality-of-life\/#primaryimage"},"thumbnailUrl":"https:\/\/www.istitutogalanteoliva.it\/magazine\/wp-content\/uploads\/2021\/09\/family-3224708_640-1-1.jpg","articleSection":["2021","International"],"inLanguage":"it-IT","potentialAction":[{"@type":"CommentAction","name":"Comment","target":["https:\/\/www.istitutogalanteoliva.it\/magazine\/2021\/09\/06\/la-qualite-de-la-vie-the-quality-of-life\/#respond"]}]},{"@type":"WebPage","@id":"https:\/\/www.istitutogalanteoliva.it\/magazine\/2021\/09\/06\/la-qualite-de-la-vie-the-quality-of-life\/","url":"https:\/\/www.istitutogalanteoliva.it\/magazine\/2021\/09\/06\/la-qualite-de-la-vie-the-quality-of-life\/","name":"La qualit\u00e9 de la vie-The quality of life - Polis SA Magazine","isPartOf":{"@id":"https:\/\/www.istitutogalanteoliva.it\/magazine\/#website"},"primaryImageOfPage":{"@id":"https:\/\/www.istitutogalanteoliva.it\/magazine\/2021\/09\/06\/la-qualite-de-la-vie-the-quality-of-life\/#primaryimage"},"image":{"@id":"https:\/\/www.istitutogalanteoliva.it\/magazine\/2021\/09\/06\/la-qualite-de-la-vie-the-quality-of-life\/#primaryimage"},"thumbnailUrl":"https:\/\/www.istitutogalanteoliva.it\/magazine\/wp-content\/uploads\/2021\/09\/family-3224708_640-1-1.jpg","datePublished":"2021-09-06T14:30:58+00:00","dateModified":"2021-09-06T14:39:06+00:00","breadcrumb":{"@id":"https:\/\/www.istitutogalanteoliva.it\/magazine\/2021\/09\/06\/la-qualite-de-la-vie-the-quality-of-life\/#breadcrumb"},"inLanguage":"it-IT","potentialAction":[{"@type":"ReadAction","target":["https:\/\/www.istitutogalanteoliva.it\/magazine\/2021\/09\/06\/la-qualite-de-la-vie-the-quality-of-life\/"]}]},{"@type":"ImageObject","inLanguage":"it-IT","@id":"https:\/\/www.istitutogalanteoliva.it\/magazine\/2021\/09\/06\/la-qualite-de-la-vie-the-quality-of-life\/#primaryimage","url":"https:\/\/www.istitutogalanteoliva.it\/magazine\/wp-content\/uploads\/2021\/09\/family-3224708_640-1-1.jpg","contentUrl":"https:\/\/www.istitutogalanteoliva.it\/magazine\/wp-content\/uploads\/2021\/09\/family-3224708_640-1-1.jpg","width":640,"height":380},{"@type":"BreadcrumbList","@id":"https:\/\/www.istitutogalanteoliva.it\/magazine\/2021\/09\/06\/la-qualite-de-la-vie-the-quality-of-life\/#breadcrumb","itemListElement":[{"@type":"ListItem","position":1,"name":"Home","item":"https:\/\/www.istitutogalanteoliva.it\/magazine\/"},{"@type":"ListItem","position":2,"name":"La qualit\u00e9 de la vie-The quality of life"}]},{"@type":"WebSite","@id":"https:\/\/www.istitutogalanteoliva.it\/magazine\/#website","url":"https:\/\/www.istitutogalanteoliva.it\/magazine\/","name":"POLIS SA MAGAZINE","description":"Informazione e approfondimenti","publisher":{"@id":"https:\/\/www.istitutogalanteoliva.it\/magazine\/#organization"},"potentialAction":[{"@type":"SearchAction","target":{"@type":"EntryPoint","urlTemplate":"https:\/\/www.istitutogalanteoliva.it\/magazine\/?s={search_term_string}"},"query-input":{"@type":"PropertyValueSpecification","valueRequired":true,"valueName":"search_term_string"}}],"inLanguage":"it-IT"},{"@type":"Organization","@id":"https:\/\/www.istitutogalanteoliva.it\/magazine\/#organization","name":"Polis SA Magazine","url":"https:\/\/www.istitutogalanteoliva.it\/magazine\/","logo":{"@type":"ImageObject","inLanguage":"it-IT","@id":"https:\/\/www.istitutogalanteoliva.it\/magazine\/#\/schema\/logo\/image\/","url":"","contentUrl":"","caption":"Polis SA Magazine"},"image":{"@id":"https:\/\/www.istitutogalanteoliva.it\/magazine\/#\/schema\/logo\/image\/"},"sameAs":["https:\/\/www.facebook.com\/PolisSAMagazine\/","https:\/\/x.com\/MagazinePolis","https:\/\/www.youtube.com\/channel\/UCv0Mr5AHKUmsc0sEEXkJrgw"]},{"@type":"Person","@id":"https:\/\/www.istitutogalanteoliva.it\/magazine\/#\/schema\/person\/d8b8aa79cfe8babc1df9da3212a7c0c4","name":"Antonello Rivano","image":{"@type":"ImageObject","inLanguage":"it-IT","@id":"https:\/\/www.istitutogalanteoliva.it\/magazine\/#\/schema\/person\/image\/","url":"https:\/\/secure.gravatar.com\/avatar\/517a9a6487a7a18ecc4ce6d2e57a8f40?s=96&d=mm&r=g","contentUrl":"https:\/\/secure.gravatar.com\/avatar\/517a9a6487a7a18ecc4ce6d2e57a8f40?s=96&d=mm&r=g","caption":"Antonello Rivano"},"url":"https:\/\/www.istitutogalanteoliva.it\/magazine\/author\/antonello\/"}]}},"_links":{"self":[{"href":"https:\/\/www.istitutogalanteoliva.it\/magazine\/wp-json\/wp\/v2\/posts\/9234","targetHints":{"allow":["GET"]}}],"collection":[{"href":"https:\/\/www.istitutogalanteoliva.it\/magazine\/wp-json\/wp\/v2\/posts"}],"about":[{"href":"https:\/\/www.istitutogalanteoliva.it\/magazine\/wp-json\/wp\/v2\/types\/post"}],"author":[{"embeddable":true,"href":"https:\/\/www.istitutogalanteoliva.it\/magazine\/wp-json\/wp\/v2\/users\/2"}],"replies":[{"embeddable":true,"href":"https:\/\/www.istitutogalanteoliva.it\/magazine\/wp-json\/wp\/v2\/comments?post=9234"}],"version-history":[{"count":5,"href":"https:\/\/www.istitutogalanteoliva.it\/magazine\/wp-json\/wp\/v2\/posts\/9234\/revisions"}],"predecessor-version":[{"id":9242,"href":"https:\/\/www.istitutogalanteoliva.it\/magazine\/wp-json\/wp\/v2\/posts\/9234\/revisions\/9242"}],"wp:featuredmedia":[{"embeddable":true,"href":"https:\/\/www.istitutogalanteoliva.it\/magazine\/wp-json\/wp\/v2\/media\/9235"}],"wp:attachment":[{"href":"https:\/\/www.istitutogalanteoliva.it\/magazine\/wp-json\/wp\/v2\/media?parent=9234"}],"wp:term":[{"taxonomy":"category","embeddable":true,"href":"https:\/\/www.istitutogalanteoliva.it\/magazine\/wp-json\/wp\/v2\/categories?post=9234"},{"taxonomy":"post_tag","embeddable":true,"href":"https:\/\/www.istitutogalanteoliva.it\/magazine\/wp-json\/wp\/v2\/tags?post=9234"}],"curies":[{"name":"wp","href":"https:\/\/api.w.org\/{rel}","templated":true}]}}