{"id":9245,"date":"2021-09-08T08:00:00","date_gmt":"2021-09-08T06:00:00","guid":{"rendered":"https:\/\/www.istitutogalanteoliva.it\/magazine\/?p=9245"},"modified":"2021-09-07T16:04:18","modified_gmt":"2021-09-07T14:04:18","slug":"siamo-una-macchina-da-guerra","status":"publish","type":"post","link":"https:\/\/www.istitutogalanteoliva.it\/magazine\/2021\/09\/08\/siamo-una-macchina-da-guerra\/","title":{"rendered":"&#8220;Siamo una macchina da guerra!&#8221;"},"content":{"rendered":"\n<p><\/p>\n\n\n\n<p><strong>Scelgo di utilizzare le parole uscite dalla bocca e dal pensiero di Fabio Caressa, noto telecronista calcistico di Sky, che cos\u00ec descrisse la gloriosa vittoria della nostra Nazionale allenata da Roberto Mancini<\/strong><\/p>\n\n\n\n<p><strong>di<\/strong> <strong><em>Flavio Pezzella<\/em><\/strong><\/p>\n\n\n\n<p> &#8220;<strong><em>Siamo una macchina da guerra<\/em><\/strong>\u201d quando la \u201cspedizione\u201d azzurra composta da <strong>113 atleti-soldato<\/strong> parte per il <strong>Giappone<\/strong>, gareggia in <strong>sedici discipline diverse<\/strong>, conquista <strong>69 podi con altrettante medaglie: 14 ori, 29 argenti, 26 bronzi.<\/strong> Le nostre <strong>Paralimpiadi<\/strong>, quelle di <strong>Tokyo 2020<\/strong> (svolte quest\u2019anno a causa delle restrizioni del Covid), raggiungono un altissimo livello e regalano all&#8217;Italia un\u2019altra bella soddisfazione nella competitivit\u00e0 sportiva: gli azzurri conquistano la nona posizione. <\/p>\n\n\n\n<p>Un trionfo nel mondo dello sport ottenuto grazie ad atleti che dalla loro disabilit\u00e0 fisica hanno tratto la forza per combattere su un terreno che non appartiene solamente agli \u201cabili\u201d ma da spazio a chi con un coraggio da leoni vuole rivendicare le proprie capacit\u00e0 sportive e gareggiare e poi vincere. <\/p>\n\n\n\n<figure class=\"wp-block-image size-large\"><img loading=\"lazy\" decoding=\"async\" width=\"800\" height=\"450\" src=\"https:\/\/www.istitutogalanteoliva.it\/magazine\/wp-content\/uploads\/2021\/09\/atleti-paralimpiadi.jpg\" alt=\"\" class=\"wp-image-9247\" srcset=\"https:\/\/www.istitutogalanteoliva.it\/magazine\/wp-content\/uploads\/2021\/09\/atleti-paralimpiadi.jpg 800w, https:\/\/www.istitutogalanteoliva.it\/magazine\/wp-content\/uploads\/2021\/09\/atleti-paralimpiadi-300x169.jpg 300w, https:\/\/www.istitutogalanteoliva.it\/magazine\/wp-content\/uploads\/2021\/09\/atleti-paralimpiadi-768x432.jpg 768w\" sizes=\"auto, (max-width: 800px) 100vw, 800px\" \/><\/figure>\n\n\n\n<p>Ai<strong> sedicesimi Giochi di Tokyo della Paralimpiadi,<\/strong> appena conclusi, la nostra delegazione capitanata dall\u2019atleta <strong>Beatrice (Bebe) Vio<\/strong>, anche portabandiera durante la cerimonia di apertura e che pratica la scherma in carrozzina dall\u2019et\u00e0 di cinque anni, l\u2019Italia ha fatto tremare il pianeta: allo Stadio nazionale del Giappone di Tokyo, durante la cerimonia di chiusura, c\u2019\u00e8 sembrato di sognare. <\/p>\n\n\n\n<p>L\u2019Italia, grazie ai suoi atleti con disabilit\u00e0, ci ha regalato tante soddisfazioni in diverse discipline come l<strong>\u2019atletica<\/strong>, il <strong>ciclismo<\/strong>, il <strong>tennistavolo<\/strong>, il <strong>tiro con l\u2019arco<\/strong>, il <strong>dressage <\/strong>(disciplina che si pratica eseguendo esercizi a cavallo) ed il <strong>nuoto<\/strong> che straordinariamente conquista <strong>39<\/strong> <strong>medaglie<\/strong> (<strong>11 ori, 16 argenti,12 bronzi). <\/strong><\/p>\n\n\n\n<figure class=\"wp-block-image size-large is-resized\"><img loading=\"lazy\" decoding=\"async\" src=\"https:\/\/www.istitutogalanteoliva.it\/magazine\/wp-content\/uploads\/2021\/09\/tripletta-italia-100-metri-donne-1024x683.jpg\" alt=\"\" class=\"wp-image-9246\" width=\"768\" height=\"512\" srcset=\"https:\/\/www.istitutogalanteoliva.it\/magazine\/wp-content\/uploads\/2021\/09\/tripletta-italia-100-metri-donne-1024x683.jpg 1024w, https:\/\/www.istitutogalanteoliva.it\/magazine\/wp-content\/uploads\/2021\/09\/tripletta-italia-100-metri-donne-300x200.jpg 300w, https:\/\/www.istitutogalanteoliva.it\/magazine\/wp-content\/uploads\/2021\/09\/tripletta-italia-100-metri-donne-768x512.jpg 768w, https:\/\/www.istitutogalanteoliva.it\/magazine\/wp-content\/uploads\/2021\/09\/tripletta-italia-100-metri-donne-675x450.jpg 675w, https:\/\/www.istitutogalanteoliva.it\/magazine\/wp-content\/uploads\/2021\/09\/tripletta-italia-100-metri-donne.jpg 1200w\" sizes=\"auto, (max-width: 768px) 100vw, 768px\" \/><figcaption><strong><sup>la tripletta dei 100 metri femminili<\/sup><\/strong><\/figcaption><\/figure>\n\n\n\n<p>Al podio degli \u201csquali\u201d, i bravissimi <strong>Stefano Raimondi, Carlotta Gilli e Giulia Terzi<\/strong>. La <strong><em>macchina da guerra<\/em><\/strong> cammina e si fa spazio al gran finale con la vittoria delle ultime tre medaglie conquistate nella gara di atletica dei <strong>100 metri femminili<\/strong> dalle atlete<strong> Ambra Sabatini, Monica Contrafatto, Martina Caironi <\/strong>(alle ragazze sono state amputate le gambe sopra il ginocchio). <\/p>\n\n\n\n<p>Qualit\u00e0 da osservare se si vuole imparare una lezione: nei momenti di difficolt\u00e0, non bisogna arrendersi e se la vita ti mette davanti degli ostacoli bisogna tentare di superarli. Con queste belle gare ci auguriamo di avere messo la parola fine ai pregiudizi perch\u00e9 \u00e8 bene sempre tenere in mente che le persone con disabilit\u00e0 fisiche hanno lo stesso cuore, la stessa \u201ccazzimma\u201d, la stessa forza di chi fisicamente \u00e8 \u201cmesso meglio\u201d. Ci mancher\u00e0 tutto questo, adesso: con questa edizione l\u2019Italia supera il record ottenuto a Rio 2016 quando conquista ben 39 podi.<\/p>\n\n\n\n<p> <strong>L\u2019applauso meritatissimo \u00e8 solo per loro e quando si battono le mani, se guardiamo in alto, scopriamo che il cielo \u00e8 azzurro anche su Tokyo<\/strong>.<\/p>\n\n\n\n<p><img loading=\"lazy\" decoding=\"async\" width=\"150\" height=\"174\" class=\"wp-image-9252\" style=\"width: 150px;\" src=\"https:\/\/www.istitutogalanteoliva.it\/magazine\/wp-content\/uploads\/2021\/09\/flavio.jpg\" alt=\"\" srcset=\"https:\/\/www.istitutogalanteoliva.it\/magazine\/wp-content\/uploads\/2021\/09\/flavio.jpg 724w, https:\/\/www.istitutogalanteoliva.it\/magazine\/wp-content\/uploads\/2021\/09\/flavio-258x300.jpg 258w\" sizes=\"auto, (max-width: 150px) 100vw, 150px\" \/><strong><em>Flavio Pezzella<\/em><\/strong><br><sub><span><b>Flavio \u00e8 nato nel 2005. Ha frequentato il <\/b><\/span><strong>biennio delle scuole superiori al ginnasio &#8220;Onorato Fascitelli&#8221;. Per il triennio si \u00e8 iscritto al liceo di Scienze Umane &#8220;Vincenzo Cuoco&#8221; ad Isernia. \u00c8 appassionato di sport.<br>Il suo sogno \u00e8 diventare giornalista sportivo<\/strong><\/sub><\/p>\n\n\n\n<blockquote class=\"wp-block-quote is-layout-flow wp-block-quote-is-layout-flow\"><p><em><sup>-Cosa fai nella vita?<br>&#8211; Getto sassi nello stagno.<br>-Insomma fai buchi nell&#8217;acqua-<br>Certo, ma anche tante piccole onde.<\/sup><\/em><br><sub><sup>(Friedrick Nietzsche)<\/sup><\/sub><\/p><\/blockquote>\n\n\n\n<p><\/p>\n<div class=\"pdfprnt-buttons pdfprnt-buttons-post pdfprnt-bottom-left\"><a href=\"https:\/\/www.istitutogalanteoliva.it\/magazine\/wp-json\/wp\/v2\/posts\/9245?print=print\" class=\"pdfprnt-button pdfprnt-button-print\" target=\"_blank\"><img decoding=\"async\" src=\"https:\/\/www.istitutogalanteoliva.it\/magazine\/wp-content\/plugins\/pdf-print\/images\/print.png\" alt=\"image_print\" title=\"Stampa contenuto\" \/><span class=\"pdfprnt-button-title pdfprnt-button-print-title\">Download in PDF<\/span><\/a><\/div>","protected":false},"excerpt":{"rendered":"<p>Un trionfo nel mondo dello sport ottenuto grazie ad atleti che dalla loro disabilit\u00e0 fisica hanno tratto la forza per combattere su un terreno che non appartiene solamente agli \u201cabili\u201d<\/p>\n","protected":false},"author":2,"featured_media":9248,"comment_status":"open","ping_status":"open","sticky":true,"template":"","format":"standard","meta":{"footnotes":""},"categories":[148,32],"tags":[],"class_list":["post-9245","post","type-post","status-publish","format-standard","has-post-thumbnail","hentry","category-148","category-sport"],"yoast_head":"<!-- This site is optimized with the Yoast SEO plugin v24.2 - https:\/\/yoast.com\/wordpress\/plugins\/seo\/ -->\n<title>&quot;Siamo una macchina da guerra!&quot; - Polis SA Magazine<\/title>\n<meta name=\"robots\" content=\"index, follow, max-snippet:-1, max-image-preview:large, max-video-preview:-1\" \/>\n<link rel=\"canonical\" href=\"https:\/\/www.istitutogalanteoliva.it\/magazine\/2021\/09\/08\/siamo-una-macchina-da-guerra\/\" \/>\n<meta property=\"og:locale\" content=\"it_IT\" \/>\n<meta property=\"og:type\" content=\"article\" \/>\n<meta property=\"og:title\" content=\"&quot;Siamo una macchina da guerra!&quot; - Polis SA Magazine\" \/>\n<meta property=\"og:description\" content=\"Un trionfo nel mondo dello sport ottenuto grazie ad atleti che dalla loro disabilit\u00e0 fisica hanno tratto la forza per combattere su un terreno che non appartiene solamente agli \u201cabili\u201d\" \/>\n<meta property=\"og:url\" content=\"https:\/\/www.istitutogalanteoliva.it\/magazine\/2021\/09\/08\/siamo-una-macchina-da-guerra\/\" \/>\n<meta property=\"og:site_name\" content=\"Polis SA Magazine\" \/>\n<meta property=\"article:publisher\" content=\"https:\/\/www.facebook.com\/PolisSAMagazine\/\" \/>\n<meta property=\"article:published_time\" content=\"2021-09-08T06:00:00+00:00\" \/>\n<meta property=\"article:modified_time\" content=\"2021-09-07T14:04:18+00:00\" \/>\n<meta property=\"og:image\" content=\"https:\/\/www.istitutogalanteoliva.it\/magazine\/wp-content\/uploads\/2021\/09\/atleti.jpg\" \/>\n\t<meta property=\"og:image:width\" content=\"738\" \/>\n\t<meta property=\"og:image:height\" content=\"462\" \/>\n\t<meta property=\"og:image:type\" content=\"image\/jpeg\" \/>\n<meta name=\"author\" content=\"Antonello Rivano\" \/>\n<meta name=\"twitter:card\" content=\"summary_large_image\" \/>\n<meta name=\"twitter:creator\" content=\"@MagazinePolis\" \/>\n<meta name=\"twitter:site\" content=\"@MagazinePolis\" \/>\n<meta name=\"twitter:label1\" content=\"Scritto da\" \/>\n\t<meta name=\"twitter:data1\" content=\"Antonello Rivano\" \/>\n\t<meta name=\"twitter:label2\" content=\"Tempo di lettura stimato\" \/>\n\t<meta name=\"twitter:data2\" content=\"2 minuti\" \/>\n<script type=\"application\/ld+json\" class=\"yoast-schema-graph\">{\"@context\":\"https:\/\/schema.org\",\"@graph\":[{\"@type\":\"Article\",\"@id\":\"https:\/\/www.istitutogalanteoliva.it\/magazine\/2021\/09\/08\/siamo-una-macchina-da-guerra\/#article\",\"isPartOf\":{\"@id\":\"https:\/\/www.istitutogalanteoliva.it\/magazine\/2021\/09\/08\/siamo-una-macchina-da-guerra\/\"},\"author\":{\"name\":\"Antonello Rivano\",\"@id\":\"https:\/\/www.istitutogalanteoliva.it\/magazine\/#\/schema\/person\/d8b8aa79cfe8babc1df9da3212a7c0c4\"},\"headline\":\"&#8220;Siamo una macchina da guerra!&#8221;\",\"datePublished\":\"2021-09-08T06:00:00+00:00\",\"dateModified\":\"2021-09-07T14:04:18+00:00\",\"mainEntityOfPage\":{\"@id\":\"https:\/\/www.istitutogalanteoliva.it\/magazine\/2021\/09\/08\/siamo-una-macchina-da-guerra\/\"},\"wordCount\":499,\"commentCount\":0,\"publisher\":{\"@id\":\"https:\/\/www.istitutogalanteoliva.it\/magazine\/#organization\"},\"image\":{\"@id\":\"https:\/\/www.istitutogalanteoliva.it\/magazine\/2021\/09\/08\/siamo-una-macchina-da-guerra\/#primaryimage\"},\"thumbnailUrl\":\"https:\/\/www.istitutogalanteoliva.it\/magazine\/wp-content\/uploads\/2021\/09\/atleti.jpg\",\"articleSection\":[\"2021\",\"Sport\"],\"inLanguage\":\"it-IT\",\"potentialAction\":[{\"@type\":\"CommentAction\",\"name\":\"Comment\",\"target\":[\"https:\/\/www.istitutogalanteoliva.it\/magazine\/2021\/09\/08\/siamo-una-macchina-da-guerra\/#respond\"]}]},{\"@type\":\"WebPage\",\"@id\":\"https:\/\/www.istitutogalanteoliva.it\/magazine\/2021\/09\/08\/siamo-una-macchina-da-guerra\/\",\"url\":\"https:\/\/www.istitutogalanteoliva.it\/magazine\/2021\/09\/08\/siamo-una-macchina-da-guerra\/\",\"name\":\"\\\"Siamo una macchina da guerra!\\\" - Polis SA Magazine\",\"isPartOf\":{\"@id\":\"https:\/\/www.istitutogalanteoliva.it\/magazine\/#website\"},\"primaryImageOfPage\":{\"@id\":\"https:\/\/www.istitutogalanteoliva.it\/magazine\/2021\/09\/08\/siamo-una-macchina-da-guerra\/#primaryimage\"},\"image\":{\"@id\":\"https:\/\/www.istitutogalanteoliva.it\/magazine\/2021\/09\/08\/siamo-una-macchina-da-guerra\/#primaryimage\"},\"thumbnailUrl\":\"https:\/\/www.istitutogalanteoliva.it\/magazine\/wp-content\/uploads\/2021\/09\/atleti.jpg\",\"datePublished\":\"2021-09-08T06:00:00+00:00\",\"dateModified\":\"2021-09-07T14:04:18+00:00\",\"breadcrumb\":{\"@id\":\"https:\/\/www.istitutogalanteoliva.it\/magazine\/2021\/09\/08\/siamo-una-macchina-da-guerra\/#breadcrumb\"},\"inLanguage\":\"it-IT\",\"potentialAction\":[{\"@type\":\"ReadAction\",\"target\":[\"https:\/\/www.istitutogalanteoliva.it\/magazine\/2021\/09\/08\/siamo-una-macchina-da-guerra\/\"]}]},{\"@type\":\"ImageObject\",\"inLanguage\":\"it-IT\",\"@id\":\"https:\/\/www.istitutogalanteoliva.it\/magazine\/2021\/09\/08\/siamo-una-macchina-da-guerra\/#primaryimage\",\"url\":\"https:\/\/www.istitutogalanteoliva.it\/magazine\/wp-content\/uploads\/2021\/09\/atleti.jpg\",\"contentUrl\":\"https:\/\/www.istitutogalanteoliva.it\/magazine\/wp-content\/uploads\/2021\/09\/atleti.jpg\",\"width\":738,\"height\":462},{\"@type\":\"BreadcrumbList\",\"@id\":\"https:\/\/www.istitutogalanteoliva.it\/magazine\/2021\/09\/08\/siamo-una-macchina-da-guerra\/#breadcrumb\",\"itemListElement\":[{\"@type\":\"ListItem\",\"position\":1,\"name\":\"Home\",\"item\":\"https:\/\/www.istitutogalanteoliva.it\/magazine\/\"},{\"@type\":\"ListItem\",\"position\":2,\"name\":\"&#8220;Siamo una macchina da guerra!&#8221;\"}]},{\"@type\":\"WebSite\",\"@id\":\"https:\/\/www.istitutogalanteoliva.it\/magazine\/#website\",\"url\":\"https:\/\/www.istitutogalanteoliva.it\/magazine\/\",\"name\":\"POLIS SA MAGAZINE\",\"description\":\"Informazione e approfondimenti\",\"publisher\":{\"@id\":\"https:\/\/www.istitutogalanteoliva.it\/magazine\/#organization\"},\"potentialAction\":[{\"@type\":\"SearchAction\",\"target\":{\"@type\":\"EntryPoint\",\"urlTemplate\":\"https:\/\/www.istitutogalanteoliva.it\/magazine\/?s={search_term_string}\"},\"query-input\":{\"@type\":\"PropertyValueSpecification\",\"valueRequired\":true,\"valueName\":\"search_term_string\"}}],\"inLanguage\":\"it-IT\"},{\"@type\":\"Organization\",\"@id\":\"https:\/\/www.istitutogalanteoliva.it\/magazine\/#organization\",\"name\":\"Polis SA Magazine\",\"url\":\"https:\/\/www.istitutogalanteoliva.it\/magazine\/\",\"logo\":{\"@type\":\"ImageObject\",\"inLanguage\":\"it-IT\",\"@id\":\"https:\/\/www.istitutogalanteoliva.it\/magazine\/#\/schema\/logo\/image\/\",\"url\":\"\",\"contentUrl\":\"\",\"caption\":\"Polis SA Magazine\"},\"image\":{\"@id\":\"https:\/\/www.istitutogalanteoliva.it\/magazine\/#\/schema\/logo\/image\/\"},\"sameAs\":[\"https:\/\/www.facebook.com\/PolisSAMagazine\/\",\"https:\/\/x.com\/MagazinePolis\",\"https:\/\/www.youtube.com\/channel\/UCv0Mr5AHKUmsc0sEEXkJrgw\"]},{\"@type\":\"Person\",\"@id\":\"https:\/\/www.istitutogalanteoliva.it\/magazine\/#\/schema\/person\/d8b8aa79cfe8babc1df9da3212a7c0c4\",\"name\":\"Antonello Rivano\",\"image\":{\"@type\":\"ImageObject\",\"inLanguage\":\"it-IT\",\"@id\":\"https:\/\/www.istitutogalanteoliva.it\/magazine\/#\/schema\/person\/image\/\",\"url\":\"https:\/\/secure.gravatar.com\/avatar\/517a9a6487a7a18ecc4ce6d2e57a8f40?s=96&d=mm&r=g\",\"contentUrl\":\"https:\/\/secure.gravatar.com\/avatar\/517a9a6487a7a18ecc4ce6d2e57a8f40?s=96&d=mm&r=g\",\"caption\":\"Antonello Rivano\"},\"url\":\"https:\/\/www.istitutogalanteoliva.it\/magazine\/author\/antonello\/\"}]}<\/script>\n<!-- \/ Yoast SEO plugin. -->","yoast_head_json":{"title":"\"Siamo una macchina da guerra!\" - Polis SA Magazine","robots":{"index":"index","follow":"follow","max-snippet":"max-snippet:-1","max-image-preview":"max-image-preview:large","max-video-preview":"max-video-preview:-1"},"canonical":"https:\/\/www.istitutogalanteoliva.it\/magazine\/2021\/09\/08\/siamo-una-macchina-da-guerra\/","og_locale":"it_IT","og_type":"article","og_title":"\"Siamo una macchina da guerra!\" - Polis SA Magazine","og_description":"Un trionfo nel mondo dello sport ottenuto grazie ad atleti che dalla loro disabilit\u00e0 fisica hanno tratto la forza per combattere su un terreno che non appartiene solamente agli \u201cabili\u201d","og_url":"https:\/\/www.istitutogalanteoliva.it\/magazine\/2021\/09\/08\/siamo-una-macchina-da-guerra\/","og_site_name":"Polis SA Magazine","article_publisher":"https:\/\/www.facebook.com\/PolisSAMagazine\/","article_published_time":"2021-09-08T06:00:00+00:00","article_modified_time":"2021-09-07T14:04:18+00:00","og_image":[{"width":738,"height":462,"url":"https:\/\/www.istitutogalanteoliva.it\/magazine\/wp-content\/uploads\/2021\/09\/atleti.jpg","type":"image\/jpeg"}],"author":"Antonello Rivano","twitter_card":"summary_large_image","twitter_creator":"@MagazinePolis","twitter_site":"@MagazinePolis","twitter_misc":{"Scritto da":"Antonello Rivano","Tempo di lettura stimato":"2 minuti"},"schema":{"@context":"https:\/\/schema.org","@graph":[{"@type":"Article","@id":"https:\/\/www.istitutogalanteoliva.it\/magazine\/2021\/09\/08\/siamo-una-macchina-da-guerra\/#article","isPartOf":{"@id":"https:\/\/www.istitutogalanteoliva.it\/magazine\/2021\/09\/08\/siamo-una-macchina-da-guerra\/"},"author":{"name":"Antonello Rivano","@id":"https:\/\/www.istitutogalanteoliva.it\/magazine\/#\/schema\/person\/d8b8aa79cfe8babc1df9da3212a7c0c4"},"headline":"&#8220;Siamo una macchina da guerra!&#8221;","datePublished":"2021-09-08T06:00:00+00:00","dateModified":"2021-09-07T14:04:18+00:00","mainEntityOfPage":{"@id":"https:\/\/www.istitutogalanteoliva.it\/magazine\/2021\/09\/08\/siamo-una-macchina-da-guerra\/"},"wordCount":499,"commentCount":0,"publisher":{"@id":"https:\/\/www.istitutogalanteoliva.it\/magazine\/#organization"},"image":{"@id":"https:\/\/www.istitutogalanteoliva.it\/magazine\/2021\/09\/08\/siamo-una-macchina-da-guerra\/#primaryimage"},"thumbnailUrl":"https:\/\/www.istitutogalanteoliva.it\/magazine\/wp-content\/uploads\/2021\/09\/atleti.jpg","articleSection":["2021","Sport"],"inLanguage":"it-IT","potentialAction":[{"@type":"CommentAction","name":"Comment","target":["https:\/\/www.istitutogalanteoliva.it\/magazine\/2021\/09\/08\/siamo-una-macchina-da-guerra\/#respond"]}]},{"@type":"WebPage","@id":"https:\/\/www.istitutogalanteoliva.it\/magazine\/2021\/09\/08\/siamo-una-macchina-da-guerra\/","url":"https:\/\/www.istitutogalanteoliva.it\/magazine\/2021\/09\/08\/siamo-una-macchina-da-guerra\/","name":"\"Siamo una macchina da guerra!\" - Polis SA Magazine","isPartOf":{"@id":"https:\/\/www.istitutogalanteoliva.it\/magazine\/#website"},"primaryImageOfPage":{"@id":"https:\/\/www.istitutogalanteoliva.it\/magazine\/2021\/09\/08\/siamo-una-macchina-da-guerra\/#primaryimage"},"image":{"@id":"https:\/\/www.istitutogalanteoliva.it\/magazine\/2021\/09\/08\/siamo-una-macchina-da-guerra\/#primaryimage"},"thumbnailUrl":"https:\/\/www.istitutogalanteoliva.it\/magazine\/wp-content\/uploads\/2021\/09\/atleti.jpg","datePublished":"2021-09-08T06:00:00+00:00","dateModified":"2021-09-07T14:04:18+00:00","breadcrumb":{"@id":"https:\/\/www.istitutogalanteoliva.it\/magazine\/2021\/09\/08\/siamo-una-macchina-da-guerra\/#breadcrumb"},"inLanguage":"it-IT","potentialAction":[{"@type":"ReadAction","target":["https:\/\/www.istitutogalanteoliva.it\/magazine\/2021\/09\/08\/siamo-una-macchina-da-guerra\/"]}]},{"@type":"ImageObject","inLanguage":"it-IT","@id":"https:\/\/www.istitutogalanteoliva.it\/magazine\/2021\/09\/08\/siamo-una-macchina-da-guerra\/#primaryimage","url":"https:\/\/www.istitutogalanteoliva.it\/magazine\/wp-content\/uploads\/2021\/09\/atleti.jpg","contentUrl":"https:\/\/www.istitutogalanteoliva.it\/magazine\/wp-content\/uploads\/2021\/09\/atleti.jpg","width":738,"height":462},{"@type":"BreadcrumbList","@id":"https:\/\/www.istitutogalanteoliva.it\/magazine\/2021\/09\/08\/siamo-una-macchina-da-guerra\/#breadcrumb","itemListElement":[{"@type":"ListItem","position":1,"name":"Home","item":"https:\/\/www.istitutogalanteoliva.it\/magazine\/"},{"@type":"ListItem","position":2,"name":"&#8220;Siamo una macchina da guerra!&#8221;"}]},{"@type":"WebSite","@id":"https:\/\/www.istitutogalanteoliva.it\/magazine\/#website","url":"https:\/\/www.istitutogalanteoliva.it\/magazine\/","name":"POLIS SA MAGAZINE","description":"Informazione e approfondimenti","publisher":{"@id":"https:\/\/www.istitutogalanteoliva.it\/magazine\/#organization"},"potentialAction":[{"@type":"SearchAction","target":{"@type":"EntryPoint","urlTemplate":"https:\/\/www.istitutogalanteoliva.it\/magazine\/?s={search_term_string}"},"query-input":{"@type":"PropertyValueSpecification","valueRequired":true,"valueName":"search_term_string"}}],"inLanguage":"it-IT"},{"@type":"Organization","@id":"https:\/\/www.istitutogalanteoliva.it\/magazine\/#organization","name":"Polis SA Magazine","url":"https:\/\/www.istitutogalanteoliva.it\/magazine\/","logo":{"@type":"ImageObject","inLanguage":"it-IT","@id":"https:\/\/www.istitutogalanteoliva.it\/magazine\/#\/schema\/logo\/image\/","url":"","contentUrl":"","caption":"Polis SA Magazine"},"image":{"@id":"https:\/\/www.istitutogalanteoliva.it\/magazine\/#\/schema\/logo\/image\/"},"sameAs":["https:\/\/www.facebook.com\/PolisSAMagazine\/","https:\/\/x.com\/MagazinePolis","https:\/\/www.youtube.com\/channel\/UCv0Mr5AHKUmsc0sEEXkJrgw"]},{"@type":"Person","@id":"https:\/\/www.istitutogalanteoliva.it\/magazine\/#\/schema\/person\/d8b8aa79cfe8babc1df9da3212a7c0c4","name":"Antonello Rivano","image":{"@type":"ImageObject","inLanguage":"it-IT","@id":"https:\/\/www.istitutogalanteoliva.it\/magazine\/#\/schema\/person\/image\/","url":"https:\/\/secure.gravatar.com\/avatar\/517a9a6487a7a18ecc4ce6d2e57a8f40?s=96&d=mm&r=g","contentUrl":"https:\/\/secure.gravatar.com\/avatar\/517a9a6487a7a18ecc4ce6d2e57a8f40?s=96&d=mm&r=g","caption":"Antonello Rivano"},"url":"https:\/\/www.istitutogalanteoliva.it\/magazine\/author\/antonello\/"}]}},"_links":{"self":[{"href":"https:\/\/www.istitutogalanteoliva.it\/magazine\/wp-json\/wp\/v2\/posts\/9245","targetHints":{"allow":["GET"]}}],"collection":[{"href":"https:\/\/www.istitutogalanteoliva.it\/magazine\/wp-json\/wp\/v2\/posts"}],"about":[{"href":"https:\/\/www.istitutogalanteoliva.it\/magazine\/wp-json\/wp\/v2\/types\/post"}],"author":[{"embeddable":true,"href":"https:\/\/www.istitutogalanteoliva.it\/magazine\/wp-json\/wp\/v2\/users\/2"}],"replies":[{"embeddable":true,"href":"https:\/\/www.istitutogalanteoliva.it\/magazine\/wp-json\/wp\/v2\/comments?post=9245"}],"version-history":[{"count":10,"href":"https:\/\/www.istitutogalanteoliva.it\/magazine\/wp-json\/wp\/v2\/posts\/9245\/revisions"}],"predecessor-version":[{"id":9897,"href":"https:\/\/www.istitutogalanteoliva.it\/magazine\/wp-json\/wp\/v2\/posts\/9245\/revisions\/9897"}],"wp:featuredmedia":[{"embeddable":true,"href":"https:\/\/www.istitutogalanteoliva.it\/magazine\/wp-json\/wp\/v2\/media\/9248"}],"wp:attachment":[{"href":"https:\/\/www.istitutogalanteoliva.it\/magazine\/wp-json\/wp\/v2\/media?parent=9245"}],"wp:term":[{"taxonomy":"category","embeddable":true,"href":"https:\/\/www.istitutogalanteoliva.it\/magazine\/wp-json\/wp\/v2\/categories?post=9245"},{"taxonomy":"post_tag","embeddable":true,"href":"https:\/\/www.istitutogalanteoliva.it\/magazine\/wp-json\/wp\/v2\/tags?post=9245"}],"curies":[{"name":"wp","href":"https:\/\/api.w.org\/{rel}","templated":true}]}}