{"id":927,"date":"2016-02-16T10:59:23","date_gmt":"2016-02-16T09:59:23","guid":{"rendered":"http:\/\/www.edizionipolis.it\/magazine\/?p=927"},"modified":"2019-08-22T11:02:25","modified_gmt":"2019-08-22T09:02:25","slug":"family-day-e-unioni-civili-come-cambiata-la-famiglia","status":"publish","type":"post","link":"https:\/\/www.istitutogalanteoliva.it\/magazine\/2016\/02\/16\/family-day-e-unioni-civili-come-cambiata-la-famiglia\/","title":{"rendered":"Family Day e unioni civili: com\u2019e\u0300 cambiata la famiglia?"},"content":{"rendered":"\n<p>Il 30 gennaio 2016 si \u00e8 svolto a Roma il Family Day, un evento organizzato da varie\nassociazioni e movimenti cattolici per ribadire l\u2019importanza della famiglia tradizionale,\nma \u00e8 stata soprattutto un\u2019occasione per manifestare contro il riconoscimento delle unioni\ncivili e in particolare del Ddl Cirinn\u00e0. Tuttavia negli ultimi cinquant\u2019anni il nostro Paese\n\u00e8 cambiato molto dal punto di vista economico, politico e sociale e la famiglia italiana\nha sub\u00ecto una rivoluzione, ma il mondo cattolico e una parte della politica continuano a\nnascondere la testa nella sabbia.\n<\/p>\n\n\n\n<p>Nel 1970, dopo anni di battaglie civili, il divorzio diventa legge. Da allora a oggi le convivenze e i divorzi sono in costante crescita mentre si celebrano sempre meno matrimoni; di questi solo uno su due in chiesa. Per essere precisi, basti pensare, secondo i dati Istat, che nel 1980, su una popolazione di 55 milioni e ottocento mila abitanti, si sono celebrati 305.000 matrimoni e avuti 26mila divorzi, mentre nel 2011, su una popolazione di quasi 60 milioni di abitanti sono stati celebrati 204.830 matrimoni e si sono registrati quasi 54mila divorzi. <\/p>\n\n\n\n<p>Nel 2012, il Sud registra una crescita percentuale maggiore rispetto al Nord di separazioni e divorzi rispetto agli ultimi anni. Come spiega bene Lorenzo Di Pietro de L\u2019Espresso: \u00abMentre molte regioni del nord seguono un andamento contrastante, e in calo per qualcuna, al sud aumentano i divorzi e soprattutto le separazioni\u00bb, e due regioni importanti come la Campania e la Sardegna si portano ai livelli del Nord Italia. <\/p>\n\n\n\n<p>Nel Molise, per esempio, pur essendo una piccola regione fortemente radicata nelle sue\ntradizioni cattoliche, si passa da 4 divorzi ogni diecimila abitanti nel 2005 a 6 nel 2012. Il\ndato \u00e8 sorprendente perch\u00e9 la regione \u00e8 in costante calo demografico sia per il numero di\nnascite che per giovani che lasciano la propria terra, tant\u2019\u00e8 che il saldo migratorio non si\n\u00e8 mai arrestato. Il Molise, in dieci anni, dal 2002 al 2012 \u00e8 passato da 321.047 a 313.341\nabitanti mentre l\u2019et\u00e0 media \u00e8 salita a 45,3 con un indice della vecchiaia del 196,0%, tra le\nregioni con il valore pi\u00f9 alto.\n<\/p>\n\n\n\n<p>Difronte a questi dati, il Governo Italiano (almeno in questo) ha pensato bene di adeguarsi agli altri Paesi europei e il 26 maggio 2015 il \u201cdivorzio breve\u201d \u00e8 diventato legge. In soli due mesi (giugno e luglio) sono state presentate 50.000 domande. Il divorzio breve consensuale permette infatti di dirsi addio dopo soli sei mesi dalla separazione; non c\u2019\u00e8 bisogno di rivolgersi a un avvocato e non ci sono spese; la semplificazione di questa nuova legge ha fatto registrare un\u2019impennata dei divorzi. <\/p>\n\n\n\n<p>Tornando al tema delle unioni civili, da qualche mese \u00e8 in corso un ampio dibattito nel nostro Paese. In realt\u00e0 se ne discute da almeno vent\u2019anni, senza che ci sia una volont\u00e0 vera di affrontare il problema. Il 23 gennaio 2016, migliaia di persone hanno manifestato nelle piazze italiane chiedendo che venga approvata una legislazione specifica per la regolamentazione delle unioni civili cos\u00ec come \u00e8 presente da anni in altri Paesi europei come Spagna, Portogallo, Francia, Gran Bretagna e tanti altri. <\/p>\n\n\n\n<p>Ma perch\u00e9 in Italia c\u2019\u00e8 tanta ostilit\u00e0 nel negare i diritti alle coppie dello stesso sesso?\nSiamo sicuri che i politici tengano veramente alla famiglia tradizionale? Lasciamo stare\nle loro storie personali e vediamo cosa hanno fatto negli ultimi anni. Come ha ricordato\nil senatore Alberto Airoli, dal 2008 a oggi i politici hanno tagliato il 60% delle risorse\nsociali; hanno votato la legge Fornero, la privatizzazione della sanit\u00e0, la privatizzazione\ndella scuola e hanno sostenuto il Jobs Act; tutte misure che logorano la famiglia. Ma c\u2019\u00e8 di\npi\u00f9: l\u2019Italia \u00e8 un Paese ancora fortemente maschilista dove le donne continuano a essere\ndiscriminate sul lavoro e subiscono violenze soprattutto in famiglia. E infine, ma non per\nultimo, l\u2019Italia \u00e8 fortemente condizionata dalla Chiesa, pi\u00f9 di ogni altro Paese al mondo.\nMa non dovrebbe essere proprio la Chiesa a promuovere prim\u2019ancora che la famiglia,\nl\u2019amore tra due persone? \u00c8 troppo facile mettere in evidenza le contraddizioni storiche\ndel cattolicesimo e il ruolo della donna al suo interno se pensiamo che fino al settecento\nmigliaia furono arse vive perch\u00e9 ritenute delle streghe. Vedremo mai una donna diventare\nvescovo, cardinale o papa? Sar\u00e0 molto difficile!\n<\/p>\n\n\n\n<p>Intanto in televisione continuiamo ad assorbirci ciarlatani e opinionisti inqualificabili, e nessuna intervista a filosofi, giuristi e psicoterapeuti che da anni si occupano dei cambiamenti della famiglia e di diritti dell\u2019infanzia.<\/p>\n\n\n\n<p style=\"text-align:right\"><em>Sante Biello <\/em> <\/p>\n<div class=\"pdfprnt-buttons pdfprnt-buttons-post pdfprnt-bottom-left\"><a href=\"https:\/\/www.istitutogalanteoliva.it\/magazine\/wp-json\/wp\/v2\/posts\/927?print=print\" class=\"pdfprnt-button pdfprnt-button-print\" target=\"_blank\"><img decoding=\"async\" src=\"https:\/\/www.istitutogalanteoliva.it\/magazine\/wp-content\/plugins\/pdf-print\/images\/print.png\" alt=\"image_print\" title=\"Stampa contenuto\" \/><span class=\"pdfprnt-button-title pdfprnt-button-print-title\">Download in PDF<\/span><\/a><\/div>","protected":false},"excerpt":{"rendered":"<p>Il 30 gennaio 2016 si \u00e8 svolto a Roma il Family Day, un evento organizzato<\/p>\n","protected":false},"author":1,"featured_media":928,"comment_status":"open","ping_status":"open","sticky":false,"template":"","format":"standard","meta":{"footnotes":""},"categories":[5,22],"tags":[],"class_list":["post-927","post","type-post","status-publish","format-standard","has-post-thumbnail","hentry","category-5","category-societa"],"yoast_head":"<!-- This site is optimized with the Yoast SEO plugin v24.2 - https:\/\/yoast.com\/wordpress\/plugins\/seo\/ -->\n<title>Family Day e unioni civili: com\u2019e\u0300 cambiata la famiglia? - Polis SA Magazine<\/title>\n<meta name=\"robots\" content=\"index, follow, max-snippet:-1, max-image-preview:large, max-video-preview:-1\" \/>\n<link rel=\"canonical\" href=\"https:\/\/www.istitutogalanteoliva.it\/magazine\/2016\/02\/16\/family-day-e-unioni-civili-come-cambiata-la-famiglia\/\" \/>\n<meta property=\"og:locale\" content=\"it_IT\" \/>\n<meta property=\"og:type\" content=\"article\" \/>\n<meta property=\"og:title\" content=\"Family Day e unioni civili: com\u2019e\u0300 cambiata la famiglia? - Polis SA Magazine\" \/>\n<meta property=\"og:description\" content=\"Il 30 gennaio 2016 si \u00e8 svolto a Roma il Family Day, un evento organizzato\" \/>\n<meta property=\"og:url\" content=\"https:\/\/www.istitutogalanteoliva.it\/magazine\/2016\/02\/16\/family-day-e-unioni-civili-come-cambiata-la-famiglia\/\" \/>\n<meta property=\"og:site_name\" content=\"Polis SA Magazine\" \/>\n<meta property=\"article:publisher\" content=\"https:\/\/www.facebook.com\/PolisSAMagazine\/\" \/>\n<meta property=\"article:published_time\" content=\"2016-02-16T09:59:23+00:00\" \/>\n<meta property=\"article:modified_time\" content=\"2019-08-22T09:02:25+00:00\" \/>\n<meta property=\"og:image\" content=\"https:\/\/www.istitutogalanteoliva.it\/magazine\/wp-content\/uploads\/2019\/08\/swan-2494925_640.jpg\" \/>\n\t<meta property=\"og:image:width\" content=\"640\" \/>\n\t<meta property=\"og:image:height\" content=\"300\" \/>\n\t<meta property=\"og:image:type\" content=\"image\/jpeg\" \/>\n<meta name=\"author\" content=\"admin\" \/>\n<meta name=\"twitter:card\" content=\"summary_large_image\" \/>\n<meta name=\"twitter:creator\" content=\"@MagazinePolis\" \/>\n<meta name=\"twitter:site\" content=\"@MagazinePolis\" \/>\n<meta name=\"twitter:label1\" content=\"Scritto da\" \/>\n\t<meta name=\"twitter:data1\" content=\"admin\" \/>\n\t<meta name=\"twitter:label2\" content=\"Tempo di lettura stimato\" \/>\n\t<meta name=\"twitter:data2\" content=\"4 minuti\" \/>\n<script type=\"application\/ld+json\" class=\"yoast-schema-graph\">{\"@context\":\"https:\/\/schema.org\",\"@graph\":[{\"@type\":\"Article\",\"@id\":\"https:\/\/www.istitutogalanteoliva.it\/magazine\/2016\/02\/16\/family-day-e-unioni-civili-come-cambiata-la-famiglia\/#article\",\"isPartOf\":{\"@id\":\"https:\/\/www.istitutogalanteoliva.it\/magazine\/2016\/02\/16\/family-day-e-unioni-civili-come-cambiata-la-famiglia\/\"},\"author\":{\"name\":\"admin\",\"@id\":\"https:\/\/www.istitutogalanteoliva.it\/magazine\/#\/schema\/person\/72e8141246542ebcf905456f5dbd4c49\"},\"headline\":\"Family Day e unioni civili: com\u2019e\u0300 cambiata la famiglia?\",\"datePublished\":\"2016-02-16T09:59:23+00:00\",\"dateModified\":\"2019-08-22T09:02:25+00:00\",\"mainEntityOfPage\":{\"@id\":\"https:\/\/www.istitutogalanteoliva.it\/magazine\/2016\/02\/16\/family-day-e-unioni-civili-come-cambiata-la-famiglia\/\"},\"wordCount\":722,\"commentCount\":0,\"publisher\":{\"@id\":\"https:\/\/www.istitutogalanteoliva.it\/magazine\/#organization\"},\"image\":{\"@id\":\"https:\/\/www.istitutogalanteoliva.it\/magazine\/2016\/02\/16\/family-day-e-unioni-civili-come-cambiata-la-famiglia\/#primaryimage\"},\"thumbnailUrl\":\"https:\/\/www.istitutogalanteoliva.it\/magazine\/wp-content\/uploads\/2019\/08\/swan-2494925_640.jpg\",\"articleSection\":[\"2016\",\"Societ\u00e0\"],\"inLanguage\":\"it-IT\",\"potentialAction\":[{\"@type\":\"CommentAction\",\"name\":\"Comment\",\"target\":[\"https:\/\/www.istitutogalanteoliva.it\/magazine\/2016\/02\/16\/family-day-e-unioni-civili-come-cambiata-la-famiglia\/#respond\"]}]},{\"@type\":\"WebPage\",\"@id\":\"https:\/\/www.istitutogalanteoliva.it\/magazine\/2016\/02\/16\/family-day-e-unioni-civili-come-cambiata-la-famiglia\/\",\"url\":\"https:\/\/www.istitutogalanteoliva.it\/magazine\/2016\/02\/16\/family-day-e-unioni-civili-come-cambiata-la-famiglia\/\",\"name\":\"Family Day e unioni civili: com\u2019e\u0300 cambiata la famiglia? - Polis SA Magazine\",\"isPartOf\":{\"@id\":\"https:\/\/www.istitutogalanteoliva.it\/magazine\/#website\"},\"primaryImageOfPage\":{\"@id\":\"https:\/\/www.istitutogalanteoliva.it\/magazine\/2016\/02\/16\/family-day-e-unioni-civili-come-cambiata-la-famiglia\/#primaryimage\"},\"image\":{\"@id\":\"https:\/\/www.istitutogalanteoliva.it\/magazine\/2016\/02\/16\/family-day-e-unioni-civili-come-cambiata-la-famiglia\/#primaryimage\"},\"thumbnailUrl\":\"https:\/\/www.istitutogalanteoliva.it\/magazine\/wp-content\/uploads\/2019\/08\/swan-2494925_640.jpg\",\"datePublished\":\"2016-02-16T09:59:23+00:00\",\"dateModified\":\"2019-08-22T09:02:25+00:00\",\"breadcrumb\":{\"@id\":\"https:\/\/www.istitutogalanteoliva.it\/magazine\/2016\/02\/16\/family-day-e-unioni-civili-come-cambiata-la-famiglia\/#breadcrumb\"},\"inLanguage\":\"it-IT\",\"potentialAction\":[{\"@type\":\"ReadAction\",\"target\":[\"https:\/\/www.istitutogalanteoliva.it\/magazine\/2016\/02\/16\/family-day-e-unioni-civili-come-cambiata-la-famiglia\/\"]}]},{\"@type\":\"ImageObject\",\"inLanguage\":\"it-IT\",\"@id\":\"https:\/\/www.istitutogalanteoliva.it\/magazine\/2016\/02\/16\/family-day-e-unioni-civili-come-cambiata-la-famiglia\/#primaryimage\",\"url\":\"https:\/\/www.istitutogalanteoliva.it\/magazine\/wp-content\/uploads\/2019\/08\/swan-2494925_640.jpg\",\"contentUrl\":\"https:\/\/www.istitutogalanteoliva.it\/magazine\/wp-content\/uploads\/2019\/08\/swan-2494925_640.jpg\",\"width\":640,\"height\":300},{\"@type\":\"BreadcrumbList\",\"@id\":\"https:\/\/www.istitutogalanteoliva.it\/magazine\/2016\/02\/16\/family-day-e-unioni-civili-come-cambiata-la-famiglia\/#breadcrumb\",\"itemListElement\":[{\"@type\":\"ListItem\",\"position\":1,\"name\":\"Home\",\"item\":\"https:\/\/www.istitutogalanteoliva.it\/magazine\/\"},{\"@type\":\"ListItem\",\"position\":2,\"name\":\"Family Day e unioni civili: com\u2019e\u0300 cambiata la famiglia?\"}]},{\"@type\":\"WebSite\",\"@id\":\"https:\/\/www.istitutogalanteoliva.it\/magazine\/#website\",\"url\":\"https:\/\/www.istitutogalanteoliva.it\/magazine\/\",\"name\":\"POLIS SA MAGAZINE\",\"description\":\"Informazione e approfondimenti\",\"publisher\":{\"@id\":\"https:\/\/www.istitutogalanteoliva.it\/magazine\/#organization\"},\"potentialAction\":[{\"@type\":\"SearchAction\",\"target\":{\"@type\":\"EntryPoint\",\"urlTemplate\":\"https:\/\/www.istitutogalanteoliva.it\/magazine\/?s={search_term_string}\"},\"query-input\":{\"@type\":\"PropertyValueSpecification\",\"valueRequired\":true,\"valueName\":\"search_term_string\"}}],\"inLanguage\":\"it-IT\"},{\"@type\":\"Organization\",\"@id\":\"https:\/\/www.istitutogalanteoliva.it\/magazine\/#organization\",\"name\":\"Polis SA Magazine\",\"url\":\"https:\/\/www.istitutogalanteoliva.it\/magazine\/\",\"logo\":{\"@type\":\"ImageObject\",\"inLanguage\":\"it-IT\",\"@id\":\"https:\/\/www.istitutogalanteoliva.it\/magazine\/#\/schema\/logo\/image\/\",\"url\":\"\",\"contentUrl\":\"\",\"caption\":\"Polis SA Magazine\"},\"image\":{\"@id\":\"https:\/\/www.istitutogalanteoliva.it\/magazine\/#\/schema\/logo\/image\/\"},\"sameAs\":[\"https:\/\/www.facebook.com\/PolisSAMagazine\/\",\"https:\/\/x.com\/MagazinePolis\",\"https:\/\/www.youtube.com\/channel\/UCv0Mr5AHKUmsc0sEEXkJrgw\"]},{\"@type\":\"Person\",\"@id\":\"https:\/\/www.istitutogalanteoliva.it\/magazine\/#\/schema\/person\/72e8141246542ebcf905456f5dbd4c49\",\"name\":\"admin\",\"image\":{\"@type\":\"ImageObject\",\"inLanguage\":\"it-IT\",\"@id\":\"https:\/\/www.istitutogalanteoliva.it\/magazine\/#\/schema\/person\/image\/\",\"url\":\"https:\/\/secure.gravatar.com\/avatar\/07059cc99eeb1edd29e138d1812e69ec?s=96&d=mm&r=g\",\"contentUrl\":\"https:\/\/secure.gravatar.com\/avatar\/07059cc99eeb1edd29e138d1812e69ec?s=96&d=mm&r=g\",\"caption\":\"admin\"},\"url\":\"https:\/\/www.istitutogalanteoliva.it\/magazine\/author\/admin\/\"}]}<\/script>\n<!-- \/ Yoast SEO plugin. -->","yoast_head_json":{"title":"Family Day e unioni civili: com\u2019e\u0300 cambiata la famiglia? - Polis SA Magazine","robots":{"index":"index","follow":"follow","max-snippet":"max-snippet:-1","max-image-preview":"max-image-preview:large","max-video-preview":"max-video-preview:-1"},"canonical":"https:\/\/www.istitutogalanteoliva.it\/magazine\/2016\/02\/16\/family-day-e-unioni-civili-come-cambiata-la-famiglia\/","og_locale":"it_IT","og_type":"article","og_title":"Family Day e unioni civili: com\u2019e\u0300 cambiata la famiglia? - Polis SA Magazine","og_description":"Il 30 gennaio 2016 si \u00e8 svolto a Roma il Family Day, un evento organizzato","og_url":"https:\/\/www.istitutogalanteoliva.it\/magazine\/2016\/02\/16\/family-day-e-unioni-civili-come-cambiata-la-famiglia\/","og_site_name":"Polis SA Magazine","article_publisher":"https:\/\/www.facebook.com\/PolisSAMagazine\/","article_published_time":"2016-02-16T09:59:23+00:00","article_modified_time":"2019-08-22T09:02:25+00:00","og_image":[{"width":640,"height":300,"url":"https:\/\/www.istitutogalanteoliva.it\/magazine\/wp-content\/uploads\/2019\/08\/swan-2494925_640.jpg","type":"image\/jpeg"}],"author":"admin","twitter_card":"summary_large_image","twitter_creator":"@MagazinePolis","twitter_site":"@MagazinePolis","twitter_misc":{"Scritto da":"admin","Tempo di lettura stimato":"4 minuti"},"schema":{"@context":"https:\/\/schema.org","@graph":[{"@type":"Article","@id":"https:\/\/www.istitutogalanteoliva.it\/magazine\/2016\/02\/16\/family-day-e-unioni-civili-come-cambiata-la-famiglia\/#article","isPartOf":{"@id":"https:\/\/www.istitutogalanteoliva.it\/magazine\/2016\/02\/16\/family-day-e-unioni-civili-come-cambiata-la-famiglia\/"},"author":{"name":"admin","@id":"https:\/\/www.istitutogalanteoliva.it\/magazine\/#\/schema\/person\/72e8141246542ebcf905456f5dbd4c49"},"headline":"Family Day e unioni civili: com\u2019e\u0300 cambiata la famiglia?","datePublished":"2016-02-16T09:59:23+00:00","dateModified":"2019-08-22T09:02:25+00:00","mainEntityOfPage":{"@id":"https:\/\/www.istitutogalanteoliva.it\/magazine\/2016\/02\/16\/family-day-e-unioni-civili-come-cambiata-la-famiglia\/"},"wordCount":722,"commentCount":0,"publisher":{"@id":"https:\/\/www.istitutogalanteoliva.it\/magazine\/#organization"},"image":{"@id":"https:\/\/www.istitutogalanteoliva.it\/magazine\/2016\/02\/16\/family-day-e-unioni-civili-come-cambiata-la-famiglia\/#primaryimage"},"thumbnailUrl":"https:\/\/www.istitutogalanteoliva.it\/magazine\/wp-content\/uploads\/2019\/08\/swan-2494925_640.jpg","articleSection":["2016","Societ\u00e0"],"inLanguage":"it-IT","potentialAction":[{"@type":"CommentAction","name":"Comment","target":["https:\/\/www.istitutogalanteoliva.it\/magazine\/2016\/02\/16\/family-day-e-unioni-civili-come-cambiata-la-famiglia\/#respond"]}]},{"@type":"WebPage","@id":"https:\/\/www.istitutogalanteoliva.it\/magazine\/2016\/02\/16\/family-day-e-unioni-civili-come-cambiata-la-famiglia\/","url":"https:\/\/www.istitutogalanteoliva.it\/magazine\/2016\/02\/16\/family-day-e-unioni-civili-come-cambiata-la-famiglia\/","name":"Family Day e unioni civili: com\u2019e\u0300 cambiata la famiglia? - Polis SA Magazine","isPartOf":{"@id":"https:\/\/www.istitutogalanteoliva.it\/magazine\/#website"},"primaryImageOfPage":{"@id":"https:\/\/www.istitutogalanteoliva.it\/magazine\/2016\/02\/16\/family-day-e-unioni-civili-come-cambiata-la-famiglia\/#primaryimage"},"image":{"@id":"https:\/\/www.istitutogalanteoliva.it\/magazine\/2016\/02\/16\/family-day-e-unioni-civili-come-cambiata-la-famiglia\/#primaryimage"},"thumbnailUrl":"https:\/\/www.istitutogalanteoliva.it\/magazine\/wp-content\/uploads\/2019\/08\/swan-2494925_640.jpg","datePublished":"2016-02-16T09:59:23+00:00","dateModified":"2019-08-22T09:02:25+00:00","breadcrumb":{"@id":"https:\/\/www.istitutogalanteoliva.it\/magazine\/2016\/02\/16\/family-day-e-unioni-civili-come-cambiata-la-famiglia\/#breadcrumb"},"inLanguage":"it-IT","potentialAction":[{"@type":"ReadAction","target":["https:\/\/www.istitutogalanteoliva.it\/magazine\/2016\/02\/16\/family-day-e-unioni-civili-come-cambiata-la-famiglia\/"]}]},{"@type":"ImageObject","inLanguage":"it-IT","@id":"https:\/\/www.istitutogalanteoliva.it\/magazine\/2016\/02\/16\/family-day-e-unioni-civili-come-cambiata-la-famiglia\/#primaryimage","url":"https:\/\/www.istitutogalanteoliva.it\/magazine\/wp-content\/uploads\/2019\/08\/swan-2494925_640.jpg","contentUrl":"https:\/\/www.istitutogalanteoliva.it\/magazine\/wp-content\/uploads\/2019\/08\/swan-2494925_640.jpg","width":640,"height":300},{"@type":"BreadcrumbList","@id":"https:\/\/www.istitutogalanteoliva.it\/magazine\/2016\/02\/16\/family-day-e-unioni-civili-come-cambiata-la-famiglia\/#breadcrumb","itemListElement":[{"@type":"ListItem","position":1,"name":"Home","item":"https:\/\/www.istitutogalanteoliva.it\/magazine\/"},{"@type":"ListItem","position":2,"name":"Family Day e unioni civili: com\u2019e\u0300 cambiata la famiglia?"}]},{"@type":"WebSite","@id":"https:\/\/www.istitutogalanteoliva.it\/magazine\/#website","url":"https:\/\/www.istitutogalanteoliva.it\/magazine\/","name":"POLIS SA MAGAZINE","description":"Informazione e approfondimenti","publisher":{"@id":"https:\/\/www.istitutogalanteoliva.it\/magazine\/#organization"},"potentialAction":[{"@type":"SearchAction","target":{"@type":"EntryPoint","urlTemplate":"https:\/\/www.istitutogalanteoliva.it\/magazine\/?s={search_term_string}"},"query-input":{"@type":"PropertyValueSpecification","valueRequired":true,"valueName":"search_term_string"}}],"inLanguage":"it-IT"},{"@type":"Organization","@id":"https:\/\/www.istitutogalanteoliva.it\/magazine\/#organization","name":"Polis SA Magazine","url":"https:\/\/www.istitutogalanteoliva.it\/magazine\/","logo":{"@type":"ImageObject","inLanguage":"it-IT","@id":"https:\/\/www.istitutogalanteoliva.it\/magazine\/#\/schema\/logo\/image\/","url":"","contentUrl":"","caption":"Polis SA Magazine"},"image":{"@id":"https:\/\/www.istitutogalanteoliva.it\/magazine\/#\/schema\/logo\/image\/"},"sameAs":["https:\/\/www.facebook.com\/PolisSAMagazine\/","https:\/\/x.com\/MagazinePolis","https:\/\/www.youtube.com\/channel\/UCv0Mr5AHKUmsc0sEEXkJrgw"]},{"@type":"Person","@id":"https:\/\/www.istitutogalanteoliva.it\/magazine\/#\/schema\/person\/72e8141246542ebcf905456f5dbd4c49","name":"admin","image":{"@type":"ImageObject","inLanguage":"it-IT","@id":"https:\/\/www.istitutogalanteoliva.it\/magazine\/#\/schema\/person\/image\/","url":"https:\/\/secure.gravatar.com\/avatar\/07059cc99eeb1edd29e138d1812e69ec?s=96&d=mm&r=g","contentUrl":"https:\/\/secure.gravatar.com\/avatar\/07059cc99eeb1edd29e138d1812e69ec?s=96&d=mm&r=g","caption":"admin"},"url":"https:\/\/www.istitutogalanteoliva.it\/magazine\/author\/admin\/"}]}},"_links":{"self":[{"href":"https:\/\/www.istitutogalanteoliva.it\/magazine\/wp-json\/wp\/v2\/posts\/927","targetHints":{"allow":["GET"]}}],"collection":[{"href":"https:\/\/www.istitutogalanteoliva.it\/magazine\/wp-json\/wp\/v2\/posts"}],"about":[{"href":"https:\/\/www.istitutogalanteoliva.it\/magazine\/wp-json\/wp\/v2\/types\/post"}],"author":[{"embeddable":true,"href":"https:\/\/www.istitutogalanteoliva.it\/magazine\/wp-json\/wp\/v2\/users\/1"}],"replies":[{"embeddable":true,"href":"https:\/\/www.istitutogalanteoliva.it\/magazine\/wp-json\/wp\/v2\/comments?post=927"}],"version-history":[{"count":1,"href":"https:\/\/www.istitutogalanteoliva.it\/magazine\/wp-json\/wp\/v2\/posts\/927\/revisions"}],"predecessor-version":[{"id":929,"href":"https:\/\/www.istitutogalanteoliva.it\/magazine\/wp-json\/wp\/v2\/posts\/927\/revisions\/929"}],"wp:featuredmedia":[{"embeddable":true,"href":"https:\/\/www.istitutogalanteoliva.it\/magazine\/wp-json\/wp\/v2\/media\/928"}],"wp:attachment":[{"href":"https:\/\/www.istitutogalanteoliva.it\/magazine\/wp-json\/wp\/v2\/media?parent=927"}],"wp:term":[{"taxonomy":"category","embeddable":true,"href":"https:\/\/www.istitutogalanteoliva.it\/magazine\/wp-json\/wp\/v2\/categories?post=927"},{"taxonomy":"post_tag","embeddable":true,"href":"https:\/\/www.istitutogalanteoliva.it\/magazine\/wp-json\/wp\/v2\/tags?post=927"}],"curies":[{"name":"wp","href":"https:\/\/api.w.org\/{rel}","templated":true}]}}