{"id":9305,"date":"2021-09-13T14:00:00","date_gmt":"2021-09-13T12:00:00","guid":{"rendered":"https:\/\/www.istitutogalanteoliva.it\/magazine\/?p=9305"},"modified":"2021-09-13T15:09:40","modified_gmt":"2021-09-13T13:09:40","slug":"mercato-s-severinosa-tra-nuovi-mastelli-e-polemiche","status":"publish","type":"post","link":"https:\/\/www.istitutogalanteoliva.it\/magazine\/2021\/09\/13\/mercato-s-severinosa-tra-nuovi-mastelli-e-polemiche\/","title":{"rendered":"Mercato S.Severino(SA), tra nuovi mastelli e polemiche"},"content":{"rendered":"\n<p><\/p>\n\n\n\n<p><strong><em><strong><em>Cambiano le modalit\u00e0 per conferire l\u2019immondizia, a Mercato S. Severino. Ed \u00e8 subito polemica. In realt\u00e0, i malumori della gente \u2013 veicolati dai tanti profili social, individuali o di gruppo, ma anche da siti di messaggistica vicini ad esponenti politici \u2013 erano gi\u00e0 \u201cnell\u2019aria\u201d da qualche tempo.<\/em><\/strong>.<\/em><\/strong> <\/p>\n\n\n\n<p><strong>di <em>Anna Maria Noia <\/em><\/strong><\/p>\n\n\n\n<p>Pochi anni fa, prima dell\u2019avvento del Covid, gi\u00e0 si vociferava di questa novit\u00e0. Addirittura, \u201cvoci di popolo&#8221; sostenevano che alcuni tra gli stessi operai della societ\u00e0 di servizi preposta alla raccolta \u2013 la \u201cSieco\u201d &#8211; sarebbero stati (il condizionale \u00e8 d\u2019obbligo) perplessi o incerti riguardo l&#8217; attuabilit\u00e0 di tale cambiamento. Si trattava solo di gossip \u201cmetropolitani\u201d \u2013 certamente. <strong>La \u201cnovit\u00e0\u201d che proprio non va gi\u00f9 (neanche adesso) a tantissimi utenti sanseverinesi \u00e8 l\u2019utilizzo di pi\u00f9 secchi&nbsp; (per le varie tipologie di immondizia) \u2013 di piccolo formato e con poca capacit\u00e0 \u2013 da conservare in casa (sono piccoli, certo, ma abbastanza ingombranti &#8211; se custoditi insieme e in spazi ristretti) e da lasciare, poi, dinanzi i portoni nei giorni stabiliti.<\/strong><\/p>\n\n\n\n<p>Orbene, la raccolta \u201cporta a porta\u201d, che in passato, fu introdotta dal sindaco Giovanni Romano &#8211; era il \u201cfiore all\u2019occhiello\u201d , l\u2018orgoglio e il vanto della cittadina; nonch\u00e9&nbsp; esempio virtuoso per tutta la provincia di Salerno. Nel corso degli anni ci sono stati dei cambiamenti; tante nuove fattispecie di raccolta differenziata (ad esempio, quella del vetro \u2013 rimuovendo le antiestetiche campane), fino ad arrivare al periodo di lockdown. In tutti questi anni erano usate, essenzialmente (e prevalentemente) le \u201csingole\u201d buste. Accanto a pochi contenitori abbastanza capienti, per il vetro ad esempio<em>. <\/em><\/p>\n\n\n\n<p><strong><strong>Vediamo, nel dettaglio, cosa potrebbe comportare l\u2019introduzione di questo dispositivo: innanzitutto potrebbe costituire un problema la scarsa capacit\u00e0 dei secchielli.<\/strong> Nell\u2019hinterland ci sono anche famiglie numerose, che produrrebbero maggiori quantit\u00e0 di spazzatura \u2013 rispetto ad altri. <strong><em>E poi, ancora una questione rilevante, la possibile \u201cconservazione\u201d di tali piccoli secchi. Tutto potrebbe essere accettabile, almeno, per i nuclei familiari che dispongono di garage, box, balconi o giardini. Ma non, di certo, per chi vive in un appartamento senza pertinenze. Infatti, la domanda \u00e8: \u201cDove riporre i mastelli, quando non sono davanti casa \u2013 per essere svuotati (nei giorni in calendario) dai dipendenti dell\u2019apposita azienda?\u201d. Ed altri interrogativi concernono \u2013 inoltre \u2013 la pulizia di tali secchi. Che \u2013 se non puliti ed igienizzati, a cura delle famiglie stesse, abbastanza a fondo \u2013 potrebbero veicolare miasmi; cattivi odori.<\/em><\/strong><\/strong><\/p>\n\n\n\n<figure class=\"wp-block-image size-large is-resized\"><img loading=\"lazy\" decoding=\"async\" src=\"https:\/\/www.istitutogalanteoliva.it\/magazine\/wp-content\/uploads\/2021\/09\/Foto-articolo-Noia-nuova-raccolta-differenziata-S-Severino-num-2-899x1024.jpg\" alt=\"\" class=\"wp-image-9307\" width=\"450\" height=\"512\" srcset=\"https:\/\/www.istitutogalanteoliva.it\/magazine\/wp-content\/uploads\/2021\/09\/Foto-articolo-Noia-nuova-raccolta-differenziata-S-Severino-num-2-899x1024.jpg 899w, https:\/\/www.istitutogalanteoliva.it\/magazine\/wp-content\/uploads\/2021\/09\/Foto-articolo-Noia-nuova-raccolta-differenziata-S-Severino-num-2-263x300.jpg 263w, https:\/\/www.istitutogalanteoliva.it\/magazine\/wp-content\/uploads\/2021\/09\/Foto-articolo-Noia-nuova-raccolta-differenziata-S-Severino-num-2-768x874.jpg 768w, https:\/\/www.istitutogalanteoliva.it\/magazine\/wp-content\/uploads\/2021\/09\/Foto-articolo-Noia-nuova-raccolta-differenziata-S-Severino-num-2-1024x1166.jpg 1024w, https:\/\/www.istitutogalanteoliva.it\/magazine\/wp-content\/uploads\/2021\/09\/Foto-articolo-Noia-nuova-raccolta-differenziata-S-Severino-num-2.jpg 1291w\" sizes=\"auto, (max-width: 450px) 100vw, 450px\" \/><\/figure>\n\n\n\n<p>Per di pi\u00f9 si paventa la presenza di cani randagi, che orinerebbero lungo i bidoncini. Insomma, tutto farebbe supporre che i cittadini possano irritarsi per queste novit\u00e0 . Le polemiche sono rinfocolate e acuite proprio sui social. <strong>Su un gruppo WhatsApp di professionisti sanseverinesi \u2013 nell\u2019entourage di un amministratore del passato \u2013 \u00e8 montata la protesta di alcuni esponenti della chat. La stessa protesta che emerge in&nbsp; altri portali.<\/strong><em>Ad esempio, un utente di Mercato S. Severino (M.D.A) osserva e\/o \u201canalizza\u201d \u2013 tra il serio e il faceto \u2013 sia su \u201cSei di S. Severino se\u2026\u201d che altrove, numerosi \u201cpunti\u201d di criticit\u00e0).<\/em> Mentre prima i secchi e\/o le buste non rimanevano ore e ore sotto il cocente sole estivo, o sotto altri agenti atmosferici invernali, adesso ci sarebbe quest\u2019altra criticit\u00e0 impellente: quella di non poter dimenticare &#8211; appunto &#8211; i mastelli troppo a lungo per evitare i succitati disagi. \u00c8 quanto, per l\u2019appunto, dichiara il cittadino sanseverinese nelle sue garbate \u201cproteste\u201d. Molto meditate e \u201cpratiche\u201d.<\/p>\n\n\n\n<figure class=\"wp-block-image size-large is-resized\"><img loading=\"lazy\" decoding=\"async\" src=\"https:\/\/www.istitutogalanteoliva.it\/magazine\/wp-content\/uploads\/2021\/09\/Foto-articolo-Noia-nuova-raccolta-differenziata-S-Severino-num-1.jpg\" alt=\"\" class=\"wp-image-9309\" width=\"321\" height=\"450\" srcset=\"https:\/\/www.istitutogalanteoliva.it\/magazine\/wp-content\/uploads\/2021\/09\/Foto-articolo-Noia-nuova-raccolta-differenziata-S-Severino-num-1.jpg 641w, https:\/\/www.istitutogalanteoliva.it\/magazine\/wp-content\/uploads\/2021\/09\/Foto-articolo-Noia-nuova-raccolta-differenziata-S-Severino-num-1-214x300.jpg 214w\" sizes=\"auto, (max-width: 321px) 100vw, 321px\" \/><\/figure>\n\n\n\n<p><strong><em><strong><em>Altro punto cruciale e\/o casus belli riguarda il gi\u00e0 parzialmente citato ingombro dei diversi secchi \u2013 tutti in una volta &#8211; dinanzi ai condominii. \u00c8 una questione delicata. Ancora, lamenta l\u2019utente, sembrerebbe un sistema \u201cche non tiene conto della dimensione dei nuclei familiari\u201d: come mai \u2013 si domandano i cittadini \u2013 i secchi per famiglie con pochi componenti hanno la stessa capienza di quelli distribuiti&nbsp; alle famiglie numerose? E si prosegue, con il fatto che il secchio del vetro e quello per la frazione organica (umido) erano gi\u00e0 in dotazione \u2013 da diverso tempo.<\/em><\/strong> Il mastello del vetro usato finora \u00e8 abbastanza capiente. \u201cPerch\u00e9 adottarne degli altri?\u201d \u2013 afferma il Nostro. <em>E si pone la problematica anche dello smaltimento di questi secchi pi\u00f9 grandi \u2013 per il vetro. Magari, i residenti saranno obbligati a dirigersi all\u2019isola ecologica (esistente da decenni), allo scopo di portarli a mano. Questo perch\u00e9 i secchi da \u201crottamare\u201d non entrano nelle apposite buste del Comune. I secchi obsoleti, per di pi\u00f9, non sono stati \u2013 in passato \u2013 \u201cregalati\u201d alle famiglie, da parte dell\u2019amministrazione: avevano un loro costo, riversato sulla tariffa del servizio.<\/em> Lo affermano i cittadini.<\/em><\/strong><\/p>\n\n\n\n<figure class=\"wp-block-image size-large is-resized\"><img loading=\"lazy\" decoding=\"async\" src=\"https:\/\/www.istitutogalanteoliva.it\/magazine\/wp-content\/uploads\/2021\/09\/Foto-articolo-Noia-nuova-raccolta-differenziata-S-Severino-num-4-1.jpg\" alt=\"\" class=\"wp-image-9310\" width=\"549\" height=\"275\" srcset=\"https:\/\/www.istitutogalanteoliva.it\/magazine\/wp-content\/uploads\/2021\/09\/Foto-articolo-Noia-nuova-raccolta-differenziata-S-Severino-num-4-1.jpg 732w, https:\/\/www.istitutogalanteoliva.it\/magazine\/wp-content\/uploads\/2021\/09\/Foto-articolo-Noia-nuova-raccolta-differenziata-S-Severino-num-4-1-300x150.jpg 300w\" sizes=\"auto, (max-width: 549px) 100vw, 549px\" \/><\/figure>\n\n\n\n<p> <strong><strong>I residenti sembrano alfine concordi sul fatto che il sistema precedente, con le buste al posto di questi piccoli contenitori \u2013 a parte i secchi (come detto, pi\u00f9 grandi) del vetro e dell\u2019umido, gi\u00e0 adottati da tempo \u2013 era pi\u00f9 igienico, pratico, salutare.<\/strong> Aveva, cio\u00e8, pi\u00f9 vantaggi \u2013 a detta (sempre) degli utenti. Le criticit\u00e0 sono infine emerse in alcuni articoli, pubblicati su quotidiani locali della provincia di Salerno. <strong><em>I nuovi secchielli e il pi\u00f9 recente kit da usare \u2013 ricordiamo \u2013 a partire da ottobre sono da ritirare (gi\u00e0 da inizio luglio) in vari punti di distribuzione. Al capoluogo e nelle frazioni. Per il capoluogo, ci si pu\u00f2 recare presso il Centro Sociale di via Biondo il luned\u00ec (dalle 9 alle 12) e il marted\u00ec (9-12; 15-17); nonch\u00e9 presso il parcheggio di piazza Califano il gioved\u00ec (orari: 9-12; 15-17) e il venerd\u00ec e sabato (ore 9-12). Riguardo alle frazioni, ci limitiamo a suggerire le localit\u00e0 di S. Vincenzo-Capocasale-Lombardi-Priscoli: il delivering point, in questo caso, \u00e8 la sede dell\u2019oratorio nei pressi della chiesa di S. Vincenzo (omonima frazione) \u2013 a partire dalle 9 e fino alle 19.<\/em><\/strong> <em>Riguardo alle altre zone, le modalit\u00e0 di ritiro del kit sono riportate sull\u2019apposito calendario \u2013 comprensivamente di orari. Si tratta \u201csolamente\u201d di abbandonare le obsolescenti buste, in favore dei pi\u00f9 moderni mastelli \u2013 in fondo. Ma tutto farebbe supporre che possa prodursi (anche) una sorta di \u201cscontro\u201d, se non politico, almeno \u201ccittadino\u201d. Speriamo che la gente si abitui celermente ad assimilare e a metabolizzare questi cambiamenti!<\/em><\/strong><\/p>\n\n\n\n<p class=\"has-text-align-left\"><br><br><img loading=\"lazy\" decoding=\"async\" width=\"100\" height=\"100\" class=\"wp-image-6058\" style=\"width: 100px;\" src=\"https:\/\/www.istitutogalanteoliva.it\/magazine\/wp-content\/uploads\/2021\/03\/Anna-Maria1.jpg\" alt=\"\" srcset=\"https:\/\/www.istitutogalanteoliva.it\/magazine\/wp-content\/uploads\/2021\/03\/Anna-Maria1.jpg 674w, https:\/\/www.istitutogalanteoliva.it\/magazine\/wp-content\/uploads\/2021\/03\/Anna-Maria1-300x300.jpg 300w, https:\/\/www.istitutogalanteoliva.it\/magazine\/wp-content\/uploads\/2021\/03\/Anna-Maria1-150x150.jpg 150w\" sizes=\"auto, (max-width: 100px) 100vw, 100px\" \/>  <em><span class=\"has-inline-color has-vivid-cyan-blue-color\"><strong><a href=\"https:\/\/www.istitutogalanteoliva.it\/magazine\/?s=Anna+Maria+Noia+\" target=\"_blank\" rel=\"noreferrer noopener\">Anna Maria Noia <\/a><\/strong><\/span><\/em><\/p>\n<div class=\"pdfprnt-buttons pdfprnt-buttons-post pdfprnt-bottom-left\"><a href=\"https:\/\/www.istitutogalanteoliva.it\/magazine\/wp-json\/wp\/v2\/posts\/9305?print=print\" class=\"pdfprnt-button pdfprnt-button-print\" target=\"_blank\"><img decoding=\"async\" src=\"https:\/\/www.istitutogalanteoliva.it\/magazine\/wp-content\/plugins\/pdf-print\/images\/print.png\" alt=\"image_print\" title=\"Stampa contenuto\" \/><span class=\"pdfprnt-button-title pdfprnt-button-print-title\">Download in PDF<\/span><\/a><\/div>","protected":false},"excerpt":{"rendered":"<p>Cambiano le modalit\u00e0 di conferimento rifiuti nel comune del salernitano. Nuovi kit da ottobre<\/p>\n","protected":false},"author":2,"featured_media":9317,"comment_status":"open","ping_status":"open","sticky":true,"template":"","format":"standard","meta":{"footnotes":""},"categories":[148,6,254,210],"tags":[],"class_list":["post-9305","post","type-post","status-publish","format-standard","has-post-thumbnail","hentry","category-148","category-ambiente","category-attualita","category-campania"],"yoast_head":"<!-- This site is optimized with the Yoast SEO plugin v24.2 - https:\/\/yoast.com\/wordpress\/plugins\/seo\/ -->\n<title>Mercato S.Severino(SA), tra nuovi mastelli e polemiche - Polis SA Magazine<\/title>\n<meta name=\"robots\" content=\"index, follow, max-snippet:-1, max-image-preview:large, max-video-preview:-1\" \/>\n<link rel=\"canonical\" href=\"https:\/\/www.istitutogalanteoliva.it\/magazine\/2021\/09\/13\/mercato-s-severinosa-tra-nuovi-mastelli-e-polemiche\/\" \/>\n<meta property=\"og:locale\" content=\"it_IT\" \/>\n<meta property=\"og:type\" content=\"article\" \/>\n<meta property=\"og:title\" content=\"Mercato S.Severino(SA), tra nuovi mastelli e polemiche - Polis SA Magazine\" \/>\n<meta property=\"og:description\" content=\"Cambiano le modalit\u00e0 di conferimento rifiuti nel comune del salernitano. Nuovi kit da ottobre\" \/>\n<meta property=\"og:url\" content=\"https:\/\/www.istitutogalanteoliva.it\/magazine\/2021\/09\/13\/mercato-s-severinosa-tra-nuovi-mastelli-e-polemiche\/\" \/>\n<meta property=\"og:site_name\" content=\"Polis SA Magazine\" \/>\n<meta property=\"article:publisher\" content=\"https:\/\/www.facebook.com\/PolisSAMagazine\/\" \/>\n<meta property=\"article:published_time\" content=\"2021-09-13T12:00:00+00:00\" \/>\n<meta property=\"article:modified_time\" content=\"2021-09-13T13:09:40+00:00\" \/>\n<meta property=\"og:image\" content=\"https:\/\/www.istitutogalanteoliva.it\/magazine\/wp-content\/uploads\/2021\/09\/palazzo-vanvitelliano18.jpg\" \/>\n\t<meta property=\"og:image:width\" content=\"1280\" \/>\n\t<meta property=\"og:image:height\" content=\"720\" \/>\n\t<meta property=\"og:image:type\" content=\"image\/jpeg\" \/>\n<meta name=\"author\" content=\"Antonello Rivano\" \/>\n<meta name=\"twitter:card\" content=\"summary_large_image\" \/>\n<meta name=\"twitter:creator\" content=\"@MagazinePolis\" \/>\n<meta name=\"twitter:site\" content=\"@MagazinePolis\" \/>\n<meta name=\"twitter:label1\" content=\"Scritto da\" \/>\n\t<meta name=\"twitter:data1\" content=\"Antonello Rivano\" \/>\n\t<meta name=\"twitter:label2\" content=\"Tempo di lettura stimato\" \/>\n\t<meta name=\"twitter:data2\" content=\"5 minuti\" \/>\n<script type=\"application\/ld+json\" class=\"yoast-schema-graph\">{\"@context\":\"https:\/\/schema.org\",\"@graph\":[{\"@type\":\"Article\",\"@id\":\"https:\/\/www.istitutogalanteoliva.it\/magazine\/2021\/09\/13\/mercato-s-severinosa-tra-nuovi-mastelli-e-polemiche\/#article\",\"isPartOf\":{\"@id\":\"https:\/\/www.istitutogalanteoliva.it\/magazine\/2021\/09\/13\/mercato-s-severinosa-tra-nuovi-mastelli-e-polemiche\/\"},\"author\":{\"name\":\"Antonello Rivano\",\"@id\":\"https:\/\/www.istitutogalanteoliva.it\/magazine\/#\/schema\/person\/d8b8aa79cfe8babc1df9da3212a7c0c4\"},\"headline\":\"Mercato S.Severino(SA), tra nuovi mastelli e polemiche\",\"datePublished\":\"2021-09-13T12:00:00+00:00\",\"dateModified\":\"2021-09-13T13:09:40+00:00\",\"mainEntityOfPage\":{\"@id\":\"https:\/\/www.istitutogalanteoliva.it\/magazine\/2021\/09\/13\/mercato-s-severinosa-tra-nuovi-mastelli-e-polemiche\/\"},\"wordCount\":995,\"commentCount\":1,\"publisher\":{\"@id\":\"https:\/\/www.istitutogalanteoliva.it\/magazine\/#organization\"},\"image\":{\"@id\":\"https:\/\/www.istitutogalanteoliva.it\/magazine\/2021\/09\/13\/mercato-s-severinosa-tra-nuovi-mastelli-e-polemiche\/#primaryimage\"},\"thumbnailUrl\":\"https:\/\/www.istitutogalanteoliva.it\/magazine\/wp-content\/uploads\/2021\/09\/palazzo-vanvitelliano18.jpg\",\"articleSection\":[\"2021\",\"Ambiente\",\"Attualit\u00e0\",\"Campania\"],\"inLanguage\":\"it-IT\",\"potentialAction\":[{\"@type\":\"CommentAction\",\"name\":\"Comment\",\"target\":[\"https:\/\/www.istitutogalanteoliva.it\/magazine\/2021\/09\/13\/mercato-s-severinosa-tra-nuovi-mastelli-e-polemiche\/#respond\"]}]},{\"@type\":\"WebPage\",\"@id\":\"https:\/\/www.istitutogalanteoliva.it\/magazine\/2021\/09\/13\/mercato-s-severinosa-tra-nuovi-mastelli-e-polemiche\/\",\"url\":\"https:\/\/www.istitutogalanteoliva.it\/magazine\/2021\/09\/13\/mercato-s-severinosa-tra-nuovi-mastelli-e-polemiche\/\",\"name\":\"Mercato S.Severino(SA), tra nuovi mastelli e polemiche - Polis SA Magazine\",\"isPartOf\":{\"@id\":\"https:\/\/www.istitutogalanteoliva.it\/magazine\/#website\"},\"primaryImageOfPage\":{\"@id\":\"https:\/\/www.istitutogalanteoliva.it\/magazine\/2021\/09\/13\/mercato-s-severinosa-tra-nuovi-mastelli-e-polemiche\/#primaryimage\"},\"image\":{\"@id\":\"https:\/\/www.istitutogalanteoliva.it\/magazine\/2021\/09\/13\/mercato-s-severinosa-tra-nuovi-mastelli-e-polemiche\/#primaryimage\"},\"thumbnailUrl\":\"https:\/\/www.istitutogalanteoliva.it\/magazine\/wp-content\/uploads\/2021\/09\/palazzo-vanvitelliano18.jpg\",\"datePublished\":\"2021-09-13T12:00:00+00:00\",\"dateModified\":\"2021-09-13T13:09:40+00:00\",\"breadcrumb\":{\"@id\":\"https:\/\/www.istitutogalanteoliva.it\/magazine\/2021\/09\/13\/mercato-s-severinosa-tra-nuovi-mastelli-e-polemiche\/#breadcrumb\"},\"inLanguage\":\"it-IT\",\"potentialAction\":[{\"@type\":\"ReadAction\",\"target\":[\"https:\/\/www.istitutogalanteoliva.it\/magazine\/2021\/09\/13\/mercato-s-severinosa-tra-nuovi-mastelli-e-polemiche\/\"]}]},{\"@type\":\"ImageObject\",\"inLanguage\":\"it-IT\",\"@id\":\"https:\/\/www.istitutogalanteoliva.it\/magazine\/2021\/09\/13\/mercato-s-severinosa-tra-nuovi-mastelli-e-polemiche\/#primaryimage\",\"url\":\"https:\/\/www.istitutogalanteoliva.it\/magazine\/wp-content\/uploads\/2021\/09\/palazzo-vanvitelliano18.jpg\",\"contentUrl\":\"https:\/\/www.istitutogalanteoliva.it\/magazine\/wp-content\/uploads\/2021\/09\/palazzo-vanvitelliano18.jpg\",\"width\":1280,\"height\":720},{\"@type\":\"BreadcrumbList\",\"@id\":\"https:\/\/www.istitutogalanteoliva.it\/magazine\/2021\/09\/13\/mercato-s-severinosa-tra-nuovi-mastelli-e-polemiche\/#breadcrumb\",\"itemListElement\":[{\"@type\":\"ListItem\",\"position\":1,\"name\":\"Home\",\"item\":\"https:\/\/www.istitutogalanteoliva.it\/magazine\/\"},{\"@type\":\"ListItem\",\"position\":2,\"name\":\"Mercato S.Severino(SA), tra nuovi mastelli e polemiche\"}]},{\"@type\":\"WebSite\",\"@id\":\"https:\/\/www.istitutogalanteoliva.it\/magazine\/#website\",\"url\":\"https:\/\/www.istitutogalanteoliva.it\/magazine\/\",\"name\":\"POLIS SA MAGAZINE\",\"description\":\"Informazione e approfondimenti\",\"publisher\":{\"@id\":\"https:\/\/www.istitutogalanteoliva.it\/magazine\/#organization\"},\"potentialAction\":[{\"@type\":\"SearchAction\",\"target\":{\"@type\":\"EntryPoint\",\"urlTemplate\":\"https:\/\/www.istitutogalanteoliva.it\/magazine\/?s={search_term_string}\"},\"query-input\":{\"@type\":\"PropertyValueSpecification\",\"valueRequired\":true,\"valueName\":\"search_term_string\"}}],\"inLanguage\":\"it-IT\"},{\"@type\":\"Organization\",\"@id\":\"https:\/\/www.istitutogalanteoliva.it\/magazine\/#organization\",\"name\":\"Polis SA Magazine\",\"url\":\"https:\/\/www.istitutogalanteoliva.it\/magazine\/\",\"logo\":{\"@type\":\"ImageObject\",\"inLanguage\":\"it-IT\",\"@id\":\"https:\/\/www.istitutogalanteoliva.it\/magazine\/#\/schema\/logo\/image\/\",\"url\":\"\",\"contentUrl\":\"\",\"caption\":\"Polis SA Magazine\"},\"image\":{\"@id\":\"https:\/\/www.istitutogalanteoliva.it\/magazine\/#\/schema\/logo\/image\/\"},\"sameAs\":[\"https:\/\/www.facebook.com\/PolisSAMagazine\/\",\"https:\/\/x.com\/MagazinePolis\",\"https:\/\/www.youtube.com\/channel\/UCv0Mr5AHKUmsc0sEEXkJrgw\"]},{\"@type\":\"Person\",\"@id\":\"https:\/\/www.istitutogalanteoliva.it\/magazine\/#\/schema\/person\/d8b8aa79cfe8babc1df9da3212a7c0c4\",\"name\":\"Antonello Rivano\",\"image\":{\"@type\":\"ImageObject\",\"inLanguage\":\"it-IT\",\"@id\":\"https:\/\/www.istitutogalanteoliva.it\/magazine\/#\/schema\/person\/image\/\",\"url\":\"https:\/\/secure.gravatar.com\/avatar\/517a9a6487a7a18ecc4ce6d2e57a8f40?s=96&d=mm&r=g\",\"contentUrl\":\"https:\/\/secure.gravatar.com\/avatar\/517a9a6487a7a18ecc4ce6d2e57a8f40?s=96&d=mm&r=g\",\"caption\":\"Antonello Rivano\"},\"url\":\"https:\/\/www.istitutogalanteoliva.it\/magazine\/author\/antonello\/\"}]}<\/script>\n<!-- \/ Yoast SEO plugin. -->","yoast_head_json":{"title":"Mercato S.Severino(SA), tra nuovi mastelli e polemiche - Polis SA Magazine","robots":{"index":"index","follow":"follow","max-snippet":"max-snippet:-1","max-image-preview":"max-image-preview:large","max-video-preview":"max-video-preview:-1"},"canonical":"https:\/\/www.istitutogalanteoliva.it\/magazine\/2021\/09\/13\/mercato-s-severinosa-tra-nuovi-mastelli-e-polemiche\/","og_locale":"it_IT","og_type":"article","og_title":"Mercato S.Severino(SA), tra nuovi mastelli e polemiche - Polis SA Magazine","og_description":"Cambiano le modalit\u00e0 di conferimento rifiuti nel comune del salernitano. Nuovi kit da ottobre","og_url":"https:\/\/www.istitutogalanteoliva.it\/magazine\/2021\/09\/13\/mercato-s-severinosa-tra-nuovi-mastelli-e-polemiche\/","og_site_name":"Polis SA Magazine","article_publisher":"https:\/\/www.facebook.com\/PolisSAMagazine\/","article_published_time":"2021-09-13T12:00:00+00:00","article_modified_time":"2021-09-13T13:09:40+00:00","og_image":[{"width":1280,"height":720,"url":"https:\/\/www.istitutogalanteoliva.it\/magazine\/wp-content\/uploads\/2021\/09\/palazzo-vanvitelliano18.jpg","type":"image\/jpeg"}],"author":"Antonello Rivano","twitter_card":"summary_large_image","twitter_creator":"@MagazinePolis","twitter_site":"@MagazinePolis","twitter_misc":{"Scritto da":"Antonello Rivano","Tempo di lettura stimato":"5 minuti"},"schema":{"@context":"https:\/\/schema.org","@graph":[{"@type":"Article","@id":"https:\/\/www.istitutogalanteoliva.it\/magazine\/2021\/09\/13\/mercato-s-severinosa-tra-nuovi-mastelli-e-polemiche\/#article","isPartOf":{"@id":"https:\/\/www.istitutogalanteoliva.it\/magazine\/2021\/09\/13\/mercato-s-severinosa-tra-nuovi-mastelli-e-polemiche\/"},"author":{"name":"Antonello Rivano","@id":"https:\/\/www.istitutogalanteoliva.it\/magazine\/#\/schema\/person\/d8b8aa79cfe8babc1df9da3212a7c0c4"},"headline":"Mercato S.Severino(SA), tra nuovi mastelli e polemiche","datePublished":"2021-09-13T12:00:00+00:00","dateModified":"2021-09-13T13:09:40+00:00","mainEntityOfPage":{"@id":"https:\/\/www.istitutogalanteoliva.it\/magazine\/2021\/09\/13\/mercato-s-severinosa-tra-nuovi-mastelli-e-polemiche\/"},"wordCount":995,"commentCount":1,"publisher":{"@id":"https:\/\/www.istitutogalanteoliva.it\/magazine\/#organization"},"image":{"@id":"https:\/\/www.istitutogalanteoliva.it\/magazine\/2021\/09\/13\/mercato-s-severinosa-tra-nuovi-mastelli-e-polemiche\/#primaryimage"},"thumbnailUrl":"https:\/\/www.istitutogalanteoliva.it\/magazine\/wp-content\/uploads\/2021\/09\/palazzo-vanvitelliano18.jpg","articleSection":["2021","Ambiente","Attualit\u00e0","Campania"],"inLanguage":"it-IT","potentialAction":[{"@type":"CommentAction","name":"Comment","target":["https:\/\/www.istitutogalanteoliva.it\/magazine\/2021\/09\/13\/mercato-s-severinosa-tra-nuovi-mastelli-e-polemiche\/#respond"]}]},{"@type":"WebPage","@id":"https:\/\/www.istitutogalanteoliva.it\/magazine\/2021\/09\/13\/mercato-s-severinosa-tra-nuovi-mastelli-e-polemiche\/","url":"https:\/\/www.istitutogalanteoliva.it\/magazine\/2021\/09\/13\/mercato-s-severinosa-tra-nuovi-mastelli-e-polemiche\/","name":"Mercato S.Severino(SA), tra nuovi mastelli e polemiche - Polis SA Magazine","isPartOf":{"@id":"https:\/\/www.istitutogalanteoliva.it\/magazine\/#website"},"primaryImageOfPage":{"@id":"https:\/\/www.istitutogalanteoliva.it\/magazine\/2021\/09\/13\/mercato-s-severinosa-tra-nuovi-mastelli-e-polemiche\/#primaryimage"},"image":{"@id":"https:\/\/www.istitutogalanteoliva.it\/magazine\/2021\/09\/13\/mercato-s-severinosa-tra-nuovi-mastelli-e-polemiche\/#primaryimage"},"thumbnailUrl":"https:\/\/www.istitutogalanteoliva.it\/magazine\/wp-content\/uploads\/2021\/09\/palazzo-vanvitelliano18.jpg","datePublished":"2021-09-13T12:00:00+00:00","dateModified":"2021-09-13T13:09:40+00:00","breadcrumb":{"@id":"https:\/\/www.istitutogalanteoliva.it\/magazine\/2021\/09\/13\/mercato-s-severinosa-tra-nuovi-mastelli-e-polemiche\/#breadcrumb"},"inLanguage":"it-IT","potentialAction":[{"@type":"ReadAction","target":["https:\/\/www.istitutogalanteoliva.it\/magazine\/2021\/09\/13\/mercato-s-severinosa-tra-nuovi-mastelli-e-polemiche\/"]}]},{"@type":"ImageObject","inLanguage":"it-IT","@id":"https:\/\/www.istitutogalanteoliva.it\/magazine\/2021\/09\/13\/mercato-s-severinosa-tra-nuovi-mastelli-e-polemiche\/#primaryimage","url":"https:\/\/www.istitutogalanteoliva.it\/magazine\/wp-content\/uploads\/2021\/09\/palazzo-vanvitelliano18.jpg","contentUrl":"https:\/\/www.istitutogalanteoliva.it\/magazine\/wp-content\/uploads\/2021\/09\/palazzo-vanvitelliano18.jpg","width":1280,"height":720},{"@type":"BreadcrumbList","@id":"https:\/\/www.istitutogalanteoliva.it\/magazine\/2021\/09\/13\/mercato-s-severinosa-tra-nuovi-mastelli-e-polemiche\/#breadcrumb","itemListElement":[{"@type":"ListItem","position":1,"name":"Home","item":"https:\/\/www.istitutogalanteoliva.it\/magazine\/"},{"@type":"ListItem","position":2,"name":"Mercato S.Severino(SA), tra nuovi mastelli e polemiche"}]},{"@type":"WebSite","@id":"https:\/\/www.istitutogalanteoliva.it\/magazine\/#website","url":"https:\/\/www.istitutogalanteoliva.it\/magazine\/","name":"POLIS SA MAGAZINE","description":"Informazione e approfondimenti","publisher":{"@id":"https:\/\/www.istitutogalanteoliva.it\/magazine\/#organization"},"potentialAction":[{"@type":"SearchAction","target":{"@type":"EntryPoint","urlTemplate":"https:\/\/www.istitutogalanteoliva.it\/magazine\/?s={search_term_string}"},"query-input":{"@type":"PropertyValueSpecification","valueRequired":true,"valueName":"search_term_string"}}],"inLanguage":"it-IT"},{"@type":"Organization","@id":"https:\/\/www.istitutogalanteoliva.it\/magazine\/#organization","name":"Polis SA Magazine","url":"https:\/\/www.istitutogalanteoliva.it\/magazine\/","logo":{"@type":"ImageObject","inLanguage":"it-IT","@id":"https:\/\/www.istitutogalanteoliva.it\/magazine\/#\/schema\/logo\/image\/","url":"","contentUrl":"","caption":"Polis SA Magazine"},"image":{"@id":"https:\/\/www.istitutogalanteoliva.it\/magazine\/#\/schema\/logo\/image\/"},"sameAs":["https:\/\/www.facebook.com\/PolisSAMagazine\/","https:\/\/x.com\/MagazinePolis","https:\/\/www.youtube.com\/channel\/UCv0Mr5AHKUmsc0sEEXkJrgw"]},{"@type":"Person","@id":"https:\/\/www.istitutogalanteoliva.it\/magazine\/#\/schema\/person\/d8b8aa79cfe8babc1df9da3212a7c0c4","name":"Antonello Rivano","image":{"@type":"ImageObject","inLanguage":"it-IT","@id":"https:\/\/www.istitutogalanteoliva.it\/magazine\/#\/schema\/person\/image\/","url":"https:\/\/secure.gravatar.com\/avatar\/517a9a6487a7a18ecc4ce6d2e57a8f40?s=96&d=mm&r=g","contentUrl":"https:\/\/secure.gravatar.com\/avatar\/517a9a6487a7a18ecc4ce6d2e57a8f40?s=96&d=mm&r=g","caption":"Antonello Rivano"},"url":"https:\/\/www.istitutogalanteoliva.it\/magazine\/author\/antonello\/"}]}},"_links":{"self":[{"href":"https:\/\/www.istitutogalanteoliva.it\/magazine\/wp-json\/wp\/v2\/posts\/9305","targetHints":{"allow":["GET"]}}],"collection":[{"href":"https:\/\/www.istitutogalanteoliva.it\/magazine\/wp-json\/wp\/v2\/posts"}],"about":[{"href":"https:\/\/www.istitutogalanteoliva.it\/magazine\/wp-json\/wp\/v2\/types\/post"}],"author":[{"embeddable":true,"href":"https:\/\/www.istitutogalanteoliva.it\/magazine\/wp-json\/wp\/v2\/users\/2"}],"replies":[{"embeddable":true,"href":"https:\/\/www.istitutogalanteoliva.it\/magazine\/wp-json\/wp\/v2\/comments?post=9305"}],"version-history":[{"count":5,"href":"https:\/\/www.istitutogalanteoliva.it\/magazine\/wp-json\/wp\/v2\/posts\/9305\/revisions"}],"predecessor-version":[{"id":9319,"href":"https:\/\/www.istitutogalanteoliva.it\/magazine\/wp-json\/wp\/v2\/posts\/9305\/revisions\/9319"}],"wp:featuredmedia":[{"embeddable":true,"href":"https:\/\/www.istitutogalanteoliva.it\/magazine\/wp-json\/wp\/v2\/media\/9317"}],"wp:attachment":[{"href":"https:\/\/www.istitutogalanteoliva.it\/magazine\/wp-json\/wp\/v2\/media?parent=9305"}],"wp:term":[{"taxonomy":"category","embeddable":true,"href":"https:\/\/www.istitutogalanteoliva.it\/magazine\/wp-json\/wp\/v2\/categories?post=9305"},{"taxonomy":"post_tag","embeddable":true,"href":"https:\/\/www.istitutogalanteoliva.it\/magazine\/wp-json\/wp\/v2\/tags?post=9305"}],"curies":[{"name":"wp","href":"https:\/\/api.w.org\/{rel}","templated":true}]}}