{"id":9340,"date":"2021-09-15T08:00:00","date_gmt":"2021-09-15T06:00:00","guid":{"rendered":"https:\/\/www.istitutogalanteoliva.it\/magazine\/?p=9340"},"modified":"2021-10-07T16:07:24","modified_gmt":"2021-10-07T14:07:24","slug":"bologna-lotta-con-quartiere","status":"publish","type":"post","link":"https:\/\/www.istitutogalanteoliva.it\/magazine\/2021\/09\/15\/bologna-lotta-con-quartiere\/","title":{"rendered":"Lotta con quartiere"},"content":{"rendered":"\n<h2 class=\"wp-block-heading\"><strong><br><\/strong><\/h2>\n\n\n\n<h4 class=\"wp-block-heading\">Bologna, quartiere Mazzini.&nbsp;La vita in questa citt\u00e0, ritenuta da molti citt\u00e0 ideale, pone molti spunti di riflessione, partendo dal basso. Universit\u00e0, immigrazione interna ed esterna, radicamento. Ma la vecchia rossa signora, riesce ancora a stupirci.&nbsp;<\/h4>\n\n\n\n<h2 class=\"wp-block-heading\"><br><\/h2>\n\n\n\n<p><strong><sup>di <em>Diana Vitale<\/em><\/sup><\/strong><\/p>\n\n\n\n<p class=\"has-drop-cap\"><br><br>Un grembiule con stampe tirolesi su un abitino svasato, oppure uno scamiciato, una tuta da officina, ciabatte, scarpe da lavoro.<\/p>\n\n\n\n<p>Agguerriti e puntuali, al mattino sul presto, arrivando armati delle loro scope, sacchetti, forbici, palette, secchi. Calzano guanti di gomma da cucina, o da&nbsp;&nbsp;magazzino, e puliscono.<\/p>\n\n\n\n<p>Li vedo scuotere la testa, sconsolati e delusi, ma determinati a ripristinare ordine, pulizia e decoro. Parole antiquate come loro, vecchi pensionati, ex operai, che hanno vissuto stagioni di lavoro e lotta, e non hanno smesso di credere che, nonostante tutto, un ordine pu\u00f2 essere ricostituito, una pulizia fatta, un decoro ripristinato.<\/p>\n\n\n\n<p>Non le loro case, ma le parti antistanti ai loro giardini, gli spazi comuni delle palazzine post belliche di questo quartiere fuori dalle mura, le strade davanti ai loro cancelli.&nbsp;<\/p>\n\n\n\n<p>Prima di tutto le erbacce e gli escrementi dai marciapiedi, una bella spazzata. Bottiglie di birra, lattine, cartacce, mozziconi di sigarette. Tutto rigorosamente differenziato.<\/p>\n\n\n\n<p>Poi una sistemata&nbsp;&nbsp;al verde dei viali, una potata ai rami, magari si aggiunge una piantina nelle aiuole che ci sono lungo la via.<\/p>\n\n\n\n<p>Infine si passa ai bidoni. L\u00ec \u00e8 una guerra senza quartiere. Raccologono tutto quello che vi \u00e8 intorno, tutto ci\u00f2 che viene &nbsp;lasciato &nbsp;fuori, &nbsp;forse da chi non ha le idee ben chiare su come dividere la spazzatura.&nbsp;<\/p>\n\n\n\n<p>Il cassonetto dell\u2019umido ha una chiave di plastica verde. Per l\u2019indifferenziata serve una card personale. Tutto il resto \u00e8 aperto.<\/p>\n\n\n\n<p>Tuttavia \u00e8 un fiorire di sacchetti, vestiti, piccoli mobili, vecchi divani. Loro dividono, armati di seghetti e cesoie, riducono in minini termini quello che non passa dall\u2019apertura. Portano abiti e scarpe nel contenitore della Caritas , &nbsp;poco lontano, caricando tutto in piccoli carrelli.<\/p>\n\n\n\n<p>Chiamano il Numero Verde per i rifiuti ingombranti, non loro. &nbsp;&nbsp;Ma il \u201cnon loro\u201d \u00e8 loro comunque. E\u2019 il loro quartiere, sono i loro marciapiedi. Sono loro e li rendono nostri.&nbsp;<\/p>\n\n\n\n<p>Testardi e tenaci, sconsolati e delusi. Ci riconsegnano ordine, pulizia e decoro, ostinatamente, ogni giorno.<\/p>\n\n\n\n<p>Non delegano. Nel mio condominio non c\u2019\u00e8 mai stato un amministratore esterno, lo si fa a turno. Tuttavia &nbsp;per i lavori con Ecobonus che faremo, si \u00e8 deciso, a maggioranza, di affidarci ad un professionista. Noi abbiamo delegato.<\/p>\n\n\n\n<p>Un vecchio condomino di minoranza, ha fatto un appello accorato, facendo leva sul nostro senso di responsabilit\u00e0 del bene comune, che nessun mercenario avrebbe avuto a cuore come noi che viviamo qui.<\/p>\n\n\n\n<p>Intanto, da un po\u2019 di tempo, uscendo dal mio cancello col cane, raccolgo le cartacce portate dentro dal vento, ma anche quelle fuori. Perch\u00e8 le vedo solo ora?<\/p>\n\n\n\n<p>Tra un mese si vota. Perch\u00e8 lo faccio sempre meno volentieri? Senso di responsabilit\u00e0. Bene comune. Testardaggine.<\/p>\n\n\n\n<p><img loading=\"lazy\" decoding=\"async\" width=\"100\" height=\"100\" class=\"wp-image-9796\" style=\"width: 100px;\" src=\"https:\/\/www.istitutogalanteoliva.it\/magazine\/wp-content\/uploads\/2021\/09\/Diana-2.jpg\" alt=\"\" srcset=\"https:\/\/www.istitutogalanteoliva.it\/magazine\/wp-content\/uploads\/2021\/09\/Diana-2.jpg 720w, https:\/\/www.istitutogalanteoliva.it\/magazine\/wp-content\/uploads\/2021\/09\/Diana-2-300x300.jpg 300w, https:\/\/www.istitutogalanteoliva.it\/magazine\/wp-content\/uploads\/2021\/09\/Diana-2-150x150.jpg 150w\" sizes=\"auto, (max-width: 100px) 100vw, 100px\" \/><strong><em>Diana Vitale<\/em><\/strong><\/p>\n<div class=\"pdfprnt-buttons pdfprnt-buttons-post pdfprnt-bottom-left\"><a href=\"https:\/\/www.istitutogalanteoliva.it\/magazine\/wp-json\/wp\/v2\/posts\/9340?print=print\" class=\"pdfprnt-button pdfprnt-button-print\" target=\"_blank\"><img decoding=\"async\" src=\"https:\/\/www.istitutogalanteoliva.it\/magazine\/wp-content\/plugins\/pdf-print\/images\/print.png\" alt=\"image_print\" title=\"Stampa contenuto\" \/><span class=\"pdfprnt-button-title pdfprnt-button-print-title\">Download in PDF<\/span><\/a><\/div>","protected":false},"excerpt":{"rendered":"<p>Bologna. Sono vecchi pensionati, ex operai, che hanno vissuto stagioni di lavoro e lotta, e non hanno smesso di credere che, nonostante tutto, un ordine pu\u00f2 essere ricostituito, una pulizia fatta, un decoro ripristinato.<\/p>\n","protected":false},"author":2,"featured_media":9341,"comment_status":"open","ping_status":"open","sticky":true,"template":"","format":"standard","meta":{"footnotes":""},"categories":[148,6,452,13],"tags":[],"class_list":["post-9340","post","type-post","status-publish","format-standard","has-post-thumbnail","hentry","category-148","category-ambiente","category-emilia-romagna","category-territorio"],"yoast_head":"<!-- This site is optimized with the Yoast SEO plugin v24.2 - https:\/\/yoast.com\/wordpress\/plugins\/seo\/ -->\n<title>Lotta con quartiere - Polis SA Magazine<\/title>\n<meta name=\"robots\" content=\"index, follow, max-snippet:-1, max-image-preview:large, max-video-preview:-1\" \/>\n<link rel=\"canonical\" href=\"https:\/\/www.istitutogalanteoliva.it\/magazine\/2021\/09\/15\/bologna-lotta-con-quartiere\/\" \/>\n<meta property=\"og:locale\" content=\"it_IT\" \/>\n<meta property=\"og:type\" content=\"article\" \/>\n<meta property=\"og:title\" content=\"Lotta con quartiere - Polis SA Magazine\" \/>\n<meta property=\"og:description\" content=\"Bologna. Sono vecchi pensionati, ex operai, che hanno vissuto stagioni di lavoro e lotta, e non hanno smesso di credere che, nonostante tutto, un ordine pu\u00f2 essere ricostituito, una pulizia fatta, un decoro ripristinato.\" \/>\n<meta property=\"og:url\" content=\"https:\/\/www.istitutogalanteoliva.it\/magazine\/2021\/09\/15\/bologna-lotta-con-quartiere\/\" \/>\n<meta property=\"og:site_name\" content=\"Polis SA Magazine\" \/>\n<meta property=\"article:publisher\" content=\"https:\/\/www.facebook.com\/PolisSAMagazine\/\" \/>\n<meta property=\"article:published_time\" content=\"2021-09-15T06:00:00+00:00\" \/>\n<meta property=\"article:modified_time\" content=\"2021-10-07T14:07:24+00:00\" \/>\n<meta property=\"og:image\" content=\"https:\/\/www.istitutogalanteoliva.it\/magazine\/wp-content\/uploads\/2021\/09\/Bologna-min-620x340-1.jpg\" \/>\n\t<meta property=\"og:image:width\" content=\"620\" \/>\n\t<meta property=\"og:image:height\" content=\"340\" \/>\n\t<meta property=\"og:image:type\" content=\"image\/jpeg\" \/>\n<meta name=\"author\" content=\"Antonello Rivano\" \/>\n<meta name=\"twitter:card\" content=\"summary_large_image\" \/>\n<meta name=\"twitter:creator\" content=\"@MagazinePolis\" \/>\n<meta name=\"twitter:site\" content=\"@MagazinePolis\" \/>\n<meta name=\"twitter:label1\" content=\"Scritto da\" \/>\n\t<meta name=\"twitter:data1\" content=\"Antonello Rivano\" \/>\n\t<meta name=\"twitter:label2\" content=\"Tempo di lettura stimato\" \/>\n\t<meta name=\"twitter:data2\" content=\"2 minuti\" \/>\n<script type=\"application\/ld+json\" class=\"yoast-schema-graph\">{\"@context\":\"https:\/\/schema.org\",\"@graph\":[{\"@type\":\"Article\",\"@id\":\"https:\/\/www.istitutogalanteoliva.it\/magazine\/2021\/09\/15\/bologna-lotta-con-quartiere\/#article\",\"isPartOf\":{\"@id\":\"https:\/\/www.istitutogalanteoliva.it\/magazine\/2021\/09\/15\/bologna-lotta-con-quartiere\/\"},\"author\":{\"name\":\"Antonello Rivano\",\"@id\":\"https:\/\/www.istitutogalanteoliva.it\/magazine\/#\/schema\/person\/d8b8aa79cfe8babc1df9da3212a7c0c4\"},\"headline\":\"Lotta con quartiere\",\"datePublished\":\"2021-09-15T06:00:00+00:00\",\"dateModified\":\"2021-10-07T14:07:24+00:00\",\"mainEntityOfPage\":{\"@id\":\"https:\/\/www.istitutogalanteoliva.it\/magazine\/2021\/09\/15\/bologna-lotta-con-quartiere\/\"},\"wordCount\":493,\"commentCount\":1,\"publisher\":{\"@id\":\"https:\/\/www.istitutogalanteoliva.it\/magazine\/#organization\"},\"image\":{\"@id\":\"https:\/\/www.istitutogalanteoliva.it\/magazine\/2021\/09\/15\/bologna-lotta-con-quartiere\/#primaryimage\"},\"thumbnailUrl\":\"https:\/\/www.istitutogalanteoliva.it\/magazine\/wp-content\/uploads\/2021\/09\/Bologna-min-620x340-1.jpg\",\"articleSection\":[\"2021\",\"Ambiente\",\"Emilia Romagna\",\"Territorio\"],\"inLanguage\":\"it-IT\",\"potentialAction\":[{\"@type\":\"CommentAction\",\"name\":\"Comment\",\"target\":[\"https:\/\/www.istitutogalanteoliva.it\/magazine\/2021\/09\/15\/bologna-lotta-con-quartiere\/#respond\"]}]},{\"@type\":\"WebPage\",\"@id\":\"https:\/\/www.istitutogalanteoliva.it\/magazine\/2021\/09\/15\/bologna-lotta-con-quartiere\/\",\"url\":\"https:\/\/www.istitutogalanteoliva.it\/magazine\/2021\/09\/15\/bologna-lotta-con-quartiere\/\",\"name\":\"Lotta con quartiere - Polis SA Magazine\",\"isPartOf\":{\"@id\":\"https:\/\/www.istitutogalanteoliva.it\/magazine\/#website\"},\"primaryImageOfPage\":{\"@id\":\"https:\/\/www.istitutogalanteoliva.it\/magazine\/2021\/09\/15\/bologna-lotta-con-quartiere\/#primaryimage\"},\"image\":{\"@id\":\"https:\/\/www.istitutogalanteoliva.it\/magazine\/2021\/09\/15\/bologna-lotta-con-quartiere\/#primaryimage\"},\"thumbnailUrl\":\"https:\/\/www.istitutogalanteoliva.it\/magazine\/wp-content\/uploads\/2021\/09\/Bologna-min-620x340-1.jpg\",\"datePublished\":\"2021-09-15T06:00:00+00:00\",\"dateModified\":\"2021-10-07T14:07:24+00:00\",\"breadcrumb\":{\"@id\":\"https:\/\/www.istitutogalanteoliva.it\/magazine\/2021\/09\/15\/bologna-lotta-con-quartiere\/#breadcrumb\"},\"inLanguage\":\"it-IT\",\"potentialAction\":[{\"@type\":\"ReadAction\",\"target\":[\"https:\/\/www.istitutogalanteoliva.it\/magazine\/2021\/09\/15\/bologna-lotta-con-quartiere\/\"]}]},{\"@type\":\"ImageObject\",\"inLanguage\":\"it-IT\",\"@id\":\"https:\/\/www.istitutogalanteoliva.it\/magazine\/2021\/09\/15\/bologna-lotta-con-quartiere\/#primaryimage\",\"url\":\"https:\/\/www.istitutogalanteoliva.it\/magazine\/wp-content\/uploads\/2021\/09\/Bologna-min-620x340-1.jpg\",\"contentUrl\":\"https:\/\/www.istitutogalanteoliva.it\/magazine\/wp-content\/uploads\/2021\/09\/Bologna-min-620x340-1.jpg\",\"width\":620,\"height\":340},{\"@type\":\"BreadcrumbList\",\"@id\":\"https:\/\/www.istitutogalanteoliva.it\/magazine\/2021\/09\/15\/bologna-lotta-con-quartiere\/#breadcrumb\",\"itemListElement\":[{\"@type\":\"ListItem\",\"position\":1,\"name\":\"Home\",\"item\":\"https:\/\/www.istitutogalanteoliva.it\/magazine\/\"},{\"@type\":\"ListItem\",\"position\":2,\"name\":\"Lotta con quartiere\"}]},{\"@type\":\"WebSite\",\"@id\":\"https:\/\/www.istitutogalanteoliva.it\/magazine\/#website\",\"url\":\"https:\/\/www.istitutogalanteoliva.it\/magazine\/\",\"name\":\"POLIS SA MAGAZINE\",\"description\":\"Informazione e approfondimenti\",\"publisher\":{\"@id\":\"https:\/\/www.istitutogalanteoliva.it\/magazine\/#organization\"},\"potentialAction\":[{\"@type\":\"SearchAction\",\"target\":{\"@type\":\"EntryPoint\",\"urlTemplate\":\"https:\/\/www.istitutogalanteoliva.it\/magazine\/?s={search_term_string}\"},\"query-input\":{\"@type\":\"PropertyValueSpecification\",\"valueRequired\":true,\"valueName\":\"search_term_string\"}}],\"inLanguage\":\"it-IT\"},{\"@type\":\"Organization\",\"@id\":\"https:\/\/www.istitutogalanteoliva.it\/magazine\/#organization\",\"name\":\"Polis SA Magazine\",\"url\":\"https:\/\/www.istitutogalanteoliva.it\/magazine\/\",\"logo\":{\"@type\":\"ImageObject\",\"inLanguage\":\"it-IT\",\"@id\":\"https:\/\/www.istitutogalanteoliva.it\/magazine\/#\/schema\/logo\/image\/\",\"url\":\"\",\"contentUrl\":\"\",\"caption\":\"Polis SA Magazine\"},\"image\":{\"@id\":\"https:\/\/www.istitutogalanteoliva.it\/magazine\/#\/schema\/logo\/image\/\"},\"sameAs\":[\"https:\/\/www.facebook.com\/PolisSAMagazine\/\",\"https:\/\/x.com\/MagazinePolis\",\"https:\/\/www.youtube.com\/channel\/UCv0Mr5AHKUmsc0sEEXkJrgw\"]},{\"@type\":\"Person\",\"@id\":\"https:\/\/www.istitutogalanteoliva.it\/magazine\/#\/schema\/person\/d8b8aa79cfe8babc1df9da3212a7c0c4\",\"name\":\"Antonello Rivano\",\"image\":{\"@type\":\"ImageObject\",\"inLanguage\":\"it-IT\",\"@id\":\"https:\/\/www.istitutogalanteoliva.it\/magazine\/#\/schema\/person\/image\/\",\"url\":\"https:\/\/secure.gravatar.com\/avatar\/517a9a6487a7a18ecc4ce6d2e57a8f40?s=96&d=mm&r=g\",\"contentUrl\":\"https:\/\/secure.gravatar.com\/avatar\/517a9a6487a7a18ecc4ce6d2e57a8f40?s=96&d=mm&r=g\",\"caption\":\"Antonello Rivano\"},\"url\":\"https:\/\/www.istitutogalanteoliva.it\/magazine\/author\/antonello\/\"}]}<\/script>\n<!-- \/ Yoast SEO plugin. -->","yoast_head_json":{"title":"Lotta con quartiere - Polis SA Magazine","robots":{"index":"index","follow":"follow","max-snippet":"max-snippet:-1","max-image-preview":"max-image-preview:large","max-video-preview":"max-video-preview:-1"},"canonical":"https:\/\/www.istitutogalanteoliva.it\/magazine\/2021\/09\/15\/bologna-lotta-con-quartiere\/","og_locale":"it_IT","og_type":"article","og_title":"Lotta con quartiere - Polis SA Magazine","og_description":"Bologna. Sono vecchi pensionati, ex operai, che hanno vissuto stagioni di lavoro e lotta, e non hanno smesso di credere che, nonostante tutto, un ordine pu\u00f2 essere ricostituito, una pulizia fatta, un decoro ripristinato.","og_url":"https:\/\/www.istitutogalanteoliva.it\/magazine\/2021\/09\/15\/bologna-lotta-con-quartiere\/","og_site_name":"Polis SA Magazine","article_publisher":"https:\/\/www.facebook.com\/PolisSAMagazine\/","article_published_time":"2021-09-15T06:00:00+00:00","article_modified_time":"2021-10-07T14:07:24+00:00","og_image":[{"width":620,"height":340,"url":"https:\/\/www.istitutogalanteoliva.it\/magazine\/wp-content\/uploads\/2021\/09\/Bologna-min-620x340-1.jpg","type":"image\/jpeg"}],"author":"Antonello Rivano","twitter_card":"summary_large_image","twitter_creator":"@MagazinePolis","twitter_site":"@MagazinePolis","twitter_misc":{"Scritto da":"Antonello Rivano","Tempo di lettura stimato":"2 minuti"},"schema":{"@context":"https:\/\/schema.org","@graph":[{"@type":"Article","@id":"https:\/\/www.istitutogalanteoliva.it\/magazine\/2021\/09\/15\/bologna-lotta-con-quartiere\/#article","isPartOf":{"@id":"https:\/\/www.istitutogalanteoliva.it\/magazine\/2021\/09\/15\/bologna-lotta-con-quartiere\/"},"author":{"name":"Antonello Rivano","@id":"https:\/\/www.istitutogalanteoliva.it\/magazine\/#\/schema\/person\/d8b8aa79cfe8babc1df9da3212a7c0c4"},"headline":"Lotta con quartiere","datePublished":"2021-09-15T06:00:00+00:00","dateModified":"2021-10-07T14:07:24+00:00","mainEntityOfPage":{"@id":"https:\/\/www.istitutogalanteoliva.it\/magazine\/2021\/09\/15\/bologna-lotta-con-quartiere\/"},"wordCount":493,"commentCount":1,"publisher":{"@id":"https:\/\/www.istitutogalanteoliva.it\/magazine\/#organization"},"image":{"@id":"https:\/\/www.istitutogalanteoliva.it\/magazine\/2021\/09\/15\/bologna-lotta-con-quartiere\/#primaryimage"},"thumbnailUrl":"https:\/\/www.istitutogalanteoliva.it\/magazine\/wp-content\/uploads\/2021\/09\/Bologna-min-620x340-1.jpg","articleSection":["2021","Ambiente","Emilia Romagna","Territorio"],"inLanguage":"it-IT","potentialAction":[{"@type":"CommentAction","name":"Comment","target":["https:\/\/www.istitutogalanteoliva.it\/magazine\/2021\/09\/15\/bologna-lotta-con-quartiere\/#respond"]}]},{"@type":"WebPage","@id":"https:\/\/www.istitutogalanteoliva.it\/magazine\/2021\/09\/15\/bologna-lotta-con-quartiere\/","url":"https:\/\/www.istitutogalanteoliva.it\/magazine\/2021\/09\/15\/bologna-lotta-con-quartiere\/","name":"Lotta con quartiere - Polis SA Magazine","isPartOf":{"@id":"https:\/\/www.istitutogalanteoliva.it\/magazine\/#website"},"primaryImageOfPage":{"@id":"https:\/\/www.istitutogalanteoliva.it\/magazine\/2021\/09\/15\/bologna-lotta-con-quartiere\/#primaryimage"},"image":{"@id":"https:\/\/www.istitutogalanteoliva.it\/magazine\/2021\/09\/15\/bologna-lotta-con-quartiere\/#primaryimage"},"thumbnailUrl":"https:\/\/www.istitutogalanteoliva.it\/magazine\/wp-content\/uploads\/2021\/09\/Bologna-min-620x340-1.jpg","datePublished":"2021-09-15T06:00:00+00:00","dateModified":"2021-10-07T14:07:24+00:00","breadcrumb":{"@id":"https:\/\/www.istitutogalanteoliva.it\/magazine\/2021\/09\/15\/bologna-lotta-con-quartiere\/#breadcrumb"},"inLanguage":"it-IT","potentialAction":[{"@type":"ReadAction","target":["https:\/\/www.istitutogalanteoliva.it\/magazine\/2021\/09\/15\/bologna-lotta-con-quartiere\/"]}]},{"@type":"ImageObject","inLanguage":"it-IT","@id":"https:\/\/www.istitutogalanteoliva.it\/magazine\/2021\/09\/15\/bologna-lotta-con-quartiere\/#primaryimage","url":"https:\/\/www.istitutogalanteoliva.it\/magazine\/wp-content\/uploads\/2021\/09\/Bologna-min-620x340-1.jpg","contentUrl":"https:\/\/www.istitutogalanteoliva.it\/magazine\/wp-content\/uploads\/2021\/09\/Bologna-min-620x340-1.jpg","width":620,"height":340},{"@type":"BreadcrumbList","@id":"https:\/\/www.istitutogalanteoliva.it\/magazine\/2021\/09\/15\/bologna-lotta-con-quartiere\/#breadcrumb","itemListElement":[{"@type":"ListItem","position":1,"name":"Home","item":"https:\/\/www.istitutogalanteoliva.it\/magazine\/"},{"@type":"ListItem","position":2,"name":"Lotta con quartiere"}]},{"@type":"WebSite","@id":"https:\/\/www.istitutogalanteoliva.it\/magazine\/#website","url":"https:\/\/www.istitutogalanteoliva.it\/magazine\/","name":"POLIS SA MAGAZINE","description":"Informazione e approfondimenti","publisher":{"@id":"https:\/\/www.istitutogalanteoliva.it\/magazine\/#organization"},"potentialAction":[{"@type":"SearchAction","target":{"@type":"EntryPoint","urlTemplate":"https:\/\/www.istitutogalanteoliva.it\/magazine\/?s={search_term_string}"},"query-input":{"@type":"PropertyValueSpecification","valueRequired":true,"valueName":"search_term_string"}}],"inLanguage":"it-IT"},{"@type":"Organization","@id":"https:\/\/www.istitutogalanteoliva.it\/magazine\/#organization","name":"Polis SA Magazine","url":"https:\/\/www.istitutogalanteoliva.it\/magazine\/","logo":{"@type":"ImageObject","inLanguage":"it-IT","@id":"https:\/\/www.istitutogalanteoliva.it\/magazine\/#\/schema\/logo\/image\/","url":"","contentUrl":"","caption":"Polis SA Magazine"},"image":{"@id":"https:\/\/www.istitutogalanteoliva.it\/magazine\/#\/schema\/logo\/image\/"},"sameAs":["https:\/\/www.facebook.com\/PolisSAMagazine\/","https:\/\/x.com\/MagazinePolis","https:\/\/www.youtube.com\/channel\/UCv0Mr5AHKUmsc0sEEXkJrgw"]},{"@type":"Person","@id":"https:\/\/www.istitutogalanteoliva.it\/magazine\/#\/schema\/person\/d8b8aa79cfe8babc1df9da3212a7c0c4","name":"Antonello Rivano","image":{"@type":"ImageObject","inLanguage":"it-IT","@id":"https:\/\/www.istitutogalanteoliva.it\/magazine\/#\/schema\/person\/image\/","url":"https:\/\/secure.gravatar.com\/avatar\/517a9a6487a7a18ecc4ce6d2e57a8f40?s=96&d=mm&r=g","contentUrl":"https:\/\/secure.gravatar.com\/avatar\/517a9a6487a7a18ecc4ce6d2e57a8f40?s=96&d=mm&r=g","caption":"Antonello Rivano"},"url":"https:\/\/www.istitutogalanteoliva.it\/magazine\/author\/antonello\/"}]}},"_links":{"self":[{"href":"https:\/\/www.istitutogalanteoliva.it\/magazine\/wp-json\/wp\/v2\/posts\/9340","targetHints":{"allow":["GET"]}}],"collection":[{"href":"https:\/\/www.istitutogalanteoliva.it\/magazine\/wp-json\/wp\/v2\/posts"}],"about":[{"href":"https:\/\/www.istitutogalanteoliva.it\/magazine\/wp-json\/wp\/v2\/types\/post"}],"author":[{"embeddable":true,"href":"https:\/\/www.istitutogalanteoliva.it\/magazine\/wp-json\/wp\/v2\/users\/2"}],"replies":[{"embeddable":true,"href":"https:\/\/www.istitutogalanteoliva.it\/magazine\/wp-json\/wp\/v2\/comments?post=9340"}],"version-history":[{"count":4,"href":"https:\/\/www.istitutogalanteoliva.it\/magazine\/wp-json\/wp\/v2\/posts\/9340\/revisions"}],"predecessor-version":[{"id":9798,"href":"https:\/\/www.istitutogalanteoliva.it\/magazine\/wp-json\/wp\/v2\/posts\/9340\/revisions\/9798"}],"wp:featuredmedia":[{"embeddable":true,"href":"https:\/\/www.istitutogalanteoliva.it\/magazine\/wp-json\/wp\/v2\/media\/9341"}],"wp:attachment":[{"href":"https:\/\/www.istitutogalanteoliva.it\/magazine\/wp-json\/wp\/v2\/media?parent=9340"}],"wp:term":[{"taxonomy":"category","embeddable":true,"href":"https:\/\/www.istitutogalanteoliva.it\/magazine\/wp-json\/wp\/v2\/categories?post=9340"},{"taxonomy":"post_tag","embeddable":true,"href":"https:\/\/www.istitutogalanteoliva.it\/magazine\/wp-json\/wp\/v2\/tags?post=9340"}],"curies":[{"name":"wp","href":"https:\/\/api.w.org\/{rel}","templated":true}]}}