{"id":9489,"date":"2021-09-24T08:00:00","date_gmt":"2021-09-24T06:00:00","guid":{"rendered":"https:\/\/www.istitutogalanteoliva.it\/magazine\/?p=9489"},"modified":"2021-09-24T08:46:10","modified_gmt":"2021-09-24T06:46:10","slug":"essere-o-apparire-nellisola-che-non-ce","status":"publish","type":"post","link":"https:\/\/www.istitutogalanteoliva.it\/magazine\/2021\/09\/24\/essere-o-apparire-nellisola-che-non-ce\/","title":{"rendered":"Essere o&#8230;apparire? siamo ancora in grado di coglierne la differenza?"},"content":{"rendered":"\n<div class=\"wp-block-image\"><figure class=\"aligncenter size-large is-resized\"><img loading=\"lazy\" decoding=\"async\" src=\"https:\/\/www.istitutogalanteoliva.it\/magazine\/wp-content\/uploads\/2021\/09\/penna-nera-1.png\" alt=\"\" class=\"wp-image-9299\" width=\"277\" height=\"200\" srcset=\"https:\/\/www.istitutogalanteoliva.it\/magazine\/wp-content\/uploads\/2021\/09\/penna-nera-1.png 512w, https:\/\/www.istitutogalanteoliva.it\/magazine\/wp-content\/uploads\/2021\/09\/penna-nera-1-300x217.png 300w\" sizes=\"auto, (max-width: 277px) 100vw, 277px\" \/><\/figure><\/div>\n\n\n\n<p class=\"has-drop-cap\">Ci sono stati degli avvenimenti in questa fine estate che mi hanno a portato a riflettere su un nuovo dilemma di shakespeariana memoria. Non pi\u00f9 per\u00f2 \u201c<em>essere o non essere ?<\/em>\u201d ma \u201c<em>essere o apparire ?\u201d.<\/em><br>Devo precisare che non si tratta di accadimenti nazionali, no, qua si tratta di cose che toccano delle specifiche comunit\u00e0, o forse \u00e8 tutto frutto della mia fantasia che va \u201cin punta di penna\u201d<\/p>\n\n\n\n<p>Sono quelle cose di paese che hanno un\u2019eco che va al di l\u00e0, un significato che dice tanto se uno ne sa vedere le sfumature, leggervi tra le righe.<\/p>\n\n\n\n<p>Ecco, meglio trascendere e delocalizzare questi avvenimenti, questi episodi, che raccontano molto pi\u00f9 cose di quante ne contengano.<br><br><\/p>\n\n\n\n<p>Facciamo che sono accaduti in un \u201cpaese lontano lontano\u201d, magari \u201csull\u2019isola che non c\u2019\u00e8\u201d, quella che si trova alla \u201cseconda stella a destra\u201d e poi \u201cdritti sino al mattino\u201d.<\/p>\n\n\n\n<p>Si tratta di un funerale e di un riconoscimento ufficiale, morte e vita, ombra e luce, ricordo e attimo presente.<\/p>\n\n\n\n<p>Cose diverse, sentire diversi, emozioni diverse. Ma solo in apparenza. In realt\u00e0 nulla cambia nella sostanza, nella risposta che danno alla nostra domanda iniziale: essere o apparire?<\/p>\n\n\n\n<p>In una societ\u00e0 in cui \u00e8 imperativo apparire, sempre e comunque, anche a costo di esaltare ed evidenziare il nulla cosmico (nella migliori delle ipotesi) questo funerale e questo riconoscimento hanno detto a noi tutti che \u00e8 solo essendo capaci di \u201cessere\u201d che si lascia traccia, che si entra a far parte di ci\u00f2 in cui abbiamo creduto e lavorato, con passione, fatica, amore, sino a diventarne un tutt\u2019uno.<\/p>\n\n\n\n<p>&nbsp;La scomparsa di uno studioso, divulgatore e ricercatore storico e, a pochi giorni da questa, il conferimento della cittadinanza onoraria a un altro studioso, divulgatore, ricercatore. Tutto nella stessa comunit\u00e0, per &nbsp;due persone che spesso hanno lavorato fianco a fianco. Un funerale al quale pi\u00f9 comunit\u00e0 hanno pianto, un riconoscimento per il quale le stesse comunit\u00e0 hanno gioito. Quel che accomuna questi due uomini \u00e8 che mai hanno anteposto \u201cl\u2019apparire\u201d a \u201cl\u2019essere\u201d, andando forse controcorrente, dando cos\u00ec la risposta alla mostra amletica domanda: solo chi ha il coraggio e l\u2019umilt\u00e0 di \u201cessere\u201d lascia traccia, solo chi sa \u201cessere\u201d \u00e8 capace di dare, solo chi rinuncia all\u2019\u201dapparire\u201d pu\u00f2 costruire cose nuove dove gli altri vedono solo rovine.<br><br>&nbsp;Uno lascia un vuoto incolmabile nella comunit\u00e0 in cui \u00e8 nato, vissuto, e per la quale tanto ha dato. L\u2019altro entra, a pieno titolo, a far parte di quella stessa comunit\u00e0 per la quale tanto ha fatto e tanto ancora, ne siamo certi, far\u00e0. Per uno strano caso del destino il primo, che tanto ci teneva, non ha potuto assistere alla gioia del secondo e al meritato riconoscimento, andandosene pochi giorni prima. Il secondo, seppur simbolicamente \u00e8 andato a colmare quel vuoto lasciato dall\u2019amico all\u2019interno della comunit\u00e0.<\/p>\n\n\n\n<p><br>Come detto questo succede in un \u201cpaese lontano lontano\u201d in \u201cun\u2019isola che non c\u2019\u00e8\u201d. Nella realt\u00e0 persone cos\u00ec magari non esistono, non \u00e8 facile resistere al potere dell\u2019\u201capparire\u201d. Oppure ci sono, ma sono rare e incrociarle sul proprio cammino non \u00e8 facile, ma quando ci\u00f2 accade la loro luce illumina anche la nostra strada.<\/p>\n\n\n\n<blockquote class=\"wp-block-quote is-layout-flow wp-block-quote-is-layout-flow\"><p><strong><em><sup>Dedico questo mio pezzo &#8220;in punta di penna&#8221; alla memoria del  professor Nicolo Capriata e al professor Fiorenzo Toso\u2026capaci di \u201cessere<\/sup><\/em><\/strong>\u201d<br><img loading=\"lazy\" decoding=\"async\" width=\"250\" height=\"141\" class=\"wp-image-9490\" style=\"width: 250px;\" src=\"https:\/\/www.istitutogalanteoliva.it\/magazine\/wp-content\/uploads\/2021\/09\/205338755_343638600447076_6924612714588235505_n-1.jpg\" alt=\"\" srcset=\"https:\/\/www.istitutogalanteoliva.it\/magazine\/wp-content\/uploads\/2021\/09\/205338755_343638600447076_6924612714588235505_n-1.jpg 366w, https:\/\/www.istitutogalanteoliva.it\/magazine\/wp-content\/uploads\/2021\/09\/205338755_343638600447076_6924612714588235505_n-1-300x169.jpg 300w\" sizes=\"auto, (max-width: 250px) 100vw, 250px\" \/><br><br><\/p><\/blockquote>\n\n\n\n<p class=\"has-text-align-left\"><img loading=\"lazy\" decoding=\"async\" width=\"80\" height=\"80\" class=\"wp-image-15584\" style=\"width: 80px;\" src=\"https:\/\/www.istitutogalanteoliva.it\/magazine\/wp-content\/uploads\/2024\/08\/anto.png\" alt=\"\" srcset=\"https:\/\/www.istitutogalanteoliva.it\/magazine\/wp-content\/uploads\/2024\/08\/anto.png 247w, https:\/\/www.istitutogalanteoliva.it\/magazine\/wp-content\/uploads\/2024\/08\/anto-150x150.png 150w\" sizes=\"auto, (max-width: 80px) 100vw, 80px\" \/><em><mark style=\"background-color:rgba(0, 0, 0, 0)\" class=\"has-inline-color has-black-color\"><strong><a href=\"https:\/\/www.istitutogalanteoliva\/antonello-rivano-2\/\">Antonello Rivano<\/a><\/strong><\/mark><\/em><br><sup><strong>Direttore di redazione\/coordinatore nazionale<\/strong> <strong><em>Polis SA Magazine<\/em><\/strong><\/sup><br><\/p>\n<div class=\"pdfprnt-buttons pdfprnt-buttons-post pdfprnt-bottom-left\"><a href=\"https:\/\/www.istitutogalanteoliva.it\/magazine\/wp-json\/wp\/v2\/posts\/9489?print=print\" class=\"pdfprnt-button pdfprnt-button-print\" target=\"_blank\"><img decoding=\"async\" src=\"https:\/\/www.istitutogalanteoliva.it\/magazine\/wp-content\/plugins\/pdf-print\/images\/print.png\" alt=\"image_print\" title=\"Stampa contenuto\" \/><span class=\"pdfprnt-button-title pdfprnt-button-print-title\">Download in PDF<\/span><\/a><\/div>","protected":false},"excerpt":{"rendered":"<p>\u00c8 sempre importante anteporre l&#8217;essere alll&#8217;apparire? Ne vale ancora la pena?<br \/>\nMa sopratutto, questa societ\u00e0 \u00e8 in grado di coglierne la differenza?<br \/>\nDai due esempi che vi raccontiamo &#8220;in punta di penna&#8221;&#8230;forse si.<\/p>\n","protected":false},"author":2,"featured_media":9492,"comment_status":"open","ping_status":"open","sticky":true,"template":"","format":"standard","meta":{"footnotes":""},"categories":[148,96],"tags":[475,474],"class_list":["post-9489","post","type-post","status-publish","format-standard","has-post-thumbnail","hentry","category-148","category-in-punta-di-penna","tag-fiorenzo-toso","tag-nicolo-capriata"],"yoast_head":"<!-- This site is optimized with the Yoast SEO plugin v24.2 - https:\/\/yoast.com\/wordpress\/plugins\/seo\/ -->\n<title>Essere o...apparire? siamo ancora in grado di coglierne la differenza? - Polis SA Magazine<\/title>\n<meta name=\"robots\" content=\"index, follow, max-snippet:-1, max-image-preview:large, max-video-preview:-1\" \/>\n<link rel=\"canonical\" href=\"https:\/\/www.istitutogalanteoliva.it\/magazine\/2021\/09\/24\/essere-o-apparire-nellisola-che-non-ce\/\" \/>\n<meta property=\"og:locale\" content=\"it_IT\" \/>\n<meta property=\"og:type\" content=\"article\" \/>\n<meta property=\"og:title\" content=\"Essere o...apparire? siamo ancora in grado di coglierne la differenza? - Polis SA Magazine\" \/>\n<meta property=\"og:description\" content=\"\u00c8 sempre importante anteporre l&#039;essere alll&#039;apparire? Ne vale ancora la pena? Ma sopratutto, questa societ\u00e0 \u00e8 in grado di coglierne la differenza? Dai due esempi che vi raccontiamo &quot;in punta di penna&quot;...forse si.\" \/>\n<meta property=\"og:url\" content=\"https:\/\/www.istitutogalanteoliva.it\/magazine\/2021\/09\/24\/essere-o-apparire-nellisola-che-non-ce\/\" \/>\n<meta property=\"og:site_name\" content=\"Polis SA Magazine\" \/>\n<meta property=\"article:publisher\" content=\"https:\/\/www.facebook.com\/PolisSAMagazine\/\" \/>\n<meta property=\"article:published_time\" content=\"2021-09-24T06:00:00+00:00\" \/>\n<meta property=\"article:modified_time\" content=\"2021-09-24T06:46:10+00:00\" \/>\n<meta property=\"og:image\" content=\"https:\/\/www.istitutogalanteoliva.it\/magazine\/wp-content\/uploads\/2021\/09\/Lisola-che-non-ce.-.jpg\" \/>\n\t<meta property=\"og:image:width\" content=\"644\" \/>\n\t<meta property=\"og:image:height\" content=\"362\" \/>\n\t<meta property=\"og:image:type\" content=\"image\/jpeg\" \/>\n<meta name=\"author\" content=\"Antonello Rivano\" \/>\n<meta name=\"twitter:card\" content=\"summary_large_image\" \/>\n<meta name=\"twitter:creator\" content=\"@MagazinePolis\" \/>\n<meta name=\"twitter:site\" content=\"@MagazinePolis\" \/>\n<meta name=\"twitter:label1\" content=\"Scritto da\" \/>\n\t<meta name=\"twitter:data1\" content=\"Antonello Rivano\" \/>\n\t<meta name=\"twitter:label2\" content=\"Tempo di lettura stimato\" \/>\n\t<meta name=\"twitter:data2\" content=\"3 minuti\" \/>\n<script type=\"application\/ld+json\" class=\"yoast-schema-graph\">{\"@context\":\"https:\/\/schema.org\",\"@graph\":[{\"@type\":\"Article\",\"@id\":\"https:\/\/www.istitutogalanteoliva.it\/magazine\/2021\/09\/24\/essere-o-apparire-nellisola-che-non-ce\/#article\",\"isPartOf\":{\"@id\":\"https:\/\/www.istitutogalanteoliva.it\/magazine\/2021\/09\/24\/essere-o-apparire-nellisola-che-non-ce\/\"},\"author\":{\"name\":\"Antonello Rivano\",\"@id\":\"https:\/\/www.istitutogalanteoliva.it\/magazine\/#\/schema\/person\/d8b8aa79cfe8babc1df9da3212a7c0c4\"},\"headline\":\"Essere o&#8230;apparire? siamo ancora in grado di coglierne la differenza?\",\"datePublished\":\"2021-09-24T06:00:00+00:00\",\"dateModified\":\"2021-09-24T06:46:10+00:00\",\"mainEntityOfPage\":{\"@id\":\"https:\/\/www.istitutogalanteoliva.it\/magazine\/2021\/09\/24\/essere-o-apparire-nellisola-che-non-ce\/\"},\"wordCount\":556,\"commentCount\":1,\"publisher\":{\"@id\":\"https:\/\/www.istitutogalanteoliva.it\/magazine\/#organization\"},\"image\":{\"@id\":\"https:\/\/www.istitutogalanteoliva.it\/magazine\/2021\/09\/24\/essere-o-apparire-nellisola-che-non-ce\/#primaryimage\"},\"thumbnailUrl\":\"https:\/\/www.istitutogalanteoliva.it\/magazine\/wp-content\/uploads\/2021\/09\/Lisola-che-non-ce.-.jpg\",\"keywords\":[\"fiorenzo toso\",\"nicolo capriata\"],\"articleSection\":[\"2021\",\"In punta di penna\"],\"inLanguage\":\"it-IT\",\"potentialAction\":[{\"@type\":\"CommentAction\",\"name\":\"Comment\",\"target\":[\"https:\/\/www.istitutogalanteoliva.it\/magazine\/2021\/09\/24\/essere-o-apparire-nellisola-che-non-ce\/#respond\"]}]},{\"@type\":\"WebPage\",\"@id\":\"https:\/\/www.istitutogalanteoliva.it\/magazine\/2021\/09\/24\/essere-o-apparire-nellisola-che-non-ce\/\",\"url\":\"https:\/\/www.istitutogalanteoliva.it\/magazine\/2021\/09\/24\/essere-o-apparire-nellisola-che-non-ce\/\",\"name\":\"Essere o...apparire? siamo ancora in grado di coglierne la differenza? - Polis SA Magazine\",\"isPartOf\":{\"@id\":\"https:\/\/www.istitutogalanteoliva.it\/magazine\/#website\"},\"primaryImageOfPage\":{\"@id\":\"https:\/\/www.istitutogalanteoliva.it\/magazine\/2021\/09\/24\/essere-o-apparire-nellisola-che-non-ce\/#primaryimage\"},\"image\":{\"@id\":\"https:\/\/www.istitutogalanteoliva.it\/magazine\/2021\/09\/24\/essere-o-apparire-nellisola-che-non-ce\/#primaryimage\"},\"thumbnailUrl\":\"https:\/\/www.istitutogalanteoliva.it\/magazine\/wp-content\/uploads\/2021\/09\/Lisola-che-non-ce.-.jpg\",\"datePublished\":\"2021-09-24T06:00:00+00:00\",\"dateModified\":\"2021-09-24T06:46:10+00:00\",\"breadcrumb\":{\"@id\":\"https:\/\/www.istitutogalanteoliva.it\/magazine\/2021\/09\/24\/essere-o-apparire-nellisola-che-non-ce\/#breadcrumb\"},\"inLanguage\":\"it-IT\",\"potentialAction\":[{\"@type\":\"ReadAction\",\"target\":[\"https:\/\/www.istitutogalanteoliva.it\/magazine\/2021\/09\/24\/essere-o-apparire-nellisola-che-non-ce\/\"]}]},{\"@type\":\"ImageObject\",\"inLanguage\":\"it-IT\",\"@id\":\"https:\/\/www.istitutogalanteoliva.it\/magazine\/2021\/09\/24\/essere-o-apparire-nellisola-che-non-ce\/#primaryimage\",\"url\":\"https:\/\/www.istitutogalanteoliva.it\/magazine\/wp-content\/uploads\/2021\/09\/Lisola-che-non-ce.-.jpg\",\"contentUrl\":\"https:\/\/www.istitutogalanteoliva.it\/magazine\/wp-content\/uploads\/2021\/09\/Lisola-che-non-ce.-.jpg\",\"width\":644,\"height\":362},{\"@type\":\"BreadcrumbList\",\"@id\":\"https:\/\/www.istitutogalanteoliva.it\/magazine\/2021\/09\/24\/essere-o-apparire-nellisola-che-non-ce\/#breadcrumb\",\"itemListElement\":[{\"@type\":\"ListItem\",\"position\":1,\"name\":\"Home\",\"item\":\"https:\/\/www.istitutogalanteoliva.it\/magazine\/\"},{\"@type\":\"ListItem\",\"position\":2,\"name\":\"Essere o&#8230;apparire? siamo ancora in grado di coglierne la differenza?\"}]},{\"@type\":\"WebSite\",\"@id\":\"https:\/\/www.istitutogalanteoliva.it\/magazine\/#website\",\"url\":\"https:\/\/www.istitutogalanteoliva.it\/magazine\/\",\"name\":\"POLIS SA MAGAZINE\",\"description\":\"Informazione e approfondimenti\",\"publisher\":{\"@id\":\"https:\/\/www.istitutogalanteoliva.it\/magazine\/#organization\"},\"potentialAction\":[{\"@type\":\"SearchAction\",\"target\":{\"@type\":\"EntryPoint\",\"urlTemplate\":\"https:\/\/www.istitutogalanteoliva.it\/magazine\/?s={search_term_string}\"},\"query-input\":{\"@type\":\"PropertyValueSpecification\",\"valueRequired\":true,\"valueName\":\"search_term_string\"}}],\"inLanguage\":\"it-IT\"},{\"@type\":\"Organization\",\"@id\":\"https:\/\/www.istitutogalanteoliva.it\/magazine\/#organization\",\"name\":\"Polis SA Magazine\",\"url\":\"https:\/\/www.istitutogalanteoliva.it\/magazine\/\",\"logo\":{\"@type\":\"ImageObject\",\"inLanguage\":\"it-IT\",\"@id\":\"https:\/\/www.istitutogalanteoliva.it\/magazine\/#\/schema\/logo\/image\/\",\"url\":\"\",\"contentUrl\":\"\",\"caption\":\"Polis SA Magazine\"},\"image\":{\"@id\":\"https:\/\/www.istitutogalanteoliva.it\/magazine\/#\/schema\/logo\/image\/\"},\"sameAs\":[\"https:\/\/www.facebook.com\/PolisSAMagazine\/\",\"https:\/\/x.com\/MagazinePolis\",\"https:\/\/www.youtube.com\/channel\/UCv0Mr5AHKUmsc0sEEXkJrgw\"]},{\"@type\":\"Person\",\"@id\":\"https:\/\/www.istitutogalanteoliva.it\/magazine\/#\/schema\/person\/d8b8aa79cfe8babc1df9da3212a7c0c4\",\"name\":\"Antonello Rivano\",\"image\":{\"@type\":\"ImageObject\",\"inLanguage\":\"it-IT\",\"@id\":\"https:\/\/www.istitutogalanteoliva.it\/magazine\/#\/schema\/person\/image\/\",\"url\":\"https:\/\/secure.gravatar.com\/avatar\/517a9a6487a7a18ecc4ce6d2e57a8f40?s=96&d=mm&r=g\",\"contentUrl\":\"https:\/\/secure.gravatar.com\/avatar\/517a9a6487a7a18ecc4ce6d2e57a8f40?s=96&d=mm&r=g\",\"caption\":\"Antonello Rivano\"},\"url\":\"https:\/\/www.istitutogalanteoliva.it\/magazine\/author\/antonello\/\"}]}<\/script>\n<!-- \/ Yoast SEO plugin. -->","yoast_head_json":{"title":"Essere o...apparire? siamo ancora in grado di coglierne la differenza? - Polis SA Magazine","robots":{"index":"index","follow":"follow","max-snippet":"max-snippet:-1","max-image-preview":"max-image-preview:large","max-video-preview":"max-video-preview:-1"},"canonical":"https:\/\/www.istitutogalanteoliva.it\/magazine\/2021\/09\/24\/essere-o-apparire-nellisola-che-non-ce\/","og_locale":"it_IT","og_type":"article","og_title":"Essere o...apparire? siamo ancora in grado di coglierne la differenza? - Polis SA Magazine","og_description":"\u00c8 sempre importante anteporre l'essere alll'apparire? Ne vale ancora la pena? Ma sopratutto, questa societ\u00e0 \u00e8 in grado di coglierne la differenza? Dai due esempi che vi raccontiamo \"in punta di penna\"...forse si.","og_url":"https:\/\/www.istitutogalanteoliva.it\/magazine\/2021\/09\/24\/essere-o-apparire-nellisola-che-non-ce\/","og_site_name":"Polis SA Magazine","article_publisher":"https:\/\/www.facebook.com\/PolisSAMagazine\/","article_published_time":"2021-09-24T06:00:00+00:00","article_modified_time":"2021-09-24T06:46:10+00:00","og_image":[{"width":644,"height":362,"url":"https:\/\/www.istitutogalanteoliva.it\/magazine\/wp-content\/uploads\/2021\/09\/Lisola-che-non-ce.-.jpg","type":"image\/jpeg"}],"author":"Antonello Rivano","twitter_card":"summary_large_image","twitter_creator":"@MagazinePolis","twitter_site":"@MagazinePolis","twitter_misc":{"Scritto da":"Antonello Rivano","Tempo di lettura stimato":"3 minuti"},"schema":{"@context":"https:\/\/schema.org","@graph":[{"@type":"Article","@id":"https:\/\/www.istitutogalanteoliva.it\/magazine\/2021\/09\/24\/essere-o-apparire-nellisola-che-non-ce\/#article","isPartOf":{"@id":"https:\/\/www.istitutogalanteoliva.it\/magazine\/2021\/09\/24\/essere-o-apparire-nellisola-che-non-ce\/"},"author":{"name":"Antonello Rivano","@id":"https:\/\/www.istitutogalanteoliva.it\/magazine\/#\/schema\/person\/d8b8aa79cfe8babc1df9da3212a7c0c4"},"headline":"Essere o&#8230;apparire? siamo ancora in grado di coglierne la differenza?","datePublished":"2021-09-24T06:00:00+00:00","dateModified":"2021-09-24T06:46:10+00:00","mainEntityOfPage":{"@id":"https:\/\/www.istitutogalanteoliva.it\/magazine\/2021\/09\/24\/essere-o-apparire-nellisola-che-non-ce\/"},"wordCount":556,"commentCount":1,"publisher":{"@id":"https:\/\/www.istitutogalanteoliva.it\/magazine\/#organization"},"image":{"@id":"https:\/\/www.istitutogalanteoliva.it\/magazine\/2021\/09\/24\/essere-o-apparire-nellisola-che-non-ce\/#primaryimage"},"thumbnailUrl":"https:\/\/www.istitutogalanteoliva.it\/magazine\/wp-content\/uploads\/2021\/09\/Lisola-che-non-ce.-.jpg","keywords":["fiorenzo toso","nicolo capriata"],"articleSection":["2021","In punta di penna"],"inLanguage":"it-IT","potentialAction":[{"@type":"CommentAction","name":"Comment","target":["https:\/\/www.istitutogalanteoliva.it\/magazine\/2021\/09\/24\/essere-o-apparire-nellisola-che-non-ce\/#respond"]}]},{"@type":"WebPage","@id":"https:\/\/www.istitutogalanteoliva.it\/magazine\/2021\/09\/24\/essere-o-apparire-nellisola-che-non-ce\/","url":"https:\/\/www.istitutogalanteoliva.it\/magazine\/2021\/09\/24\/essere-o-apparire-nellisola-che-non-ce\/","name":"Essere o...apparire? siamo ancora in grado di coglierne la differenza? - Polis SA Magazine","isPartOf":{"@id":"https:\/\/www.istitutogalanteoliva.it\/magazine\/#website"},"primaryImageOfPage":{"@id":"https:\/\/www.istitutogalanteoliva.it\/magazine\/2021\/09\/24\/essere-o-apparire-nellisola-che-non-ce\/#primaryimage"},"image":{"@id":"https:\/\/www.istitutogalanteoliva.it\/magazine\/2021\/09\/24\/essere-o-apparire-nellisola-che-non-ce\/#primaryimage"},"thumbnailUrl":"https:\/\/www.istitutogalanteoliva.it\/magazine\/wp-content\/uploads\/2021\/09\/Lisola-che-non-ce.-.jpg","datePublished":"2021-09-24T06:00:00+00:00","dateModified":"2021-09-24T06:46:10+00:00","breadcrumb":{"@id":"https:\/\/www.istitutogalanteoliva.it\/magazine\/2021\/09\/24\/essere-o-apparire-nellisola-che-non-ce\/#breadcrumb"},"inLanguage":"it-IT","potentialAction":[{"@type":"ReadAction","target":["https:\/\/www.istitutogalanteoliva.it\/magazine\/2021\/09\/24\/essere-o-apparire-nellisola-che-non-ce\/"]}]},{"@type":"ImageObject","inLanguage":"it-IT","@id":"https:\/\/www.istitutogalanteoliva.it\/magazine\/2021\/09\/24\/essere-o-apparire-nellisola-che-non-ce\/#primaryimage","url":"https:\/\/www.istitutogalanteoliva.it\/magazine\/wp-content\/uploads\/2021\/09\/Lisola-che-non-ce.-.jpg","contentUrl":"https:\/\/www.istitutogalanteoliva.it\/magazine\/wp-content\/uploads\/2021\/09\/Lisola-che-non-ce.-.jpg","width":644,"height":362},{"@type":"BreadcrumbList","@id":"https:\/\/www.istitutogalanteoliva.it\/magazine\/2021\/09\/24\/essere-o-apparire-nellisola-che-non-ce\/#breadcrumb","itemListElement":[{"@type":"ListItem","position":1,"name":"Home","item":"https:\/\/www.istitutogalanteoliva.it\/magazine\/"},{"@type":"ListItem","position":2,"name":"Essere o&#8230;apparire? siamo ancora in grado di coglierne la differenza?"}]},{"@type":"WebSite","@id":"https:\/\/www.istitutogalanteoliva.it\/magazine\/#website","url":"https:\/\/www.istitutogalanteoliva.it\/magazine\/","name":"POLIS SA MAGAZINE","description":"Informazione e approfondimenti","publisher":{"@id":"https:\/\/www.istitutogalanteoliva.it\/magazine\/#organization"},"potentialAction":[{"@type":"SearchAction","target":{"@type":"EntryPoint","urlTemplate":"https:\/\/www.istitutogalanteoliva.it\/magazine\/?s={search_term_string}"},"query-input":{"@type":"PropertyValueSpecification","valueRequired":true,"valueName":"search_term_string"}}],"inLanguage":"it-IT"},{"@type":"Organization","@id":"https:\/\/www.istitutogalanteoliva.it\/magazine\/#organization","name":"Polis SA Magazine","url":"https:\/\/www.istitutogalanteoliva.it\/magazine\/","logo":{"@type":"ImageObject","inLanguage":"it-IT","@id":"https:\/\/www.istitutogalanteoliva.it\/magazine\/#\/schema\/logo\/image\/","url":"","contentUrl":"","caption":"Polis SA Magazine"},"image":{"@id":"https:\/\/www.istitutogalanteoliva.it\/magazine\/#\/schema\/logo\/image\/"},"sameAs":["https:\/\/www.facebook.com\/PolisSAMagazine\/","https:\/\/x.com\/MagazinePolis","https:\/\/www.youtube.com\/channel\/UCv0Mr5AHKUmsc0sEEXkJrgw"]},{"@type":"Person","@id":"https:\/\/www.istitutogalanteoliva.it\/magazine\/#\/schema\/person\/d8b8aa79cfe8babc1df9da3212a7c0c4","name":"Antonello Rivano","image":{"@type":"ImageObject","inLanguage":"it-IT","@id":"https:\/\/www.istitutogalanteoliva.it\/magazine\/#\/schema\/person\/image\/","url":"https:\/\/secure.gravatar.com\/avatar\/517a9a6487a7a18ecc4ce6d2e57a8f40?s=96&d=mm&r=g","contentUrl":"https:\/\/secure.gravatar.com\/avatar\/517a9a6487a7a18ecc4ce6d2e57a8f40?s=96&d=mm&r=g","caption":"Antonello Rivano"},"url":"https:\/\/www.istitutogalanteoliva.it\/magazine\/author\/antonello\/"}]}},"_links":{"self":[{"href":"https:\/\/www.istitutogalanteoliva.it\/magazine\/wp-json\/wp\/v2\/posts\/9489","targetHints":{"allow":["GET"]}}],"collection":[{"href":"https:\/\/www.istitutogalanteoliva.it\/magazine\/wp-json\/wp\/v2\/posts"}],"about":[{"href":"https:\/\/www.istitutogalanteoliva.it\/magazine\/wp-json\/wp\/v2\/types\/post"}],"author":[{"embeddable":true,"href":"https:\/\/www.istitutogalanteoliva.it\/magazine\/wp-json\/wp\/v2\/users\/2"}],"replies":[{"embeddable":true,"href":"https:\/\/www.istitutogalanteoliva.it\/magazine\/wp-json\/wp\/v2\/comments?post=9489"}],"version-history":[{"count":8,"href":"https:\/\/www.istitutogalanteoliva.it\/magazine\/wp-json\/wp\/v2\/posts\/9489\/revisions"}],"predecessor-version":[{"id":9500,"href":"https:\/\/www.istitutogalanteoliva.it\/magazine\/wp-json\/wp\/v2\/posts\/9489\/revisions\/9500"}],"wp:featuredmedia":[{"embeddable":true,"href":"https:\/\/www.istitutogalanteoliva.it\/magazine\/wp-json\/wp\/v2\/media\/9492"}],"wp:attachment":[{"href":"https:\/\/www.istitutogalanteoliva.it\/magazine\/wp-json\/wp\/v2\/media?parent=9489"}],"wp:term":[{"taxonomy":"category","embeddable":true,"href":"https:\/\/www.istitutogalanteoliva.it\/magazine\/wp-json\/wp\/v2\/categories?post=9489"},{"taxonomy":"post_tag","embeddable":true,"href":"https:\/\/www.istitutogalanteoliva.it\/magazine\/wp-json\/wp\/v2\/tags?post=9489"}],"curies":[{"name":"wp","href":"https:\/\/api.w.org\/{rel}","templated":true}]}}