{"id":9656,"date":"2021-09-29T07:30:00","date_gmt":"2021-09-29T05:30:00","guid":{"rendered":"https:\/\/www.istitutogalanteoliva.it\/magazine\/?p=9656"},"modified":"2021-09-29T14:37:30","modified_gmt":"2021-09-29T12:37:30","slug":"julian-assange-la-perscuzione-di-un-uomo-e-la-liberta-di-informazione","status":"publish","type":"post","link":"https:\/\/www.istitutogalanteoliva.it\/magazine\/2021\/09\/29\/julian-assange-la-perscuzione-di-un-uomo-e-la-liberta-di-informazione\/","title":{"rendered":"Julian Assange, la perscuzione di un uomo e la libert\u00e0 di informazione"},"content":{"rendered":"\n<h4 class=\"wp-block-heading\">In molti paesi <strong>Julian Assange<\/strong> rappresenta un simbolo, un punto di riferimento del5la libert\u00e0 di stampa; eppure, in Italia permane una certa diffidenza e sono pochi gli organi di informazione che ne parlano<\/h4>\n\n\n\n<p><strong>di <em>Sante Biello<\/em><\/strong><\/p>\n\n\n\n<p> La giornalista <strong>Stefania Maurizi <\/strong>ha incontrato Assange, segue molto da vicino il caso e ha pubblicato un importantissimo libro edito da Chiarelettere dal titolo <em><strong>Il potere segreto: Perch\u00e9 vogliono distruggere Julian Assange e WikiLeaks<\/strong><\/em>. In un recente tweet la Maurizi ha dichiarato:\u201d <em>Credo che quelli che continuano a stare zitti sul caso Julian Assange e WikiLeaks si ritroveranno dalla parte sbagliata della Storia e la Storia non sar\u00e0 tenera con loro: un giornalista distrutto per aver rivelato crimini di guerra e loro zitti. Il silenzio \u00e8 abominevole<\/em>\u201d.<\/p>\n\n\n\n<figure class=\"wp-block-image size-large is-resized\"><img loading=\"lazy\" decoding=\"async\" src=\"https:\/\/www.istitutogalanteoliva.it\/magazine\/wp-content\/uploads\/2021\/09\/Il-Fatto-Quotidiano-682x1024.jpg\" alt=\"\" class=\"wp-image-9657\" width=\"341\" height=\"512\" srcset=\"https:\/\/www.istitutogalanteoliva.it\/magazine\/wp-content\/uploads\/2021\/09\/Il-Fatto-Quotidiano-682x1024.jpg 682w, https:\/\/www.istitutogalanteoliva.it\/magazine\/wp-content\/uploads\/2021\/09\/Il-Fatto-Quotidiano-200x300.jpg 200w, https:\/\/www.istitutogalanteoliva.it\/magazine\/wp-content\/uploads\/2021\/09\/Il-Fatto-Quotidiano-768x1152.jpg 768w, https:\/\/www.istitutogalanteoliva.it\/magazine\/wp-content\/uploads\/2021\/09\/Il-Fatto-Quotidiano-1024x1537.jpg 1024w, https:\/\/www.istitutogalanteoliva.it\/magazine\/wp-content\/uploads\/2021\/09\/Il-Fatto-Quotidiano-1365x2048.jpg 1365w, https:\/\/www.istitutogalanteoliva.it\/magazine\/wp-content\/uploads\/2021\/09\/Il-Fatto-Quotidiano.jpg 1706w\" sizes=\"auto, (max-width: 341px) 100vw, 341px\" \/><\/figure>\n\n\n\n<p>Cerchiamo di ricostruire brevemente la storia di Assange, sebbene molto complessa. Il fondatore di <strong>WikiLeaks<\/strong> attualmente \u00e8 rinchiuso a <strong>Belmarsh<\/strong>, un carcere londinese di massima sicurezza, da circa tre anni. Qualche settimana fa, il programma televisivo <strong>Presadiretta<\/strong>, condotto da <strong>Riccardo Iacona<\/strong>, ha ricostruito magistralmente la storia di Assange. I problemi per il giornalista australiano, infatti, iniziano quando pubblica nel 2010 un video chiamato \u201c<strong>Collateral murder<\/strong>\u201d, facilmente reperibile su internet. Il video mostra due elicotteri apache degli <strong>Stati Uniti<\/strong> che sorvolano una piazza di <strong>Bagdad<\/strong> nel 2007. <\/p>\n\n\n\n<figure class=\"wp-block-image size-large is-resized\"><img loading=\"lazy\" decoding=\"async\" src=\"https:\/\/www.istitutogalanteoliva.it\/magazine\/wp-content\/uploads\/2021\/09\/Wikipedia-1.png\" alt=\"\" class=\"wp-image-9658\" width=\"363\" height=\"208\" srcset=\"https:\/\/www.istitutogalanteoliva.it\/magazine\/wp-content\/uploads\/2021\/09\/Wikipedia-1.png 725w, https:\/\/www.istitutogalanteoliva.it\/magazine\/wp-content\/uploads\/2021\/09\/Wikipedia-1-300x172.png 300w\" sizes=\"auto, (max-width: 363px) 100vw, 363px\" \/><\/figure>\n\n\n\n<p>Ad un certo punto i piloti avvertono il comando a terra che ci sono degli uomini armati. In realt\u00e0 nessuno degli uomini individuati porta un\u2019arma. I piloti chiedono quindi al comando a terra di intervenire e il comando d\u00e0 l\u2019ok. L\u2019attacco dei due elicotteri contro i civili irakeni disarmati provoca 18 morti tra cui due giornalisti della <strong>Reuters<\/strong>. Il video fa il giro del mondo e in poche ore viene visualizzato da oltre sei milioni di persone ed \u00e8 la prima testimonianza video dei crimini di guerra operati dagli Stati Uniti in Iraq. Per la prima volta un giornalista fa conoscere al mondo intero la verit\u00e0 su ci\u00f2 che accadeva in <strong>Iraq<\/strong>, in <strong>Afganistan<\/strong>, ai prigionieri iracheni finiti a <strong>Guantanamo<\/strong> illegalmente e tanto altro. <strong>Chelsea Manning<\/strong>, ex militare statunitense, fornisce a WikiLeaks, oltre a Collater Murder, migliaia di documenti classificati: i diari della guerra in Afganistan, i diari della guerra in Iraq e CableGate; documenti che rivelano uccisioni di civili, torture e sequestri. Assange verifica le fonti, chiama a raccolta le pi\u00f9 importanti testate giornalistiche al mondo (in Italia <strong>L\u2019espresso<\/strong>) e pubblica questi file su WikiLeaks. Per lui \u00e8 l\u2019inizio di un calvario e una feroce persecuzione.<\/p>\n\n\n\n<figure class=\"wp-block-image size-large is-resized\"><img loading=\"lazy\" decoding=\"async\" src=\"https:\/\/www.istitutogalanteoliva.it\/magazine\/wp-content\/uploads\/2021\/09\/nuevatribuna.es-1.jpg\" alt=\"\" class=\"wp-image-9659\" width=\"413\" height=\"234\" srcset=\"https:\/\/www.istitutogalanteoliva.it\/magazine\/wp-content\/uploads\/2021\/09\/nuevatribuna.es-1.jpg 550w, https:\/\/www.istitutogalanteoliva.it\/magazine\/wp-content\/uploads\/2021\/09\/nuevatribuna.es-1-300x170.jpg 300w\" sizes=\"auto, (max-width: 413px) 100vw, 413px\" \/><figcaption><strong><em><sup>(foto nuevatribuna.es)<\/sup><\/em><\/strong><\/figcaption><\/figure>\n\n\n\n<p>Prima le accuse di stupro dalla <strong>Svezia<\/strong> nei confronti di una donna donna, con tanto di mandato di cattura internazionale; non si parla di rapporto non consensuale. Secondo l\u2019accusa, Assange non avrebbe usato il preservativo; questo, per la legge svedese \u00e8 stupro, seppur meno grave. \u00a0La Svezia chiede l\u2019estradizione e nel 2012 la Corte Suprema britannica la concede. Assange si rifugia nell\u2019ambasciata dell\u2019<strong>Ecuador<\/strong> a <strong>Londra<\/strong> chiedendo asilo politico, sotto la protezione dell\u2019ex presidente <strong>Rafael Correa<\/strong>. Per sette anni Assange vive in pochi metri quadrati, ma sar\u00e0 comunque spiato dall\u2019<strong>UC Global<\/strong> e tutto il materiale finiva in mano ai servizi di sicurezza americani. Nel 2019 il nuovo presidente dell\u2019Equador <strong>Len\u00edn Moreno<\/strong> gli revoca l\u2019asilo politico e a questo punto la polizia inglese lo trascina fuori dall\u2019ambasciata e lo porta nel carcere londinese.<\/p>\n\n\n\n<p>Oggi le condizioni psicofisiche di Assange sono molto precarie come ha dichiarato a Presadiretta <strong>Nils Melzer<\/strong>, Relatore Speciale dell\u2019ONU Contro la Tortura, che lo ha incontrato nel 2019 nel carcere di Belmarsh. Melzer ha aggiunto che la cosa che preoccupa di pi\u00f9 Assange \u00e8 l\u2019estradizione negli Stati Uniti tant\u2019\u00e8 che gli avrebbe detto: \u201cS<strong><em>e mi dovessero estradare non vorrei arrivarci vivo<\/em><\/strong>\u201d. Il 27 ottobre si attende che la giustizia inglese decida di estradarlo negli Stati Uniti dove lo vogliono processare come se fosse una spia e con una pena che pu\u00f2 arrivare fino a 175 anni. La vicenda di Assange rappresenta qualcosa di molto pi\u00f9 importante, per ognuno di noi; non \u00e8 solo la vicenda di un uomo perseguitato perch\u00e9 ha detto la verit\u00e0, ma la sua incarcerazione mina un fondamento della democrazia: la <strong>libert\u00e0 di informazione<\/strong>.<\/p>\n\n\n\n<figure class=\"wp-block-image size-large is-resized\"><img loading=\"lazy\" decoding=\"async\" src=\"https:\/\/www.istitutogalanteoliva.it\/magazine\/wp-content\/uploads\/2021\/09\/gino-strada-1200-690x362-1.jpg\" alt=\"\" class=\"wp-image-9664\" width=\"518\" height=\"272\" srcset=\"https:\/\/www.istitutogalanteoliva.it\/magazine\/wp-content\/uploads\/2021\/09\/gino-strada-1200-690x362-1.jpg 690w, https:\/\/www.istitutogalanteoliva.it\/magazine\/wp-content\/uploads\/2021\/09\/gino-strada-1200-690x362-1-300x157.jpg 300w\" sizes=\"auto, (max-width: 518px) 100vw, 518px\" \/><figcaption><strong><em><sup>Gino Strada (foto ilfattoquotidiano.it)<\/sup><\/em><\/strong><\/figcaption><\/figure>\n\n\n\n<p><strong>Gino Strada<\/strong>, il fondatore di <strong>Emergency<\/strong>, che conosceva fin troppo bene l\u2019Afganistan e i vari teatri di guerra, alla domanda di Riccardo Iacona a proposito del prezzo altissimo che sta pagando Assange ha dichiarato: \u201c<em><strong>C\u2019\u00e8 molta poca informazione nel mondo, il potere non tollera verit\u00e0 sulla guerra, perch\u00e9 l\u2019unica verit\u00e0 sulla guerra sono le vittime\u201d<\/strong><\/em>.<\/p>\n\n\n\n<p><img loading=\"lazy\" decoding=\"async\" width=\"100\" height=\"100\" class=\"wp-image-9403\" style=\"width: 100px;\" src=\"https:\/\/www.istitutogalanteoliva.it\/magazine\/wp-content\/uploads\/2021\/09\/Sante-Biello.png\" alt=\"\" srcset=\"https:\/\/www.istitutogalanteoliva.it\/magazine\/wp-content\/uploads\/2021\/09\/Sante-Biello.png 201w, https:\/\/www.istitutogalanteoliva.it\/magazine\/wp-content\/uploads\/2021\/09\/Sante-Biello-150x150.png 150w\" sizes=\"auto, (max-width: 100px) 100vw, 100px\" \/><strong><em><a href=\"https:\/\/www.istitutogalanteoliva.it\/magazine\/?s=Biello\" target=\"_blank\" rel=\"noreferrer noopener\">Giorgio Perlasca: l\u2019italiano che salv\u00f2 oltre cinquemila ebrei<\/a><\/em><\/strong><\/p>\n<div class=\"pdfprnt-buttons pdfprnt-buttons-post pdfprnt-bottom-left\"><a href=\"https:\/\/www.istitutogalanteoliva.it\/magazine\/wp-json\/wp\/v2\/posts\/9656?print=print\" class=\"pdfprnt-button pdfprnt-button-print\" target=\"_blank\"><img decoding=\"async\" src=\"https:\/\/www.istitutogalanteoliva.it\/magazine\/wp-content\/plugins\/pdf-print\/images\/print.png\" alt=\"image_print\" title=\"Stampa contenuto\" \/><span class=\"pdfprnt-button-title pdfprnt-button-print-title\">Download in PDF<\/span><\/a><\/div>","protected":false},"excerpt":{"rendered":"<p>Il 27 ottobre la giustizia inglese decider\u00e0 se estradare il fondatore di WikiLeaks  negli Stati Uniti, dove verrebbe processato come spia, con una pena che pu\u00f2 arrivare a 175 anni.<\/p>\n","protected":false},"author":2,"featured_media":9660,"comment_status":"open","ping_status":"open","sticky":true,"template":"","format":"standard","meta":{"footnotes":""},"categories":[148,254,21,1],"tags":[489,488,120],"class_list":["post-9656","post","type-post","status-publish","format-standard","has-post-thumbnail","hentry","category-148","category-attualita","category-personaggi","category-senza-categoria","tag-informazione","tag-julian-assange","tag-liberta"],"yoast_head":"<!-- This site is optimized with the Yoast SEO plugin v24.2 - https:\/\/yoast.com\/wordpress\/plugins\/seo\/ -->\n<title>Julian Assange, la perscuzione di un uomo e la libert\u00e0 di informazione - Polis SA Magazine<\/title>\n<meta name=\"robots\" content=\"index, follow, max-snippet:-1, max-image-preview:large, max-video-preview:-1\" \/>\n<link rel=\"canonical\" href=\"https:\/\/www.istitutogalanteoliva.it\/magazine\/2021\/09\/29\/julian-assange-la-perscuzione-di-un-uomo-e-la-liberta-di-informazione\/\" \/>\n<meta property=\"og:locale\" content=\"it_IT\" \/>\n<meta property=\"og:type\" content=\"article\" \/>\n<meta property=\"og:title\" content=\"Julian Assange, la perscuzione di un uomo e la libert\u00e0 di informazione - Polis SA Magazine\" \/>\n<meta property=\"og:description\" content=\"Il 27 ottobre la giustizia inglese decider\u00e0 se estradare il fondatore di WikiLeaks negli Stati Uniti, dove verrebbe processato come spia, con una pena che pu\u00f2 arrivare a 175 anni.\" \/>\n<meta property=\"og:url\" content=\"https:\/\/www.istitutogalanteoliva.it\/magazine\/2021\/09\/29\/julian-assange-la-perscuzione-di-un-uomo-e-la-liberta-di-informazione\/\" \/>\n<meta property=\"og:site_name\" content=\"Polis SA Magazine\" \/>\n<meta property=\"article:publisher\" content=\"https:\/\/www.facebook.com\/PolisSAMagazine\/\" \/>\n<meta property=\"article:published_time\" content=\"2021-09-29T05:30:00+00:00\" \/>\n<meta property=\"article:modified_time\" content=\"2021-09-29T12:37:30+00:00\" \/>\n<meta property=\"og:image\" content=\"https:\/\/www.istitutogalanteoliva.it\/magazine\/wp-content\/uploads\/2021\/09\/29.jpg\" \/>\n\t<meta property=\"og:image:width\" content=\"640\" \/>\n\t<meta property=\"og:image:height\" content=\"380\" \/>\n\t<meta property=\"og:image:type\" content=\"image\/jpeg\" \/>\n<meta name=\"author\" content=\"Antonello Rivano\" \/>\n<meta name=\"twitter:card\" content=\"summary_large_image\" \/>\n<meta name=\"twitter:creator\" content=\"@MagazinePolis\" \/>\n<meta name=\"twitter:site\" content=\"@MagazinePolis\" \/>\n<meta name=\"twitter:label1\" content=\"Scritto da\" \/>\n\t<meta name=\"twitter:data1\" content=\"Antonello Rivano\" \/>\n\t<meta name=\"twitter:label2\" content=\"Tempo di lettura stimato\" \/>\n\t<meta name=\"twitter:data2\" content=\"4 minuti\" \/>\n<script type=\"application\/ld+json\" class=\"yoast-schema-graph\">{\"@context\":\"https:\/\/schema.org\",\"@graph\":[{\"@type\":\"Article\",\"@id\":\"https:\/\/www.istitutogalanteoliva.it\/magazine\/2021\/09\/29\/julian-assange-la-perscuzione-di-un-uomo-e-la-liberta-di-informazione\/#article\",\"isPartOf\":{\"@id\":\"https:\/\/www.istitutogalanteoliva.it\/magazine\/2021\/09\/29\/julian-assange-la-perscuzione-di-un-uomo-e-la-liberta-di-informazione\/\"},\"author\":{\"name\":\"Antonello Rivano\",\"@id\":\"https:\/\/www.istitutogalanteoliva.it\/magazine\/#\/schema\/person\/d8b8aa79cfe8babc1df9da3212a7c0c4\"},\"headline\":\"Julian Assange, la perscuzione di un uomo e la libert\u00e0 di informazione\",\"datePublished\":\"2021-09-29T05:30:00+00:00\",\"dateModified\":\"2021-09-29T12:37:30+00:00\",\"mainEntityOfPage\":{\"@id\":\"https:\/\/www.istitutogalanteoliva.it\/magazine\/2021\/09\/29\/julian-assange-la-perscuzione-di-un-uomo-e-la-liberta-di-informazione\/\"},\"wordCount\":755,\"commentCount\":1,\"publisher\":{\"@id\":\"https:\/\/www.istitutogalanteoliva.it\/magazine\/#organization\"},\"image\":{\"@id\":\"https:\/\/www.istitutogalanteoliva.it\/magazine\/2021\/09\/29\/julian-assange-la-perscuzione-di-un-uomo-e-la-liberta-di-informazione\/#primaryimage\"},\"thumbnailUrl\":\"https:\/\/www.istitutogalanteoliva.it\/magazine\/wp-content\/uploads\/2021\/09\/29.jpg\",\"keywords\":[\"informazione\",\"Julian Assange\",\"libert\u00e0\"],\"articleSection\":[\"2021\",\"Attualit\u00e0\",\"Personaggi\"],\"inLanguage\":\"it-IT\",\"potentialAction\":[{\"@type\":\"CommentAction\",\"name\":\"Comment\",\"target\":[\"https:\/\/www.istitutogalanteoliva.it\/magazine\/2021\/09\/29\/julian-assange-la-perscuzione-di-un-uomo-e-la-liberta-di-informazione\/#respond\"]}]},{\"@type\":\"WebPage\",\"@id\":\"https:\/\/www.istitutogalanteoliva.it\/magazine\/2021\/09\/29\/julian-assange-la-perscuzione-di-un-uomo-e-la-liberta-di-informazione\/\",\"url\":\"https:\/\/www.istitutogalanteoliva.it\/magazine\/2021\/09\/29\/julian-assange-la-perscuzione-di-un-uomo-e-la-liberta-di-informazione\/\",\"name\":\"Julian Assange, la perscuzione di un uomo e la libert\u00e0 di informazione - Polis SA Magazine\",\"isPartOf\":{\"@id\":\"https:\/\/www.istitutogalanteoliva.it\/magazine\/#website\"},\"primaryImageOfPage\":{\"@id\":\"https:\/\/www.istitutogalanteoliva.it\/magazine\/2021\/09\/29\/julian-assange-la-perscuzione-di-un-uomo-e-la-liberta-di-informazione\/#primaryimage\"},\"image\":{\"@id\":\"https:\/\/www.istitutogalanteoliva.it\/magazine\/2021\/09\/29\/julian-assange-la-perscuzione-di-un-uomo-e-la-liberta-di-informazione\/#primaryimage\"},\"thumbnailUrl\":\"https:\/\/www.istitutogalanteoliva.it\/magazine\/wp-content\/uploads\/2021\/09\/29.jpg\",\"datePublished\":\"2021-09-29T05:30:00+00:00\",\"dateModified\":\"2021-09-29T12:37:30+00:00\",\"breadcrumb\":{\"@id\":\"https:\/\/www.istitutogalanteoliva.it\/magazine\/2021\/09\/29\/julian-assange-la-perscuzione-di-un-uomo-e-la-liberta-di-informazione\/#breadcrumb\"},\"inLanguage\":\"it-IT\",\"potentialAction\":[{\"@type\":\"ReadAction\",\"target\":[\"https:\/\/www.istitutogalanteoliva.it\/magazine\/2021\/09\/29\/julian-assange-la-perscuzione-di-un-uomo-e-la-liberta-di-informazione\/\"]}]},{\"@type\":\"ImageObject\",\"inLanguage\":\"it-IT\",\"@id\":\"https:\/\/www.istitutogalanteoliva.it\/magazine\/2021\/09\/29\/julian-assange-la-perscuzione-di-un-uomo-e-la-liberta-di-informazione\/#primaryimage\",\"url\":\"https:\/\/www.istitutogalanteoliva.it\/magazine\/wp-content\/uploads\/2021\/09\/29.jpg\",\"contentUrl\":\"https:\/\/www.istitutogalanteoliva.it\/magazine\/wp-content\/uploads\/2021\/09\/29.jpg\",\"width\":640,\"height\":380},{\"@type\":\"BreadcrumbList\",\"@id\":\"https:\/\/www.istitutogalanteoliva.it\/magazine\/2021\/09\/29\/julian-assange-la-perscuzione-di-un-uomo-e-la-liberta-di-informazione\/#breadcrumb\",\"itemListElement\":[{\"@type\":\"ListItem\",\"position\":1,\"name\":\"Home\",\"item\":\"https:\/\/www.istitutogalanteoliva.it\/magazine\/\"},{\"@type\":\"ListItem\",\"position\":2,\"name\":\"Julian Assange, la perscuzione di un uomo e la libert\u00e0 di informazione\"}]},{\"@type\":\"WebSite\",\"@id\":\"https:\/\/www.istitutogalanteoliva.it\/magazine\/#website\",\"url\":\"https:\/\/www.istitutogalanteoliva.it\/magazine\/\",\"name\":\"POLIS SA MAGAZINE\",\"description\":\"Informazione e approfondimenti\",\"publisher\":{\"@id\":\"https:\/\/www.istitutogalanteoliva.it\/magazine\/#organization\"},\"potentialAction\":[{\"@type\":\"SearchAction\",\"target\":{\"@type\":\"EntryPoint\",\"urlTemplate\":\"https:\/\/www.istitutogalanteoliva.it\/magazine\/?s={search_term_string}\"},\"query-input\":{\"@type\":\"PropertyValueSpecification\",\"valueRequired\":true,\"valueName\":\"search_term_string\"}}],\"inLanguage\":\"it-IT\"},{\"@type\":\"Organization\",\"@id\":\"https:\/\/www.istitutogalanteoliva.it\/magazine\/#organization\",\"name\":\"Polis SA Magazine\",\"url\":\"https:\/\/www.istitutogalanteoliva.it\/magazine\/\",\"logo\":{\"@type\":\"ImageObject\",\"inLanguage\":\"it-IT\",\"@id\":\"https:\/\/www.istitutogalanteoliva.it\/magazine\/#\/schema\/logo\/image\/\",\"url\":\"\",\"contentUrl\":\"\",\"caption\":\"Polis SA Magazine\"},\"image\":{\"@id\":\"https:\/\/www.istitutogalanteoliva.it\/magazine\/#\/schema\/logo\/image\/\"},\"sameAs\":[\"https:\/\/www.facebook.com\/PolisSAMagazine\/\",\"https:\/\/x.com\/MagazinePolis\",\"https:\/\/www.youtube.com\/channel\/UCv0Mr5AHKUmsc0sEEXkJrgw\"]},{\"@type\":\"Person\",\"@id\":\"https:\/\/www.istitutogalanteoliva.it\/magazine\/#\/schema\/person\/d8b8aa79cfe8babc1df9da3212a7c0c4\",\"name\":\"Antonello Rivano\",\"image\":{\"@type\":\"ImageObject\",\"inLanguage\":\"it-IT\",\"@id\":\"https:\/\/www.istitutogalanteoliva.it\/magazine\/#\/schema\/person\/image\/\",\"url\":\"https:\/\/secure.gravatar.com\/avatar\/517a9a6487a7a18ecc4ce6d2e57a8f40?s=96&d=mm&r=g\",\"contentUrl\":\"https:\/\/secure.gravatar.com\/avatar\/517a9a6487a7a18ecc4ce6d2e57a8f40?s=96&d=mm&r=g\",\"caption\":\"Antonello Rivano\"},\"url\":\"https:\/\/www.istitutogalanteoliva.it\/magazine\/author\/antonello\/\"}]}<\/script>\n<!-- \/ Yoast SEO plugin. -->","yoast_head_json":{"title":"Julian Assange, la perscuzione di un uomo e la libert\u00e0 di informazione - Polis SA Magazine","robots":{"index":"index","follow":"follow","max-snippet":"max-snippet:-1","max-image-preview":"max-image-preview:large","max-video-preview":"max-video-preview:-1"},"canonical":"https:\/\/www.istitutogalanteoliva.it\/magazine\/2021\/09\/29\/julian-assange-la-perscuzione-di-un-uomo-e-la-liberta-di-informazione\/","og_locale":"it_IT","og_type":"article","og_title":"Julian Assange, la perscuzione di un uomo e la libert\u00e0 di informazione - Polis SA Magazine","og_description":"Il 27 ottobre la giustizia inglese decider\u00e0 se estradare il fondatore di WikiLeaks negli Stati Uniti, dove verrebbe processato come spia, con una pena che pu\u00f2 arrivare a 175 anni.","og_url":"https:\/\/www.istitutogalanteoliva.it\/magazine\/2021\/09\/29\/julian-assange-la-perscuzione-di-un-uomo-e-la-liberta-di-informazione\/","og_site_name":"Polis SA Magazine","article_publisher":"https:\/\/www.facebook.com\/PolisSAMagazine\/","article_published_time":"2021-09-29T05:30:00+00:00","article_modified_time":"2021-09-29T12:37:30+00:00","og_image":[{"width":640,"height":380,"url":"https:\/\/www.istitutogalanteoliva.it\/magazine\/wp-content\/uploads\/2021\/09\/29.jpg","type":"image\/jpeg"}],"author":"Antonello Rivano","twitter_card":"summary_large_image","twitter_creator":"@MagazinePolis","twitter_site":"@MagazinePolis","twitter_misc":{"Scritto da":"Antonello Rivano","Tempo di lettura stimato":"4 minuti"},"schema":{"@context":"https:\/\/schema.org","@graph":[{"@type":"Article","@id":"https:\/\/www.istitutogalanteoliva.it\/magazine\/2021\/09\/29\/julian-assange-la-perscuzione-di-un-uomo-e-la-liberta-di-informazione\/#article","isPartOf":{"@id":"https:\/\/www.istitutogalanteoliva.it\/magazine\/2021\/09\/29\/julian-assange-la-perscuzione-di-un-uomo-e-la-liberta-di-informazione\/"},"author":{"name":"Antonello Rivano","@id":"https:\/\/www.istitutogalanteoliva.it\/magazine\/#\/schema\/person\/d8b8aa79cfe8babc1df9da3212a7c0c4"},"headline":"Julian Assange, la perscuzione di un uomo e la libert\u00e0 di informazione","datePublished":"2021-09-29T05:30:00+00:00","dateModified":"2021-09-29T12:37:30+00:00","mainEntityOfPage":{"@id":"https:\/\/www.istitutogalanteoliva.it\/magazine\/2021\/09\/29\/julian-assange-la-perscuzione-di-un-uomo-e-la-liberta-di-informazione\/"},"wordCount":755,"commentCount":1,"publisher":{"@id":"https:\/\/www.istitutogalanteoliva.it\/magazine\/#organization"},"image":{"@id":"https:\/\/www.istitutogalanteoliva.it\/magazine\/2021\/09\/29\/julian-assange-la-perscuzione-di-un-uomo-e-la-liberta-di-informazione\/#primaryimage"},"thumbnailUrl":"https:\/\/www.istitutogalanteoliva.it\/magazine\/wp-content\/uploads\/2021\/09\/29.jpg","keywords":["informazione","Julian Assange","libert\u00e0"],"articleSection":["2021","Attualit\u00e0","Personaggi"],"inLanguage":"it-IT","potentialAction":[{"@type":"CommentAction","name":"Comment","target":["https:\/\/www.istitutogalanteoliva.it\/magazine\/2021\/09\/29\/julian-assange-la-perscuzione-di-un-uomo-e-la-liberta-di-informazione\/#respond"]}]},{"@type":"WebPage","@id":"https:\/\/www.istitutogalanteoliva.it\/magazine\/2021\/09\/29\/julian-assange-la-perscuzione-di-un-uomo-e-la-liberta-di-informazione\/","url":"https:\/\/www.istitutogalanteoliva.it\/magazine\/2021\/09\/29\/julian-assange-la-perscuzione-di-un-uomo-e-la-liberta-di-informazione\/","name":"Julian Assange, la perscuzione di un uomo e la libert\u00e0 di informazione - Polis SA Magazine","isPartOf":{"@id":"https:\/\/www.istitutogalanteoliva.it\/magazine\/#website"},"primaryImageOfPage":{"@id":"https:\/\/www.istitutogalanteoliva.it\/magazine\/2021\/09\/29\/julian-assange-la-perscuzione-di-un-uomo-e-la-liberta-di-informazione\/#primaryimage"},"image":{"@id":"https:\/\/www.istitutogalanteoliva.it\/magazine\/2021\/09\/29\/julian-assange-la-perscuzione-di-un-uomo-e-la-liberta-di-informazione\/#primaryimage"},"thumbnailUrl":"https:\/\/www.istitutogalanteoliva.it\/magazine\/wp-content\/uploads\/2021\/09\/29.jpg","datePublished":"2021-09-29T05:30:00+00:00","dateModified":"2021-09-29T12:37:30+00:00","breadcrumb":{"@id":"https:\/\/www.istitutogalanteoliva.it\/magazine\/2021\/09\/29\/julian-assange-la-perscuzione-di-un-uomo-e-la-liberta-di-informazione\/#breadcrumb"},"inLanguage":"it-IT","potentialAction":[{"@type":"ReadAction","target":["https:\/\/www.istitutogalanteoliva.it\/magazine\/2021\/09\/29\/julian-assange-la-perscuzione-di-un-uomo-e-la-liberta-di-informazione\/"]}]},{"@type":"ImageObject","inLanguage":"it-IT","@id":"https:\/\/www.istitutogalanteoliva.it\/magazine\/2021\/09\/29\/julian-assange-la-perscuzione-di-un-uomo-e-la-liberta-di-informazione\/#primaryimage","url":"https:\/\/www.istitutogalanteoliva.it\/magazine\/wp-content\/uploads\/2021\/09\/29.jpg","contentUrl":"https:\/\/www.istitutogalanteoliva.it\/magazine\/wp-content\/uploads\/2021\/09\/29.jpg","width":640,"height":380},{"@type":"BreadcrumbList","@id":"https:\/\/www.istitutogalanteoliva.it\/magazine\/2021\/09\/29\/julian-assange-la-perscuzione-di-un-uomo-e-la-liberta-di-informazione\/#breadcrumb","itemListElement":[{"@type":"ListItem","position":1,"name":"Home","item":"https:\/\/www.istitutogalanteoliva.it\/magazine\/"},{"@type":"ListItem","position":2,"name":"Julian Assange, la perscuzione di un uomo e la libert\u00e0 di informazione"}]},{"@type":"WebSite","@id":"https:\/\/www.istitutogalanteoliva.it\/magazine\/#website","url":"https:\/\/www.istitutogalanteoliva.it\/magazine\/","name":"POLIS SA MAGAZINE","description":"Informazione e approfondimenti","publisher":{"@id":"https:\/\/www.istitutogalanteoliva.it\/magazine\/#organization"},"potentialAction":[{"@type":"SearchAction","target":{"@type":"EntryPoint","urlTemplate":"https:\/\/www.istitutogalanteoliva.it\/magazine\/?s={search_term_string}"},"query-input":{"@type":"PropertyValueSpecification","valueRequired":true,"valueName":"search_term_string"}}],"inLanguage":"it-IT"},{"@type":"Organization","@id":"https:\/\/www.istitutogalanteoliva.it\/magazine\/#organization","name":"Polis SA Magazine","url":"https:\/\/www.istitutogalanteoliva.it\/magazine\/","logo":{"@type":"ImageObject","inLanguage":"it-IT","@id":"https:\/\/www.istitutogalanteoliva.it\/magazine\/#\/schema\/logo\/image\/","url":"","contentUrl":"","caption":"Polis SA Magazine"},"image":{"@id":"https:\/\/www.istitutogalanteoliva.it\/magazine\/#\/schema\/logo\/image\/"},"sameAs":["https:\/\/www.facebook.com\/PolisSAMagazine\/","https:\/\/x.com\/MagazinePolis","https:\/\/www.youtube.com\/channel\/UCv0Mr5AHKUmsc0sEEXkJrgw"]},{"@type":"Person","@id":"https:\/\/www.istitutogalanteoliva.it\/magazine\/#\/schema\/person\/d8b8aa79cfe8babc1df9da3212a7c0c4","name":"Antonello Rivano","image":{"@type":"ImageObject","inLanguage":"it-IT","@id":"https:\/\/www.istitutogalanteoliva.it\/magazine\/#\/schema\/person\/image\/","url":"https:\/\/secure.gravatar.com\/avatar\/517a9a6487a7a18ecc4ce6d2e57a8f40?s=96&d=mm&r=g","contentUrl":"https:\/\/secure.gravatar.com\/avatar\/517a9a6487a7a18ecc4ce6d2e57a8f40?s=96&d=mm&r=g","caption":"Antonello Rivano"},"url":"https:\/\/www.istitutogalanteoliva.it\/magazine\/author\/antonello\/"}]}},"_links":{"self":[{"href":"https:\/\/www.istitutogalanteoliva.it\/magazine\/wp-json\/wp\/v2\/posts\/9656","targetHints":{"allow":["GET"]}}],"collection":[{"href":"https:\/\/www.istitutogalanteoliva.it\/magazine\/wp-json\/wp\/v2\/posts"}],"about":[{"href":"https:\/\/www.istitutogalanteoliva.it\/magazine\/wp-json\/wp\/v2\/types\/post"}],"author":[{"embeddable":true,"href":"https:\/\/www.istitutogalanteoliva.it\/magazine\/wp-json\/wp\/v2\/users\/2"}],"replies":[{"embeddable":true,"href":"https:\/\/www.istitutogalanteoliva.it\/magazine\/wp-json\/wp\/v2\/comments?post=9656"}],"version-history":[{"count":6,"href":"https:\/\/www.istitutogalanteoliva.it\/magazine\/wp-json\/wp\/v2\/posts\/9656\/revisions"}],"predecessor-version":[{"id":9675,"href":"https:\/\/www.istitutogalanteoliva.it\/magazine\/wp-json\/wp\/v2\/posts\/9656\/revisions\/9675"}],"wp:featuredmedia":[{"embeddable":true,"href":"https:\/\/www.istitutogalanteoliva.it\/magazine\/wp-json\/wp\/v2\/media\/9660"}],"wp:attachment":[{"href":"https:\/\/www.istitutogalanteoliva.it\/magazine\/wp-json\/wp\/v2\/media?parent=9656"}],"wp:term":[{"taxonomy":"category","embeddable":true,"href":"https:\/\/www.istitutogalanteoliva.it\/magazine\/wp-json\/wp\/v2\/categories?post=9656"},{"taxonomy":"post_tag","embeddable":true,"href":"https:\/\/www.istitutogalanteoliva.it\/magazine\/wp-json\/wp\/v2\/tags?post=9656"}],"curies":[{"name":"wp","href":"https:\/\/api.w.org\/{rel}","templated":true}]}}