{"id":9725,"date":"2021-10-04T08:00:00","date_gmt":"2021-10-04T06:00:00","guid":{"rendered":"https:\/\/www.istitutogalanteoliva.it\/magazine\/?p=9725"},"modified":"2021-10-03T20:13:41","modified_gmt":"2021-10-03T18:13:41","slug":"mettiamoci-un-punto","status":"publish","type":"post","link":"https:\/\/www.istitutogalanteoliva.it\/magazine\/2021\/10\/04\/mettiamoci-un-punto\/","title":{"rendered":"Mettiamoci un punto"},"content":{"rendered":"\n<h4 class=\"wp-block-heading\"> Da decenni, le cifre sui decessi definiti &#8220;morti bianche &#8220;rappresentano una triste e lunga sciagura nazionale: una corona di granelli da contare, affidata ahim\u00e8, a dati freddi, nudi, crudi<\/h4>\n\n\n\n<p><sub><strong>di <em>Pina Esposito<\/em><\/strong><\/sub><\/p>\n\n\n\n<p>Proviamo a metterli in fila questi morti&nbsp; dall&#8217;inizio dell&#8217;anno ad oggi(inclusi&nbsp; i quattordici decessi delle ultime ore, fra fine Settembre ed inizio Ottobre),conteremo, in questo immaginario scenico, tutti gli abitanti di qualche piccolo borgo italiano, in una vallata qualsiasi delle Alpi &nbsp;o sul cucuzzolo di un punto qualsiasi della &nbsp;dorsale appenninica. Questo solo se registriamo i dati del 2021.<\/p>\n\n\n\n<p>Erano seicentonovantaquattro nostri connazionali ed ora corrispondono ad altrettanti croci, nei cuori dei loro cari e nei cimiteri di diverse zone geografiche del nostro Paese.<\/p>\n\n\n\n<p>Ora, a fronte di questa immane tragedia ed al di l\u00e0 delle&nbsp; misure di prevenzione adottate e delle norme che hanno regolato la materia fino ad oggi,si coglie l&#8217;urgenza di mettere mano ad un nuovo piano strutturale, che si basi su nuove garanzie, su nuovi paletti, pi\u00f9 proficui di quelli vigenti.<\/p>\n\n\n\n<p>La conta dei defunti,dunque,spinge necessariamente a rendersi conto che bisogna fare di pi\u00f9,evitando&nbsp; che la lista dei lutti si&nbsp; incrementi ulteriormente.<\/p>\n\n\n\n<p>&nbsp;Le pagine di cronaca non dovrebbero pi\u00f9 raccontarci di vite divelte,distrutte. Pagine raccapriccianti che rappresentano la disfatta sociale e politica di un tempo malato,qual \u00e8 il &nbsp;nostro.<\/p>\n\n\n\n<p>Dolore ed impotenza, per queste vittime, vanno a braccetto, ma bisogna necessariamente capire che l&#8217;impotenza va separata dal dolore e superata con provvedimenti da elaborare al pi\u00f9 presto, affinch\u00e9 uno degli articoli pi\u00f9 nobili della nostra costituzione, non sia ulteriormente infangato nella sua intrinseca essenza, quale diritto primario ed inalienabile del cittadino , come succede&nbsp; da molto, dall&#8217;ombra della morte infausta.<\/p>\n\n\n\n<p>Draghi e i sindacati,in particolare Landini della CGIL, a poca distanza dalle recentissime disgrazie,incontrandosi,hanno parlato dell&#8217;urgenza di mettere mano a nuovi interventi per la tutela dei lavoratori e per garantire maggiore sicurezza nei luoghi del lavoro.<\/p>\n\n\n\n<p>Oltre le buone intenzioni,aspettiamo,quindi, un nuovo decreto; poi vedremo nei dettagli i punti in cui &nbsp;esso sar\u00e0 articolato. Il vertice che si \u00e8 tenuto a Palazzo Chigi,dunque, fa ben sperare. Intanto nell&#8217;attesa,incrociamo le dita ed auguriamoci di non fare altre dolenti addizioni ad una cifra gi\u00e0 in s\u00e9 spaventosa.<\/p>\n\n\n\n<p>Quanto detto in premessa, non esaurisce un argomento complesso, ma \u00e8 una riflessione anche emotiva&nbsp; che non &nbsp;mi sottrae dal bisogno di offrire &nbsp;un elegiaco omaggio, unico fiore&nbsp; di cui dispongo, da&nbsp; consegnare &nbsp;all&#8217;esercito di donne ed uomini che per il lavoro ed in nome del lavoro, hanno smesso di vivere.<\/p>\n\n\n\n<p>E questo mio Fiore, intriso di amore e di sdegno, vorrei che lo annusassero anche e,&nbsp; soprattutto, quelli che trasformano il&nbsp; lavoro in un&#8217;arma di vilipendio, per sfruttare, derubare gli altri e l&#8217;intera societ\u00e0.<\/p>\n\n\n\n<figure class=\"wp-block-image size-large is-resized\"><img loading=\"lazy\" decoding=\"async\" src=\"https:\/\/www.istitutogalanteoliva.it\/magazine\/wp-content\/uploads\/2021\/10\/manifestazione_edili_piazza_del_plebiscito_sulla_sicurezza_sul_lavoro_640.jpg\" alt=\"\" class=\"wp-image-9738\" width=\"480\" height=\"270\" srcset=\"https:\/\/www.istitutogalanteoliva.it\/magazine\/wp-content\/uploads\/2021\/10\/manifestazione_edili_piazza_del_plebiscito_sulla_sicurezza_sul_lavoro_640.jpg 640w, https:\/\/www.istitutogalanteoliva.it\/magazine\/wp-content\/uploads\/2021\/10\/manifestazione_edili_piazza_del_plebiscito_sulla_sicurezza_sul_lavoro_640-300x169.jpg 300w\" sizes=\"auto, (max-width: 480px) 100vw, 480px\" \/><figcaption><strong><em><sup>foto: SeiTv<\/sup><\/em><\/strong><\/figcaption><\/figure>\n\n\n\n<p>&nbsp;La lista&nbsp; \u00e8 lunga; inutile elencarla. Di farabutti siamo pieni, ma non mancano, in questa lista, quelli che dal lavoro &#8220;vanno fuggendo&#8221;, preferendo una vita fatta di cialtronerie e di meschini espedienti.<\/p>\n\n\n\n<p>Ai denigratori del lavoro e a chi ,in senso lato, lo &#8220;snobilita&#8221; dedico il mio fiore :ogni petalo di questo metaforico fiore porta con s\u00e9 un&#8217;immagine ed ogni immagine riguarda&nbsp; una dipartita&nbsp; e ci\u00f2 che l&#8217;ha determinata.<\/p>\n\n\n\n<p>Sicch\u00e9, nello strappare petalo per petalo si snodano&nbsp; le configurazioni terrificanti di&nbsp; macchinari &nbsp;che sgozzano, che triturano, che ingoiano corpi . Ecco: si &nbsp;colga la ferocia ingiusta che ha sottratto, per accidenti impensabili, tremendi ,alla vita chi, per campare, si stava sudando un salario, proprio nell&#8217;esplicitazione piena &nbsp;&nbsp;del suo lavoro.<\/p>\n\n\n\n<p>Ci sono pure i&nbsp; voli dall&#8217;alto di impalcature ,voli &nbsp;che si &nbsp;schiantano a terra, sull&#8217;asfalto, senza far caso all&#8217; et\u00e0 di chi ,da uomo, si trasforma in uccello involontario. Un povero uccello morto.<\/p>\n\n\n\n<p><\/p>\n\n\n\n<p>&nbsp;Rievoco, fra tante &nbsp;altre, anche le immagini che ricordano i vapori che esalano da vasche con veleni vari e che annientano per sempre ogni respiro. Acidi corrosivi, composti chimici micidiali, addirittura mosti di vino(il buon vino che dovrebbe inanellare allegria con le sue bollicine) che procurano asfissia e, a volte, morti a catena. Un soccorso, in certe circostanze, che trasforma un gesto di aiuto nell&#8217;immediata causa di un ulteriore decesso.<\/p>\n\n\n\n<p class=\"has-small-font-size\"><\/p>\n\n\n\n<figure class=\"wp-block-image size-large is-resized\"><img loading=\"lazy\" decoding=\"async\" src=\"https:\/\/www.istitutogalanteoliva.it\/magazine\/wp-content\/uploads\/2021\/10\/image.jpg\" alt=\"\" class=\"wp-image-9741\" width=\"512\" height=\"366\" srcset=\"https:\/\/www.istitutogalanteoliva.it\/magazine\/wp-content\/uploads\/2021\/10\/image.jpg 1024w, https:\/\/www.istitutogalanteoliva.it\/magazine\/wp-content\/uploads\/2021\/10\/image-300x214.jpg 300w, https:\/\/www.istitutogalanteoliva.it\/magazine\/wp-content\/uploads\/2021\/10\/image-768x548.jpg 768w\" sizes=\"auto, (max-width: 512px) 100vw, 512px\" \/><\/figure>\n\n\n\n<p>In questa carrellata orrida di disgrazie, vanno a ficcarsi i dolori dei parenti, lo sgomento sociale, le inadempienze, la superficialit\u00e0, la mancanza di scrupoli. Insomma, di roba ce n&#8217;\u00e8 tanta!<\/p>\n\n\n\n<p>Nell&#8217;esaurire queste righe,l&#8217;amarezza mi induce a credere, che per i&nbsp; responsabili di tante vittime, per i datori di lavoro, queste immagini siano, dovrebbero essere, la sostanza con cui&nbsp; impastano il loro &nbsp;sonno, nonch\u00e9 il punto di partenza per approcci diversi, sicuri nella conduzione delle loro attivit\u00e0 produttive.<\/p>\n\n\n\n<p>Ma quei corpi raggelati, sminuzzati, o integri, come manichini perfetti, oppure mutilati in pi\u00f9 parti, sono una condanna in&nbsp; cui il&nbsp; rimorso e la pena da espiare, non bastano&nbsp; da sole a risanare l&#8217;ingiustizia sociale toccata in sorte a tanti lavoratori.<\/p>\n\n\n\n<p>Sono sempre gli ultimi che pagano lo scotto di diseguaglianze sociali non pi\u00f9 accettabili. Perci\u00f2 urge una svolta epocale, politiche veramente riformiste ispirate ai grossi temi attuali, fra cui permane un divario sociale eclatante, non &nbsp;pi\u00f9 sopportabile.<\/p>\n\n\n\n<div class=\"wp-block-image\"><figure class=\"alignleft size-large is-resized\"><img loading=\"lazy\" decoding=\"async\" src=\"https:\/\/www.istitutogalanteoliva.it\/magazine\/wp-content\/uploads\/2021\/10\/img_2402_2199-1.gif\" alt=\"\" class=\"wp-image-9742\" width=\"267\" height=\"309\"\/><figcaption><strong><em><sup>Una vignetta di Vauro<\/sup><\/em><\/strong><\/figcaption><\/figure><\/div>\n\n\n\n<p>Ormai, l&#8217;operaio, che rappresenta una categoria bistrattata, dimenticata,(ricordate il mitico Cipputi?),non solo esiste ancora nella stratificazione delle classi sociali, non solo &nbsp;si aliena ancora nel prodotto del suo lavoro(come direbbe Marx) , ma ne viene fagocitato, cedendo ad esso, addirittura, la propria vita.<\/p>\n\n\n\n<p>Triste storie, questi decessi, che segnano il nostro moderno Medioevo, che implorano ed impongono&nbsp; che a tutto ci\u00f2 sia messa la parola fine: un punto, per favore, mettiamoci un punto. Rifondiamo&nbsp; lo stato sociale, risvegliamo la ragione dal lungo sonno in cui \u00e8 calata. &nbsp;&nbsp;&nbsp;&nbsp;<\/p>\n\n\n\n<p><sub>(<em><strong>foto copertina: articolo21.org<\/strong><\/em>)<\/sub><\/p>\n\n\n\n<p><img loading=\"lazy\" decoding=\"async\" width=\"100\" height=\"100\" class=\"wp-image-9730\" style=\"width: 100px;\" src=\"https:\/\/www.istitutogalanteoliva.it\/magazine\/wp-content\/uploads\/2021\/10\/Pina-2.jpg\" alt=\"\" srcset=\"https:\/\/www.istitutogalanteoliva.it\/magazine\/wp-content\/uploads\/2021\/10\/Pina-2.jpg 807w, https:\/\/www.istitutogalanteoliva.it\/magazine\/wp-content\/uploads\/2021\/10\/Pina-2-300x300.jpg 300w, https:\/\/www.istitutogalanteoliva.it\/magazine\/wp-content\/uploads\/2021\/10\/Pina-2-150x150.jpg 150w, https:\/\/www.istitutogalanteoliva.it\/magazine\/wp-content\/uploads\/2021\/10\/Pina-2-768x768.jpg 768w\" sizes=\"auto, (max-width: 100px) 100vw, 100px\" \/><strong><em><a rel=\"noreferrer noopener\" href=\"https:\/\/www.istitutogalanteoliva.it\/magazine\/?s=Pina+Esposito\" target=\"_blank\">Pina Esposito<\/a><\/em><\/strong><\/p>\n\n\n\n<p>Articoli correlati<\/p>\n\n\n\n<p><a href=\"https:\/\/www.istitutogalanteoliva.it\/magazine\/2021\/05\/09\/cronaca-di-una-morte-annunciata-perche-tante-morti-bianche\/\">\u201cCRONACA DI UNA MORTE ANNUNCIATA\u201d: PERCH\u00c9 TANTE MORTI BIANCHE?<\/a><br><sub>09\/05\/2021<br>Continuano le morti sul lavoro, le cosiddette \u201cmorti bianche\u201d<\/sub><\/p>\n\n\n\n<p><br><a href=\"https:\/\/www.istitutogalanteoliva.it\/magazine\/2021\/06\/12\/litalia-e-una-repubblica-fondata-sullaperitivo\/\" target=\"_blank\" rel=\"noreferrer noopener\">\u201cL\u2019ITALIA \u00c8 UNA REPUBBLICA FONDATA\u2026 SULL\u2019APERITIVO\u201d<\/a> <br><sub>12\/06\/2021<br>Seid, Saman, Camilla: cinquantasei anni in tutto, morti per motivi diversi, ma sicuramente in tutte e tre i casi qualcosa non ha funzionato.<\/sub><\/p>\n<div class=\"pdfprnt-buttons pdfprnt-buttons-post pdfprnt-bottom-left\"><a href=\"https:\/\/www.istitutogalanteoliva.it\/magazine\/wp-json\/wp\/v2\/posts\/9725?print=print\" class=\"pdfprnt-button pdfprnt-button-print\" target=\"_blank\"><img decoding=\"async\" src=\"https:\/\/www.istitutogalanteoliva.it\/magazine\/wp-content\/plugins\/pdf-print\/images\/print.png\" alt=\"image_print\" title=\"Stampa contenuto\" \/><span class=\"pdfprnt-button-title pdfprnt-button-print-title\">Download in PDF<\/span><\/a><\/div>","protected":false},"excerpt":{"rendered":"<p>Morti sul lavoro: al di l\u00e0 delle  misure di prevenzione adottate e delle norme che hanno regolato la materia fino ad oggi, si coglie l&#8217;urgenza di mettere mano ad un nuovo piano strutturale, che si basi su nuove garanzie, su nuovi paletti, pi\u00f9 proficui di quelli vigenti<\/p>\n","protected":false},"author":2,"featured_media":9737,"comment_status":"open","ping_status":"open","sticky":true,"template":"","format":"standard","meta":{"footnotes":""},"categories":[148,438,22],"tags":[],"class_list":["post-9725","post","type-post","status-publish","format-standard","has-post-thumbnail","hentry","category-148","category-il-punto-di-vista","category-societa"],"yoast_head":"<!-- This site is optimized with the Yoast SEO plugin v24.2 - https:\/\/yoast.com\/wordpress\/plugins\/seo\/ -->\n<title>Mettiamoci un punto - Polis SA Magazine<\/title>\n<meta name=\"robots\" content=\"index, follow, max-snippet:-1, max-image-preview:large, max-video-preview:-1\" \/>\n<link rel=\"canonical\" href=\"https:\/\/www.istitutogalanteoliva.it\/magazine\/2021\/10\/04\/mettiamoci-un-punto\/\" \/>\n<meta property=\"og:locale\" content=\"it_IT\" \/>\n<meta property=\"og:type\" content=\"article\" \/>\n<meta property=\"og:title\" content=\"Mettiamoci un punto - Polis SA Magazine\" \/>\n<meta property=\"og:description\" content=\"Morti sul lavoro: al di l\u00e0 delle misure di prevenzione adottate e delle norme che hanno regolato la materia fino ad oggi, si coglie l&#039;urgenza di mettere mano ad un nuovo piano strutturale, che si basi su nuove garanzie, su nuovi paletti, pi\u00f9 proficui di quelli vigenti\" \/>\n<meta property=\"og:url\" content=\"https:\/\/www.istitutogalanteoliva.it\/magazine\/2021\/10\/04\/mettiamoci-un-punto\/\" \/>\n<meta property=\"og:site_name\" content=\"Polis SA Magazine\" \/>\n<meta property=\"article:publisher\" content=\"https:\/\/www.facebook.com\/PolisSAMagazine\/\" \/>\n<meta property=\"article:published_time\" content=\"2021-10-04T06:00:00+00:00\" \/>\n<meta property=\"article:modified_time\" content=\"2021-10-03T18:13:41+00:00\" \/>\n<meta property=\"og:image\" content=\"https:\/\/www.istitutogalanteoliva.it\/magazine\/wp-content\/uploads\/2021\/10\/Senza-titolo-2.jpg\" \/>\n\t<meta property=\"og:image:width\" content=\"640\" \/>\n\t<meta property=\"og:image:height\" content=\"380\" \/>\n\t<meta property=\"og:image:type\" content=\"image\/jpeg\" \/>\n<meta name=\"author\" content=\"Antonello Rivano\" \/>\n<meta name=\"twitter:card\" content=\"summary_large_image\" \/>\n<meta name=\"twitter:creator\" content=\"@MagazinePolis\" \/>\n<meta name=\"twitter:site\" content=\"@MagazinePolis\" \/>\n<meta name=\"twitter:label1\" content=\"Scritto da\" \/>\n\t<meta name=\"twitter:data1\" content=\"Antonello Rivano\" \/>\n\t<meta name=\"twitter:label2\" content=\"Tempo di lettura stimato\" \/>\n\t<meta name=\"twitter:data2\" content=\"5 minuti\" \/>\n<script type=\"application\/ld+json\" class=\"yoast-schema-graph\">{\"@context\":\"https:\/\/schema.org\",\"@graph\":[{\"@type\":\"Article\",\"@id\":\"https:\/\/www.istitutogalanteoliva.it\/magazine\/2021\/10\/04\/mettiamoci-un-punto\/#article\",\"isPartOf\":{\"@id\":\"https:\/\/www.istitutogalanteoliva.it\/magazine\/2021\/10\/04\/mettiamoci-un-punto\/\"},\"author\":{\"name\":\"Antonello Rivano\",\"@id\":\"https:\/\/www.istitutogalanteoliva.it\/magazine\/#\/schema\/person\/d8b8aa79cfe8babc1df9da3212a7c0c4\"},\"headline\":\"Mettiamoci un punto\",\"datePublished\":\"2021-10-04T06:00:00+00:00\",\"dateModified\":\"2021-10-03T18:13:41+00:00\",\"mainEntityOfPage\":{\"@id\":\"https:\/\/www.istitutogalanteoliva.it\/magazine\/2021\/10\/04\/mettiamoci-un-punto\/\"},\"wordCount\":1034,\"commentCount\":0,\"publisher\":{\"@id\":\"https:\/\/www.istitutogalanteoliva.it\/magazine\/#organization\"},\"image\":{\"@id\":\"https:\/\/www.istitutogalanteoliva.it\/magazine\/2021\/10\/04\/mettiamoci-un-punto\/#primaryimage\"},\"thumbnailUrl\":\"https:\/\/www.istitutogalanteoliva.it\/magazine\/wp-content\/uploads\/2021\/10\/Senza-titolo-2.jpg\",\"articleSection\":[\"2021\",\"Il punto di vista\",\"Societ\u00e0\"],\"inLanguage\":\"it-IT\",\"potentialAction\":[{\"@type\":\"CommentAction\",\"name\":\"Comment\",\"target\":[\"https:\/\/www.istitutogalanteoliva.it\/magazine\/2021\/10\/04\/mettiamoci-un-punto\/#respond\"]}]},{\"@type\":\"WebPage\",\"@id\":\"https:\/\/www.istitutogalanteoliva.it\/magazine\/2021\/10\/04\/mettiamoci-un-punto\/\",\"url\":\"https:\/\/www.istitutogalanteoliva.it\/magazine\/2021\/10\/04\/mettiamoci-un-punto\/\",\"name\":\"Mettiamoci un punto - Polis SA Magazine\",\"isPartOf\":{\"@id\":\"https:\/\/www.istitutogalanteoliva.it\/magazine\/#website\"},\"primaryImageOfPage\":{\"@id\":\"https:\/\/www.istitutogalanteoliva.it\/magazine\/2021\/10\/04\/mettiamoci-un-punto\/#primaryimage\"},\"image\":{\"@id\":\"https:\/\/www.istitutogalanteoliva.it\/magazine\/2021\/10\/04\/mettiamoci-un-punto\/#primaryimage\"},\"thumbnailUrl\":\"https:\/\/www.istitutogalanteoliva.it\/magazine\/wp-content\/uploads\/2021\/10\/Senza-titolo-2.jpg\",\"datePublished\":\"2021-10-04T06:00:00+00:00\",\"dateModified\":\"2021-10-03T18:13:41+00:00\",\"breadcrumb\":{\"@id\":\"https:\/\/www.istitutogalanteoliva.it\/magazine\/2021\/10\/04\/mettiamoci-un-punto\/#breadcrumb\"},\"inLanguage\":\"it-IT\",\"potentialAction\":[{\"@type\":\"ReadAction\",\"target\":[\"https:\/\/www.istitutogalanteoliva.it\/magazine\/2021\/10\/04\/mettiamoci-un-punto\/\"]}]},{\"@type\":\"ImageObject\",\"inLanguage\":\"it-IT\",\"@id\":\"https:\/\/www.istitutogalanteoliva.it\/magazine\/2021\/10\/04\/mettiamoci-un-punto\/#primaryimage\",\"url\":\"https:\/\/www.istitutogalanteoliva.it\/magazine\/wp-content\/uploads\/2021\/10\/Senza-titolo-2.jpg\",\"contentUrl\":\"https:\/\/www.istitutogalanteoliva.it\/magazine\/wp-content\/uploads\/2021\/10\/Senza-titolo-2.jpg\",\"width\":640,\"height\":380},{\"@type\":\"BreadcrumbList\",\"@id\":\"https:\/\/www.istitutogalanteoliva.it\/magazine\/2021\/10\/04\/mettiamoci-un-punto\/#breadcrumb\",\"itemListElement\":[{\"@type\":\"ListItem\",\"position\":1,\"name\":\"Home\",\"item\":\"https:\/\/www.istitutogalanteoliva.it\/magazine\/\"},{\"@type\":\"ListItem\",\"position\":2,\"name\":\"Mettiamoci un punto\"}]},{\"@type\":\"WebSite\",\"@id\":\"https:\/\/www.istitutogalanteoliva.it\/magazine\/#website\",\"url\":\"https:\/\/www.istitutogalanteoliva.it\/magazine\/\",\"name\":\"POLIS SA MAGAZINE\",\"description\":\"Informazione e approfondimenti\",\"publisher\":{\"@id\":\"https:\/\/www.istitutogalanteoliva.it\/magazine\/#organization\"},\"potentialAction\":[{\"@type\":\"SearchAction\",\"target\":{\"@type\":\"EntryPoint\",\"urlTemplate\":\"https:\/\/www.istitutogalanteoliva.it\/magazine\/?s={search_term_string}\"},\"query-input\":{\"@type\":\"PropertyValueSpecification\",\"valueRequired\":true,\"valueName\":\"search_term_string\"}}],\"inLanguage\":\"it-IT\"},{\"@type\":\"Organization\",\"@id\":\"https:\/\/www.istitutogalanteoliva.it\/magazine\/#organization\",\"name\":\"Polis SA Magazine\",\"url\":\"https:\/\/www.istitutogalanteoliva.it\/magazine\/\",\"logo\":{\"@type\":\"ImageObject\",\"inLanguage\":\"it-IT\",\"@id\":\"https:\/\/www.istitutogalanteoliva.it\/magazine\/#\/schema\/logo\/image\/\",\"url\":\"\",\"contentUrl\":\"\",\"caption\":\"Polis SA Magazine\"},\"image\":{\"@id\":\"https:\/\/www.istitutogalanteoliva.it\/magazine\/#\/schema\/logo\/image\/\"},\"sameAs\":[\"https:\/\/www.facebook.com\/PolisSAMagazine\/\",\"https:\/\/x.com\/MagazinePolis\",\"https:\/\/www.youtube.com\/channel\/UCv0Mr5AHKUmsc0sEEXkJrgw\"]},{\"@type\":\"Person\",\"@id\":\"https:\/\/www.istitutogalanteoliva.it\/magazine\/#\/schema\/person\/d8b8aa79cfe8babc1df9da3212a7c0c4\",\"name\":\"Antonello Rivano\",\"image\":{\"@type\":\"ImageObject\",\"inLanguage\":\"it-IT\",\"@id\":\"https:\/\/www.istitutogalanteoliva.it\/magazine\/#\/schema\/person\/image\/\",\"url\":\"https:\/\/secure.gravatar.com\/avatar\/517a9a6487a7a18ecc4ce6d2e57a8f40?s=96&d=mm&r=g\",\"contentUrl\":\"https:\/\/secure.gravatar.com\/avatar\/517a9a6487a7a18ecc4ce6d2e57a8f40?s=96&d=mm&r=g\",\"caption\":\"Antonello Rivano\"},\"url\":\"https:\/\/www.istitutogalanteoliva.it\/magazine\/author\/antonello\/\"}]}<\/script>\n<!-- \/ Yoast SEO plugin. -->","yoast_head_json":{"title":"Mettiamoci un punto - Polis SA Magazine","robots":{"index":"index","follow":"follow","max-snippet":"max-snippet:-1","max-image-preview":"max-image-preview:large","max-video-preview":"max-video-preview:-1"},"canonical":"https:\/\/www.istitutogalanteoliva.it\/magazine\/2021\/10\/04\/mettiamoci-un-punto\/","og_locale":"it_IT","og_type":"article","og_title":"Mettiamoci un punto - Polis SA Magazine","og_description":"Morti sul lavoro: al di l\u00e0 delle misure di prevenzione adottate e delle norme che hanno regolato la materia fino ad oggi, si coglie l'urgenza di mettere mano ad un nuovo piano strutturale, che si basi su nuove garanzie, su nuovi paletti, pi\u00f9 proficui di quelli vigenti","og_url":"https:\/\/www.istitutogalanteoliva.it\/magazine\/2021\/10\/04\/mettiamoci-un-punto\/","og_site_name":"Polis SA Magazine","article_publisher":"https:\/\/www.facebook.com\/PolisSAMagazine\/","article_published_time":"2021-10-04T06:00:00+00:00","article_modified_time":"2021-10-03T18:13:41+00:00","og_image":[{"width":640,"height":380,"url":"https:\/\/www.istitutogalanteoliva.it\/magazine\/wp-content\/uploads\/2021\/10\/Senza-titolo-2.jpg","type":"image\/jpeg"}],"author":"Antonello Rivano","twitter_card":"summary_large_image","twitter_creator":"@MagazinePolis","twitter_site":"@MagazinePolis","twitter_misc":{"Scritto da":"Antonello Rivano","Tempo di lettura stimato":"5 minuti"},"schema":{"@context":"https:\/\/schema.org","@graph":[{"@type":"Article","@id":"https:\/\/www.istitutogalanteoliva.it\/magazine\/2021\/10\/04\/mettiamoci-un-punto\/#article","isPartOf":{"@id":"https:\/\/www.istitutogalanteoliva.it\/magazine\/2021\/10\/04\/mettiamoci-un-punto\/"},"author":{"name":"Antonello Rivano","@id":"https:\/\/www.istitutogalanteoliva.it\/magazine\/#\/schema\/person\/d8b8aa79cfe8babc1df9da3212a7c0c4"},"headline":"Mettiamoci un punto","datePublished":"2021-10-04T06:00:00+00:00","dateModified":"2021-10-03T18:13:41+00:00","mainEntityOfPage":{"@id":"https:\/\/www.istitutogalanteoliva.it\/magazine\/2021\/10\/04\/mettiamoci-un-punto\/"},"wordCount":1034,"commentCount":0,"publisher":{"@id":"https:\/\/www.istitutogalanteoliva.it\/magazine\/#organization"},"image":{"@id":"https:\/\/www.istitutogalanteoliva.it\/magazine\/2021\/10\/04\/mettiamoci-un-punto\/#primaryimage"},"thumbnailUrl":"https:\/\/www.istitutogalanteoliva.it\/magazine\/wp-content\/uploads\/2021\/10\/Senza-titolo-2.jpg","articleSection":["2021","Il punto di vista","Societ\u00e0"],"inLanguage":"it-IT","potentialAction":[{"@type":"CommentAction","name":"Comment","target":["https:\/\/www.istitutogalanteoliva.it\/magazine\/2021\/10\/04\/mettiamoci-un-punto\/#respond"]}]},{"@type":"WebPage","@id":"https:\/\/www.istitutogalanteoliva.it\/magazine\/2021\/10\/04\/mettiamoci-un-punto\/","url":"https:\/\/www.istitutogalanteoliva.it\/magazine\/2021\/10\/04\/mettiamoci-un-punto\/","name":"Mettiamoci un punto - Polis SA Magazine","isPartOf":{"@id":"https:\/\/www.istitutogalanteoliva.it\/magazine\/#website"},"primaryImageOfPage":{"@id":"https:\/\/www.istitutogalanteoliva.it\/magazine\/2021\/10\/04\/mettiamoci-un-punto\/#primaryimage"},"image":{"@id":"https:\/\/www.istitutogalanteoliva.it\/magazine\/2021\/10\/04\/mettiamoci-un-punto\/#primaryimage"},"thumbnailUrl":"https:\/\/www.istitutogalanteoliva.it\/magazine\/wp-content\/uploads\/2021\/10\/Senza-titolo-2.jpg","datePublished":"2021-10-04T06:00:00+00:00","dateModified":"2021-10-03T18:13:41+00:00","breadcrumb":{"@id":"https:\/\/www.istitutogalanteoliva.it\/magazine\/2021\/10\/04\/mettiamoci-un-punto\/#breadcrumb"},"inLanguage":"it-IT","potentialAction":[{"@type":"ReadAction","target":["https:\/\/www.istitutogalanteoliva.it\/magazine\/2021\/10\/04\/mettiamoci-un-punto\/"]}]},{"@type":"ImageObject","inLanguage":"it-IT","@id":"https:\/\/www.istitutogalanteoliva.it\/magazine\/2021\/10\/04\/mettiamoci-un-punto\/#primaryimage","url":"https:\/\/www.istitutogalanteoliva.it\/magazine\/wp-content\/uploads\/2021\/10\/Senza-titolo-2.jpg","contentUrl":"https:\/\/www.istitutogalanteoliva.it\/magazine\/wp-content\/uploads\/2021\/10\/Senza-titolo-2.jpg","width":640,"height":380},{"@type":"BreadcrumbList","@id":"https:\/\/www.istitutogalanteoliva.it\/magazine\/2021\/10\/04\/mettiamoci-un-punto\/#breadcrumb","itemListElement":[{"@type":"ListItem","position":1,"name":"Home","item":"https:\/\/www.istitutogalanteoliva.it\/magazine\/"},{"@type":"ListItem","position":2,"name":"Mettiamoci un punto"}]},{"@type":"WebSite","@id":"https:\/\/www.istitutogalanteoliva.it\/magazine\/#website","url":"https:\/\/www.istitutogalanteoliva.it\/magazine\/","name":"POLIS SA MAGAZINE","description":"Informazione e approfondimenti","publisher":{"@id":"https:\/\/www.istitutogalanteoliva.it\/magazine\/#organization"},"potentialAction":[{"@type":"SearchAction","target":{"@type":"EntryPoint","urlTemplate":"https:\/\/www.istitutogalanteoliva.it\/magazine\/?s={search_term_string}"},"query-input":{"@type":"PropertyValueSpecification","valueRequired":true,"valueName":"search_term_string"}}],"inLanguage":"it-IT"},{"@type":"Organization","@id":"https:\/\/www.istitutogalanteoliva.it\/magazine\/#organization","name":"Polis SA Magazine","url":"https:\/\/www.istitutogalanteoliva.it\/magazine\/","logo":{"@type":"ImageObject","inLanguage":"it-IT","@id":"https:\/\/www.istitutogalanteoliva.it\/magazine\/#\/schema\/logo\/image\/","url":"","contentUrl":"","caption":"Polis SA Magazine"},"image":{"@id":"https:\/\/www.istitutogalanteoliva.it\/magazine\/#\/schema\/logo\/image\/"},"sameAs":["https:\/\/www.facebook.com\/PolisSAMagazine\/","https:\/\/x.com\/MagazinePolis","https:\/\/www.youtube.com\/channel\/UCv0Mr5AHKUmsc0sEEXkJrgw"]},{"@type":"Person","@id":"https:\/\/www.istitutogalanteoliva.it\/magazine\/#\/schema\/person\/d8b8aa79cfe8babc1df9da3212a7c0c4","name":"Antonello Rivano","image":{"@type":"ImageObject","inLanguage":"it-IT","@id":"https:\/\/www.istitutogalanteoliva.it\/magazine\/#\/schema\/person\/image\/","url":"https:\/\/secure.gravatar.com\/avatar\/517a9a6487a7a18ecc4ce6d2e57a8f40?s=96&d=mm&r=g","contentUrl":"https:\/\/secure.gravatar.com\/avatar\/517a9a6487a7a18ecc4ce6d2e57a8f40?s=96&d=mm&r=g","caption":"Antonello Rivano"},"url":"https:\/\/www.istitutogalanteoliva.it\/magazine\/author\/antonello\/"}]}},"_links":{"self":[{"href":"https:\/\/www.istitutogalanteoliva.it\/magazine\/wp-json\/wp\/v2\/posts\/9725","targetHints":{"allow":["GET"]}}],"collection":[{"href":"https:\/\/www.istitutogalanteoliva.it\/magazine\/wp-json\/wp\/v2\/posts"}],"about":[{"href":"https:\/\/www.istitutogalanteoliva.it\/magazine\/wp-json\/wp\/v2\/types\/post"}],"author":[{"embeddable":true,"href":"https:\/\/www.istitutogalanteoliva.it\/magazine\/wp-json\/wp\/v2\/users\/2"}],"replies":[{"embeddable":true,"href":"https:\/\/www.istitutogalanteoliva.it\/magazine\/wp-json\/wp\/v2\/comments?post=9725"}],"version-history":[{"count":9,"href":"https:\/\/www.istitutogalanteoliva.it\/magazine\/wp-json\/wp\/v2\/posts\/9725\/revisions"}],"predecessor-version":[{"id":9764,"href":"https:\/\/www.istitutogalanteoliva.it\/magazine\/wp-json\/wp\/v2\/posts\/9725\/revisions\/9764"}],"wp:featuredmedia":[{"embeddable":true,"href":"https:\/\/www.istitutogalanteoliva.it\/magazine\/wp-json\/wp\/v2\/media\/9737"}],"wp:attachment":[{"href":"https:\/\/www.istitutogalanteoliva.it\/magazine\/wp-json\/wp\/v2\/media?parent=9725"}],"wp:term":[{"taxonomy":"category","embeddable":true,"href":"https:\/\/www.istitutogalanteoliva.it\/magazine\/wp-json\/wp\/v2\/categories?post=9725"},{"taxonomy":"post_tag","embeddable":true,"href":"https:\/\/www.istitutogalanteoliva.it\/magazine\/wp-json\/wp\/v2\/tags?post=9725"}],"curies":[{"name":"wp","href":"https:\/\/api.w.org\/{rel}","templated":true}]}}