{"id":9818,"date":"2021-10-10T08:00:00","date_gmt":"2021-10-10T06:00:00","guid":{"rendered":"https:\/\/www.istitutogalanteoliva.it\/magazine\/?p=9818"},"modified":"2021-10-09T15:06:31","modified_gmt":"2021-10-09T13:06:31","slug":"sud-la-resistenza-dimenticata","status":"publish","type":"post","link":"https:\/\/www.istitutogalanteoliva.it\/magazine\/2021\/10\/10\/sud-la-resistenza-dimenticata\/","title":{"rendered":"Sud, la Resistenza dimenticata"},"content":{"rendered":"\n<p><br><strong><em><sup>di Mario Avagliano<\/sup><\/em><\/strong><br>Una storia della Resistenza nel Mezzogiorno non \u00e8 stata mai scritta. Di tutto quanto avvenne nel1943 sotto la linea di Montecassino, si ricordano soltanto le quattro eroiche giornate di Napoli della fine di settembre. Eppure nel breve periodo dell&#8217;occupazione tedesca, in Campania, in Puglia, in Lucania e negli Abruzzi si verificarono numerosi episodi spontanei di resistenza militare e civile ai tedeschi. Pochi sanno della battaglia di Barletta o delle insurrezioni di Matera, di Scafati, di Teramo<br>e di Lanciano, che videro la partecipazione di larghi strati della popolazione.<\/p>\n\n\n\n<p> Solo di recente alcuni studiosi (Gloria Chianese, Aldo De Jaco) stanno tentando di colmare questo vuoto storiografico, mettendo in discussione la vulgata ufficiale che contrappone &#8220;il vento del Nord&#8221; all&#8217;immobilismo<br>del Sud.<br><\/p>\n\n\n\n<p>Nel &#8217;43 il contesto sociale ed economico del Mezzogiorno era profondamente mutato rispetto agli anni del grande consenso al regime. La fame, il freddo, i bombardamenti e le ristrettezze economiche, avevano distrutto la credibilit\u00e0 del fascismo. I meridionali erano stanchi della guerra e desideravano ardentemente la pace. <\/p>\n\n\n\n<figure class=\"wp-block-image size-large is-resized\"><img loading=\"lazy\" decoding=\"async\" src=\"https:\/\/www.istitutogalanteoliva.it\/magazine\/wp-content\/uploads\/2021\/10\/6f71ada0-4781-11e8-a4e7-1679ce296b97_mussolini-ultima-immagine-320868-khMC-U1110551200296KrF-1024x576@LaStampa.it-Home-Page.jpg\" alt=\"\" class=\"wp-image-9835\" width=\"512\" height=\"242\" srcset=\"https:\/\/www.istitutogalanteoliva.it\/magazine\/wp-content\/uploads\/2021\/10\/6f71ada0-4781-11e8-a4e7-1679ce296b97_mussolini-ultima-immagine-320868-khMC-U1110551200296KrF-1024x576@LaStampa.it-Home-Page.jpg 1024w, https:\/\/www.istitutogalanteoliva.it\/magazine\/wp-content\/uploads\/2021\/10\/6f71ada0-4781-11e8-a4e7-1679ce296b97_mussolini-ultima-immagine-320868-khMC-U1110551200296KrF-1024x576@LaStampa.it-Home-Page-300x142.jpg 300w, https:\/\/www.istitutogalanteoliva.it\/magazine\/wp-content\/uploads\/2021\/10\/6f71ada0-4781-11e8-a4e7-1679ce296b97_mussolini-ultima-immagine-320868-khMC-U1110551200296KrF-1024x576@LaStampa.it-Home-Page-768x363.jpg 768w\" sizes=\"auto, (max-width: 512px) 100vw, 512px\" \/><figcaption><strong><em><sup>L&#8217;arresto di Mussolini travestito da soldato tedesco<\/sup><\/em><\/strong><\/figcaption><\/figure>\n\n\n\n<p>E cos\u00ec il 25 luglio, giorno dell&#8217;arresto di Mussolini, espressero<br>in modo deciso il distacco dalla dittatura, con numerose manifestazioni di giubilo. D&#8217;altra parte, a quella data, il taglio del cordone ombelicale col fascismo era gi\u00e0 maturo nella societ\u00e0 meridionale. E da tempo. I primi episodi di &#8220;Resistenza&#8221; si erano registrati nel &#8217;42, nelle campagne della Calabria, del Cilento, della Lucania e del foggiano, sotto la forma &#8211; inquadrata storicamente da politici (Aldo Moro) e da studiosi (Gallerano, Santarelli) &#8211; delle ribellioni contro le violenze squadriste. <\/p>\n\n\n\n<figure class=\"wp-block-image size-large is-resized\"><img loading=\"lazy\" decoding=\"async\" src=\"https:\/\/www.istitutogalanteoliva.it\/magazine\/wp-content\/uploads\/2021\/10\/sbarco-in-sicilia_capa.jpg\" alt=\"\" class=\"wp-image-9830\" width=\"435\" height=\"242\" srcset=\"https:\/\/www.istitutogalanteoliva.it\/magazine\/wp-content\/uploads\/2021\/10\/sbarco-in-sicilia_capa.jpg 800w, https:\/\/www.istitutogalanteoliva.it\/magazine\/wp-content\/uploads\/2021\/10\/sbarco-in-sicilia_capa-300x167.jpg 300w, https:\/\/www.istitutogalanteoliva.it\/magazine\/wp-content\/uploads\/2021\/10\/sbarco-in-sicilia_capa-768x427.jpg 768w\" sizes=\"auto, (max-width: 435px) 100vw, 435px\" \/><figcaption><strong><em><sup>Una foto emblematica dello sbarco in Sicilia<\/sup><\/em><\/strong><\/figcaption><\/figure>\n\n\n\n<p>Si tratt\u00f2 di movimenti che assunsero maggiore consistenza dopo lo sbarco<br>alleato in Sicilia (10 luglio 1943), e che ebbero un prevalente carattere di lotta sociale, anche se non mancarono i contadini che attaccarono i tedeschi in ritirata, recuperando le armi lasciate sul campo dall\u2019esercito italiano. &#8220;Le rivolte contadine &#8211; ha osservato la Chianese &#8211; furono un tassello importante della crisi non soltanto del regime fascista ma anche del blocco agrario latifondista fino ad allora egemone&#8221;. E seppure di breve durata e spesso isolate, furono la premessa di una trasformazione irreversibile della societ\u00e0 economica agricola, collegandosi al ciclo di lotte che nel dopoguerra contribu\u00ec all&#8217;approvazione della legge stralcio di riforma agraria, decisa dai governi centristi negli anni Cinquanta.<\/p>\n\n\n\n<p><br>Con la caduta del fascismo, il vento della rivolta cominci\u00f2 a soffiare anche nei centri urbani. La prima scintilla di quello che sarebbe stato il nuovo fronte di guerra dell&#8217;Italia, cio\u00e8 la lotta contro i tedeschi, esplose ancor prima dell&#8217;armistizio, il 2 agosto del &#8217;43, in Sicilia, a Mascalucia, un comune<br>a dieci chilometri di Catania. <\/p>\n\n\n\n<figure class=\"wp-block-image size-large is-resized\"><img loading=\"lazy\" decoding=\"async\" src=\"https:\/\/www.istitutogalanteoliva.it\/magazine\/wp-content\/uploads\/2021\/10\/Mascalucia-alleati-nel-1943.jpg\" alt=\"\" class=\"wp-image-9831\" width=\"480\" height=\"355\" srcset=\"https:\/\/www.istitutogalanteoliva.it\/magazine\/wp-content\/uploads\/2021\/10\/Mascalucia-alleati-nel-1943.jpg 640w, https:\/\/www.istitutogalanteoliva.it\/magazine\/wp-content\/uploads\/2021\/10\/Mascalucia-alleati-nel-1943-300x222.jpg 300w\" sizes=\"auto, (max-width: 480px) 100vw, 480px\" \/><figcaption><strong><em><sup>Mascalucia, alleati nel &#8217;43<\/sup><\/em><\/strong><\/figcaption><\/figure>\n\n\n\n<p>Ad accendere la miccia fu l&#8217;ennesimo tentativo di furto di cavalli e di razzia compiuto da due soldati della Wehrmacht, che provoc\u00f2 prima uno scontro con i soldati italiani, poi un&#8217;autentica rivolta popolare armata contro i nazisti, alla quale presero parte decine e<br>decine di cittadini e di militari, con perdite da entrambe le parti. Per spegnere il fuoco della ribellione, fu necessaria la mediazione del comando dei carabinieri.<br>Nei giorni successivi all&#8217;8 settembre del &#8217;43, data dell&#8217;annuncio dell&#8217;armistizio con gli Alleati, in numerose citt\u00e0 e in vari presidi militari si registrarono atti di resistenza ai tedeschi, spesso frutto dell&#8217;inedita collaborazione tra soldati, carabinieri e popolazione civile. Le cronache parlano di combattimenti a Bari, a Ischia, a Napoli, a Vieste, a Benevento, a Nola, dove per rappresaglia i tedeschi fucilarono dieci ufficiali italiani. A Barletta tra il 10 e il 12 settembre si scaten\u00f2 una battaglia cruenta per la difesa della citt\u00e0: i soldati del Presidio militare, guidati dal colonnello<br>Grasso, resistettero per due giorni agli attacchi, con l&#8217;aiuto di molti civili. Nel salernitano, a Cava de&#8217; Tirreni, la popolazione collabor\u00f2 attivamente con gli Alleati.<\/p>\n\n\n\n<div class=\"wp-block-image\"><figure class=\"alignleft size-large\"><img loading=\"lazy\" decoding=\"async\" width=\"300\" height=\"215\" src=\"https:\/\/www.istitutogalanteoliva.it\/magazine\/wp-content\/uploads\/2021\/10\/senzatutto.jpg\" alt=\"\" class=\"wp-image-9828\"\/><\/figure><\/div>\n\n\n\n<p><br>L&#8217;avanzata delle truppe anglo-americane verso Nord fu pi\u00f9 lenta del previsto. Dopo l&#8217;iniziale sbandamento, i tedeschi ripresero il controllo della situazione, occupando le citt\u00e0 e agendo spesso con brutalit\u00e0. I soldati di Hitler erano un esercito in ritirata, che cercava di fare terra bruciata dietro<br>di s\u00e9: rastrellando manodopera da utilizzare nell&#8217;industria bellica in Germania, compiendo stupri, saccheggi di viveri e razzie di bestiame, distruggendo gli impianti produttivi. I casi di eccidi di civili o di militari da parte dei tedeschi furono assai numerosi, in ogni parte del Sud.<\/p>\n\n\n\n<div class=\"wp-block-image\"><figure class=\"alignleft size-large is-resized\"><img loading=\"lazy\" decoding=\"async\" src=\"https:\/\/www.istitutogalanteoliva.it\/magazine\/wp-content\/uploads\/2021\/10\/armadio-vergogna.jpeg\" alt=\"\" class=\"wp-image-9824\" width=\"364\" height=\"216\"\/><\/figure><\/div>\n\n\n\n<p> Il primo eccidio si verific\u00f2 il 12 agosto del &#8217;43, a Castiglione di Sicilia, dove i nazisti in ritirata massacrarono sedici persone e ne ferirono venti. A differenza che per le stragi tedesche nel centronord, che nel dopoguerra sono state oggetto di indagini giudiziarie e di commemorazioni ufficiali,<br>nel Mezzogiorno invece vi \u00e8 stato un generale processo di rimozione della memoria di questi episodi criminali. E&#8217; quello che \u00e8 accaduto per il massacro di Caiazzo, sulle cui responsabilit\u00e0 \u00e8 stata fatta luce solo di recente, grazie alle ricerche di Giuseppe Capobianco sulla Resistenza nel<br>casertano, un territorio martoriato dove, in quell&#8217;autunno tragico (settembre-dicembre &#8217;43), le vittime civili raggiunsero le 2023 unit\u00e0, pari al 5,5 per cento di quelle di tutt&#8217;Italia nello stesso periodo.<\/p>\n\n\n\n<div class=\"wp-block-image\"><figure class=\"alignleft size-large is-resized\"><img loading=\"lazy\" decoding=\"async\" src=\"https:\/\/www.istitutogalanteoliva.it\/magazine\/wp-content\/uploads\/2021\/10\/strage-nazista-rizziconi.jpg\" alt=\"\" class=\"wp-image-9825\" width=\"390\" height=\"216\" srcset=\"https:\/\/www.istitutogalanteoliva.it\/magazine\/wp-content\/uploads\/2021\/10\/strage-nazista-rizziconi.jpg 451w, https:\/\/www.istitutogalanteoliva.it\/magazine\/wp-content\/uploads\/2021\/10\/strage-nazista-rizziconi-300x166.jpg 300w\" sizes=\"auto, (max-width: 390px) 100vw, 390px\" \/><\/figure><\/div>\n\n\n\n<p><br>Lo storico tedesco Gerhard Schreiber, nel suo ultimo lavoro, riconduce gli eccidi nazisti nel Sud al rancore accumulato contro gli italiani dopo il &#8220;tradimento&#8221; del 25 luglio, sottolineando le gravi responsabilit\u00e0 non solo delle SS ma anche degli ufficiali dell\u2019esercito regolare tedesco, che agirono per &#8220;spirito di vendetta&#8221;. Ma la colpa non fu solo dei tedeschi. In uno studio sulla Resistenza nel Sud, uscito di recente, Aldo De Jaco documenta che anche alcuni ufficiali e carabinieri italiani favorirono la politica delle stragi oppure non vi si opposero in alcun modo. In questo quadro l&#8217;opposizione al nemico da parte dei meridionali &#8211; come ha scritto Gloria Chianese:<br><\/p>\n\n\n\n<p><em>&#8220;&#8230;ci fu, anche se frammentata in una miriade di episodi di cui spesso \u00e8 stato difficile ricostruire la memoria&#8221;. E se la motivazione iniziale delle rivolte fu la reazione al terrore tedesco, vi furono momenti di grande coinvolgimento popolare e vi ebbero un ruolo anche i partiti politici. Ci\u00f2 nonostante queste esperienze influenzarono debolmente la crescita democratica del Mezzogiorno, che fu a lungo sotto la cappa dell&#8217;occupazione anglo-americana.&#8221;<\/em><\/p>\n\n\n\n<div class=\"wp-block-image\"><figure class=\"alignleft size-large is-resized\"><img loading=\"lazy\" decoding=\"async\" src=\"https:\/\/www.istitutogalanteoliva.it\/magazine\/wp-content\/uploads\/2021\/10\/2019-05-24_14-54-08_211844.jpg\" alt=\"\" class=\"wp-image-9826\" width=\"332\" height=\"249\" srcset=\"https:\/\/www.istitutogalanteoliva.it\/magazine\/wp-content\/uploads\/2021\/10\/2019-05-24_14-54-08_211844.jpg 1024w, https:\/\/www.istitutogalanteoliva.it\/magazine\/wp-content\/uploads\/2021\/10\/2019-05-24_14-54-08_211844-300x225.jpg 300w, https:\/\/www.istitutogalanteoliva.it\/magazine\/wp-content\/uploads\/2021\/10\/2019-05-24_14-54-08_211844-768x576.jpg 768w\" sizes=\"auto, (max-width: 332px) 100vw, 332px\" \/><figcaption><strong><em><sup>Lapide alle vittime della strage del 12\/08\/1943 \u2013 Castiglione di Sicilia&nbsp;<\/sup><\/em><\/strong><\/figcaption><\/figure><\/div>\n\n\n\n<p>La stessa vicenda del &#8220;Regno del Sud&#8221;, dove l&#8217;intero apparato dello stato &#8211; prefetti, questori, commissari prefettizi &#8211; operava all&#8217;insegna della continuit\u00e0 badogliana, fren\u00f2 il cambiamento della societ\u00e0 meridionale. La classe dirigente dei partiti non ebbe n\u00e9 il tempo n\u00e9 la possibilit\u00e0 di &#8220;farsi<br>stato&#8221;. Un risultato invece che al Nord le bande partigiane e i Cln riuscirono a conseguire, avend una parte importante nei processi di epurazione o nella designazione dei prefetti e dei sindaci.<\/p>\n\n\n\n<p>In conclusione \u00e8 importante superare l&#8217;immagine di un Mezzogiorno conservatore e filofascista. Il lavoro di recupero della memoria degli episodi di resistenza meridionale compiuto negli ultimi anni colloca il Sud nel contesto nazionale e fa della guerra di Liberazione un valore &#8220;italiano&#8221; nel senso pieno del termine.<br><sub>(pubblicato su  https:\/\/www.istitutogalanteoliva.it\/saggi-e-ricerche\/)<\/sub><\/p>\n\n\n\n<p><img loading=\"lazy\" decoding=\"async\" width=\"150\" height=\"150\" class=\"wp-image-9822\" style=\"width: 150px;\" src=\"https:\/\/www.istitutogalanteoliva.it\/magazine\/wp-content\/uploads\/2021\/10\/ava-1.jpg\" alt=\"\" srcset=\"https:\/\/www.istitutogalanteoliva.it\/magazine\/wp-content\/uploads\/2021\/10\/ava-1.jpg 231w, https:\/\/www.istitutogalanteoliva.it\/magazine\/wp-content\/uploads\/2021\/10\/ava-1-150x150.jpg 150w\" sizes=\"auto, (max-width: 150px) 100vw, 150px\" \/><a href=\"https:\/\/it.wikipedia.org\/wiki\/Mario_Avagliano\" target=\"_blank\" rel=\"noreferrer noopener\"><strong><em>Mario Avagliano<\/em><\/strong><\/a><br>Direttore responsabile Polis SA Magazine<br><sub>Giornalista professionista, saggista e studioso di Storia contemporanea.<\/sub><\/p>\n\n\n\n<h5 class=\"wp-block-heading\"><br>Bibliografia<\/h5>\n\n\n\n<p><sub><strong>G.Bocca<\/strong> &#8220;<em>Storia di una Italia partigiana<\/em>&#8221; Laterza, Bari 196<\/sub>6<br><\/p>\n\n\n\n<p><em><sub><strong>C.Capobianco<\/strong> &#8220;Il recupero della memoria. Per una storia della resistenza in terra di lavoro-Autunno 1943&#8221; Edizioni Scientifiche Italiane, Napoli 1995<\/sub><\/em><\/p>\n\n\n\n<p><sub><strong>G.Chianese<\/strong> <em>&#8220;Basilicata, Calabria, Campania, Puglia<\/em>&#8221; in E. COLLOTTI-R. SANDRI-F. SESSI,&#8221;Dizionario della Resistenza. Storia e geografia della Liberazione&#8221;, vol. I, Einaudi, Torino 2000<\/sub><\/p>\n\n\n\n<p><sub><strong>G.Chianese<\/strong> &#8220;<em>Matera, Napoli Chiaiasso: il sud si ribella<\/em>&#8221; in &#8220;Il Manifesto&#8221;, 25 aprile 1995<\/sub><\/p>\n\n\n\n<p><sub><strong>A.De Jaco<\/strong> &#8220;<em>La Resistenza nel sud. Cronache per testimonianze<\/em>&#8221; Argo, Lecce, 2000<\/sub><\/p>\n\n\n\n<p><sub><strong>A.Monti<\/strong> &#8220;<em>Il movimento della Resistenza e il Mezzogiorno d&#8217;Italia<\/em>&#8221; in &#8220;Rinascita&#8221;, n. 4, 1952<\/sub><\/p>\n\n\n\n<p><sub><strong>E.Santarelli<\/strong>  &#8220;La rivolta di Lanciano e la Reistenza nel mezzogiorno&#8221; in &#8220;Rivista Abruzzese di Studi Storici dal fascismo alla Resistenza&#8221;, anno IV, nn. 2-3, luglio-novembre 1983<\/sub><\/p>\n\n\n\n<p><sub><strong>G.Schreiber<\/strong> &#8220;La vendetta tedesca 1943-1945. Le rappresaglie naziste in Italia &#8220;, Mondadori, Milano 2000<\/sub><\/p>\n<div class=\"pdfprnt-buttons pdfprnt-buttons-post pdfprnt-bottom-left\"><a href=\"https:\/\/www.istitutogalanteoliva.it\/magazine\/wp-json\/wp\/v2\/posts\/9818?print=print\" class=\"pdfprnt-button pdfprnt-button-print\" target=\"_blank\"><img decoding=\"async\" src=\"https:\/\/www.istitutogalanteoliva.it\/magazine\/wp-content\/plugins\/pdf-print\/images\/print.png\" alt=\"image_print\" title=\"Stampa contenuto\" \/><span class=\"pdfprnt-button-title pdfprnt-button-print-title\">Download in PDF<\/span><\/a><\/div>","protected":false},"excerpt":{"rendered":"<p> E&#8217; importante superare l&#8217;immagine di un Mezzogiorno conservatore e filofascista. Il lavoro di recupero della memoria degli episodi di resistenza meridionale compiuto negli ultimi anni colloca il Sud nel contesto nazionale e fa della guerra di Liberazione un valore &#8220;italiano&#8221; nel senso pieno del termine.<\/p>\n","protected":false},"author":2,"featured_media":9838,"comment_status":"open","ping_status":"open","sticky":true,"template":"","format":"standard","meta":{"footnotes":""},"categories":[148,502,503],"tags":[109,504,505,132,70,506],"class_list":["post-9818","post","type-post","status-publish","format-standard","has-post-thumbnail","hentry","category-148","category-la-domenica-del-magazine","category-saggistica","tag-italia","tag-liebrazione","tag-mezzogiorno","tag-resistenza","tag-storia","tag-sud"],"yoast_head":"<!-- This site is optimized with the Yoast SEO plugin v24.2 - https:\/\/yoast.com\/wordpress\/plugins\/seo\/ -->\n<title>Sud, la Resistenza dimenticata - Polis SA Magazine<\/title>\n<meta name=\"robots\" content=\"index, follow, max-snippet:-1, max-image-preview:large, max-video-preview:-1\" \/>\n<link rel=\"canonical\" href=\"https:\/\/www.istitutogalanteoliva.it\/magazine\/2021\/10\/10\/sud-la-resistenza-dimenticata\/\" \/>\n<meta property=\"og:locale\" content=\"it_IT\" \/>\n<meta property=\"og:type\" content=\"article\" \/>\n<meta property=\"og:title\" content=\"Sud, la Resistenza dimenticata - Polis SA Magazine\" \/>\n<meta property=\"og:description\" content=\"E&#039; importante superare l&#039;immagine di un Mezzogiorno conservatore e filofascista. Il lavoro di recupero della memoria degli episodi di resistenza meridionale compiuto negli ultimi anni colloca il Sud nel contesto nazionale e fa della guerra di Liberazione un valore &quot;italiano&quot; nel senso pieno del termine.\" \/>\n<meta property=\"og:url\" content=\"https:\/\/www.istitutogalanteoliva.it\/magazine\/2021\/10\/10\/sud-la-resistenza-dimenticata\/\" \/>\n<meta property=\"og:site_name\" content=\"Polis SA Magazine\" \/>\n<meta property=\"article:publisher\" content=\"https:\/\/www.facebook.com\/PolisSAMagazine\/\" \/>\n<meta property=\"article:published_time\" content=\"2021-10-10T06:00:00+00:00\" \/>\n<meta property=\"article:modified_time\" content=\"2021-10-09T13:06:31+00:00\" \/>\n<meta property=\"og:image\" content=\"https:\/\/www.istitutogalanteoliva.it\/magazine\/wp-content\/uploads\/2021\/10\/Senza-titolo-2-3.jpg\" \/>\n\t<meta property=\"og:image:width\" content=\"640\" \/>\n\t<meta property=\"og:image:height\" content=\"380\" \/>\n\t<meta property=\"og:image:type\" content=\"image\/jpeg\" \/>\n<meta name=\"author\" content=\"Antonello Rivano\" \/>\n<meta name=\"twitter:card\" content=\"summary_large_image\" \/>\n<meta name=\"twitter:creator\" content=\"@MagazinePolis\" \/>\n<meta name=\"twitter:site\" content=\"@MagazinePolis\" \/>\n<meta name=\"twitter:label1\" content=\"Scritto da\" \/>\n\t<meta name=\"twitter:data1\" content=\"Antonello Rivano\" \/>\n\t<meta name=\"twitter:label2\" content=\"Tempo di lettura stimato\" \/>\n\t<meta name=\"twitter:data2\" content=\"6 minuti\" \/>\n<script type=\"application\/ld+json\" class=\"yoast-schema-graph\">{\"@context\":\"https:\/\/schema.org\",\"@graph\":[{\"@type\":\"Article\",\"@id\":\"https:\/\/www.istitutogalanteoliva.it\/magazine\/2021\/10\/10\/sud-la-resistenza-dimenticata\/#article\",\"isPartOf\":{\"@id\":\"https:\/\/www.istitutogalanteoliva.it\/magazine\/2021\/10\/10\/sud-la-resistenza-dimenticata\/\"},\"author\":{\"name\":\"Antonello Rivano\",\"@id\":\"https:\/\/www.istitutogalanteoliva.it\/magazine\/#\/schema\/person\/d8b8aa79cfe8babc1df9da3212a7c0c4\"},\"headline\":\"Sud, la Resistenza dimenticata\",\"datePublished\":\"2021-10-10T06:00:00+00:00\",\"dateModified\":\"2021-10-09T13:06:31+00:00\",\"mainEntityOfPage\":{\"@id\":\"https:\/\/www.istitutogalanteoliva.it\/magazine\/2021\/10\/10\/sud-la-resistenza-dimenticata\/\"},\"wordCount\":1283,\"commentCount\":0,\"publisher\":{\"@id\":\"https:\/\/www.istitutogalanteoliva.it\/magazine\/#organization\"},\"image\":{\"@id\":\"https:\/\/www.istitutogalanteoliva.it\/magazine\/2021\/10\/10\/sud-la-resistenza-dimenticata\/#primaryimage\"},\"thumbnailUrl\":\"https:\/\/www.istitutogalanteoliva.it\/magazine\/wp-content\/uploads\/2021\/10\/Senza-titolo-2-3.jpg\",\"keywords\":[\"italia\",\"liebrazione\",\"Mezzogiorno\",\"resistenza\",\"Storia\",\"Sud\"],\"articleSection\":[\"2021\",\"La Domenica del Magazine\",\"Saggistica\"],\"inLanguage\":\"it-IT\",\"potentialAction\":[{\"@type\":\"CommentAction\",\"name\":\"Comment\",\"target\":[\"https:\/\/www.istitutogalanteoliva.it\/magazine\/2021\/10\/10\/sud-la-resistenza-dimenticata\/#respond\"]}]},{\"@type\":\"WebPage\",\"@id\":\"https:\/\/www.istitutogalanteoliva.it\/magazine\/2021\/10\/10\/sud-la-resistenza-dimenticata\/\",\"url\":\"https:\/\/www.istitutogalanteoliva.it\/magazine\/2021\/10\/10\/sud-la-resistenza-dimenticata\/\",\"name\":\"Sud, la Resistenza dimenticata - Polis SA Magazine\",\"isPartOf\":{\"@id\":\"https:\/\/www.istitutogalanteoliva.it\/magazine\/#website\"},\"primaryImageOfPage\":{\"@id\":\"https:\/\/www.istitutogalanteoliva.it\/magazine\/2021\/10\/10\/sud-la-resistenza-dimenticata\/#primaryimage\"},\"image\":{\"@id\":\"https:\/\/www.istitutogalanteoliva.it\/magazine\/2021\/10\/10\/sud-la-resistenza-dimenticata\/#primaryimage\"},\"thumbnailUrl\":\"https:\/\/www.istitutogalanteoliva.it\/magazine\/wp-content\/uploads\/2021\/10\/Senza-titolo-2-3.jpg\",\"datePublished\":\"2021-10-10T06:00:00+00:00\",\"dateModified\":\"2021-10-09T13:06:31+00:00\",\"breadcrumb\":{\"@id\":\"https:\/\/www.istitutogalanteoliva.it\/magazine\/2021\/10\/10\/sud-la-resistenza-dimenticata\/#breadcrumb\"},\"inLanguage\":\"it-IT\",\"potentialAction\":[{\"@type\":\"ReadAction\",\"target\":[\"https:\/\/www.istitutogalanteoliva.it\/magazine\/2021\/10\/10\/sud-la-resistenza-dimenticata\/\"]}]},{\"@type\":\"ImageObject\",\"inLanguage\":\"it-IT\",\"@id\":\"https:\/\/www.istitutogalanteoliva.it\/magazine\/2021\/10\/10\/sud-la-resistenza-dimenticata\/#primaryimage\",\"url\":\"https:\/\/www.istitutogalanteoliva.it\/magazine\/wp-content\/uploads\/2021\/10\/Senza-titolo-2-3.jpg\",\"contentUrl\":\"https:\/\/www.istitutogalanteoliva.it\/magazine\/wp-content\/uploads\/2021\/10\/Senza-titolo-2-3.jpg\",\"width\":640,\"height\":380},{\"@type\":\"BreadcrumbList\",\"@id\":\"https:\/\/www.istitutogalanteoliva.it\/magazine\/2021\/10\/10\/sud-la-resistenza-dimenticata\/#breadcrumb\",\"itemListElement\":[{\"@type\":\"ListItem\",\"position\":1,\"name\":\"Home\",\"item\":\"https:\/\/www.istitutogalanteoliva.it\/magazine\/\"},{\"@type\":\"ListItem\",\"position\":2,\"name\":\"Sud, la Resistenza dimenticata\"}]},{\"@type\":\"WebSite\",\"@id\":\"https:\/\/www.istitutogalanteoliva.it\/magazine\/#website\",\"url\":\"https:\/\/www.istitutogalanteoliva.it\/magazine\/\",\"name\":\"POLIS SA MAGAZINE\",\"description\":\"Informazione e approfondimenti\",\"publisher\":{\"@id\":\"https:\/\/www.istitutogalanteoliva.it\/magazine\/#organization\"},\"potentialAction\":[{\"@type\":\"SearchAction\",\"target\":{\"@type\":\"EntryPoint\",\"urlTemplate\":\"https:\/\/www.istitutogalanteoliva.it\/magazine\/?s={search_term_string}\"},\"query-input\":{\"@type\":\"PropertyValueSpecification\",\"valueRequired\":true,\"valueName\":\"search_term_string\"}}],\"inLanguage\":\"it-IT\"},{\"@type\":\"Organization\",\"@id\":\"https:\/\/www.istitutogalanteoliva.it\/magazine\/#organization\",\"name\":\"Polis SA Magazine\",\"url\":\"https:\/\/www.istitutogalanteoliva.it\/magazine\/\",\"logo\":{\"@type\":\"ImageObject\",\"inLanguage\":\"it-IT\",\"@id\":\"https:\/\/www.istitutogalanteoliva.it\/magazine\/#\/schema\/logo\/image\/\",\"url\":\"\",\"contentUrl\":\"\",\"caption\":\"Polis SA Magazine\"},\"image\":{\"@id\":\"https:\/\/www.istitutogalanteoliva.it\/magazine\/#\/schema\/logo\/image\/\"},\"sameAs\":[\"https:\/\/www.facebook.com\/PolisSAMagazine\/\",\"https:\/\/x.com\/MagazinePolis\",\"https:\/\/www.youtube.com\/channel\/UCv0Mr5AHKUmsc0sEEXkJrgw\"]},{\"@type\":\"Person\",\"@id\":\"https:\/\/www.istitutogalanteoliva.it\/magazine\/#\/schema\/person\/d8b8aa79cfe8babc1df9da3212a7c0c4\",\"name\":\"Antonello Rivano\",\"image\":{\"@type\":\"ImageObject\",\"inLanguage\":\"it-IT\",\"@id\":\"https:\/\/www.istitutogalanteoliva.it\/magazine\/#\/schema\/person\/image\/\",\"url\":\"https:\/\/secure.gravatar.com\/avatar\/517a9a6487a7a18ecc4ce6d2e57a8f40?s=96&d=mm&r=g\",\"contentUrl\":\"https:\/\/secure.gravatar.com\/avatar\/517a9a6487a7a18ecc4ce6d2e57a8f40?s=96&d=mm&r=g\",\"caption\":\"Antonello Rivano\"},\"url\":\"https:\/\/www.istitutogalanteoliva.it\/magazine\/author\/antonello\/\"}]}<\/script>\n<!-- \/ Yoast SEO plugin. -->","yoast_head_json":{"title":"Sud, la Resistenza dimenticata - Polis SA Magazine","robots":{"index":"index","follow":"follow","max-snippet":"max-snippet:-1","max-image-preview":"max-image-preview:large","max-video-preview":"max-video-preview:-1"},"canonical":"https:\/\/www.istitutogalanteoliva.it\/magazine\/2021\/10\/10\/sud-la-resistenza-dimenticata\/","og_locale":"it_IT","og_type":"article","og_title":"Sud, la Resistenza dimenticata - Polis SA Magazine","og_description":"E' importante superare l'immagine di un Mezzogiorno conservatore e filofascista. Il lavoro di recupero della memoria degli episodi di resistenza meridionale compiuto negli ultimi anni colloca il Sud nel contesto nazionale e fa della guerra di Liberazione un valore \"italiano\" nel senso pieno del termine.","og_url":"https:\/\/www.istitutogalanteoliva.it\/magazine\/2021\/10\/10\/sud-la-resistenza-dimenticata\/","og_site_name":"Polis SA Magazine","article_publisher":"https:\/\/www.facebook.com\/PolisSAMagazine\/","article_published_time":"2021-10-10T06:00:00+00:00","article_modified_time":"2021-10-09T13:06:31+00:00","og_image":[{"width":640,"height":380,"url":"https:\/\/www.istitutogalanteoliva.it\/magazine\/wp-content\/uploads\/2021\/10\/Senza-titolo-2-3.jpg","type":"image\/jpeg"}],"author":"Antonello Rivano","twitter_card":"summary_large_image","twitter_creator":"@MagazinePolis","twitter_site":"@MagazinePolis","twitter_misc":{"Scritto da":"Antonello Rivano","Tempo di lettura stimato":"6 minuti"},"schema":{"@context":"https:\/\/schema.org","@graph":[{"@type":"Article","@id":"https:\/\/www.istitutogalanteoliva.it\/magazine\/2021\/10\/10\/sud-la-resistenza-dimenticata\/#article","isPartOf":{"@id":"https:\/\/www.istitutogalanteoliva.it\/magazine\/2021\/10\/10\/sud-la-resistenza-dimenticata\/"},"author":{"name":"Antonello Rivano","@id":"https:\/\/www.istitutogalanteoliva.it\/magazine\/#\/schema\/person\/d8b8aa79cfe8babc1df9da3212a7c0c4"},"headline":"Sud, la Resistenza dimenticata","datePublished":"2021-10-10T06:00:00+00:00","dateModified":"2021-10-09T13:06:31+00:00","mainEntityOfPage":{"@id":"https:\/\/www.istitutogalanteoliva.it\/magazine\/2021\/10\/10\/sud-la-resistenza-dimenticata\/"},"wordCount":1283,"commentCount":0,"publisher":{"@id":"https:\/\/www.istitutogalanteoliva.it\/magazine\/#organization"},"image":{"@id":"https:\/\/www.istitutogalanteoliva.it\/magazine\/2021\/10\/10\/sud-la-resistenza-dimenticata\/#primaryimage"},"thumbnailUrl":"https:\/\/www.istitutogalanteoliva.it\/magazine\/wp-content\/uploads\/2021\/10\/Senza-titolo-2-3.jpg","keywords":["italia","liebrazione","Mezzogiorno","resistenza","Storia","Sud"],"articleSection":["2021","La Domenica del Magazine","Saggistica"],"inLanguage":"it-IT","potentialAction":[{"@type":"CommentAction","name":"Comment","target":["https:\/\/www.istitutogalanteoliva.it\/magazine\/2021\/10\/10\/sud-la-resistenza-dimenticata\/#respond"]}]},{"@type":"WebPage","@id":"https:\/\/www.istitutogalanteoliva.it\/magazine\/2021\/10\/10\/sud-la-resistenza-dimenticata\/","url":"https:\/\/www.istitutogalanteoliva.it\/magazine\/2021\/10\/10\/sud-la-resistenza-dimenticata\/","name":"Sud, la Resistenza dimenticata - Polis SA Magazine","isPartOf":{"@id":"https:\/\/www.istitutogalanteoliva.it\/magazine\/#website"},"primaryImageOfPage":{"@id":"https:\/\/www.istitutogalanteoliva.it\/magazine\/2021\/10\/10\/sud-la-resistenza-dimenticata\/#primaryimage"},"image":{"@id":"https:\/\/www.istitutogalanteoliva.it\/magazine\/2021\/10\/10\/sud-la-resistenza-dimenticata\/#primaryimage"},"thumbnailUrl":"https:\/\/www.istitutogalanteoliva.it\/magazine\/wp-content\/uploads\/2021\/10\/Senza-titolo-2-3.jpg","datePublished":"2021-10-10T06:00:00+00:00","dateModified":"2021-10-09T13:06:31+00:00","breadcrumb":{"@id":"https:\/\/www.istitutogalanteoliva.it\/magazine\/2021\/10\/10\/sud-la-resistenza-dimenticata\/#breadcrumb"},"inLanguage":"it-IT","potentialAction":[{"@type":"ReadAction","target":["https:\/\/www.istitutogalanteoliva.it\/magazine\/2021\/10\/10\/sud-la-resistenza-dimenticata\/"]}]},{"@type":"ImageObject","inLanguage":"it-IT","@id":"https:\/\/www.istitutogalanteoliva.it\/magazine\/2021\/10\/10\/sud-la-resistenza-dimenticata\/#primaryimage","url":"https:\/\/www.istitutogalanteoliva.it\/magazine\/wp-content\/uploads\/2021\/10\/Senza-titolo-2-3.jpg","contentUrl":"https:\/\/www.istitutogalanteoliva.it\/magazine\/wp-content\/uploads\/2021\/10\/Senza-titolo-2-3.jpg","width":640,"height":380},{"@type":"BreadcrumbList","@id":"https:\/\/www.istitutogalanteoliva.it\/magazine\/2021\/10\/10\/sud-la-resistenza-dimenticata\/#breadcrumb","itemListElement":[{"@type":"ListItem","position":1,"name":"Home","item":"https:\/\/www.istitutogalanteoliva.it\/magazine\/"},{"@type":"ListItem","position":2,"name":"Sud, la Resistenza dimenticata"}]},{"@type":"WebSite","@id":"https:\/\/www.istitutogalanteoliva.it\/magazine\/#website","url":"https:\/\/www.istitutogalanteoliva.it\/magazine\/","name":"POLIS SA MAGAZINE","description":"Informazione e approfondimenti","publisher":{"@id":"https:\/\/www.istitutogalanteoliva.it\/magazine\/#organization"},"potentialAction":[{"@type":"SearchAction","target":{"@type":"EntryPoint","urlTemplate":"https:\/\/www.istitutogalanteoliva.it\/magazine\/?s={search_term_string}"},"query-input":{"@type":"PropertyValueSpecification","valueRequired":true,"valueName":"search_term_string"}}],"inLanguage":"it-IT"},{"@type":"Organization","@id":"https:\/\/www.istitutogalanteoliva.it\/magazine\/#organization","name":"Polis SA Magazine","url":"https:\/\/www.istitutogalanteoliva.it\/magazine\/","logo":{"@type":"ImageObject","inLanguage":"it-IT","@id":"https:\/\/www.istitutogalanteoliva.it\/magazine\/#\/schema\/logo\/image\/","url":"","contentUrl":"","caption":"Polis SA Magazine"},"image":{"@id":"https:\/\/www.istitutogalanteoliva.it\/magazine\/#\/schema\/logo\/image\/"},"sameAs":["https:\/\/www.facebook.com\/PolisSAMagazine\/","https:\/\/x.com\/MagazinePolis","https:\/\/www.youtube.com\/channel\/UCv0Mr5AHKUmsc0sEEXkJrgw"]},{"@type":"Person","@id":"https:\/\/www.istitutogalanteoliva.it\/magazine\/#\/schema\/person\/d8b8aa79cfe8babc1df9da3212a7c0c4","name":"Antonello Rivano","image":{"@type":"ImageObject","inLanguage":"it-IT","@id":"https:\/\/www.istitutogalanteoliva.it\/magazine\/#\/schema\/person\/image\/","url":"https:\/\/secure.gravatar.com\/avatar\/517a9a6487a7a18ecc4ce6d2e57a8f40?s=96&d=mm&r=g","contentUrl":"https:\/\/secure.gravatar.com\/avatar\/517a9a6487a7a18ecc4ce6d2e57a8f40?s=96&d=mm&r=g","caption":"Antonello Rivano"},"url":"https:\/\/www.istitutogalanteoliva.it\/magazine\/author\/antonello\/"}]}},"_links":{"self":[{"href":"https:\/\/www.istitutogalanteoliva.it\/magazine\/wp-json\/wp\/v2\/posts\/9818","targetHints":{"allow":["GET"]}}],"collection":[{"href":"https:\/\/www.istitutogalanteoliva.it\/magazine\/wp-json\/wp\/v2\/posts"}],"about":[{"href":"https:\/\/www.istitutogalanteoliva.it\/magazine\/wp-json\/wp\/v2\/types\/post"}],"author":[{"embeddable":true,"href":"https:\/\/www.istitutogalanteoliva.it\/magazine\/wp-json\/wp\/v2\/users\/2"}],"replies":[{"embeddable":true,"href":"https:\/\/www.istitutogalanteoliva.it\/magazine\/wp-json\/wp\/v2\/comments?post=9818"}],"version-history":[{"count":9,"href":"https:\/\/www.istitutogalanteoliva.it\/magazine\/wp-json\/wp\/v2\/posts\/9818\/revisions"}],"predecessor-version":[{"id":9839,"href":"https:\/\/www.istitutogalanteoliva.it\/magazine\/wp-json\/wp\/v2\/posts\/9818\/revisions\/9839"}],"wp:featuredmedia":[{"embeddable":true,"href":"https:\/\/www.istitutogalanteoliva.it\/magazine\/wp-json\/wp\/v2\/media\/9838"}],"wp:attachment":[{"href":"https:\/\/www.istitutogalanteoliva.it\/magazine\/wp-json\/wp\/v2\/media?parent=9818"}],"wp:term":[{"taxonomy":"category","embeddable":true,"href":"https:\/\/www.istitutogalanteoliva.it\/magazine\/wp-json\/wp\/v2\/categories?post=9818"},{"taxonomy":"post_tag","embeddable":true,"href":"https:\/\/www.istitutogalanteoliva.it\/magazine\/wp-json\/wp\/v2\/tags?post=9818"}],"curies":[{"name":"wp","href":"https:\/\/api.w.org\/{rel}","templated":true}]}}