{"id":9841,"date":"2021-10-11T08:00:00","date_gmt":"2021-10-11T06:00:00","guid":{"rendered":"https:\/\/www.istitutogalanteoliva.it\/magazine\/?p=9841"},"modified":"2021-10-11T14:53:04","modified_gmt":"2021-10-11T12:53:04","slug":"e-ora-di-dire-basta-e-cambiare-rotta","status":"publish","type":"post","link":"https:\/\/www.istitutogalanteoliva.it\/magazine\/2021\/10\/11\/e-ora-di-dire-basta-e-cambiare-rotta\/","title":{"rendered":"E&#8217; ora di dire &#8220;basta&#8221; e cambiare rotta!"},"content":{"rendered":"\n<h4 class=\"wp-block-heading\"><strong> &#8220;<em>Quella di ieri \u00e8 una ferita democratica, un atto di offesa alla Costituzione nata dalla Resistenza, un atto che ha violentato il mondo del lavoro e i suoi diritti<\/em>&#8220;. Lo ha detto domenica il segretario generale della Cgil Maurizio Landini aprendo l&#8217;assemblea generale del sindacato<\/strong>, <strong>dopo la l\u2019assalto della sede centrale della Cgil, a Roma sabato 9 settembre, durante le manifestazioni No Green Pass.<\/strong><\/h4>\n\n\n\n<p class=\"has-drop-cap\">E&#8217; probabile che sia anche molto di pi\u00f9 di questo, e allora occorre dare un segnale forte, univoco e inequivocabile. <br>Occorre darlo come istituzioni ma soprattutto come organi di informazione.<br>Bisogna riscoprire la memoria storica, raccontare che non si tratta di &#8220;diritto di opinione&#8221; ma di &#8220;reati&#8221;.<br><br><br>Come organi di informazione abbiamo l&#8217;onere e il dovere di &#8220;condannare&#8221; fermante i fatti, quei fatti, figli di un ieri troppo recente e doloroso. Occorre fare in modo che non si possa usare la parola &#8220;libert\u00e0&#8221; per farsi scudo mentre si compiono fatti scellerati. <br><\/p>\n\n\n\n<figure class=\"wp-block-image size-large is-resized\"><img loading=\"lazy\" decoding=\"async\" src=\"https:\/\/www.istitutogalanteoliva.it\/magazine\/wp-content\/uploads\/2021\/10\/1.b.jpg\" alt=\"\" class=\"wp-image-9844\" width=\"480\" height=\"285\" srcset=\"https:\/\/www.istitutogalanteoliva.it\/magazine\/wp-content\/uploads\/2021\/10\/1.b.jpg 640w, https:\/\/www.istitutogalanteoliva.it\/magazine\/wp-content\/uploads\/2021\/10\/1.b-300x178.jpg 300w\" sizes=\"auto, (max-width: 480px) 100vw, 480px\" \/><figcaption><strong><em>da TG 24<\/em><\/strong><\/figcaption><\/figure>\n\n\n\n<p class=\"has-drop-cap\"><br>Bisogna fare squadra: famiglia, scuola, istituzioni, media. Avere memoria e condividerla con chi non ha conosciuto altri tempi.  E&#8217; ora di sollevare lo sguardo dai pc, tablet, smartphone e riprendere il nostro posto in una societ\u00e0 che non pu\u00f2 pi\u00f9 essere basata su un post, un like, una emoticon. Non possiamo pi\u00f9, noi organi di informazione, contare i click e non badare a ci\u00f2 che pubblichiamo, non possiamo pi\u00f9 permettercelo. <br><br>Non possiamo, noi che scriviamo, non fare autocritica e non ammettere le nostre colpe.  Pubblicando tutto e il contrario di tutto abbiamo  creato confusione e sfiducia in un momento delicatissimo per l&#8217;intero Paese.<br><\/p>\n\n\n\n<div class=\"wp-block-image\"><figure class=\"alignleft size-large\"><img loading=\"lazy\" decoding=\"async\" width=\"278\" height=\"183\" src=\"https:\/\/www.istitutogalanteoliva.it\/magazine\/wp-content\/uploads\/2021\/10\/Immagine-2021-10-10-162330.jpg\" alt=\"\" class=\"wp-image-9843\"\/><\/figure><\/div>\n\n\n\n<p class=\"has-drop-cap\"><br>Si \u00e8 persa la misura delle cose e pensato che tutto sommato una svastica, un  braccio teso erano solo &#8220;opinioni&#8221;, che si poteva portarli allo stadio o in piazza, forse anche in chiesa e in un cimitero. Abbiamo portato avanti partiti che mai hanno rinnegato, condannato, quello che fa parte delle loro radici, radici che, lo ricordiamo, sono &#8220;fuorilegge&#8221;.<br><br>E ora di fronte alla sede devastata di un sindacato, di fronte a quelle bandiere gettate per terra, simboli per cui tanti hanno lottato e molti sono morti&#8230;dobbiamo fermarci e riflettere, prima che sia troppo tardi. <\/p>\n\n\n\n<p class=\"has-text-align-left\"><img loading=\"lazy\" decoding=\"async\" width=\"80\" height=\"80\" class=\"wp-image-15584\" style=\"width: 80px;\" src=\"https:\/\/www.istitutogalanteoliva.it\/magazine\/wp-content\/uploads\/2024\/08\/anto.png\" alt=\"\" srcset=\"https:\/\/www.istitutogalanteoliva.it\/magazine\/wp-content\/uploads\/2024\/08\/anto.png 247w, https:\/\/www.istitutogalanteoliva.it\/magazine\/wp-content\/uploads\/2024\/08\/anto-150x150.png 150w\" sizes=\"auto, (max-width: 80px) 100vw, 80px\" \/><em><mark style=\"background-color:rgba(0, 0, 0, 0)\" class=\"has-inline-color has-black-color\"><strong><a href=\"https:\/\/www.istitutogalanteoliva\/antonello-rivano-2\/\">Antonello Rivano<\/a><\/strong><\/mark><\/em><br><sup><strong>Direttore di redazione\/coordinatore nazionale<\/strong> <strong><em>Polis SA Magazine<\/em><\/strong><\/sup><br><\/p>\n\n\n\n<p><br><br><\/p>\n\n\n\n<p><br><br><br><br><br><br><\/p>\n\n\n\n<h4 class=\"wp-block-heading\"><br><br><\/h4>\n<div class=\"pdfprnt-buttons pdfprnt-buttons-post pdfprnt-bottom-left\"><a href=\"https:\/\/www.istitutogalanteoliva.it\/magazine\/wp-json\/wp\/v2\/posts\/9841?print=print\" class=\"pdfprnt-button pdfprnt-button-print\" target=\"_blank\"><img decoding=\"async\" src=\"https:\/\/www.istitutogalanteoliva.it\/magazine\/wp-content\/plugins\/pdf-print\/images\/print.png\" alt=\"image_print\" title=\"Stampa contenuto\" \/><span class=\"pdfprnt-button-title pdfprnt-button-print-title\">Download in PDF<\/span><\/a><\/div>","protected":false},"excerpt":{"rendered":"<p>Dopo l&#8217;assalto della sede CGIL di Roma. E&#8217; il momento che gli organi di informazione riflettano su ci\u00f2 che sta accadendo e &#8220;cambino rotta&#8221;, per uscire da questo nuovo e pericoloso &#8220;Oscurantismo&#8221;.<\/p>\n","protected":false},"author":2,"featured_media":9845,"comment_status":"open","ping_status":"open","sticky":true,"template":"","format":"standard","meta":{"footnotes":""},"categories":[148,10],"tags":[507,509,508],"class_list":["post-9841","post","type-post","status-publish","format-standard","has-post-thumbnail","hentry","category-148","category-editoriale","tag-cgil","tag-no-green-pass","tag-roma"],"yoast_head":"<!-- This site is optimized with the Yoast SEO plugin v24.2 - https:\/\/yoast.com\/wordpress\/plugins\/seo\/ -->\n<title>E&#039; ora di dire &quot;basta&quot; e cambiare rotta! - Polis SA Magazine<\/title>\n<meta name=\"robots\" content=\"index, follow, max-snippet:-1, max-image-preview:large, max-video-preview:-1\" \/>\n<link rel=\"canonical\" href=\"https:\/\/www.istitutogalanteoliva.it\/magazine\/2021\/10\/11\/e-ora-di-dire-basta-e-cambiare-rotta\/\" \/>\n<meta property=\"og:locale\" content=\"it_IT\" \/>\n<meta property=\"og:type\" content=\"article\" \/>\n<meta property=\"og:title\" content=\"E&#039; ora di dire &quot;basta&quot; e cambiare rotta! - Polis SA Magazine\" \/>\n<meta property=\"og:description\" content=\"Dopo l&#039;assalto della sede CGIL di Roma. E&#039; il momento che gli organi di informazione riflettano su ci\u00f2 che sta accadendo e &quot;cambino rotta&quot;, per uscire da questo nuovo e pericoloso &quot;Oscurantismo&quot;.\" \/>\n<meta property=\"og:url\" content=\"https:\/\/www.istitutogalanteoliva.it\/magazine\/2021\/10\/11\/e-ora-di-dire-basta-e-cambiare-rotta\/\" \/>\n<meta property=\"og:site_name\" content=\"Polis SA Magazine\" \/>\n<meta property=\"article:publisher\" content=\"https:\/\/www.facebook.com\/PolisSAMagazine\/\" \/>\n<meta property=\"article:published_time\" content=\"2021-10-11T06:00:00+00:00\" \/>\n<meta property=\"article:modified_time\" content=\"2021-10-11T12:53:04+00:00\" \/>\n<meta property=\"og:image\" content=\"https:\/\/www.istitutogalanteoliva.it\/magazine\/wp-content\/uploads\/2021\/10\/copert.jpg\" \/>\n\t<meta property=\"og:image:width\" content=\"640\" \/>\n\t<meta property=\"og:image:height\" content=\"380\" \/>\n\t<meta property=\"og:image:type\" content=\"image\/jpeg\" \/>\n<meta name=\"author\" content=\"Antonello Rivano\" \/>\n<meta name=\"twitter:card\" content=\"summary_large_image\" \/>\n<meta name=\"twitter:creator\" content=\"@MagazinePolis\" \/>\n<meta name=\"twitter:site\" content=\"@MagazinePolis\" \/>\n<meta name=\"twitter:label1\" content=\"Scritto da\" \/>\n\t<meta name=\"twitter:data1\" content=\"Antonello Rivano\" \/>\n\t<meta name=\"twitter:label2\" content=\"Tempo di lettura stimato\" \/>\n\t<meta name=\"twitter:data2\" content=\"2 minuti\" \/>\n<script type=\"application\/ld+json\" class=\"yoast-schema-graph\">{\"@context\":\"https:\/\/schema.org\",\"@graph\":[{\"@type\":\"Article\",\"@id\":\"https:\/\/www.istitutogalanteoliva.it\/magazine\/2021\/10\/11\/e-ora-di-dire-basta-e-cambiare-rotta\/#article\",\"isPartOf\":{\"@id\":\"https:\/\/www.istitutogalanteoliva.it\/magazine\/2021\/10\/11\/e-ora-di-dire-basta-e-cambiare-rotta\/\"},\"author\":{\"name\":\"Antonello Rivano\",\"@id\":\"https:\/\/www.istitutogalanteoliva.it\/magazine\/#\/schema\/person\/d8b8aa79cfe8babc1df9da3212a7c0c4\"},\"headline\":\"E&#8217; ora di dire &#8220;basta&#8221; e cambiare rotta!\",\"datePublished\":\"2021-10-11T06:00:00+00:00\",\"dateModified\":\"2021-10-11T12:53:04+00:00\",\"mainEntityOfPage\":{\"@id\":\"https:\/\/www.istitutogalanteoliva.it\/magazine\/2021\/10\/11\/e-ora-di-dire-basta-e-cambiare-rotta\/\"},\"wordCount\":362,\"commentCount\":0,\"publisher\":{\"@id\":\"https:\/\/www.istitutogalanteoliva.it\/magazine\/#organization\"},\"image\":{\"@id\":\"https:\/\/www.istitutogalanteoliva.it\/magazine\/2021\/10\/11\/e-ora-di-dire-basta-e-cambiare-rotta\/#primaryimage\"},\"thumbnailUrl\":\"https:\/\/www.istitutogalanteoliva.it\/magazine\/wp-content\/uploads\/2021\/10\/copert.jpg\",\"keywords\":[\"cgil\",\"no green pass\",\"roma\"],\"articleSection\":[\"2021\",\"Editoriale\"],\"inLanguage\":\"it-IT\",\"potentialAction\":[{\"@type\":\"CommentAction\",\"name\":\"Comment\",\"target\":[\"https:\/\/www.istitutogalanteoliva.it\/magazine\/2021\/10\/11\/e-ora-di-dire-basta-e-cambiare-rotta\/#respond\"]}]},{\"@type\":\"WebPage\",\"@id\":\"https:\/\/www.istitutogalanteoliva.it\/magazine\/2021\/10\/11\/e-ora-di-dire-basta-e-cambiare-rotta\/\",\"url\":\"https:\/\/www.istitutogalanteoliva.it\/magazine\/2021\/10\/11\/e-ora-di-dire-basta-e-cambiare-rotta\/\",\"name\":\"E' ora di dire \\\"basta\\\" e cambiare rotta! - Polis SA Magazine\",\"isPartOf\":{\"@id\":\"https:\/\/www.istitutogalanteoliva.it\/magazine\/#website\"},\"primaryImageOfPage\":{\"@id\":\"https:\/\/www.istitutogalanteoliva.it\/magazine\/2021\/10\/11\/e-ora-di-dire-basta-e-cambiare-rotta\/#primaryimage\"},\"image\":{\"@id\":\"https:\/\/www.istitutogalanteoliva.it\/magazine\/2021\/10\/11\/e-ora-di-dire-basta-e-cambiare-rotta\/#primaryimage\"},\"thumbnailUrl\":\"https:\/\/www.istitutogalanteoliva.it\/magazine\/wp-content\/uploads\/2021\/10\/copert.jpg\",\"datePublished\":\"2021-10-11T06:00:00+00:00\",\"dateModified\":\"2021-10-11T12:53:04+00:00\",\"breadcrumb\":{\"@id\":\"https:\/\/www.istitutogalanteoliva.it\/magazine\/2021\/10\/11\/e-ora-di-dire-basta-e-cambiare-rotta\/#breadcrumb\"},\"inLanguage\":\"it-IT\",\"potentialAction\":[{\"@type\":\"ReadAction\",\"target\":[\"https:\/\/www.istitutogalanteoliva.it\/magazine\/2021\/10\/11\/e-ora-di-dire-basta-e-cambiare-rotta\/\"]}]},{\"@type\":\"ImageObject\",\"inLanguage\":\"it-IT\",\"@id\":\"https:\/\/www.istitutogalanteoliva.it\/magazine\/2021\/10\/11\/e-ora-di-dire-basta-e-cambiare-rotta\/#primaryimage\",\"url\":\"https:\/\/www.istitutogalanteoliva.it\/magazine\/wp-content\/uploads\/2021\/10\/copert.jpg\",\"contentUrl\":\"https:\/\/www.istitutogalanteoliva.it\/magazine\/wp-content\/uploads\/2021\/10\/copert.jpg\",\"width\":640,\"height\":380},{\"@type\":\"BreadcrumbList\",\"@id\":\"https:\/\/www.istitutogalanteoliva.it\/magazine\/2021\/10\/11\/e-ora-di-dire-basta-e-cambiare-rotta\/#breadcrumb\",\"itemListElement\":[{\"@type\":\"ListItem\",\"position\":1,\"name\":\"Home\",\"item\":\"https:\/\/www.istitutogalanteoliva.it\/magazine\/\"},{\"@type\":\"ListItem\",\"position\":2,\"name\":\"E&#8217; ora di dire &#8220;basta&#8221; e cambiare rotta!\"}]},{\"@type\":\"WebSite\",\"@id\":\"https:\/\/www.istitutogalanteoliva.it\/magazine\/#website\",\"url\":\"https:\/\/www.istitutogalanteoliva.it\/magazine\/\",\"name\":\"POLIS SA MAGAZINE\",\"description\":\"Informazione e approfondimenti\",\"publisher\":{\"@id\":\"https:\/\/www.istitutogalanteoliva.it\/magazine\/#organization\"},\"potentialAction\":[{\"@type\":\"SearchAction\",\"target\":{\"@type\":\"EntryPoint\",\"urlTemplate\":\"https:\/\/www.istitutogalanteoliva.it\/magazine\/?s={search_term_string}\"},\"query-input\":{\"@type\":\"PropertyValueSpecification\",\"valueRequired\":true,\"valueName\":\"search_term_string\"}}],\"inLanguage\":\"it-IT\"},{\"@type\":\"Organization\",\"@id\":\"https:\/\/www.istitutogalanteoliva.it\/magazine\/#organization\",\"name\":\"Polis SA Magazine\",\"url\":\"https:\/\/www.istitutogalanteoliva.it\/magazine\/\",\"logo\":{\"@type\":\"ImageObject\",\"inLanguage\":\"it-IT\",\"@id\":\"https:\/\/www.istitutogalanteoliva.it\/magazine\/#\/schema\/logo\/image\/\",\"url\":\"\",\"contentUrl\":\"\",\"caption\":\"Polis SA Magazine\"},\"image\":{\"@id\":\"https:\/\/www.istitutogalanteoliva.it\/magazine\/#\/schema\/logo\/image\/\"},\"sameAs\":[\"https:\/\/www.facebook.com\/PolisSAMagazine\/\",\"https:\/\/x.com\/MagazinePolis\",\"https:\/\/www.youtube.com\/channel\/UCv0Mr5AHKUmsc0sEEXkJrgw\"]},{\"@type\":\"Person\",\"@id\":\"https:\/\/www.istitutogalanteoliva.it\/magazine\/#\/schema\/person\/d8b8aa79cfe8babc1df9da3212a7c0c4\",\"name\":\"Antonello Rivano\",\"image\":{\"@type\":\"ImageObject\",\"inLanguage\":\"it-IT\",\"@id\":\"https:\/\/www.istitutogalanteoliva.it\/magazine\/#\/schema\/person\/image\/\",\"url\":\"https:\/\/secure.gravatar.com\/avatar\/517a9a6487a7a18ecc4ce6d2e57a8f40?s=96&d=mm&r=g\",\"contentUrl\":\"https:\/\/secure.gravatar.com\/avatar\/517a9a6487a7a18ecc4ce6d2e57a8f40?s=96&d=mm&r=g\",\"caption\":\"Antonello Rivano\"},\"url\":\"https:\/\/www.istitutogalanteoliva.it\/magazine\/author\/antonello\/\"}]}<\/script>\n<!-- \/ Yoast SEO plugin. -->","yoast_head_json":{"title":"E' ora di dire \"basta\" e cambiare rotta! - Polis SA Magazine","robots":{"index":"index","follow":"follow","max-snippet":"max-snippet:-1","max-image-preview":"max-image-preview:large","max-video-preview":"max-video-preview:-1"},"canonical":"https:\/\/www.istitutogalanteoliva.it\/magazine\/2021\/10\/11\/e-ora-di-dire-basta-e-cambiare-rotta\/","og_locale":"it_IT","og_type":"article","og_title":"E' ora di dire \"basta\" e cambiare rotta! - Polis SA Magazine","og_description":"Dopo l'assalto della sede CGIL di Roma. E' il momento che gli organi di informazione riflettano su ci\u00f2 che sta accadendo e \"cambino rotta\", per uscire da questo nuovo e pericoloso \"Oscurantismo\".","og_url":"https:\/\/www.istitutogalanteoliva.it\/magazine\/2021\/10\/11\/e-ora-di-dire-basta-e-cambiare-rotta\/","og_site_name":"Polis SA Magazine","article_publisher":"https:\/\/www.facebook.com\/PolisSAMagazine\/","article_published_time":"2021-10-11T06:00:00+00:00","article_modified_time":"2021-10-11T12:53:04+00:00","og_image":[{"width":640,"height":380,"url":"https:\/\/www.istitutogalanteoliva.it\/magazine\/wp-content\/uploads\/2021\/10\/copert.jpg","type":"image\/jpeg"}],"author":"Antonello Rivano","twitter_card":"summary_large_image","twitter_creator":"@MagazinePolis","twitter_site":"@MagazinePolis","twitter_misc":{"Scritto da":"Antonello Rivano","Tempo di lettura stimato":"2 minuti"},"schema":{"@context":"https:\/\/schema.org","@graph":[{"@type":"Article","@id":"https:\/\/www.istitutogalanteoliva.it\/magazine\/2021\/10\/11\/e-ora-di-dire-basta-e-cambiare-rotta\/#article","isPartOf":{"@id":"https:\/\/www.istitutogalanteoliva.it\/magazine\/2021\/10\/11\/e-ora-di-dire-basta-e-cambiare-rotta\/"},"author":{"name":"Antonello Rivano","@id":"https:\/\/www.istitutogalanteoliva.it\/magazine\/#\/schema\/person\/d8b8aa79cfe8babc1df9da3212a7c0c4"},"headline":"E&#8217; ora di dire &#8220;basta&#8221; e cambiare rotta!","datePublished":"2021-10-11T06:00:00+00:00","dateModified":"2021-10-11T12:53:04+00:00","mainEntityOfPage":{"@id":"https:\/\/www.istitutogalanteoliva.it\/magazine\/2021\/10\/11\/e-ora-di-dire-basta-e-cambiare-rotta\/"},"wordCount":362,"commentCount":0,"publisher":{"@id":"https:\/\/www.istitutogalanteoliva.it\/magazine\/#organization"},"image":{"@id":"https:\/\/www.istitutogalanteoliva.it\/magazine\/2021\/10\/11\/e-ora-di-dire-basta-e-cambiare-rotta\/#primaryimage"},"thumbnailUrl":"https:\/\/www.istitutogalanteoliva.it\/magazine\/wp-content\/uploads\/2021\/10\/copert.jpg","keywords":["cgil","no green pass","roma"],"articleSection":["2021","Editoriale"],"inLanguage":"it-IT","potentialAction":[{"@type":"CommentAction","name":"Comment","target":["https:\/\/www.istitutogalanteoliva.it\/magazine\/2021\/10\/11\/e-ora-di-dire-basta-e-cambiare-rotta\/#respond"]}]},{"@type":"WebPage","@id":"https:\/\/www.istitutogalanteoliva.it\/magazine\/2021\/10\/11\/e-ora-di-dire-basta-e-cambiare-rotta\/","url":"https:\/\/www.istitutogalanteoliva.it\/magazine\/2021\/10\/11\/e-ora-di-dire-basta-e-cambiare-rotta\/","name":"E' ora di dire \"basta\" e cambiare rotta! - Polis SA Magazine","isPartOf":{"@id":"https:\/\/www.istitutogalanteoliva.it\/magazine\/#website"},"primaryImageOfPage":{"@id":"https:\/\/www.istitutogalanteoliva.it\/magazine\/2021\/10\/11\/e-ora-di-dire-basta-e-cambiare-rotta\/#primaryimage"},"image":{"@id":"https:\/\/www.istitutogalanteoliva.it\/magazine\/2021\/10\/11\/e-ora-di-dire-basta-e-cambiare-rotta\/#primaryimage"},"thumbnailUrl":"https:\/\/www.istitutogalanteoliva.it\/magazine\/wp-content\/uploads\/2021\/10\/copert.jpg","datePublished":"2021-10-11T06:00:00+00:00","dateModified":"2021-10-11T12:53:04+00:00","breadcrumb":{"@id":"https:\/\/www.istitutogalanteoliva.it\/magazine\/2021\/10\/11\/e-ora-di-dire-basta-e-cambiare-rotta\/#breadcrumb"},"inLanguage":"it-IT","potentialAction":[{"@type":"ReadAction","target":["https:\/\/www.istitutogalanteoliva.it\/magazine\/2021\/10\/11\/e-ora-di-dire-basta-e-cambiare-rotta\/"]}]},{"@type":"ImageObject","inLanguage":"it-IT","@id":"https:\/\/www.istitutogalanteoliva.it\/magazine\/2021\/10\/11\/e-ora-di-dire-basta-e-cambiare-rotta\/#primaryimage","url":"https:\/\/www.istitutogalanteoliva.it\/magazine\/wp-content\/uploads\/2021\/10\/copert.jpg","contentUrl":"https:\/\/www.istitutogalanteoliva.it\/magazine\/wp-content\/uploads\/2021\/10\/copert.jpg","width":640,"height":380},{"@type":"BreadcrumbList","@id":"https:\/\/www.istitutogalanteoliva.it\/magazine\/2021\/10\/11\/e-ora-di-dire-basta-e-cambiare-rotta\/#breadcrumb","itemListElement":[{"@type":"ListItem","position":1,"name":"Home","item":"https:\/\/www.istitutogalanteoliva.it\/magazine\/"},{"@type":"ListItem","position":2,"name":"E&#8217; ora di dire &#8220;basta&#8221; e cambiare rotta!"}]},{"@type":"WebSite","@id":"https:\/\/www.istitutogalanteoliva.it\/magazine\/#website","url":"https:\/\/www.istitutogalanteoliva.it\/magazine\/","name":"POLIS SA MAGAZINE","description":"Informazione e approfondimenti","publisher":{"@id":"https:\/\/www.istitutogalanteoliva.it\/magazine\/#organization"},"potentialAction":[{"@type":"SearchAction","target":{"@type":"EntryPoint","urlTemplate":"https:\/\/www.istitutogalanteoliva.it\/magazine\/?s={search_term_string}"},"query-input":{"@type":"PropertyValueSpecification","valueRequired":true,"valueName":"search_term_string"}}],"inLanguage":"it-IT"},{"@type":"Organization","@id":"https:\/\/www.istitutogalanteoliva.it\/magazine\/#organization","name":"Polis SA Magazine","url":"https:\/\/www.istitutogalanteoliva.it\/magazine\/","logo":{"@type":"ImageObject","inLanguage":"it-IT","@id":"https:\/\/www.istitutogalanteoliva.it\/magazine\/#\/schema\/logo\/image\/","url":"","contentUrl":"","caption":"Polis SA Magazine"},"image":{"@id":"https:\/\/www.istitutogalanteoliva.it\/magazine\/#\/schema\/logo\/image\/"},"sameAs":["https:\/\/www.facebook.com\/PolisSAMagazine\/","https:\/\/x.com\/MagazinePolis","https:\/\/www.youtube.com\/channel\/UCv0Mr5AHKUmsc0sEEXkJrgw"]},{"@type":"Person","@id":"https:\/\/www.istitutogalanteoliva.it\/magazine\/#\/schema\/person\/d8b8aa79cfe8babc1df9da3212a7c0c4","name":"Antonello Rivano","image":{"@type":"ImageObject","inLanguage":"it-IT","@id":"https:\/\/www.istitutogalanteoliva.it\/magazine\/#\/schema\/person\/image\/","url":"https:\/\/secure.gravatar.com\/avatar\/517a9a6487a7a18ecc4ce6d2e57a8f40?s=96&d=mm&r=g","contentUrl":"https:\/\/secure.gravatar.com\/avatar\/517a9a6487a7a18ecc4ce6d2e57a8f40?s=96&d=mm&r=g","caption":"Antonello Rivano"},"url":"https:\/\/www.istitutogalanteoliva.it\/magazine\/author\/antonello\/"}]}},"_links":{"self":[{"href":"https:\/\/www.istitutogalanteoliva.it\/magazine\/wp-json\/wp\/v2\/posts\/9841","targetHints":{"allow":["GET"]}}],"collection":[{"href":"https:\/\/www.istitutogalanteoliva.it\/magazine\/wp-json\/wp\/v2\/posts"}],"about":[{"href":"https:\/\/www.istitutogalanteoliva.it\/magazine\/wp-json\/wp\/v2\/types\/post"}],"author":[{"embeddable":true,"href":"https:\/\/www.istitutogalanteoliva.it\/magazine\/wp-json\/wp\/v2\/users\/2"}],"replies":[{"embeddable":true,"href":"https:\/\/www.istitutogalanteoliva.it\/magazine\/wp-json\/wp\/v2\/comments?post=9841"}],"version-history":[{"count":4,"href":"https:\/\/www.istitutogalanteoliva.it\/magazine\/wp-json\/wp\/v2\/posts\/9841\/revisions"}],"predecessor-version":[{"id":9849,"href":"https:\/\/www.istitutogalanteoliva.it\/magazine\/wp-json\/wp\/v2\/posts\/9841\/revisions\/9849"}],"wp:featuredmedia":[{"embeddable":true,"href":"https:\/\/www.istitutogalanteoliva.it\/magazine\/wp-json\/wp\/v2\/media\/9845"}],"wp:attachment":[{"href":"https:\/\/www.istitutogalanteoliva.it\/magazine\/wp-json\/wp\/v2\/media?parent=9841"}],"wp:term":[{"taxonomy":"category","embeddable":true,"href":"https:\/\/www.istitutogalanteoliva.it\/magazine\/wp-json\/wp\/v2\/categories?post=9841"},{"taxonomy":"post_tag","embeddable":true,"href":"https:\/\/www.istitutogalanteoliva.it\/magazine\/wp-json\/wp\/v2\/tags?post=9841"}],"curies":[{"name":"wp","href":"https:\/\/api.w.org\/{rel}","templated":true}]}}