{"id":9952,"date":"2021-10-24T08:00:00","date_gmt":"2021-10-24T06:00:00","guid":{"rendered":"https:\/\/www.istitutogalanteoliva.it\/magazine\/?p=9952"},"modified":"2021-10-24T18:57:19","modified_gmt":"2021-10-24T16:57:19","slug":"paisa-sciuscia-e-segnorine-il-sud-e-roma-dallo-sbarco-in-sicilia-al-25-aprile","status":"publish","type":"post","link":"https:\/\/www.istitutogalanteoliva.it\/magazine\/2021\/10\/24\/paisa-sciuscia-e-segnorine-il-sud-e-roma-dallo-sbarco-in-sicilia-al-25-aprile\/","title":{"rendered":"Pais\u00e0, sciusci\u00e0 e segnorine-Il Sud e Roma dallo sbarco in Sicilia al 25 aprile"},"content":{"rendered":"\n<p><\/p>\n\n\n\n<p><\/p>\n\n\n\n<p><\/p>\n\n\n\n<p><strong>La caduta di Mussolini e l\u2019armistizio lasciano l\u2019Italia stremata e divisa, mentre gli Alleati e i tedeschi si contendono palmo a palmo la penisola con scontri violenti, bombardamenti, stragi, rappresaglie, stupri, rastrellamenti, saccheggi, sfollamenti. Fame, disperazione, macerie e morte la fanno da padrone. Anche l\u2019assetto istituzionale \u00e8 segnato da una profonda frattura, tra il Regno del Sud e la Repubblica Sociale Italiana. La linea del fronte avanza lentamente da sud a nord e in questo periodo alla feroce occupazione tedesca del centro-nord si contrappone la convivenza forzata con i liberatori anglo-americani nel Mezzogiorno.<\/strong><\/p>\n\n\n\n<p>Il peculiare percorso di uscita dalla guerra dell\u2019Italia meridionale \u00e8 il tema del libro <strong><em>Pais\u00e0, sciusci\u00e0 e segnorine. Il Sud e Roma dallo sbarco in Sicilia al 25 aprile<\/em> <\/strong>(Il Mulino,2021), di <strong>Mario Avagliano<\/strong> e <strong>Marco Palmieri<\/strong>, attraverso una pluralit\u00e0 di fonti coeve: lettere, diari, corrispondenza censurata, relazioni delle autorit\u00e0 italiane e alleate, giornali, canzoni, film.<\/p>\n\n\n\n<p>Un racconto corale in cui le vicende istituzionali e militari \u2013 che sono pi\u00f9 note \u2013 restano sullo sfondo, mentre viene ricostruito dettagliatamente quel clima che <strong>Curzio Malaparte <\/strong>in <em><strong>Kaputt<\/strong><\/em> esemplifica cos\u00ec nella frase citata nella quarta di copertina del volume: \u00ab<em>Tutti fuggivano la disperazione, la miserabile e meravigliosa disperazione della guerra perduta, tutti correvano incontro alla speranza della fame finita, della paura finita, della guerra finita, incontro alla miserabile e meravigliosa speranza della guerra perduta. Tutti fuggivano l\u2019Italia, andavano incontro all\u2019Italia<\/em>\u00bb.<\/p>\n\n\n\n<p>La ritirata e il breve periodo dell\u2019occupazione tedesca del Sud lasciano sul terreno migliaia di morti e fino ad ora sono stati censiti 942 episodi di violenza e 2.623 vittime, per l\u201986% civili, cui si aggiunge l\u2019altrettanto sanguinosa esperienza della popolazione nel Lazio, con 1.060 vittime in 169 atti criminali. Ma anche l\u2019arrivo degli Alleati non \u00e8 sempre pacifico, specie dove si abbatte la furia delle truppe che si abbandonano a stupri e violenze, passate alla storia come <em>marocchinate<\/em>, per il coinvolgimento dei reparti coloniali francesi.<\/p>\n\n\n\n<figure class=\"wp-block-image size-large\"><img loading=\"lazy\" decoding=\"async\" width=\"512\" height=\"265\" src=\"https:\/\/www.istitutogalanteoliva.it\/magazine\/wp-content\/uploads\/2021\/10\/unnamed-5.jpg\" alt=\"\" class=\"wp-image-9958\" srcset=\"https:\/\/www.istitutogalanteoliva.it\/magazine\/wp-content\/uploads\/2021\/10\/unnamed-5.jpg 512w, https:\/\/www.istitutogalanteoliva.it\/magazine\/wp-content\/uploads\/2021\/10\/unnamed-5-300x155.jpg 300w\" sizes=\"auto, (max-width: 512px) 100vw, 512px\" \/><figcaption><strong><em>Sbarco degli &#8220;alleati&#8221; in Sicilia <\/em><\/strong><\/figcaption><\/figure>\n\n\n\n<p>I capitoli del libro di Avagliano e Palmieri dedicati a queste vicende sono ricchi di storie inedite o poco conosciute. La popolazione gode dei primi sprazzi di libert\u00e0 e di democrazia, ma al tempo stesso \u00e8 flagellata dalla fame, dalla mancanza di alloggi e di trasporti, dal caro-vita, dal mercato nero e dalla disoccupazione.<\/p>\n\n\n\n<p>In ogni caso a partire dall\u2019autunno-inverno del 1943 nel Mezzogiorno, e da giugno del 1944 a Roma e in Abruzzo, la popolazione gode dei primi sprazzi di libert\u00e0 e di democrazia, ma al tempo stesso deve fare i conti con le ferite lasciate dal regime e dalla guerra ed \u00e8 flagellata dalla fame, dalla mancanza di alloggi e di trasporti, dal caro-vita (aggravato dalla robusta emissione di am-lire da parte degli Alleati), dal mercato nero e dalla disoccupazione, soffrendo altres\u00ec per la lontananza dei reduci. Una disperazione diffusa che alimenta tensioni sociali, recrudescenze criminali e fenomeni di delinquenza minorile e di prostituzione. Inoltre, esaurita l\u2019euforia della libert\u00e0 riconquistata ed emersa la consapevolezza del carattere messianico e illusorio dell\u2019aspettativa che l\u2019arrivo degli anglo-americani, simbolizzato dal pane bianco, dalle caramelle e dalle <em>chewing-gum<\/em>, porti miracolosamente alla fine della miseria, col passare del tempo la presenza delle truppe alleate nella penisola diventa sempre meno gradita e pi\u00f9 ingombrante per il degrado morale, sociale e anche economico di cui sono portatrici con i loro dollari e sterline e le violenze (anche di carattere sessuale) connesse al ruolo di conquistatori-occupanti.<\/p>\n\n\n\n<figure class=\"wp-block-image size-large\"><img loading=\"lazy\" decoding=\"async\" width=\"720\" height=\"321\" src=\"https:\/\/www.istitutogalanteoliva.it\/magazine\/wp-content\/uploads\/2021\/10\/9.jpg\" alt=\"\" class=\"wp-image-9960\" srcset=\"https:\/\/www.istitutogalanteoliva.it\/magazine\/wp-content\/uploads\/2021\/10\/9.jpg 720w, https:\/\/www.istitutogalanteoliva.it\/magazine\/wp-content\/uploads\/2021\/10\/9-300x134.jpg 300w\" sizes=\"auto, (max-width: 720px) 100vw, 720px\" \/><figcaption><strong><em><sup><br>Gli alleati sbarcano a Salerno il 9 settembre 1943<\/sup><\/em><\/strong><\/figcaption><\/figure>\n\n\n\n<p>Si \u00e8 sostenuto che nella <em><strong>Southern Region<\/strong><\/em>, come la definiscono gli anglo-americani, la transizione dal fascismo alla democrazia sia avvenuta in anticipo, ma con modalit\u00e0 assai differenti rispetto all\u2019Italia settentrionale, con minore afflato antifascista, essendoci stati pochi episodi di resistenza armata, pi\u00f9 disordine sociale e anche con una certa insofferenza verso il governo centrale, trasformatasi di l\u00ec a poco in forte consenso per il movimento qualunquista. \u00c8 una ricostruzione in cui c\u2019\u00e8 del vero, in quanto nel Sud gran parte dell\u2019apparato dello stato \u2013 prefetti, questori, commissari prefettizi \u2013 opera all&#8217;insegna della continuit\u00e0 badogliana, frenando il cambiamento politico e sociale. Ma la fotografia del Mezzogiorno conservatore e perfino filofascista, certificata dal plebiscito pro-monarchia nel referendum del 1946, non racconta la storia completa di quel periodo e della societ\u00e0 meridionale.<\/p>\n\n\n\n<p><\/p>\n\n\n\n<p>Infatti il saggio di Avagliano e Palmieri dimostra che in questi due anni gli italiani del Mezzogiorno iniziano un percorso di discontinuit\u00e0 rispetto al passato. Nelle regioni del Sud si manifesta un primo \u00ababbozzo di Resistenza\u00bb, sia attraverso i numerosi casi di militari che, all\u2019indomani dell\u2019armistizio rifiutano di consegnare le armi ai tedeschi e ingaggiano combattimenti con le truppe della <em>Wehrmacht<\/em>, sia attraverso i tanti episodi di resistenza spontanea e popolare. Si costituiscono anche diverse bande partigiane, soprattutto in Campania e in Abruzzo. Questo libro per la prima volta propone un panorama completo di questi episodi, sempre con testimonianze dirette, che attestano che la Resistenza ha riguardato anche il Mezzogiorno. <\/p>\n\n\n\n<div class=\"wp-block-image\"><figure class=\"alignleft size-large is-resized\"><img loading=\"lazy\" decoding=\"async\" src=\"https:\/\/www.istitutogalanteoliva.it\/magazine\/wp-content\/uploads\/2021\/10\/Immagine-2021-10-22-154302.jpg\" alt=\"\" class=\"wp-image-9959\" width=\"277\" height=\"395\" srcset=\"https:\/\/www.istitutogalanteoliva.it\/magazine\/wp-content\/uploads\/2021\/10\/Immagine-2021-10-22-154302.jpg 394w, https:\/\/www.istitutogalanteoliva.it\/magazine\/wp-content\/uploads\/2021\/10\/Immagine-2021-10-22-154302-210x300.jpg 210w\" sizes=\"auto, (max-width: 277px) 100vw, 277px\" \/><figcaption><em><strong><sup>Manifestino del film &#8220;Sciusci\u00e0&#8221; (1946)<\/sup><\/strong><\/em><\/figcaption><\/figure><\/div>\n\n\n\n<p>Anche il racconto delle Quattro giornate di Napoli, grazie ai diari e alle testimonianze, fa giustizia di certe rappresentazioni troppo oleografiche o che esaltavano principalmente l\u2019eroismo dei cosiddetti scugnizzi.<\/p>\n\n\n\n<p>Roma e il Mezzogiorno sotto il controllo degli Alleati sono anche un laboratorio della democrazia dopo il Ventennio fascista. La popolazione ha voglia di ricominciare a vivere, di divertirsi, di sperimentare la libert\u00e0 e cos\u00ec la fine della dittatura e della guerra portano con s\u00e9 il fiorire dei dibattiti politici e culturali, le radio libere, i nuovi giornali, le canzoni, la riapertura dei ristoranti e dei teatri, i cinema e i teatri gremiti di spettatori, che convivono con fenomeni come gli <em>sciusci\u00e0<\/em>, le <em>segnorine<\/em>, il banditismo, le mafie. Nascono in questo periodo Radio Bari e Radio Napoli, l\u2019Ansa, la Rai, periodici come \u00abRinascita\u00bb, \u00abNoi donne\u00bb, \u00abMercurio\u00bb e \u00abl\u2019Uomo Qualunque\u00bb.<\/p>\n\n\n\n<p>C\u2019\u00e8 fermento anche in politica. Si tiene<strong> il Congresso di Bari<\/strong>, prima riunione dei&nbsp;<strong>Comitati di Liberazione Nazionale<\/strong>, in tutte le regioni del Sud i partiti dell\u2019epoca pre-fascista e quelli nuovi iniziano a riorganizzarsi, aprendo sezioni nel territorio e tenendo affollati comizi nelle piazze, in Sicilia si sviluppa un esteso movimento separatista, in Sardegna soffia il vento dell\u2019autonomia, e si ricostituiscono i sindacati e le associazioni, a testimonianza di una societ\u00e0 civile vitale e della volont\u00e0 di riaggregarsi attorno a strutture alternative al vecchio regime fascista. Durante il breve periodo del Regno del Sud matura la Svolta di Salerno di Palmiro Togliatti, che abbastanza sorprendentemente conduce i partiti antifascisti nella coalizione di governo.<\/p>\n\n\n\n<div class=\"wp-block-image\"><figure class=\"alignleft size-large is-resized\"><img loading=\"lazy\" decoding=\"async\" src=\"https:\/\/www.istitutogalanteoliva.it\/magazine\/wp-content\/uploads\/2021\/10\/28-GENNAIO-1944-338x425-1.jpg\" alt=\"\" class=\"wp-image-9956\" width=\"303\" height=\"381\" srcset=\"https:\/\/www.istitutogalanteoliva.it\/magazine\/wp-content\/uploads\/2021\/10\/28-GENNAIO-1944-338x425-1.jpg 338w, https:\/\/www.istitutogalanteoliva.it\/magazine\/wp-content\/uploads\/2021\/10\/28-GENNAIO-1944-338x425-1-239x300.jpg 239w\" sizes=\"auto, (max-width: 303px) 100vw, 303px\" \/><\/figure><\/div>\n\n\n\n<p>Al tempo stesso il Mezzogiorno e Roma sono la culla dei primi gruppuscoli neofascisti che sorgono in clandestinit\u00e0, spesso alimentati da giovanissimi, e organizzano contropropaganda in favore della Rsi e i primi attentati di matrice terroristica, cavalcando il malessere sociale e la protesta del \u00abnon si parte\u00bb contro i richiami alla leva, trasversale alla societ\u00e0 meridionale.<\/p>\n\n\n\n<p>Sono una novit\u00e0 rilevante anche le lotte contadine, dapprima elementari e spontanee, che \u2013 come scrivono Avagliano e Palmieri &#8211; mirano a frantumare l\u2019assetto sociale e produttivo tardofeudale delle campagne meridionali, basato sulla rendita parassitaria, mettendo in crisi il blocco agrario che tiene imprigionato il territorio e ne blocca lo sviluppo e rappresentando un primo vero incubatore democratico della nuova Italia. A prescindere dai risultati ottenuti, in qualche caso con la costituzione di effimere repubbliche contadine, queste manifestazioni prefigurano la mobilitazione comune che caratterizzer\u00e0 il movimento d\u2019occupazione delle terre negli anni successivi. E in queste battaglie si forgia una classe politica e sindacale che resiste nel tempo e nella memoria popolare; non a caso i centri delle lotte contadine saranno nei successivi cicli elettorali considerati delle <em>zone rosse<\/em>.&nbsp;<\/p>\n\n\n\n<p>Dal punto di vista sociale, infine, il dopoguerra anticipato del Sud e di Roma, attraverso il confronto con l\u2019agiatezza degli Alleati e gli usi e costumi in particolare degli americani (compreso quelli di origine italiana, i cosiddetti <em>pais\u00e0<\/em>), dal jazz agli occhiali Ray-ban, dalle jeep ai cibi in scatola, costituisce un primo assaggio, nel bene e nel male, di quell\u2019<em>american way of life<\/em>&nbsp;che si sarebbe affermato negli anni Cinquanta con il boom economico e influenza in modo significativo l\u2019opinione pubblica meridionale, che nelle elezioni del 1948 compir\u00e0 una chiara scelta in favore del campo occidentale, consentendo alla Dc di sconfiggere il Fronte Popolare.<\/p>\n<div class=\"pdfprnt-buttons pdfprnt-buttons-post pdfprnt-bottom-left\"><a href=\"https:\/\/www.istitutogalanteoliva.it\/magazine\/wp-json\/wp\/v2\/posts\/9952?print=print\" class=\"pdfprnt-button pdfprnt-button-print\" target=\"_blank\"><img decoding=\"async\" src=\"https:\/\/www.istitutogalanteoliva.it\/magazine\/wp-content\/plugins\/pdf-print\/images\/print.png\" alt=\"image_print\" title=\"Stampa contenuto\" \/><span class=\"pdfprnt-button-title pdfprnt-button-print-title\">Download in PDF<\/span><\/a><\/div>","protected":false},"excerpt":{"rendered":"<p>Nel nuovo libro di Mario Avagliano e Marco Palmieri, attraverso una pluralit\u00e0 di fonti, il peculiare percorso di uscita dalla guerra dell&#8217;Italia Meridionale. <\/p>\n","protected":false},"author":2,"featured_media":9962,"comment_status":"open","ping_status":"open","sticky":true,"template":"","format":"standard","meta":{"footnotes":""},"categories":[148,53],"tags":[527,526,132,506],"class_list":["post-9952","post","type-post","status-publish","format-standard","has-post-thumbnail","hentry","category-148","category-a-libro-aperto","tag-dopoguerra","tag-mario-avagliano","tag-resistenza","tag-sud"],"yoast_head":"<!-- This site is optimized with the Yoast SEO plugin v24.2 - https:\/\/yoast.com\/wordpress\/plugins\/seo\/ -->\n<title>Pais\u00e0, sciusci\u00e0 e segnorine-Il Sud e Roma dallo sbarco in Sicilia al 25 aprile - Polis SA Magazine<\/title>\n<meta name=\"robots\" content=\"index, follow, max-snippet:-1, max-image-preview:large, max-video-preview:-1\" \/>\n<link rel=\"canonical\" href=\"https:\/\/www.istitutogalanteoliva.it\/magazine\/2021\/10\/24\/paisa-sciuscia-e-segnorine-il-sud-e-roma-dallo-sbarco-in-sicilia-al-25-aprile\/\" \/>\n<meta property=\"og:locale\" content=\"it_IT\" \/>\n<meta property=\"og:type\" content=\"article\" \/>\n<meta property=\"og:title\" content=\"Pais\u00e0, sciusci\u00e0 e segnorine-Il Sud e Roma dallo sbarco in Sicilia al 25 aprile - Polis SA Magazine\" \/>\n<meta property=\"og:description\" content=\"Nel nuovo libro di Mario Avagliano e Marco Palmieri, attraverso una pluralit\u00e0 di fonti, il peculiare percorso di uscita dalla guerra dell&#039;Italia Meridionale.\" \/>\n<meta property=\"og:url\" content=\"https:\/\/www.istitutogalanteoliva.it\/magazine\/2021\/10\/24\/paisa-sciuscia-e-segnorine-il-sud-e-roma-dallo-sbarco-in-sicilia-al-25-aprile\/\" \/>\n<meta property=\"og:site_name\" content=\"Polis SA Magazine\" \/>\n<meta property=\"article:publisher\" content=\"https:\/\/www.facebook.com\/PolisSAMagazine\/\" \/>\n<meta property=\"article:published_time\" content=\"2021-10-24T06:00:00+00:00\" \/>\n<meta property=\"article:modified_time\" content=\"2021-10-24T16:57:19+00:00\" \/>\n<meta property=\"og:image\" content=\"https:\/\/www.istitutogalanteoliva.it\/magazine\/wp-content\/uploads\/2021\/10\/nero-1.jpg\" \/>\n\t<meta property=\"og:image:width\" content=\"640\" \/>\n\t<meta property=\"og:image:height\" content=\"380\" \/>\n\t<meta property=\"og:image:type\" content=\"image\/jpeg\" \/>\n<meta name=\"author\" content=\"Antonello Rivano\" \/>\n<meta name=\"twitter:card\" content=\"summary_large_image\" \/>\n<meta name=\"twitter:creator\" content=\"@MagazinePolis\" \/>\n<meta name=\"twitter:site\" content=\"@MagazinePolis\" \/>\n<meta name=\"twitter:label1\" content=\"Scritto da\" \/>\n\t<meta name=\"twitter:data1\" content=\"Antonello Rivano\" \/>\n\t<meta name=\"twitter:label2\" content=\"Tempo di lettura stimato\" \/>\n\t<meta name=\"twitter:data2\" content=\"7 minuti\" \/>\n<script type=\"application\/ld+json\" class=\"yoast-schema-graph\">{\"@context\":\"https:\/\/schema.org\",\"@graph\":[{\"@type\":\"Article\",\"@id\":\"https:\/\/www.istitutogalanteoliva.it\/magazine\/2021\/10\/24\/paisa-sciuscia-e-segnorine-il-sud-e-roma-dallo-sbarco-in-sicilia-al-25-aprile\/#article\",\"isPartOf\":{\"@id\":\"https:\/\/www.istitutogalanteoliva.it\/magazine\/2021\/10\/24\/paisa-sciuscia-e-segnorine-il-sud-e-roma-dallo-sbarco-in-sicilia-al-25-aprile\/\"},\"author\":{\"name\":\"Antonello Rivano\",\"@id\":\"https:\/\/www.istitutogalanteoliva.it\/magazine\/#\/schema\/person\/d8b8aa79cfe8babc1df9da3212a7c0c4\"},\"headline\":\"Pais\u00e0, sciusci\u00e0 e segnorine-Il Sud e Roma dallo sbarco in Sicilia al 25 aprile\",\"datePublished\":\"2021-10-24T06:00:00+00:00\",\"dateModified\":\"2021-10-24T16:57:19+00:00\",\"mainEntityOfPage\":{\"@id\":\"https:\/\/www.istitutogalanteoliva.it\/magazine\/2021\/10\/24\/paisa-sciuscia-e-segnorine-il-sud-e-roma-dallo-sbarco-in-sicilia-al-25-aprile\/\"},\"wordCount\":1372,\"commentCount\":0,\"publisher\":{\"@id\":\"https:\/\/www.istitutogalanteoliva.it\/magazine\/#organization\"},\"image\":{\"@id\":\"https:\/\/www.istitutogalanteoliva.it\/magazine\/2021\/10\/24\/paisa-sciuscia-e-segnorine-il-sud-e-roma-dallo-sbarco-in-sicilia-al-25-aprile\/#primaryimage\"},\"thumbnailUrl\":\"https:\/\/www.istitutogalanteoliva.it\/magazine\/wp-content\/uploads\/2021\/10\/nero-1.jpg\",\"keywords\":[\"dopoguerra\",\"mario avagliano\",\"resistenza\",\"Sud\"],\"articleSection\":[\"2021\",\"A Libro Aperto\"],\"inLanguage\":\"it-IT\",\"potentialAction\":[{\"@type\":\"CommentAction\",\"name\":\"Comment\",\"target\":[\"https:\/\/www.istitutogalanteoliva.it\/magazine\/2021\/10\/24\/paisa-sciuscia-e-segnorine-il-sud-e-roma-dallo-sbarco-in-sicilia-al-25-aprile\/#respond\"]}]},{\"@type\":\"WebPage\",\"@id\":\"https:\/\/www.istitutogalanteoliva.it\/magazine\/2021\/10\/24\/paisa-sciuscia-e-segnorine-il-sud-e-roma-dallo-sbarco-in-sicilia-al-25-aprile\/\",\"url\":\"https:\/\/www.istitutogalanteoliva.it\/magazine\/2021\/10\/24\/paisa-sciuscia-e-segnorine-il-sud-e-roma-dallo-sbarco-in-sicilia-al-25-aprile\/\",\"name\":\"Pais\u00e0, sciusci\u00e0 e segnorine-Il Sud e Roma dallo sbarco in Sicilia al 25 aprile - Polis SA Magazine\",\"isPartOf\":{\"@id\":\"https:\/\/www.istitutogalanteoliva.it\/magazine\/#website\"},\"primaryImageOfPage\":{\"@id\":\"https:\/\/www.istitutogalanteoliva.it\/magazine\/2021\/10\/24\/paisa-sciuscia-e-segnorine-il-sud-e-roma-dallo-sbarco-in-sicilia-al-25-aprile\/#primaryimage\"},\"image\":{\"@id\":\"https:\/\/www.istitutogalanteoliva.it\/magazine\/2021\/10\/24\/paisa-sciuscia-e-segnorine-il-sud-e-roma-dallo-sbarco-in-sicilia-al-25-aprile\/#primaryimage\"},\"thumbnailUrl\":\"https:\/\/www.istitutogalanteoliva.it\/magazine\/wp-content\/uploads\/2021\/10\/nero-1.jpg\",\"datePublished\":\"2021-10-24T06:00:00+00:00\",\"dateModified\":\"2021-10-24T16:57:19+00:00\",\"breadcrumb\":{\"@id\":\"https:\/\/www.istitutogalanteoliva.it\/magazine\/2021\/10\/24\/paisa-sciuscia-e-segnorine-il-sud-e-roma-dallo-sbarco-in-sicilia-al-25-aprile\/#breadcrumb\"},\"inLanguage\":\"it-IT\",\"potentialAction\":[{\"@type\":\"ReadAction\",\"target\":[\"https:\/\/www.istitutogalanteoliva.it\/magazine\/2021\/10\/24\/paisa-sciuscia-e-segnorine-il-sud-e-roma-dallo-sbarco-in-sicilia-al-25-aprile\/\"]}]},{\"@type\":\"ImageObject\",\"inLanguage\":\"it-IT\",\"@id\":\"https:\/\/www.istitutogalanteoliva.it\/magazine\/2021\/10\/24\/paisa-sciuscia-e-segnorine-il-sud-e-roma-dallo-sbarco-in-sicilia-al-25-aprile\/#primaryimage\",\"url\":\"https:\/\/www.istitutogalanteoliva.it\/magazine\/wp-content\/uploads\/2021\/10\/nero-1.jpg\",\"contentUrl\":\"https:\/\/www.istitutogalanteoliva.it\/magazine\/wp-content\/uploads\/2021\/10\/nero-1.jpg\",\"width\":640,\"height\":380,\"caption\":\"Pais\u00e0, sciusci\u00e0 e segnorine\"},{\"@type\":\"BreadcrumbList\",\"@id\":\"https:\/\/www.istitutogalanteoliva.it\/magazine\/2021\/10\/24\/paisa-sciuscia-e-segnorine-il-sud-e-roma-dallo-sbarco-in-sicilia-al-25-aprile\/#breadcrumb\",\"itemListElement\":[{\"@type\":\"ListItem\",\"position\":1,\"name\":\"Home\",\"item\":\"https:\/\/www.istitutogalanteoliva.it\/magazine\/\"},{\"@type\":\"ListItem\",\"position\":2,\"name\":\"Pais\u00e0, sciusci\u00e0 e segnorine-Il Sud e Roma dallo sbarco in Sicilia al 25 aprile\"}]},{\"@type\":\"WebSite\",\"@id\":\"https:\/\/www.istitutogalanteoliva.it\/magazine\/#website\",\"url\":\"https:\/\/www.istitutogalanteoliva.it\/magazine\/\",\"name\":\"POLIS SA MAGAZINE\",\"description\":\"Informazione e approfondimenti\",\"publisher\":{\"@id\":\"https:\/\/www.istitutogalanteoliva.it\/magazine\/#organization\"},\"potentialAction\":[{\"@type\":\"SearchAction\",\"target\":{\"@type\":\"EntryPoint\",\"urlTemplate\":\"https:\/\/www.istitutogalanteoliva.it\/magazine\/?s={search_term_string}\"},\"query-input\":{\"@type\":\"PropertyValueSpecification\",\"valueRequired\":true,\"valueName\":\"search_term_string\"}}],\"inLanguage\":\"it-IT\"},{\"@type\":\"Organization\",\"@id\":\"https:\/\/www.istitutogalanteoliva.it\/magazine\/#organization\",\"name\":\"Polis SA Magazine\",\"url\":\"https:\/\/www.istitutogalanteoliva.it\/magazine\/\",\"logo\":{\"@type\":\"ImageObject\",\"inLanguage\":\"it-IT\",\"@id\":\"https:\/\/www.istitutogalanteoliva.it\/magazine\/#\/schema\/logo\/image\/\",\"url\":\"\",\"contentUrl\":\"\",\"caption\":\"Polis SA Magazine\"},\"image\":{\"@id\":\"https:\/\/www.istitutogalanteoliva.it\/magazine\/#\/schema\/logo\/image\/\"},\"sameAs\":[\"https:\/\/www.facebook.com\/PolisSAMagazine\/\",\"https:\/\/x.com\/MagazinePolis\",\"https:\/\/www.youtube.com\/channel\/UCv0Mr5AHKUmsc0sEEXkJrgw\"]},{\"@type\":\"Person\",\"@id\":\"https:\/\/www.istitutogalanteoliva.it\/magazine\/#\/schema\/person\/d8b8aa79cfe8babc1df9da3212a7c0c4\",\"name\":\"Antonello Rivano\",\"image\":{\"@type\":\"ImageObject\",\"inLanguage\":\"it-IT\",\"@id\":\"https:\/\/www.istitutogalanteoliva.it\/magazine\/#\/schema\/person\/image\/\",\"url\":\"https:\/\/secure.gravatar.com\/avatar\/517a9a6487a7a18ecc4ce6d2e57a8f40?s=96&d=mm&r=g\",\"contentUrl\":\"https:\/\/secure.gravatar.com\/avatar\/517a9a6487a7a18ecc4ce6d2e57a8f40?s=96&d=mm&r=g\",\"caption\":\"Antonello Rivano\"},\"url\":\"https:\/\/www.istitutogalanteoliva.it\/magazine\/author\/antonello\/\"}]}<\/script>\n<!-- \/ Yoast SEO plugin. -->","yoast_head_json":{"title":"Pais\u00e0, sciusci\u00e0 e segnorine-Il Sud e Roma dallo sbarco in Sicilia al 25 aprile - Polis SA Magazine","robots":{"index":"index","follow":"follow","max-snippet":"max-snippet:-1","max-image-preview":"max-image-preview:large","max-video-preview":"max-video-preview:-1"},"canonical":"https:\/\/www.istitutogalanteoliva.it\/magazine\/2021\/10\/24\/paisa-sciuscia-e-segnorine-il-sud-e-roma-dallo-sbarco-in-sicilia-al-25-aprile\/","og_locale":"it_IT","og_type":"article","og_title":"Pais\u00e0, sciusci\u00e0 e segnorine-Il Sud e Roma dallo sbarco in Sicilia al 25 aprile - Polis SA Magazine","og_description":"Nel nuovo libro di Mario Avagliano e Marco Palmieri, attraverso una pluralit\u00e0 di fonti, il peculiare percorso di uscita dalla guerra dell'Italia Meridionale.","og_url":"https:\/\/www.istitutogalanteoliva.it\/magazine\/2021\/10\/24\/paisa-sciuscia-e-segnorine-il-sud-e-roma-dallo-sbarco-in-sicilia-al-25-aprile\/","og_site_name":"Polis SA Magazine","article_publisher":"https:\/\/www.facebook.com\/PolisSAMagazine\/","article_published_time":"2021-10-24T06:00:00+00:00","article_modified_time":"2021-10-24T16:57:19+00:00","og_image":[{"width":640,"height":380,"url":"https:\/\/www.istitutogalanteoliva.it\/magazine\/wp-content\/uploads\/2021\/10\/nero-1.jpg","type":"image\/jpeg"}],"author":"Antonello Rivano","twitter_card":"summary_large_image","twitter_creator":"@MagazinePolis","twitter_site":"@MagazinePolis","twitter_misc":{"Scritto da":"Antonello Rivano","Tempo di lettura stimato":"7 minuti"},"schema":{"@context":"https:\/\/schema.org","@graph":[{"@type":"Article","@id":"https:\/\/www.istitutogalanteoliva.it\/magazine\/2021\/10\/24\/paisa-sciuscia-e-segnorine-il-sud-e-roma-dallo-sbarco-in-sicilia-al-25-aprile\/#article","isPartOf":{"@id":"https:\/\/www.istitutogalanteoliva.it\/magazine\/2021\/10\/24\/paisa-sciuscia-e-segnorine-il-sud-e-roma-dallo-sbarco-in-sicilia-al-25-aprile\/"},"author":{"name":"Antonello Rivano","@id":"https:\/\/www.istitutogalanteoliva.it\/magazine\/#\/schema\/person\/d8b8aa79cfe8babc1df9da3212a7c0c4"},"headline":"Pais\u00e0, sciusci\u00e0 e segnorine-Il Sud e Roma dallo sbarco in Sicilia al 25 aprile","datePublished":"2021-10-24T06:00:00+00:00","dateModified":"2021-10-24T16:57:19+00:00","mainEntityOfPage":{"@id":"https:\/\/www.istitutogalanteoliva.it\/magazine\/2021\/10\/24\/paisa-sciuscia-e-segnorine-il-sud-e-roma-dallo-sbarco-in-sicilia-al-25-aprile\/"},"wordCount":1372,"commentCount":0,"publisher":{"@id":"https:\/\/www.istitutogalanteoliva.it\/magazine\/#organization"},"image":{"@id":"https:\/\/www.istitutogalanteoliva.it\/magazine\/2021\/10\/24\/paisa-sciuscia-e-segnorine-il-sud-e-roma-dallo-sbarco-in-sicilia-al-25-aprile\/#primaryimage"},"thumbnailUrl":"https:\/\/www.istitutogalanteoliva.it\/magazine\/wp-content\/uploads\/2021\/10\/nero-1.jpg","keywords":["dopoguerra","mario avagliano","resistenza","Sud"],"articleSection":["2021","A Libro Aperto"],"inLanguage":"it-IT","potentialAction":[{"@type":"CommentAction","name":"Comment","target":["https:\/\/www.istitutogalanteoliva.it\/magazine\/2021\/10\/24\/paisa-sciuscia-e-segnorine-il-sud-e-roma-dallo-sbarco-in-sicilia-al-25-aprile\/#respond"]}]},{"@type":"WebPage","@id":"https:\/\/www.istitutogalanteoliva.it\/magazine\/2021\/10\/24\/paisa-sciuscia-e-segnorine-il-sud-e-roma-dallo-sbarco-in-sicilia-al-25-aprile\/","url":"https:\/\/www.istitutogalanteoliva.it\/magazine\/2021\/10\/24\/paisa-sciuscia-e-segnorine-il-sud-e-roma-dallo-sbarco-in-sicilia-al-25-aprile\/","name":"Pais\u00e0, sciusci\u00e0 e segnorine-Il Sud e Roma dallo sbarco in Sicilia al 25 aprile - Polis SA Magazine","isPartOf":{"@id":"https:\/\/www.istitutogalanteoliva.it\/magazine\/#website"},"primaryImageOfPage":{"@id":"https:\/\/www.istitutogalanteoliva.it\/magazine\/2021\/10\/24\/paisa-sciuscia-e-segnorine-il-sud-e-roma-dallo-sbarco-in-sicilia-al-25-aprile\/#primaryimage"},"image":{"@id":"https:\/\/www.istitutogalanteoliva.it\/magazine\/2021\/10\/24\/paisa-sciuscia-e-segnorine-il-sud-e-roma-dallo-sbarco-in-sicilia-al-25-aprile\/#primaryimage"},"thumbnailUrl":"https:\/\/www.istitutogalanteoliva.it\/magazine\/wp-content\/uploads\/2021\/10\/nero-1.jpg","datePublished":"2021-10-24T06:00:00+00:00","dateModified":"2021-10-24T16:57:19+00:00","breadcrumb":{"@id":"https:\/\/www.istitutogalanteoliva.it\/magazine\/2021\/10\/24\/paisa-sciuscia-e-segnorine-il-sud-e-roma-dallo-sbarco-in-sicilia-al-25-aprile\/#breadcrumb"},"inLanguage":"it-IT","potentialAction":[{"@type":"ReadAction","target":["https:\/\/www.istitutogalanteoliva.it\/magazine\/2021\/10\/24\/paisa-sciuscia-e-segnorine-il-sud-e-roma-dallo-sbarco-in-sicilia-al-25-aprile\/"]}]},{"@type":"ImageObject","inLanguage":"it-IT","@id":"https:\/\/www.istitutogalanteoliva.it\/magazine\/2021\/10\/24\/paisa-sciuscia-e-segnorine-il-sud-e-roma-dallo-sbarco-in-sicilia-al-25-aprile\/#primaryimage","url":"https:\/\/www.istitutogalanteoliva.it\/magazine\/wp-content\/uploads\/2021\/10\/nero-1.jpg","contentUrl":"https:\/\/www.istitutogalanteoliva.it\/magazine\/wp-content\/uploads\/2021\/10\/nero-1.jpg","width":640,"height":380,"caption":"Pais\u00e0, sciusci\u00e0 e segnorine"},{"@type":"BreadcrumbList","@id":"https:\/\/www.istitutogalanteoliva.it\/magazine\/2021\/10\/24\/paisa-sciuscia-e-segnorine-il-sud-e-roma-dallo-sbarco-in-sicilia-al-25-aprile\/#breadcrumb","itemListElement":[{"@type":"ListItem","position":1,"name":"Home","item":"https:\/\/www.istitutogalanteoliva.it\/magazine\/"},{"@type":"ListItem","position":2,"name":"Pais\u00e0, sciusci\u00e0 e segnorine-Il Sud e Roma dallo sbarco in Sicilia al 25 aprile"}]},{"@type":"WebSite","@id":"https:\/\/www.istitutogalanteoliva.it\/magazine\/#website","url":"https:\/\/www.istitutogalanteoliva.it\/magazine\/","name":"POLIS SA MAGAZINE","description":"Informazione e approfondimenti","publisher":{"@id":"https:\/\/www.istitutogalanteoliva.it\/magazine\/#organization"},"potentialAction":[{"@type":"SearchAction","target":{"@type":"EntryPoint","urlTemplate":"https:\/\/www.istitutogalanteoliva.it\/magazine\/?s={search_term_string}"},"query-input":{"@type":"PropertyValueSpecification","valueRequired":true,"valueName":"search_term_string"}}],"inLanguage":"it-IT"},{"@type":"Organization","@id":"https:\/\/www.istitutogalanteoliva.it\/magazine\/#organization","name":"Polis SA Magazine","url":"https:\/\/www.istitutogalanteoliva.it\/magazine\/","logo":{"@type":"ImageObject","inLanguage":"it-IT","@id":"https:\/\/www.istitutogalanteoliva.it\/magazine\/#\/schema\/logo\/image\/","url":"","contentUrl":"","caption":"Polis SA Magazine"},"image":{"@id":"https:\/\/www.istitutogalanteoliva.it\/magazine\/#\/schema\/logo\/image\/"},"sameAs":["https:\/\/www.facebook.com\/PolisSAMagazine\/","https:\/\/x.com\/MagazinePolis","https:\/\/www.youtube.com\/channel\/UCv0Mr5AHKUmsc0sEEXkJrgw"]},{"@type":"Person","@id":"https:\/\/www.istitutogalanteoliva.it\/magazine\/#\/schema\/person\/d8b8aa79cfe8babc1df9da3212a7c0c4","name":"Antonello Rivano","image":{"@type":"ImageObject","inLanguage":"it-IT","@id":"https:\/\/www.istitutogalanteoliva.it\/magazine\/#\/schema\/person\/image\/","url":"https:\/\/secure.gravatar.com\/avatar\/517a9a6487a7a18ecc4ce6d2e57a8f40?s=96&d=mm&r=g","contentUrl":"https:\/\/secure.gravatar.com\/avatar\/517a9a6487a7a18ecc4ce6d2e57a8f40?s=96&d=mm&r=g","caption":"Antonello Rivano"},"url":"https:\/\/www.istitutogalanteoliva.it\/magazine\/author\/antonello\/"}]}},"_links":{"self":[{"href":"https:\/\/www.istitutogalanteoliva.it\/magazine\/wp-json\/wp\/v2\/posts\/9952","targetHints":{"allow":["GET"]}}],"collection":[{"href":"https:\/\/www.istitutogalanteoliva.it\/magazine\/wp-json\/wp\/v2\/posts"}],"about":[{"href":"https:\/\/www.istitutogalanteoliva.it\/magazine\/wp-json\/wp\/v2\/types\/post"}],"author":[{"embeddable":true,"href":"https:\/\/www.istitutogalanteoliva.it\/magazine\/wp-json\/wp\/v2\/users\/2"}],"replies":[{"embeddable":true,"href":"https:\/\/www.istitutogalanteoliva.it\/magazine\/wp-json\/wp\/v2\/comments?post=9952"}],"version-history":[{"count":4,"href":"https:\/\/www.istitutogalanteoliva.it\/magazine\/wp-json\/wp\/v2\/posts\/9952\/revisions"}],"predecessor-version":[{"id":9977,"href":"https:\/\/www.istitutogalanteoliva.it\/magazine\/wp-json\/wp\/v2\/posts\/9952\/revisions\/9977"}],"wp:featuredmedia":[{"embeddable":true,"href":"https:\/\/www.istitutogalanteoliva.it\/magazine\/wp-json\/wp\/v2\/media\/9962"}],"wp:attachment":[{"href":"https:\/\/www.istitutogalanteoliva.it\/magazine\/wp-json\/wp\/v2\/media?parent=9952"}],"wp:term":[{"taxonomy":"category","embeddable":true,"href":"https:\/\/www.istitutogalanteoliva.it\/magazine\/wp-json\/wp\/v2\/categories?post=9952"},{"taxonomy":"post_tag","embeddable":true,"href":"https:\/\/www.istitutogalanteoliva.it\/magazine\/wp-json\/wp\/v2\/tags?post=9952"}],"curies":[{"name":"wp","href":"https:\/\/api.w.org\/{rel}","templated":true}]}}