{"id":9973,"date":"2021-10-22T16:57:31","date_gmt":"2021-10-22T14:57:31","guid":{"rendered":"https:\/\/www.istitutogalanteoliva.it\/magazine\/?p=9973"},"modified":"2021-10-22T16:57:33","modified_gmt":"2021-10-22T14:57:33","slug":"milvia-marigliano-e-igor-esposito-in-el-blues-di-lo","status":"publish","type":"post","link":"https:\/\/www.istitutogalanteoliva.it\/magazine\/2021\/10\/22\/milvia-marigliano-e-igor-esposito-in-el-blues-di-lo\/","title":{"rendered":"Milvia Marigliano e  Igor Esposito in EL BLUES DI LO"},"content":{"rendered":"\n<h4 class=\"wp-block-heading\">Napoli. Da venerd\u00ec 22 ottobre (fino a domenica 24 ottobre)\u00a0<strong>Milva Marigliano<\/strong>\u00a0e\u00a0<strong>Igor Esposito<\/strong>\u00a0sono i protagonisti di\u00a0<strong>EL BLUES DI LOI<\/strong>\u00a0con i versi di Franco Loi e la drammaturgia di Igor Esposito con sonorizzazioni e tromba Ciro Riccardi.<\/h4>\n\n\n\n<figure class=\"wp-block-table\"><table><tbody><tr><td><br><strong><em>El blues di Loi<\/em>\u00a0<\/strong>\u00e8 una performance teatrale dove un\u2019attrice e un poeta accompagnati da un musicista portano in scena i versi di una delle personalit\u00e0 poetiche pi\u00f9 potenti del secondo Novecento italiano: il poeta Franco Loi. Un blues che si dipana attraverso quattro stazioni drammaturgiche. Nella prima \u00e8 il poeta a prendere parola per divenire, al contempo, confessione e meditazione sull\u2019atto del fare poesia e del vivere. <br><br>Nella seconda stazione prende corpo il teatro in cui il poeta \u00e8 vissuto: la citt\u00e0 di Milano; modulando malinconie, sogni, speranze, memorie e rabbia. E qui il canto s\u2019invera grazie ad una lingua -per dirla come scrisse il poeta- che si pisciava nelle strade della citt\u00e0 meneghina: il dialetto milanese, al quale Loi \u00e8 sempre rimasto fedele e che nel recital, pur nell\u2019ardua traducibilit\u00e0 d\u2019ogni verso, si alterna all\u2019italiano e al napoletano, marcando il valore universale della poesia di Loi. Infine, nella terza e quarta stazione, dialogano e si sovrappongono, in un violento chiaroscuro, l\u2019amore e la morte per poi ritornare alla voce del poeta che noi, oggi e sempre, vogliamo ricordare.<em>El Blues di Loi\u00a0<\/em>&#8211; dice Milvia Marigliano &#8211;\u00a0<em>non ha le caratteristiche canoniche di uno spettacolo, ma di una performance, in quanto \u00e8 un connubio tra un poeta, un musicista e un\u2019attrice. Igor Esposito \u00e8 riuscito a plasmare una drammaturgia che ha un andamento narrativo come se fosse un monologo fatto di storie e stati emotivi. Tutto ci\u00f2 si \u00e8 potuto realizzare grazie alla natura della scrittura di Loi. Poi c\u2019\u00e8 l\u2019intuito straordinario di fondere la forza della lingua milanese con quella napoletana e italiana; generando cos\u00ec un plurilinguismo che mi appartiene essendo io mezza milanese e mezza napoletana. Infine Franco Loi ha la capacit\u00e0 di toccarti l\u2019anima con una semplicit\u00e0 che appartiene ai grandi.Il nostro lavoro parla di dolore, di gioia, di morte, di vita ed \u00e8 per questo che ci commuove e nello stesso tempo ci ricorda la fragilit\u00e0 del nostro esistere.<\/em><\/td><\/tr><\/tbody><\/table><\/figure>\n<div class=\"pdfprnt-buttons pdfprnt-buttons-post pdfprnt-bottom-left\"><a href=\"https:\/\/www.istitutogalanteoliva.it\/magazine\/wp-json\/wp\/v2\/posts\/9973?print=print\" class=\"pdfprnt-button pdfprnt-button-print\" target=\"_blank\"><img decoding=\"async\" src=\"https:\/\/www.istitutogalanteoliva.it\/magazine\/wp-content\/plugins\/pdf-print\/images\/print.png\" alt=\"image_print\" title=\"Stampa contenuto\" \/><span class=\"pdfprnt-button-title pdfprnt-button-print-title\">Download in PDF<\/span><\/a><\/div>","protected":false},"excerpt":{"rendered":"<p>Napoli. Dal 22 al 24 ottobre 2021 al teatro Sannazaro<\/p>\n","protected":false},"author":2,"featured_media":9975,"comment_status":"open","ping_status":"open","sticky":false,"template":"","format":"standard","meta":{"footnotes":""},"categories":[148,7,210],"tags":[],"class_list":["post-9973","post","type-post","status-publish","format-standard","has-post-thumbnail","hentry","category-148","category-arte_e_spettacolo","category-campania"],"yoast_head":"<!-- This site is optimized with the Yoast SEO plugin v24.2 - https:\/\/yoast.com\/wordpress\/plugins\/seo\/ -->\n<title>Milvia Marigliano e Igor Esposito in EL BLUES DI LO - Polis SA Magazine<\/title>\n<meta name=\"robots\" content=\"index, follow, max-snippet:-1, max-image-preview:large, max-video-preview:-1\" \/>\n<link rel=\"canonical\" href=\"https:\/\/www.istitutogalanteoliva.it\/magazine\/2021\/10\/22\/milvia-marigliano-e-igor-esposito-in-el-blues-di-lo\/\" \/>\n<meta property=\"og:locale\" content=\"it_IT\" \/>\n<meta property=\"og:type\" content=\"article\" \/>\n<meta property=\"og:title\" content=\"Milvia Marigliano e Igor Esposito in EL BLUES DI LO - Polis SA Magazine\" \/>\n<meta property=\"og:description\" content=\"Napoli. Dal 22 al 24 ottobre 2021 al teatro Sannazaro\" \/>\n<meta property=\"og:url\" content=\"https:\/\/www.istitutogalanteoliva.it\/magazine\/2021\/10\/22\/milvia-marigliano-e-igor-esposito-in-el-blues-di-lo\/\" \/>\n<meta property=\"og:site_name\" content=\"Polis SA Magazine\" \/>\n<meta property=\"article:publisher\" content=\"https:\/\/www.facebook.com\/PolisSAMagazine\/\" \/>\n<meta property=\"article:published_time\" content=\"2021-10-22T14:57:31+00:00\" \/>\n<meta property=\"article:modified_time\" content=\"2021-10-22T14:57:33+00:00\" \/>\n<meta property=\"og:image\" content=\"https:\/\/www.istitutogalanteoliva.it\/magazine\/wp-content\/uploads\/2021\/10\/cop-doman.jpg\" \/>\n\t<meta property=\"og:image:width\" content=\"640\" \/>\n\t<meta property=\"og:image:height\" content=\"380\" \/>\n\t<meta property=\"og:image:type\" content=\"image\/jpeg\" \/>\n<meta name=\"author\" content=\"Antonello Rivano\" \/>\n<meta name=\"twitter:card\" content=\"summary_large_image\" \/>\n<meta name=\"twitter:creator\" content=\"@MagazinePolis\" \/>\n<meta name=\"twitter:site\" content=\"@MagazinePolis\" \/>\n<meta name=\"twitter:label1\" content=\"Scritto da\" \/>\n\t<meta name=\"twitter:data1\" content=\"Antonello Rivano\" \/>\n\t<meta name=\"twitter:label2\" content=\"Tempo di lettura stimato\" \/>\n\t<meta name=\"twitter:data2\" content=\"2 minuti\" \/>\n<script type=\"application\/ld+json\" class=\"yoast-schema-graph\">{\"@context\":\"https:\/\/schema.org\",\"@graph\":[{\"@type\":\"Article\",\"@id\":\"https:\/\/www.istitutogalanteoliva.it\/magazine\/2021\/10\/22\/milvia-marigliano-e-igor-esposito-in-el-blues-di-lo\/#article\",\"isPartOf\":{\"@id\":\"https:\/\/www.istitutogalanteoliva.it\/magazine\/2021\/10\/22\/milvia-marigliano-e-igor-esposito-in-el-blues-di-lo\/\"},\"author\":{\"name\":\"Antonello Rivano\",\"@id\":\"https:\/\/www.istitutogalanteoliva.it\/magazine\/#\/schema\/person\/d8b8aa79cfe8babc1df9da3212a7c0c4\"},\"headline\":\"Milvia Marigliano e Igor Esposito in EL BLUES DI LO\",\"datePublished\":\"2021-10-22T14:57:31+00:00\",\"dateModified\":\"2021-10-22T14:57:33+00:00\",\"mainEntityOfPage\":{\"@id\":\"https:\/\/www.istitutogalanteoliva.it\/magazine\/2021\/10\/22\/milvia-marigliano-e-igor-esposito-in-el-blues-di-lo\/\"},\"wordCount\":377,\"commentCount\":0,\"publisher\":{\"@id\":\"https:\/\/www.istitutogalanteoliva.it\/magazine\/#organization\"},\"image\":{\"@id\":\"https:\/\/www.istitutogalanteoliva.it\/magazine\/2021\/10\/22\/milvia-marigliano-e-igor-esposito-in-el-blues-di-lo\/#primaryimage\"},\"thumbnailUrl\":\"https:\/\/www.istitutogalanteoliva.it\/magazine\/wp-content\/uploads\/2021\/10\/cop-doman.jpg\",\"articleSection\":[\"2021\",\"Arte e Spettacolo\",\"Campania\"],\"inLanguage\":\"it-IT\",\"potentialAction\":[{\"@type\":\"CommentAction\",\"name\":\"Comment\",\"target\":[\"https:\/\/www.istitutogalanteoliva.it\/magazine\/2021\/10\/22\/milvia-marigliano-e-igor-esposito-in-el-blues-di-lo\/#respond\"]}]},{\"@type\":\"WebPage\",\"@id\":\"https:\/\/www.istitutogalanteoliva.it\/magazine\/2021\/10\/22\/milvia-marigliano-e-igor-esposito-in-el-blues-di-lo\/\",\"url\":\"https:\/\/www.istitutogalanteoliva.it\/magazine\/2021\/10\/22\/milvia-marigliano-e-igor-esposito-in-el-blues-di-lo\/\",\"name\":\"Milvia Marigliano e Igor Esposito in EL BLUES DI LO - Polis SA Magazine\",\"isPartOf\":{\"@id\":\"https:\/\/www.istitutogalanteoliva.it\/magazine\/#website\"},\"primaryImageOfPage\":{\"@id\":\"https:\/\/www.istitutogalanteoliva.it\/magazine\/2021\/10\/22\/milvia-marigliano-e-igor-esposito-in-el-blues-di-lo\/#primaryimage\"},\"image\":{\"@id\":\"https:\/\/www.istitutogalanteoliva.it\/magazine\/2021\/10\/22\/milvia-marigliano-e-igor-esposito-in-el-blues-di-lo\/#primaryimage\"},\"thumbnailUrl\":\"https:\/\/www.istitutogalanteoliva.it\/magazine\/wp-content\/uploads\/2021\/10\/cop-doman.jpg\",\"datePublished\":\"2021-10-22T14:57:31+00:00\",\"dateModified\":\"2021-10-22T14:57:33+00:00\",\"breadcrumb\":{\"@id\":\"https:\/\/www.istitutogalanteoliva.it\/magazine\/2021\/10\/22\/milvia-marigliano-e-igor-esposito-in-el-blues-di-lo\/#breadcrumb\"},\"inLanguage\":\"it-IT\",\"potentialAction\":[{\"@type\":\"ReadAction\",\"target\":[\"https:\/\/www.istitutogalanteoliva.it\/magazine\/2021\/10\/22\/milvia-marigliano-e-igor-esposito-in-el-blues-di-lo\/\"]}]},{\"@type\":\"ImageObject\",\"inLanguage\":\"it-IT\",\"@id\":\"https:\/\/www.istitutogalanteoliva.it\/magazine\/2021\/10\/22\/milvia-marigliano-e-igor-esposito-in-el-blues-di-lo\/#primaryimage\",\"url\":\"https:\/\/www.istitutogalanteoliva.it\/magazine\/wp-content\/uploads\/2021\/10\/cop-doman.jpg\",\"contentUrl\":\"https:\/\/www.istitutogalanteoliva.it\/magazine\/wp-content\/uploads\/2021\/10\/cop-doman.jpg\",\"width\":640,\"height\":380},{\"@type\":\"BreadcrumbList\",\"@id\":\"https:\/\/www.istitutogalanteoliva.it\/magazine\/2021\/10\/22\/milvia-marigliano-e-igor-esposito-in-el-blues-di-lo\/#breadcrumb\",\"itemListElement\":[{\"@type\":\"ListItem\",\"position\":1,\"name\":\"Home\",\"item\":\"https:\/\/www.istitutogalanteoliva.it\/magazine\/\"},{\"@type\":\"ListItem\",\"position\":2,\"name\":\"Milvia Marigliano e Igor Esposito in EL BLUES DI LO\"}]},{\"@type\":\"WebSite\",\"@id\":\"https:\/\/www.istitutogalanteoliva.it\/magazine\/#website\",\"url\":\"https:\/\/www.istitutogalanteoliva.it\/magazine\/\",\"name\":\"POLIS SA MAGAZINE\",\"description\":\"Informazione e approfondimenti\",\"publisher\":{\"@id\":\"https:\/\/www.istitutogalanteoliva.it\/magazine\/#organization\"},\"potentialAction\":[{\"@type\":\"SearchAction\",\"target\":{\"@type\":\"EntryPoint\",\"urlTemplate\":\"https:\/\/www.istitutogalanteoliva.it\/magazine\/?s={search_term_string}\"},\"query-input\":{\"@type\":\"PropertyValueSpecification\",\"valueRequired\":true,\"valueName\":\"search_term_string\"}}],\"inLanguage\":\"it-IT\"},{\"@type\":\"Organization\",\"@id\":\"https:\/\/www.istitutogalanteoliva.it\/magazine\/#organization\",\"name\":\"Polis SA Magazine\",\"url\":\"https:\/\/www.istitutogalanteoliva.it\/magazine\/\",\"logo\":{\"@type\":\"ImageObject\",\"inLanguage\":\"it-IT\",\"@id\":\"https:\/\/www.istitutogalanteoliva.it\/magazine\/#\/schema\/logo\/image\/\",\"url\":\"\",\"contentUrl\":\"\",\"caption\":\"Polis SA Magazine\"},\"image\":{\"@id\":\"https:\/\/www.istitutogalanteoliva.it\/magazine\/#\/schema\/logo\/image\/\"},\"sameAs\":[\"https:\/\/www.facebook.com\/PolisSAMagazine\/\",\"https:\/\/x.com\/MagazinePolis\",\"https:\/\/www.youtube.com\/channel\/UCv0Mr5AHKUmsc0sEEXkJrgw\"]},{\"@type\":\"Person\",\"@id\":\"https:\/\/www.istitutogalanteoliva.it\/magazine\/#\/schema\/person\/d8b8aa79cfe8babc1df9da3212a7c0c4\",\"name\":\"Antonello Rivano\",\"image\":{\"@type\":\"ImageObject\",\"inLanguage\":\"it-IT\",\"@id\":\"https:\/\/www.istitutogalanteoliva.it\/magazine\/#\/schema\/person\/image\/\",\"url\":\"https:\/\/secure.gravatar.com\/avatar\/517a9a6487a7a18ecc4ce6d2e57a8f40?s=96&d=mm&r=g\",\"contentUrl\":\"https:\/\/secure.gravatar.com\/avatar\/517a9a6487a7a18ecc4ce6d2e57a8f40?s=96&d=mm&r=g\",\"caption\":\"Antonello Rivano\"},\"url\":\"https:\/\/www.istitutogalanteoliva.it\/magazine\/author\/antonello\/\"}]}<\/script>\n<!-- \/ Yoast SEO plugin. -->","yoast_head_json":{"title":"Milvia Marigliano e Igor Esposito in EL BLUES DI LO - Polis SA Magazine","robots":{"index":"index","follow":"follow","max-snippet":"max-snippet:-1","max-image-preview":"max-image-preview:large","max-video-preview":"max-video-preview:-1"},"canonical":"https:\/\/www.istitutogalanteoliva.it\/magazine\/2021\/10\/22\/milvia-marigliano-e-igor-esposito-in-el-blues-di-lo\/","og_locale":"it_IT","og_type":"article","og_title":"Milvia Marigliano e Igor Esposito in EL BLUES DI LO - Polis SA Magazine","og_description":"Napoli. Dal 22 al 24 ottobre 2021 al teatro Sannazaro","og_url":"https:\/\/www.istitutogalanteoliva.it\/magazine\/2021\/10\/22\/milvia-marigliano-e-igor-esposito-in-el-blues-di-lo\/","og_site_name":"Polis SA Magazine","article_publisher":"https:\/\/www.facebook.com\/PolisSAMagazine\/","article_published_time":"2021-10-22T14:57:31+00:00","article_modified_time":"2021-10-22T14:57:33+00:00","og_image":[{"width":640,"height":380,"url":"https:\/\/www.istitutogalanteoliva.it\/magazine\/wp-content\/uploads\/2021\/10\/cop-doman.jpg","type":"image\/jpeg"}],"author":"Antonello Rivano","twitter_card":"summary_large_image","twitter_creator":"@MagazinePolis","twitter_site":"@MagazinePolis","twitter_misc":{"Scritto da":"Antonello Rivano","Tempo di lettura stimato":"2 minuti"},"schema":{"@context":"https:\/\/schema.org","@graph":[{"@type":"Article","@id":"https:\/\/www.istitutogalanteoliva.it\/magazine\/2021\/10\/22\/milvia-marigliano-e-igor-esposito-in-el-blues-di-lo\/#article","isPartOf":{"@id":"https:\/\/www.istitutogalanteoliva.it\/magazine\/2021\/10\/22\/milvia-marigliano-e-igor-esposito-in-el-blues-di-lo\/"},"author":{"name":"Antonello Rivano","@id":"https:\/\/www.istitutogalanteoliva.it\/magazine\/#\/schema\/person\/d8b8aa79cfe8babc1df9da3212a7c0c4"},"headline":"Milvia Marigliano e Igor Esposito in EL BLUES DI LO","datePublished":"2021-10-22T14:57:31+00:00","dateModified":"2021-10-22T14:57:33+00:00","mainEntityOfPage":{"@id":"https:\/\/www.istitutogalanteoliva.it\/magazine\/2021\/10\/22\/milvia-marigliano-e-igor-esposito-in-el-blues-di-lo\/"},"wordCount":377,"commentCount":0,"publisher":{"@id":"https:\/\/www.istitutogalanteoliva.it\/magazine\/#organization"},"image":{"@id":"https:\/\/www.istitutogalanteoliva.it\/magazine\/2021\/10\/22\/milvia-marigliano-e-igor-esposito-in-el-blues-di-lo\/#primaryimage"},"thumbnailUrl":"https:\/\/www.istitutogalanteoliva.it\/magazine\/wp-content\/uploads\/2021\/10\/cop-doman.jpg","articleSection":["2021","Arte e Spettacolo","Campania"],"inLanguage":"it-IT","potentialAction":[{"@type":"CommentAction","name":"Comment","target":["https:\/\/www.istitutogalanteoliva.it\/magazine\/2021\/10\/22\/milvia-marigliano-e-igor-esposito-in-el-blues-di-lo\/#respond"]}]},{"@type":"WebPage","@id":"https:\/\/www.istitutogalanteoliva.it\/magazine\/2021\/10\/22\/milvia-marigliano-e-igor-esposito-in-el-blues-di-lo\/","url":"https:\/\/www.istitutogalanteoliva.it\/magazine\/2021\/10\/22\/milvia-marigliano-e-igor-esposito-in-el-blues-di-lo\/","name":"Milvia Marigliano e Igor Esposito in EL BLUES DI LO - Polis SA Magazine","isPartOf":{"@id":"https:\/\/www.istitutogalanteoliva.it\/magazine\/#website"},"primaryImageOfPage":{"@id":"https:\/\/www.istitutogalanteoliva.it\/magazine\/2021\/10\/22\/milvia-marigliano-e-igor-esposito-in-el-blues-di-lo\/#primaryimage"},"image":{"@id":"https:\/\/www.istitutogalanteoliva.it\/magazine\/2021\/10\/22\/milvia-marigliano-e-igor-esposito-in-el-blues-di-lo\/#primaryimage"},"thumbnailUrl":"https:\/\/www.istitutogalanteoliva.it\/magazine\/wp-content\/uploads\/2021\/10\/cop-doman.jpg","datePublished":"2021-10-22T14:57:31+00:00","dateModified":"2021-10-22T14:57:33+00:00","breadcrumb":{"@id":"https:\/\/www.istitutogalanteoliva.it\/magazine\/2021\/10\/22\/milvia-marigliano-e-igor-esposito-in-el-blues-di-lo\/#breadcrumb"},"inLanguage":"it-IT","potentialAction":[{"@type":"ReadAction","target":["https:\/\/www.istitutogalanteoliva.it\/magazine\/2021\/10\/22\/milvia-marigliano-e-igor-esposito-in-el-blues-di-lo\/"]}]},{"@type":"ImageObject","inLanguage":"it-IT","@id":"https:\/\/www.istitutogalanteoliva.it\/magazine\/2021\/10\/22\/milvia-marigliano-e-igor-esposito-in-el-blues-di-lo\/#primaryimage","url":"https:\/\/www.istitutogalanteoliva.it\/magazine\/wp-content\/uploads\/2021\/10\/cop-doman.jpg","contentUrl":"https:\/\/www.istitutogalanteoliva.it\/magazine\/wp-content\/uploads\/2021\/10\/cop-doman.jpg","width":640,"height":380},{"@type":"BreadcrumbList","@id":"https:\/\/www.istitutogalanteoliva.it\/magazine\/2021\/10\/22\/milvia-marigliano-e-igor-esposito-in-el-blues-di-lo\/#breadcrumb","itemListElement":[{"@type":"ListItem","position":1,"name":"Home","item":"https:\/\/www.istitutogalanteoliva.it\/magazine\/"},{"@type":"ListItem","position":2,"name":"Milvia Marigliano e Igor Esposito in EL BLUES DI LO"}]},{"@type":"WebSite","@id":"https:\/\/www.istitutogalanteoliva.it\/magazine\/#website","url":"https:\/\/www.istitutogalanteoliva.it\/magazine\/","name":"POLIS SA MAGAZINE","description":"Informazione e approfondimenti","publisher":{"@id":"https:\/\/www.istitutogalanteoliva.it\/magazine\/#organization"},"potentialAction":[{"@type":"SearchAction","target":{"@type":"EntryPoint","urlTemplate":"https:\/\/www.istitutogalanteoliva.it\/magazine\/?s={search_term_string}"},"query-input":{"@type":"PropertyValueSpecification","valueRequired":true,"valueName":"search_term_string"}}],"inLanguage":"it-IT"},{"@type":"Organization","@id":"https:\/\/www.istitutogalanteoliva.it\/magazine\/#organization","name":"Polis SA Magazine","url":"https:\/\/www.istitutogalanteoliva.it\/magazine\/","logo":{"@type":"ImageObject","inLanguage":"it-IT","@id":"https:\/\/www.istitutogalanteoliva.it\/magazine\/#\/schema\/logo\/image\/","url":"","contentUrl":"","caption":"Polis SA Magazine"},"image":{"@id":"https:\/\/www.istitutogalanteoliva.it\/magazine\/#\/schema\/logo\/image\/"},"sameAs":["https:\/\/www.facebook.com\/PolisSAMagazine\/","https:\/\/x.com\/MagazinePolis","https:\/\/www.youtube.com\/channel\/UCv0Mr5AHKUmsc0sEEXkJrgw"]},{"@type":"Person","@id":"https:\/\/www.istitutogalanteoliva.it\/magazine\/#\/schema\/person\/d8b8aa79cfe8babc1df9da3212a7c0c4","name":"Antonello Rivano","image":{"@type":"ImageObject","inLanguage":"it-IT","@id":"https:\/\/www.istitutogalanteoliva.it\/magazine\/#\/schema\/person\/image\/","url":"https:\/\/secure.gravatar.com\/avatar\/517a9a6487a7a18ecc4ce6d2e57a8f40?s=96&d=mm&r=g","contentUrl":"https:\/\/secure.gravatar.com\/avatar\/517a9a6487a7a18ecc4ce6d2e57a8f40?s=96&d=mm&r=g","caption":"Antonello Rivano"},"url":"https:\/\/www.istitutogalanteoliva.it\/magazine\/author\/antonello\/"}]}},"_links":{"self":[{"href":"https:\/\/www.istitutogalanteoliva.it\/magazine\/wp-json\/wp\/v2\/posts\/9973","targetHints":{"allow":["GET"]}}],"collection":[{"href":"https:\/\/www.istitutogalanteoliva.it\/magazine\/wp-json\/wp\/v2\/posts"}],"about":[{"href":"https:\/\/www.istitutogalanteoliva.it\/magazine\/wp-json\/wp\/v2\/types\/post"}],"author":[{"embeddable":true,"href":"https:\/\/www.istitutogalanteoliva.it\/magazine\/wp-json\/wp\/v2\/users\/2"}],"replies":[{"embeddable":true,"href":"https:\/\/www.istitutogalanteoliva.it\/magazine\/wp-json\/wp\/v2\/comments?post=9973"}],"version-history":[{"count":1,"href":"https:\/\/www.istitutogalanteoliva.it\/magazine\/wp-json\/wp\/v2\/posts\/9973\/revisions"}],"predecessor-version":[{"id":9976,"href":"https:\/\/www.istitutogalanteoliva.it\/magazine\/wp-json\/wp\/v2\/posts\/9973\/revisions\/9976"}],"wp:featuredmedia":[{"embeddable":true,"href":"https:\/\/www.istitutogalanteoliva.it\/magazine\/wp-json\/wp\/v2\/media\/9975"}],"wp:attachment":[{"href":"https:\/\/www.istitutogalanteoliva.it\/magazine\/wp-json\/wp\/v2\/media?parent=9973"}],"wp:term":[{"taxonomy":"category","embeddable":true,"href":"https:\/\/www.istitutogalanteoliva.it\/magazine\/wp-json\/wp\/v2\/categories?post=9973"},{"taxonomy":"post_tag","embeddable":true,"href":"https:\/\/www.istitutogalanteoliva.it\/magazine\/wp-json\/wp\/v2\/tags?post=9973"}],"curies":[{"name":"wp","href":"https:\/\/api.w.org\/{rel}","templated":true}]}}