{"id":9981,"date":"2021-10-25T08:00:00","date_gmt":"2021-10-25T06:00:00","guid":{"rendered":"https:\/\/www.istitutogalanteoliva.it\/magazine\/?p=9981"},"modified":"2021-10-25T08:42:53","modified_gmt":"2021-10-25T06:42:53","slug":"covid-i-morti-negati","status":"publish","type":"post","link":"https:\/\/www.istitutogalanteoliva.it\/magazine\/2021\/10\/25\/covid-i-morti-negati\/","title":{"rendered":"Covid, i morti negati"},"content":{"rendered":"\n<h4 class=\"wp-block-heading\">In questi giorni sta tornando \u201cdi moda\u201d, specie sui social, parlare di morti \u201cper Covid&#8221; o \u201ccon Covid\u201d, partendo dal report dell\u2019ISS del 5 ottobre 2021.  In particolare \u201cnegazionisti\u201d &nbsp;e \u201cminimalisti\u201d prendono come punto di riferimento l\u2019articolo de \u201cIL TEMPO\u201d del 21 ottobre. Cosa dice l\u2019articolo, ma soprattutto cosa dice realmente L\u2019ISS?<br><br><strong><em>di Antonello Rivano<\/em><\/strong> <\/h4>\n\n\n\n<p class=\"has-drop-cap\"><br><br>Partiamo dall\u2019articolo, di cui riportiamo solo la parte iniziale per non violare il Copy:<code> \u201cSecondo il nuovo rapporto (che non veniva aggiornato da luglio) dell'Istituto superiore di Sanit\u00e0 sulla mortalit\u00e0 per Covid, il virus che ha messo in ginocchio il mondo avrebbe ucciso assai meno di una comune influenza. Sembra un'affermazione strampalata e da no vax, ma secondo il campione statistico di cartelle cliniche raccolte dall'istituto solo il 2,9% dei decessi registrati dalla fine del mese di febbraio 2020 sarebbe dovuto al Covid 19. Quindi dei 130.468 decessi registrati dalle statistiche ufficiali al momento della preparazione del nuovo rapporto solo 3.783 sarebbero dovuti alla potenza del virus in s\u00e9. Perch\u00e9 tutti gli altri italiani che hanno perso la vita avevano da una a cinque malattie che secondo l'Iss dunque lasciavano gi\u00e0 loro poca speranza\u201d<\/code><\/p>\n\n\n\n<p><\/p>\n\n\n\n<p class=\"has-normal-font-size\">Ecco invece il punto del Report che viene preso in considerazione:<br><br><span class=\"has-inline-color has-vivid-purple-color\">2. Patologie preesistenti in un campione di deceduti La tabella 1 presenta le pi\u00f9 comuni patologie croniche preesistenti (diagnosticate prima di contrarre l\u2019infezione) in un campione di pazienti deceduti. Questo dato \u00e8 stato ottenuto da 7.910 deceduti per i quali \u00e8 stato possibile analizzare le cartelle cliniche. Le cartelle cliniche sono inviate all\u2019ISS dagli ospedali secondo tempistiche diverse, compatibilmente con le priorit\u00e0 delle attivit\u00e0 svolte negli ospedali stessi. Il campione \u00e8 quindi di tipo opportunistico, rappresenta solo i decessi in soggetti che hanno avuto necessit\u00e0 del ricovero, e le Regioni sono rappresentate cercando di conservare una proporzionalit\u00e0 rispetto al numero di decessi. Il numero medio di patologie osservate in questa popolazione \u00e8 di 3,7 (mediana 3, Deviazione Standard 2,1). Complessivamente, 230 pazienti (2,9% del campione) presentavano 0 patologie, 902 (11,4%) presentavano 1 patologia, 1.424 (18,0%) presentavano 2 patologie e 5.354 (67,7%) presentavano 3 o pi\u00f9 patologie. Nelle donne (n=3.218) il numero medio di patologie osservate \u00e8 di 3,8 (mediana 4, range 0-12, Range InterQuartile &#8211; IQR (1\u00b0 quartile=2; 3\u00b0 quartile=5). Negli uomini (n=4.692) il numero medio di patologie osservate \u00e8 di 3,6 (mediana 3, range 0-12, Range InterQuartile &#8211; IQR (1\u00b0 quartile=2; 3\u00b0 quartile=5)).<\/span><\/p>\n\n\n\n<figure class=\"wp-block-image size-large\"><img loading=\"lazy\" decoding=\"async\" width=\"514\" height=\"492\" src=\"https:\/\/www.istitutogalanteoliva.it\/magazine\/wp-content\/uploads\/2021\/10\/Immagine-2021-10-24-153239.jpg\" alt=\"\" class=\"wp-image-9985\" srcset=\"https:\/\/www.istitutogalanteoliva.it\/magazine\/wp-content\/uploads\/2021\/10\/Immagine-2021-10-24-153239.jpg 514w, https:\/\/www.istitutogalanteoliva.it\/magazine\/wp-content\/uploads\/2021\/10\/Immagine-2021-10-24-153239-300x287.jpg 300w\" sizes=\"auto, (max-width: 514px) 100vw, 514px\" \/><\/figure>\n\n\n\n<p>Come si vede le &#8220;complicazioni&#8221; che sono derivate dal  Covid19 sono sicuramente da definirsi letali. <\/p>\n\n\n\n<p>Sarebbe troppo lungo pubblicare l&#8217;intero documento che, in ogni caso, invitiamo a leggere in maniera integrale anche perch\u00e9 riporta, nella parte finale, dei dati interessanti che riguardano l&#8217;efficacia dei vaccini.  Potete leggere e scaricare l&#8217;intero documento cliccando sul seguente collegamento <a href=\"https:\/\/www.epicentro.iss.it\/coronavirus\/bollettino\/Report-COVID-2019_5_ottobre_2021.pdf\" target=\"_blank\" rel=\"noreferrer noopener\">Report Covid 5\/10\/2021<\/a><\/p>\n\n\n\n<p>La prima cosa da confutare all&#8217;autore dell&#8217;articolo \u00e8 quel &#8220;<em>assai meno di una comune influenza<\/em>&#8220;. Sarebbe da fargli notare che anche la stragrande maggioranza di chi muore per influenza ha malattie pregresse, \u00e8 anziano e ha pi\u00f9 patologie. Esattamente come il Covid ma con numeri totali di gran lunga inferiori.  <\/p>\n\n\n\n<p>Da notare il numero esiguo di cartelle cliniche analizzate che fanno in ogni caso riferimento solo a chi \u00e8 morto in ospedale. <\/p>\n\n\n\n<p><\/p>\n\n\n\n<p>Di fatto il dibattito si \u00e8 acceso anche a causa di due autorevoli megafoni: l\u2019articolo succitato, a firma del direttore del Tempo <strong>Franco Bechis<\/strong> e l\u2019analisi dell\u2019ormai ex medico <strong>Alessandro Meluzzi<\/strong>.  Dibattito  surreale dopo mesi di lotta alla pandemia. a proposito \u00e8 intervenuto anche il  professor <strong>Bassetti,<\/strong> il quale ha affermato \u201c<em>Questo rapporto dice che la maggior parte di quelli che sono morti di covid in Italia avevano delle patologie, fondamentalmente avevano degli altri problemi. Ma  si pu\u00f2 dire che uno che \u00e8 obeso, che ha un po\u2019 di diabete o che ha una fibrillazione atriale \u00e8 giusto che muoia di covid? Il problema \u00e8 che quando questi numeri vengono letti da ignoranti e speculatori purtroppo si d\u00e0 alla gente una informazione che non \u00e8 corretta<\/em>\u201d.<\/p>\n\n\n\n<p>In gran parte si trattava persone che  sarebbero vissute ancora a lungo in maniera sicuramente dignitosa, visto le attuali conoscenze mediche.<br>Come a dire che se un ammalato di cancro venisse investito da un&#8217;auto e per questo la sua condizione peggiorasse sino alla sua morte&#8230;non fosse colpa dell&#8217;incidente<\/p>\n\n\n\n<p> Va evidenziato come in Italia nei cinque anni precedenti il 2020, siano morte 640mila persone all\u2019anno di media. Nel 2020 abbiamo registrato invece la scomparsa di 746mila persone, ovvero 100mila in pi\u00f9 rispetto alla media. Numeri che sono stati aggiornati e pubblicati dallo stesso istituto di cui, oggi, vengono strumentalizzati i dati.<\/p>\n\n\n\n<p><br>. <br><br>Chi scrive ha esperienza diretta. Rinunciando alla cosiddetta &#8220;privacy&#8221;,  usata e abusata sin troppo da molti, racconto la mia esperienza: soffro da sempre di asma bronchiale e tendo al sovrappeso, una terapia quotidiana mirata e una buona alimentazione mi hanno permesso di vivere una vita normale e svolgere lavori anche faticosi. Un anno fa ho contratto il Covid19. Ad un certo punto le difficolt\u00e0 respiratorie non hanno pi\u00f9 risposto alla consueta terapia e mi sono aggravato, arrivando a sotto saturare. Per fortuna il mio fisico ha retto e con cure &#8220;importanti&#8221; ne sono uscito. Tanti gli strascichi, anche dovuti alle cure, che mi sono state fatte per uscire dalla fase critica, e la consueta terapia mi \u00e8 stata ulteriormente &#8220;rinforzata&#8221;, per contenere in maniera adeguata la mia patologia. Ecco, se fossi morto sarebbe stato a causa della mia patologia o del Covid?<br><\/p>\n\n\n\n<p>Sui social l&#8217; articolo de &#8220;Il Tempo&#8221;, e non il Report che quasi nessuno si \u00e8 preso la briga di leggere, ha scatenato i commenti e i post dei negazionisti e No Vax, che hanno di fatto preso alla lettera quel &#8220;solo 3.783 senza patologie&#8221;, come se essere gi\u00e0 malati possa giustificar il fatto che di Covid ci si possa ammalare e morire (a parte che oggigiorno per non avete patologie bisogna essere molto fortunati, e la medicina permette diagnosi pi\u00f9 precoci)<br> <\/p>\n\n\n\n<p>Ho letto affermazioni come: <em>sarebbero morti anche con un rafferdore.<\/em><\/p>\n\n\n\n<p><br><strong>In una societ\u00e0 civile, in un mondo dove l&#8217;individuo dovrebbe venire prima di ogni cosa,  i &#8220;fragili&#8221; devono  essere tutelati sempre e comunque, anche evitandogli di prendersi un raffredore.<\/strong> <\/p>\n\n\n\n<p class=\"has-text-align-left\"><img loading=\"lazy\" decoding=\"async\" width=\"80\" height=\"80\" class=\"wp-image-15584\" style=\"width: 80px;\" src=\"https:\/\/www.istitutogalanteoliva.it\/magazine\/wp-content\/uploads\/2024\/08\/anto.png\" alt=\"\" srcset=\"https:\/\/www.istitutogalanteoliva.it\/magazine\/wp-content\/uploads\/2024\/08\/anto.png 247w, https:\/\/www.istitutogalanteoliva.it\/magazine\/wp-content\/uploads\/2024\/08\/anto-150x150.png 150w\" sizes=\"auto, (max-width: 80px) 100vw, 80px\" \/><em><mark style=\"background-color:rgba(0, 0, 0, 0)\" class=\"has-inline-color has-black-color\"><strong><a href=\"https:\/\/www.istitutogalanteoliva\/antonello-rivano-2\/\">Antonello Rivano<\/a><\/strong><\/mark><\/em><br><sup><strong>Direttore di redazione\/coordinatore nazionale<\/strong> <strong><em>Polis SA Magazine<\/em><\/strong><\/sup><br><\/p>\n\n\n\n<p><br><\/p>\n\n\n\n<p><br><\/p>\n<div class=\"pdfprnt-buttons pdfprnt-buttons-post pdfprnt-bottom-left\"><a href=\"https:\/\/www.istitutogalanteoliva.it\/magazine\/wp-json\/wp\/v2\/posts\/9981?print=print\" class=\"pdfprnt-button pdfprnt-button-print\" target=\"_blank\"><img decoding=\"async\" src=\"https:\/\/www.istitutogalanteoliva.it\/magazine\/wp-content\/plugins\/pdf-print\/images\/print.png\" alt=\"image_print\" title=\"Stampa contenuto\" \/><span class=\"pdfprnt-button-title pdfprnt-button-print-title\">Download in PDF<\/span><\/a><\/div>","protected":false},"excerpt":{"rendered":"<p>Da giorni tiene banco il dibattito attorno al report dell\u2019Iss, utilizzato dai negazionisti per sminuire le morti da Coronavirus<\/p>\n","protected":false},"author":2,"featured_media":9986,"comment_status":"open","ping_status":"open","sticky":true,"template":"","format":"standard","meta":{"footnotes":""},"categories":[148,96],"tags":[38,41,528],"class_list":["post-9981","post","type-post","status-publish","format-standard","has-post-thumbnail","hentry","category-148","category-in-punta-di-penna","tag-coronavirus","tag-covid-19","tag-iss"],"yoast_head":"<!-- This site is optimized with the Yoast SEO plugin v24.2 - https:\/\/yoast.com\/wordpress\/plugins\/seo\/ -->\n<title>Covid, i morti negati - Polis SA Magazine<\/title>\n<meta name=\"robots\" content=\"index, follow, max-snippet:-1, max-image-preview:large, max-video-preview:-1\" \/>\n<link rel=\"canonical\" href=\"https:\/\/www.istitutogalanteoliva.it\/magazine\/2021\/10\/25\/covid-i-morti-negati\/\" \/>\n<meta property=\"og:locale\" content=\"it_IT\" \/>\n<meta property=\"og:type\" content=\"article\" \/>\n<meta property=\"og:title\" content=\"Covid, i morti negati - Polis SA Magazine\" \/>\n<meta property=\"og:description\" content=\"Da giorni tiene banco il dibattito attorno al report dell\u2019Iss, utilizzato dai negazionisti per sminuire le morti da Coronavirus\" \/>\n<meta property=\"og:url\" content=\"https:\/\/www.istitutogalanteoliva.it\/magazine\/2021\/10\/25\/covid-i-morti-negati\/\" \/>\n<meta property=\"og:site_name\" content=\"Polis SA Magazine\" \/>\n<meta property=\"article:publisher\" content=\"https:\/\/www.facebook.com\/PolisSAMagazine\/\" \/>\n<meta property=\"article:published_time\" content=\"2021-10-25T06:00:00+00:00\" \/>\n<meta property=\"article:modified_time\" content=\"2021-10-25T06:42:53+00:00\" \/>\n<meta property=\"og:image\" content=\"https:\/\/www.istitutogalanteoliva.it\/magazine\/wp-content\/uploads\/2021\/10\/patient-gdd422f78b_640.png\" \/>\n\t<meta property=\"og:image:width\" content=\"640\" \/>\n\t<meta property=\"og:image:height\" content=\"399\" \/>\n\t<meta property=\"og:image:type\" content=\"image\/png\" \/>\n<meta name=\"author\" content=\"Antonello Rivano\" \/>\n<meta name=\"twitter:card\" content=\"summary_large_image\" \/>\n<meta name=\"twitter:creator\" content=\"@MagazinePolis\" \/>\n<meta name=\"twitter:site\" content=\"@MagazinePolis\" \/>\n<meta name=\"twitter:label1\" content=\"Scritto da\" \/>\n\t<meta name=\"twitter:data1\" content=\"Antonello Rivano\" \/>\n\t<meta name=\"twitter:label2\" content=\"Tempo di lettura stimato\" \/>\n\t<meta name=\"twitter:data2\" content=\"5 minuti\" \/>\n<script type=\"application\/ld+json\" class=\"yoast-schema-graph\">{\"@context\":\"https:\/\/schema.org\",\"@graph\":[{\"@type\":\"Article\",\"@id\":\"https:\/\/www.istitutogalanteoliva.it\/magazine\/2021\/10\/25\/covid-i-morti-negati\/#article\",\"isPartOf\":{\"@id\":\"https:\/\/www.istitutogalanteoliva.it\/magazine\/2021\/10\/25\/covid-i-morti-negati\/\"},\"author\":{\"name\":\"Antonello Rivano\",\"@id\":\"https:\/\/www.istitutogalanteoliva.it\/magazine\/#\/schema\/person\/d8b8aa79cfe8babc1df9da3212a7c0c4\"},\"headline\":\"Covid, i morti negati\",\"datePublished\":\"2021-10-25T06:00:00+00:00\",\"dateModified\":\"2021-10-25T06:42:53+00:00\",\"mainEntityOfPage\":{\"@id\":\"https:\/\/www.istitutogalanteoliva.it\/magazine\/2021\/10\/25\/covid-i-morti-negati\/\"},\"wordCount\":860,\"commentCount\":0,\"publisher\":{\"@id\":\"https:\/\/www.istitutogalanteoliva.it\/magazine\/#organization\"},\"image\":{\"@id\":\"https:\/\/www.istitutogalanteoliva.it\/magazine\/2021\/10\/25\/covid-i-morti-negati\/#primaryimage\"},\"thumbnailUrl\":\"https:\/\/www.istitutogalanteoliva.it\/magazine\/wp-content\/uploads\/2021\/10\/patient-gdd422f78b_640.png\",\"keywords\":[\"coronavirus\",\"covid-19\",\"ISS\"],\"articleSection\":[\"2021\",\"In punta di penna\"],\"inLanguage\":\"it-IT\",\"potentialAction\":[{\"@type\":\"CommentAction\",\"name\":\"Comment\",\"target\":[\"https:\/\/www.istitutogalanteoliva.it\/magazine\/2021\/10\/25\/covid-i-morti-negati\/#respond\"]}]},{\"@type\":\"WebPage\",\"@id\":\"https:\/\/www.istitutogalanteoliva.it\/magazine\/2021\/10\/25\/covid-i-morti-negati\/\",\"url\":\"https:\/\/www.istitutogalanteoliva.it\/magazine\/2021\/10\/25\/covid-i-morti-negati\/\",\"name\":\"Covid, i morti negati - Polis SA Magazine\",\"isPartOf\":{\"@id\":\"https:\/\/www.istitutogalanteoliva.it\/magazine\/#website\"},\"primaryImageOfPage\":{\"@id\":\"https:\/\/www.istitutogalanteoliva.it\/magazine\/2021\/10\/25\/covid-i-morti-negati\/#primaryimage\"},\"image\":{\"@id\":\"https:\/\/www.istitutogalanteoliva.it\/magazine\/2021\/10\/25\/covid-i-morti-negati\/#primaryimage\"},\"thumbnailUrl\":\"https:\/\/www.istitutogalanteoliva.it\/magazine\/wp-content\/uploads\/2021\/10\/patient-gdd422f78b_640.png\",\"datePublished\":\"2021-10-25T06:00:00+00:00\",\"dateModified\":\"2021-10-25T06:42:53+00:00\",\"breadcrumb\":{\"@id\":\"https:\/\/www.istitutogalanteoliva.it\/magazine\/2021\/10\/25\/covid-i-morti-negati\/#breadcrumb\"},\"inLanguage\":\"it-IT\",\"potentialAction\":[{\"@type\":\"ReadAction\",\"target\":[\"https:\/\/www.istitutogalanteoliva.it\/magazine\/2021\/10\/25\/covid-i-morti-negati\/\"]}]},{\"@type\":\"ImageObject\",\"inLanguage\":\"it-IT\",\"@id\":\"https:\/\/www.istitutogalanteoliva.it\/magazine\/2021\/10\/25\/covid-i-morti-negati\/#primaryimage\",\"url\":\"https:\/\/www.istitutogalanteoliva.it\/magazine\/wp-content\/uploads\/2021\/10\/patient-gdd422f78b_640.png\",\"contentUrl\":\"https:\/\/www.istitutogalanteoliva.it\/magazine\/wp-content\/uploads\/2021\/10\/patient-gdd422f78b_640.png\",\"width\":640,\"height\":399},{\"@type\":\"BreadcrumbList\",\"@id\":\"https:\/\/www.istitutogalanteoliva.it\/magazine\/2021\/10\/25\/covid-i-morti-negati\/#breadcrumb\",\"itemListElement\":[{\"@type\":\"ListItem\",\"position\":1,\"name\":\"Home\",\"item\":\"https:\/\/www.istitutogalanteoliva.it\/magazine\/\"},{\"@type\":\"ListItem\",\"position\":2,\"name\":\"Covid, i morti negati\"}]},{\"@type\":\"WebSite\",\"@id\":\"https:\/\/www.istitutogalanteoliva.it\/magazine\/#website\",\"url\":\"https:\/\/www.istitutogalanteoliva.it\/magazine\/\",\"name\":\"POLIS SA MAGAZINE\",\"description\":\"Informazione e approfondimenti\",\"publisher\":{\"@id\":\"https:\/\/www.istitutogalanteoliva.it\/magazine\/#organization\"},\"potentialAction\":[{\"@type\":\"SearchAction\",\"target\":{\"@type\":\"EntryPoint\",\"urlTemplate\":\"https:\/\/www.istitutogalanteoliva.it\/magazine\/?s={search_term_string}\"},\"query-input\":{\"@type\":\"PropertyValueSpecification\",\"valueRequired\":true,\"valueName\":\"search_term_string\"}}],\"inLanguage\":\"it-IT\"},{\"@type\":\"Organization\",\"@id\":\"https:\/\/www.istitutogalanteoliva.it\/magazine\/#organization\",\"name\":\"Polis SA Magazine\",\"url\":\"https:\/\/www.istitutogalanteoliva.it\/magazine\/\",\"logo\":{\"@type\":\"ImageObject\",\"inLanguage\":\"it-IT\",\"@id\":\"https:\/\/www.istitutogalanteoliva.it\/magazine\/#\/schema\/logo\/image\/\",\"url\":\"\",\"contentUrl\":\"\",\"caption\":\"Polis SA Magazine\"},\"image\":{\"@id\":\"https:\/\/www.istitutogalanteoliva.it\/magazine\/#\/schema\/logo\/image\/\"},\"sameAs\":[\"https:\/\/www.facebook.com\/PolisSAMagazine\/\",\"https:\/\/x.com\/MagazinePolis\",\"https:\/\/www.youtube.com\/channel\/UCv0Mr5AHKUmsc0sEEXkJrgw\"]},{\"@type\":\"Person\",\"@id\":\"https:\/\/www.istitutogalanteoliva.it\/magazine\/#\/schema\/person\/d8b8aa79cfe8babc1df9da3212a7c0c4\",\"name\":\"Antonello Rivano\",\"image\":{\"@type\":\"ImageObject\",\"inLanguage\":\"it-IT\",\"@id\":\"https:\/\/www.istitutogalanteoliva.it\/magazine\/#\/schema\/person\/image\/\",\"url\":\"https:\/\/secure.gravatar.com\/avatar\/517a9a6487a7a18ecc4ce6d2e57a8f40?s=96&d=mm&r=g\",\"contentUrl\":\"https:\/\/secure.gravatar.com\/avatar\/517a9a6487a7a18ecc4ce6d2e57a8f40?s=96&d=mm&r=g\",\"caption\":\"Antonello Rivano\"},\"url\":\"https:\/\/www.istitutogalanteoliva.it\/magazine\/author\/antonello\/\"}]}<\/script>\n<!-- \/ Yoast SEO plugin. -->","yoast_head_json":{"title":"Covid, i morti negati - Polis SA Magazine","robots":{"index":"index","follow":"follow","max-snippet":"max-snippet:-1","max-image-preview":"max-image-preview:large","max-video-preview":"max-video-preview:-1"},"canonical":"https:\/\/www.istitutogalanteoliva.it\/magazine\/2021\/10\/25\/covid-i-morti-negati\/","og_locale":"it_IT","og_type":"article","og_title":"Covid, i morti negati - Polis SA Magazine","og_description":"Da giorni tiene banco il dibattito attorno al report dell\u2019Iss, utilizzato dai negazionisti per sminuire le morti da Coronavirus","og_url":"https:\/\/www.istitutogalanteoliva.it\/magazine\/2021\/10\/25\/covid-i-morti-negati\/","og_site_name":"Polis SA Magazine","article_publisher":"https:\/\/www.facebook.com\/PolisSAMagazine\/","article_published_time":"2021-10-25T06:00:00+00:00","article_modified_time":"2021-10-25T06:42:53+00:00","og_image":[{"width":640,"height":399,"url":"https:\/\/www.istitutogalanteoliva.it\/magazine\/wp-content\/uploads\/2021\/10\/patient-gdd422f78b_640.png","type":"image\/png"}],"author":"Antonello Rivano","twitter_card":"summary_large_image","twitter_creator":"@MagazinePolis","twitter_site":"@MagazinePolis","twitter_misc":{"Scritto da":"Antonello Rivano","Tempo di lettura stimato":"5 minuti"},"schema":{"@context":"https:\/\/schema.org","@graph":[{"@type":"Article","@id":"https:\/\/www.istitutogalanteoliva.it\/magazine\/2021\/10\/25\/covid-i-morti-negati\/#article","isPartOf":{"@id":"https:\/\/www.istitutogalanteoliva.it\/magazine\/2021\/10\/25\/covid-i-morti-negati\/"},"author":{"name":"Antonello Rivano","@id":"https:\/\/www.istitutogalanteoliva.it\/magazine\/#\/schema\/person\/d8b8aa79cfe8babc1df9da3212a7c0c4"},"headline":"Covid, i morti negati","datePublished":"2021-10-25T06:00:00+00:00","dateModified":"2021-10-25T06:42:53+00:00","mainEntityOfPage":{"@id":"https:\/\/www.istitutogalanteoliva.it\/magazine\/2021\/10\/25\/covid-i-morti-negati\/"},"wordCount":860,"commentCount":0,"publisher":{"@id":"https:\/\/www.istitutogalanteoliva.it\/magazine\/#organization"},"image":{"@id":"https:\/\/www.istitutogalanteoliva.it\/magazine\/2021\/10\/25\/covid-i-morti-negati\/#primaryimage"},"thumbnailUrl":"https:\/\/www.istitutogalanteoliva.it\/magazine\/wp-content\/uploads\/2021\/10\/patient-gdd422f78b_640.png","keywords":["coronavirus","covid-19","ISS"],"articleSection":["2021","In punta di penna"],"inLanguage":"it-IT","potentialAction":[{"@type":"CommentAction","name":"Comment","target":["https:\/\/www.istitutogalanteoliva.it\/magazine\/2021\/10\/25\/covid-i-morti-negati\/#respond"]}]},{"@type":"WebPage","@id":"https:\/\/www.istitutogalanteoliva.it\/magazine\/2021\/10\/25\/covid-i-morti-negati\/","url":"https:\/\/www.istitutogalanteoliva.it\/magazine\/2021\/10\/25\/covid-i-morti-negati\/","name":"Covid, i morti negati - Polis SA Magazine","isPartOf":{"@id":"https:\/\/www.istitutogalanteoliva.it\/magazine\/#website"},"primaryImageOfPage":{"@id":"https:\/\/www.istitutogalanteoliva.it\/magazine\/2021\/10\/25\/covid-i-morti-negati\/#primaryimage"},"image":{"@id":"https:\/\/www.istitutogalanteoliva.it\/magazine\/2021\/10\/25\/covid-i-morti-negati\/#primaryimage"},"thumbnailUrl":"https:\/\/www.istitutogalanteoliva.it\/magazine\/wp-content\/uploads\/2021\/10\/patient-gdd422f78b_640.png","datePublished":"2021-10-25T06:00:00+00:00","dateModified":"2021-10-25T06:42:53+00:00","breadcrumb":{"@id":"https:\/\/www.istitutogalanteoliva.it\/magazine\/2021\/10\/25\/covid-i-morti-negati\/#breadcrumb"},"inLanguage":"it-IT","potentialAction":[{"@type":"ReadAction","target":["https:\/\/www.istitutogalanteoliva.it\/magazine\/2021\/10\/25\/covid-i-morti-negati\/"]}]},{"@type":"ImageObject","inLanguage":"it-IT","@id":"https:\/\/www.istitutogalanteoliva.it\/magazine\/2021\/10\/25\/covid-i-morti-negati\/#primaryimage","url":"https:\/\/www.istitutogalanteoliva.it\/magazine\/wp-content\/uploads\/2021\/10\/patient-gdd422f78b_640.png","contentUrl":"https:\/\/www.istitutogalanteoliva.it\/magazine\/wp-content\/uploads\/2021\/10\/patient-gdd422f78b_640.png","width":640,"height":399},{"@type":"BreadcrumbList","@id":"https:\/\/www.istitutogalanteoliva.it\/magazine\/2021\/10\/25\/covid-i-morti-negati\/#breadcrumb","itemListElement":[{"@type":"ListItem","position":1,"name":"Home","item":"https:\/\/www.istitutogalanteoliva.it\/magazine\/"},{"@type":"ListItem","position":2,"name":"Covid, i morti negati"}]},{"@type":"WebSite","@id":"https:\/\/www.istitutogalanteoliva.it\/magazine\/#website","url":"https:\/\/www.istitutogalanteoliva.it\/magazine\/","name":"POLIS SA MAGAZINE","description":"Informazione e approfondimenti","publisher":{"@id":"https:\/\/www.istitutogalanteoliva.it\/magazine\/#organization"},"potentialAction":[{"@type":"SearchAction","target":{"@type":"EntryPoint","urlTemplate":"https:\/\/www.istitutogalanteoliva.it\/magazine\/?s={search_term_string}"},"query-input":{"@type":"PropertyValueSpecification","valueRequired":true,"valueName":"search_term_string"}}],"inLanguage":"it-IT"},{"@type":"Organization","@id":"https:\/\/www.istitutogalanteoliva.it\/magazine\/#organization","name":"Polis SA Magazine","url":"https:\/\/www.istitutogalanteoliva.it\/magazine\/","logo":{"@type":"ImageObject","inLanguage":"it-IT","@id":"https:\/\/www.istitutogalanteoliva.it\/magazine\/#\/schema\/logo\/image\/","url":"","contentUrl":"","caption":"Polis SA Magazine"},"image":{"@id":"https:\/\/www.istitutogalanteoliva.it\/magazine\/#\/schema\/logo\/image\/"},"sameAs":["https:\/\/www.facebook.com\/PolisSAMagazine\/","https:\/\/x.com\/MagazinePolis","https:\/\/www.youtube.com\/channel\/UCv0Mr5AHKUmsc0sEEXkJrgw"]},{"@type":"Person","@id":"https:\/\/www.istitutogalanteoliva.it\/magazine\/#\/schema\/person\/d8b8aa79cfe8babc1df9da3212a7c0c4","name":"Antonello Rivano","image":{"@type":"ImageObject","inLanguage":"it-IT","@id":"https:\/\/www.istitutogalanteoliva.it\/magazine\/#\/schema\/person\/image\/","url":"https:\/\/secure.gravatar.com\/avatar\/517a9a6487a7a18ecc4ce6d2e57a8f40?s=96&d=mm&r=g","contentUrl":"https:\/\/secure.gravatar.com\/avatar\/517a9a6487a7a18ecc4ce6d2e57a8f40?s=96&d=mm&r=g","caption":"Antonello Rivano"},"url":"https:\/\/www.istitutogalanteoliva.it\/magazine\/author\/antonello\/"}]}},"_links":{"self":[{"href":"https:\/\/www.istitutogalanteoliva.it\/magazine\/wp-json\/wp\/v2\/posts\/9981","targetHints":{"allow":["GET"]}}],"collection":[{"href":"https:\/\/www.istitutogalanteoliva.it\/magazine\/wp-json\/wp\/v2\/posts"}],"about":[{"href":"https:\/\/www.istitutogalanteoliva.it\/magazine\/wp-json\/wp\/v2\/types\/post"}],"author":[{"embeddable":true,"href":"https:\/\/www.istitutogalanteoliva.it\/magazine\/wp-json\/wp\/v2\/users\/2"}],"replies":[{"embeddable":true,"href":"https:\/\/www.istitutogalanteoliva.it\/magazine\/wp-json\/wp\/v2\/comments?post=9981"}],"version-history":[{"count":6,"href":"https:\/\/www.istitutogalanteoliva.it\/magazine\/wp-json\/wp\/v2\/posts\/9981\/revisions"}],"predecessor-version":[{"id":9991,"href":"https:\/\/www.istitutogalanteoliva.it\/magazine\/wp-json\/wp\/v2\/posts\/9981\/revisions\/9991"}],"wp:featuredmedia":[{"embeddable":true,"href":"https:\/\/www.istitutogalanteoliva.it\/magazine\/wp-json\/wp\/v2\/media\/9986"}],"wp:attachment":[{"href":"https:\/\/www.istitutogalanteoliva.it\/magazine\/wp-json\/wp\/v2\/media?parent=9981"}],"wp:term":[{"taxonomy":"category","embeddable":true,"href":"https:\/\/www.istitutogalanteoliva.it\/magazine\/wp-json\/wp\/v2\/categories?post=9981"},{"taxonomy":"post_tag","embeddable":true,"href":"https:\/\/www.istitutogalanteoliva.it\/magazine\/wp-json\/wp\/v2\/tags?post=9981"}],"curies":[{"name":"wp","href":"https:\/\/api.w.org\/{rel}","templated":true}]}}